{"id":3746,"date":"2022-08-29T16:00:00","date_gmt":"2022-08-29T19:00:00","guid":{"rendered":"http:\/\/portalmf.com.br\/?p=3746"},"modified":"2022-08-29T16:36:52","modified_gmt":"2022-08-29T19:36:52","slug":"anitta-ganha-o-vma-2022-de-melhor-clipe-de-musica-latina","status":"publish","type":"post","link":"https:\/\/portalmf.com.br\/index.php\/2022\/08\/29\/anitta-ganha-o-vma-2022-de-melhor-clipe-de-musica-latina\/","title":{"rendered":"Anitta ganha o VMA 2022 de melhor clipe de m\u00fasica latina"},"content":{"rendered":"\n<p>Anita&nbsp;levou o pr\u00eamio de melhor clipe de m\u00fasica latina com &#8220;Envolver&#8221;, no Video Music Awards, premia\u00e7\u00e3o da MTV americana. O evento aconteceu na noite deste domingo (28), em Nova Jersey, nos Estados Unidos.<\/p>\n\n\n\n<p>Esta foi a primeira indica\u00e7\u00e3o da cantora ao pr\u00eamio. Entre seus concorrentes estavam nomes como Bad Bunny, que levou o pr\u00eamio de artista do ano, Daddy Yankee e J Balvin.<\/p>\n\n\n\n<p>Em seu discurso, ela lembrou a criminaliza\u00e7\u00e3o do funk, agradeceu \u00e0 fam\u00edlia e aos f\u00e3s e comemorou a vit\u00f3ria brasileira in\u00e9dita.<\/p>\n\n\n\n<p><em>&#8220;Meu Deus, eu n\u00e3o esperava isso. Acho que vou chorar. S\u00f3 quero dizer, para quem n\u00e3o sabe, hoje \u00e9 hist\u00f3ria. \u00c9 a primeira vez do Brasil aqui. \u00c9 a primeira vez que meu pa\u00eds ganha esse pr\u00eamio. Eu quero agradecer: obrigado \u00e0 minha fam\u00edlia e aos meus f\u00e3s. Hoje eu cantei aqui um ritmo que, por muitos anos no meu pa\u00eds, foi considerado crime. Eu nasci no gueto do Brasil e, para quem nasceu l\u00e1, a gente nunca pensou que isso foi poss\u00edvel. Ent\u00e3o muito obrigada.&#8221;<\/em><\/p>\n\n\n\n<p>Antes de receber o pr\u00eamio, Anitta tamb\u00e9m se apresentou no palco do VMA. Ela foi a primeira artista brasileira a subir no palco para uma performance.<\/p>\n\n\n\n<p>Anitta cantou e dan\u00e7ou &#8216;Envolver&#8217;, com um corpo de bailarinos, e emendou trechos das suas m\u00fasicas de funk, como &#8220;Vai, Malandra&#8221; e &#8220;Movimento da Sanfoninha&#8221;. &#8220;Voc\u00eas pensaram que eu n\u00e3o ia rebolar a minha bunda hoje?&#8221;, disse para o p\u00fablico em ingl\u00eas.<\/p>\n\n\n\n<figure class=\"wp-block-embed is-type-rich is-provider-twitter wp-block-embed-twitter\"><div class=\"wp-block-embed__wrapper\">\n<blockquote class=\"twitter-tweet\" data-width=\"550\" data-dnt=\"true\"><p lang=\"en\" dir=\"ltr\">Believe me when I say&#8230; <a href=\"https:\/\/twitter.com\/Anitta?ref_src=twsrc%5Etfw\">@Anitta<\/a>&#39;s <a href=\"https:\/\/twitter.com\/hashtag\/VMA?src=hash&amp;ref_src=twsrc%5Etfw\">#VMA<\/a> performance of &quot;Envolver&quot; was EVERYTHING!!!! <a href=\"https:\/\/t.co\/T0C8fAivy3\">pic.twitter.com\/T0C8fAivy3<\/a><\/p>&mdash; Video Music Awards (@vmas) <a href=\"https:\/\/twitter.com\/vmas\/status\/1564075592022196224?ref_src=twsrc%5Etfw\">August 29, 2022<\/a><\/blockquote><script async src=\"https:\/\/platform.twitter.com\/widgets.js\" charset=\"utf-8\"><\/script>\n<\/div><\/figure>\n\n\n\n<p>Com informa\u00e7\u00f5es do G1 \u00a0Foto: REUTERS\/Brendan McDermid<\/p>\n","protected":false},"excerpt":{"rendered":"<p>Anita&nbsp;levou o pr\u00eamio de melhor clipe de m\u00fasica latina com &#8220;Envolver&#8221;, no Video Music Awards, premia\u00e7\u00e3o da MTV americana. O evento aconteceu na noite deste domingo (28), em Nova Jersey, nos Estados Unidos. Esta foi a primeira indica\u00e7\u00e3o da cantora ao pr\u00eamio. Entre seus concorrentes estavam nomes como Bad Bunny, que levou o pr\u00eamio de [&hellip;]<\/p>\n","protected":false},"author":2,"featured_media":3747,"comment_status":"open","ping_status":"open","sticky":false,"template":"","format":"standard","meta":{"_monsterinsights_skip_tracking":false,"_monsterinsights_sitenote_active":false,"_monsterinsights_sitenote_note":"","_monsterinsights_sitenote_category":0,"footnotes":""},"categories":[47,36],"tags":[89,91,90],"yoast_head":"<!-- This site is optimized with the Yoast SEO plugin v22.9 - https:\/\/yoast.com\/wordpress\/plugins\/seo\/ -->\n<title>Anitta ganha o VMA 2022 de melhor clipe de m\u00fasica latina - Portal MF<\/title>\n<meta name=\"robots\" content=\"index, follow, max-snippet:-1, max-image-preview:large, max-video-preview:-1\" \/>\n<link rel=\"canonical\" href=\"https:\/\/portalmf.com.br\/index.php\/2022\/08\/29\/anitta-ganha-o-vma-2022-de-melhor-clipe-de-musica-latina\/\" \/>\n<meta property=\"og:locale\" content=\"pt_BR\" \/>\n<meta property=\"og:type\" content=\"article\" \/>\n<meta property=\"og:title\" content=\"Anitta ganha o VMA 2022 de melhor clipe de m\u00fasica latina - Portal MF\" \/>\n<meta property=\"og:description\" content=\"Anita&nbsp;levou o pr\u00eamio de melhor clipe de m\u00fasica latina com &#8220;Envolver&#8221;, no Video Music Awards, premia\u00e7\u00e3o da MTV americana. O evento aconteceu na noite deste domingo (28), em Nova Jersey, nos Estados Unidos. Esta foi a primeira indica\u00e7\u00e3o da cantora ao pr\u00eamio. Entre seus concorrentes estavam nomes como Bad Bunny, que levou o pr\u00eamio de [&hellip;]\" \/>\n<meta property=\"og:url\" content=\"https:\/\/portalmf.com.br\/index.php\/2022\/08\/29\/anitta-ganha-o-vma-2022-de-melhor-clipe-de-musica-latina\/\" \/>\n<meta property=\"og:site_name\" content=\"Portal MF\" \/>\n<meta property=\"article:author\" content=\"reginaldojrfsa\" \/>\n<meta property=\"article:published_time\" content=\"2022-08-29T19:00:00+00:00\" \/>\n<meta property=\"article:modified_time\" content=\"2022-08-29T19:36:52+00:00\" \/>\n<meta property=\"og:image\" content=\"https:\/\/portalmf.com.br\/wp-content\/uploads\/2022\/08\/Anitta-ganha-o-VMA-2022-de-melhor-clipe-de-musica-latina.jpg\" \/>\n\t<meta property=\"og:image:width\" content=\"1008\" \/>\n\t<meta property=\"og:image:height\" content=\"663\" \/>\n\t<meta property=\"og:image:type\" content=\"image\/jpeg\" \/>\n<meta name=\"author\" content=\"Reginaldo J\u00fanior\" \/>\n<meta name=\"twitter:card\" content=\"summary_large_image\" \/>\n<meta name=\"twitter:creator\" content=\"@reginaldojrmf\" \/>\n<meta name=\"twitter:label1\" content=\"Escrito por\" \/>\n\t<meta name=\"twitter:data1\" content=\"Reginaldo J\u00fanior\" \/>\n\t<meta name=\"twitter:label2\" content=\"Est. tempo de leitura\" \/>\n\t<meta name=\"twitter:data2\" content=\"2 minutos\" \/>\n<script type=\"application\/ld+json\" class=\"yoast-schema-graph\">{\"@context\":\"https:\/\/schema.org\",\"@graph\":[{\"@type\":\"WebPage\",\"@id\":\"https:\/\/portalmf.com.br\/index.php\/2022\/08\/29\/anitta-ganha-o-vma-2022-de-melhor-clipe-de-musica-latina\/\",\"url\":\"https:\/\/portalmf.com.br\/index.php\/2022\/08\/29\/anitta-ganha-o-vma-2022-de-melhor-clipe-de-musica-latina\/\",\"name\":\"Anitta ganha o VMA 2022 de melhor clipe de m\u00fasica latina - Portal MF\",\"isPartOf\":{\"@id\":\"https:\/\/portalmf.com.br\/#website\"},\"primaryImageOfPage\":{\"@id\":\"https:\/\/portalmf.com.br\/index.php\/2022\/08\/29\/anitta-ganha-o-vma-2022-de-melhor-clipe-de-musica-latina\/#primaryimage\"},\"image\":{\"@id\":\"https:\/\/portalmf.com.br\/index.php\/2022\/08\/29\/anitta-ganha-o-vma-2022-de-melhor-clipe-de-musica-latina\/#primaryimage\"},\"thumbnailUrl\":\"https:\/\/portalmf.com.br\/wp-content\/uploads\/2022\/08\/Anitta-ganha-o-VMA-2022-de-melhor-clipe-de-musica-latina.jpg\",\"datePublished\":\"2022-08-29T19:00:00+00:00\",\"dateModified\":\"2022-08-29T19:36:52+00:00\",\"author\":{\"@id\":\"https:\/\/portalmf.com.br\/#\/schema\/person\/11c82086fe8abc05a19147e964587285\"},\"breadcrumb\":{\"@id\":\"https:\/\/portalmf.com.br\/index.php\/2022\/08\/29\/anitta-ganha-o-vma-2022-de-melhor-clipe-de-musica-latina\/#breadcrumb\"},\"inLanguage\":\"pt-BR\",\"potentialAction\":[{\"@type\":\"ReadAction\",\"target\":[\"https:\/\/portalmf.com.br\/index.php\/2022\/08\/29\/anitta-ganha-o-vma-2022-de-melhor-clipe-de-musica-latina\/\"]}]},{\"@type\":\"ImageObject\",\"inLanguage\":\"pt-BR\",\"@id\":\"https:\/\/portalmf.com.br\/index.php\/2022\/08\/29\/anitta-ganha-o-vma-2022-de-melhor-clipe-de-musica-latina\/#primaryimage\",\"url\":\"https:\/\/portalmf.com.br\/wp-content\/uploads\/2022\/08\/Anitta-ganha-o-VMA-2022-de-melhor-clipe-de-musica-latina.jpg\",\"contentUrl\":\"https:\/\/portalmf.com.br\/wp-content\/uploads\/2022\/08\/Anitta-ganha-o-VMA-2022-de-melhor-clipe-de-musica-latina.jpg\",\"width\":1008,\"height\":663,\"caption\":\"Foto: REUTERS\/Brendan McDermid\"},{\"@type\":\"BreadcrumbList\",\"@id\":\"https:\/\/portalmf.com.br\/index.php\/2022\/08\/29\/anitta-ganha-o-vma-2022-de-melhor-clipe-de-musica-latina\/#breadcrumb\",\"itemListElement\":[{\"@type\":\"ListItem\",\"position\":1,\"name\":\"In\u00edcio\",\"item\":\"https:\/\/portalmf.com.br\/\"},{\"@type\":\"ListItem\",\"position\":2,\"name\":\"Anitta ganha o VMA 2022 de melhor clipe de m\u00fasica latina\"}]},{\"@type\":\"WebSite\",\"@id\":\"https:\/\/portalmf.com.br\/#website\",\"url\":\"https:\/\/portalmf.com.br\/\",\"name\":\"Portal MF\",\"description\":\"Voc\u00ea conectado com a informa\u00e7\u00e3o\",\"potentialAction\":[{\"@type\":\"SearchAction\",\"target\":{\"@type\":\"EntryPoint\",\"urlTemplate\":\"https:\/\/portalmf.com.br\/?s={search_term_string}\"},\"query-input\":\"required name=search_term_string\"}],\"inLanguage\":\"pt-BR\"},{\"@type\":\"Person\",\"@id\":\"https:\/\/portalmf.com.br\/#\/schema\/person\/11c82086fe8abc05a19147e964587285\",\"name\":\"Reginaldo J\u00fanior\",\"image\":{\"@type\":\"ImageObject\",\"inLanguage\":\"pt-BR\",\"@id\":\"https:\/\/portalmf.com.br\/#\/schema\/person\/image\/\",\"url\":\"https:\/\/secure.gravatar.com\/avatar\/32a3c797cd0ac47cc53b8644c62776f9?s=96&d=mm&r=g\",\"contentUrl\":\"https:\/\/secure.gravatar.com\/avatar\/32a3c797cd0ac47cc53b8644c62776f9?s=96&d=mm&r=g\",\"caption\":\"Reginaldo J\u00fanior\"},\"description\":\"Jornalista e idealizador Portal MF\",\"sameAs\":[\"https:\/\/portalmf.com.br\/index.php\/author\/reginaldojr\/\",\"reginaldojrfsa\",\"reginaldojuniormf\",\"https:\/\/x.com\/reginaldojrmf\"],\"url\":\"https:\/\/portalmf.com.br\/index.php\/author\/reginaldojr\/\"}]}<\/script>\n<!-- \/ Yoast SEO plugin. -->","yoast_head_json":{"title":"Anitta ganha o VMA 2022 de melhor clipe de m\u00fasica latina - Portal MF","robots":{"index":"index","follow":"follow","max-snippet":"max-snippet:-1","max-image-preview":"max-image-preview:large","max-video-preview":"max-video-preview:-1"},"canonical":"https:\/\/portalmf.com.br\/index.php\/2022\/08\/29\/anitta-ganha-o-vma-2022-de-melhor-clipe-de-musica-latina\/","og_locale":"pt_BR","og_type":"article","og_title":"Anitta ganha o VMA 2022 de melhor clipe de m\u00fasica latina - Portal MF","og_description":"Anita&nbsp;levou o pr\u00eamio de melhor clipe de m\u00fasica latina com &#8220;Envolver&#8221;, no Video Music Awards, premia\u00e7\u00e3o da MTV americana. O evento aconteceu na noite deste domingo (28), em Nova Jersey, nos Estados Unidos. Esta foi a primeira indica\u00e7\u00e3o da cantora ao pr\u00eamio. Entre seus concorrentes estavam nomes como Bad Bunny, que levou o pr\u00eamio de [&hellip;]","og_url":"https:\/\/portalmf.com.br\/index.php\/2022\/08\/29\/anitta-ganha-o-vma-2022-de-melhor-clipe-de-musica-latina\/","og_site_name":"Portal MF","article_author":"reginaldojrfsa","article_published_time":"2022-08-29T19:00:00+00:00","article_modified_time":"2022-08-29T19:36:52+00:00","og_image":[{"width":1008,"height":663,"url":"https:\/\/portalmf.com.br\/wp-content\/uploads\/2022\/08\/Anitta-ganha-o-VMA-2022-de-melhor-clipe-de-musica-latina.jpg","type":"image\/jpeg"}],"author":"Reginaldo J\u00fanior","twitter_card":"summary_large_image","twitter_creator":"@reginaldojrmf","twitter_misc":{"Escrito por":"Reginaldo J\u00fanior","Est. tempo de leitura":"2 minutos"},"schema":{"@context":"https:\/\/schema.org","@graph":[{"@type":"WebPage","@id":"https:\/\/portalmf.com.br\/index.php\/2022\/08\/29\/anitta-ganha-o-vma-2022-de-melhor-clipe-de-musica-latina\/","url":"https:\/\/portalmf.com.br\/index.php\/2022\/08\/29\/anitta-ganha-o-vma-2022-de-melhor-clipe-de-musica-latina\/","name":"Anitta ganha o VMA 2022 de melhor clipe de m\u00fasica latina - Portal MF","isPartOf":{"@id":"https:\/\/portalmf.com.br\/#website"},"primaryImageOfPage":{"@id":"https:\/\/portalmf.com.br\/index.php\/2022\/08\/29\/anitta-ganha-o-vma-2022-de-melhor-clipe-de-musica-latina\/#primaryimage"},"image":{"@id":"https:\/\/portalmf.com.br\/index.php\/2022\/08\/29\/anitta-ganha-o-vma-2022-de-melhor-clipe-de-musica-latina\/#primaryimage"},"thumbnailUrl":"https:\/\/portalmf.com.br\/wp-content\/uploads\/2022\/08\/Anitta-ganha-o-VMA-2022-de-melhor-clipe-de-musica-latina.jpg","datePublished":"2022-08-29T19:00:00+00:00","dateModified":"2022-08-29T19:36:52+00:00","author":{"@id":"https:\/\/portalmf.com.br\/#\/schema\/person\/11c82086fe8abc05a19147e964587285"},"breadcrumb":{"@id":"https:\/\/portalmf.com.br\/index.php\/2022\/08\/29\/anitta-ganha-o-vma-2022-de-melhor-clipe-de-musica-latina\/#breadcrumb"},"inLanguage":"pt-BR","potentialAction":[{"@type":"ReadAction","target":["https:\/\/portalmf.com.br\/index.php\/2022\/08\/29\/anitta-ganha-o-vma-2022-de-melhor-clipe-de-musica-latina\/"]}]},{"@type":"ImageObject","inLanguage":"pt-BR","@id":"https:\/\/portalmf.com.br\/index.php\/2022\/08\/29\/anitta-ganha-o-vma-2022-de-melhor-clipe-de-musica-latina\/#primaryimage","url":"https:\/\/portalmf.com.br\/wp-content\/uploads\/2022\/08\/Anitta-ganha-o-VMA-2022-de-melhor-clipe-de-musica-latina.jpg","contentUrl":"https:\/\/portalmf.com.br\/wp-content\/uploads\/2022\/08\/Anitta-ganha-o-VMA-2022-de-melhor-clipe-de-musica-latina.jpg","width":1008,"height":663,"caption":"Foto: REUTERS\/Brendan McDermid"},{"@type":"BreadcrumbList","@id":"https:\/\/portalmf.com.br\/index.php\/2022\/08\/29\/anitta-ganha-o-vma-2022-de-melhor-clipe-de-musica-latina\/#breadcrumb","itemListElement":[{"@type":"ListItem","position":1,"name":"In\u00edcio","item":"https:\/\/portalmf.com.br\/"},{"@type":"ListItem","position":2,"name":"Anitta ganha o VMA 2022 de melhor clipe de m\u00fasica latina"}]},{"@type":"WebSite","@id":"https:\/\/portalmf.com.br\/#website","url":"https:\/\/portalmf.com.br\/","name":"Portal MF","description":"Voc\u00ea conectado com a informa\u00e7\u00e3o","potentialAction":[{"@type":"SearchAction","target":{"@type":"EntryPoint","urlTemplate":"https:\/\/portalmf.com.br\/?s={search_term_string}"},"query-input":"required name=search_term_string"}],"inLanguage":"pt-BR"},{"@type":"Person","@id":"https:\/\/portalmf.com.br\/#\/schema\/person\/11c82086fe8abc05a19147e964587285","name":"Reginaldo J\u00fanior","image":{"@type":"ImageObject","inLanguage":"pt-BR","@id":"https:\/\/portalmf.com.br\/#\/schema\/person\/image\/","url":"https:\/\/secure.gravatar.com\/avatar\/32a3c797cd0ac47cc53b8644c62776f9?s=96&d=mm&r=g","contentUrl":"https:\/\/secure.gravatar.com\/avatar\/32a3c797cd0ac47cc53b8644c62776f9?s=96&d=mm&r=g","caption":"Reginaldo J\u00fanior"},"description":"Jornalista e idealizador Portal MF","sameAs":["https:\/\/portalmf.com.br\/index.php\/author\/reginaldojr\/","reginaldojrfsa","reginaldojuniormf","https:\/\/x.com\/reginaldojrmf"],"url":"https:\/\/portalmf.com.br\/index.php\/author\/reginaldojr\/"}]}},"_links":{"self":[{"href":"https:\/\/portalmf.com.br\/index.php\/wp-json\/wp\/v2\/posts\/3746"}],"collection":[{"href":"https:\/\/portalmf.com.br\/index.php\/wp-json\/wp\/v2\/posts"}],"about":[{"href":"https:\/\/portalmf.com.br\/index.php\/wp-json\/wp\/v2\/types\/post"}],"author":[{"embeddable":true,"href":"https:\/\/portalmf.com.br\/index.php\/wp-json\/wp\/v2\/users\/2"}],"replies":[{"embeddable":true,"href":"https:\/\/portalmf.com.br\/index.php\/wp-json\/wp\/v2\/comments?post=3746"}],"version-history":[{"count":1,"href":"https:\/\/portalmf.com.br\/index.php\/wp-json\/wp\/v2\/posts\/3746\/revisions"}],"predecessor-version":[{"id":3748,"href":"https:\/\/portalmf.com.br\/index.php\/wp-json\/wp\/v2\/posts\/3746\/revisions\/3748"}],"wp:featuredmedia":[{"embeddable":true,"href":"https:\/\/portalmf.com.br\/index.php\/wp-json\/wp\/v2\/media\/3747"}],"wp:attachment":[{"href":"https:\/\/portalmf.com.br\/index.php\/wp-json\/wp\/v2\/media?parent=3746"}],"wp:term":[{"taxonomy":"category","embeddable":true,"href":"https:\/\/portalmf.com.br\/index.php\/wp-json\/wp\/v2\/categories?post=3746"},{"taxonomy":"post_tag","embeddable":true,"href":"https:\/\/portalmf.com.br\/index.php\/wp-json\/wp\/v2\/tags?post=3746"}],"curies":[{"name":"wp","href":"https:\/\/api.w.org\/{rel}","templated":true}]}}