{"id":3736,"date":"2022-08-29T10:54:00","date_gmt":"2022-08-29T13:54:00","guid":{"rendered":"http:\/\/portalmf.com.br\/?p=3736"},"modified":"2022-08-29T15:54:43","modified_gmt":"2022-08-29T18:54:43","slug":"apos-sucesso-no-domingo-no-tca-espetaculo-5-segundos-volta-a-cartaz-em-setembro","status":"publish","type":"post","link":"https:\/\/portalmf.com.br\/index.php\/2022\/08\/29\/apos-sucesso-no-domingo-no-tca-espetaculo-5-segundos-volta-a-cartaz-em-setembro\/","title":{"rendered":"Ap\u00f3s sucesso no \u2018Domingo no TCA\u2019, espet\u00e1culo \u20185 segundos\u2019 volta a cartaz em setembro"},"content":{"rendered":"\n<p>O espet\u00e1culo \u201c5 segundos\u201d estar\u00e1 de volta aos palcos de Salvador no m\u00eas de setembro. A obra escrita pelo professor e historiador Ricardo Carvalho realiza tr\u00eas apresenta\u00e7\u00f5es no Teatro Moli\u00e8re nos dias 2, 3 (\u00e0s 20h) e 4 (\u00e0s 19h). Os ingressos s\u00e3o limitados, custam R$ 40 (inteira) e R$ 20 (meia-entrada) e s\u00f3 podem ser adquiridos pelo WhatsApp (71) 99921-2368.<\/p>\n\n\n\n<p>A equipe de \u201c5 segundos\u201d ainda comemora o sucesso no projeto \u201cDomingo no TCA\u201d que reuniu mais de 1.500 pessoas na Sala Principal do teatro no dia 31 de julho. Desde 2019 em cartaz, a pe\u00e7a j\u00e1 foi assistida por quase seis mil expectadores na Bahia.<\/p>\n\n\n\n<p>A apresenta\u00e7\u00e3o no teatro Moli\u00e8re \u00e9 simb\u00f3lica para o elenco e os diretores. Em 3 de setembro de 1939 come\u00e7ava a Segunda Guerra Mundial, ap\u00f3s as for\u00e7as aliadas se voltarem contra a invas\u00e3o da Pol\u00f4nia pelos alem\u00e3es, dois dias antes. Dois mil e vinte e dois tamb\u00e9m marca os 80 anos da entrada do Brasil na guerra que mataria mais de seis milh\u00f5es de pessoas.<\/p>\n\n\n\n<p>\u201c5 segundos\u201d apresenta o enredo de um caso real de um soteropolitano que entrou para a hist\u00f3ria compondo a For\u00e7a Expedicion\u00e1ria Brasileira (FEB) e conheceu o drama da morte violenta sob o frio, a fome e a inseguran\u00e7a.<\/p>\n\n\n\n<p>A hist\u00f3ria se passa nos anos finais da Grande Guerra. Em territ\u00f3rio italiano, o baiano Rui se depara com um soldado alem\u00e3o em pleno \u201cteatro da guerra\u201d. Esgotados, nem ele, nem mesmo o oponente nazista disp\u00f5em de armas de fogo ou muni\u00e7\u00e3o, mas carregam consigo o compromisso com ideais que, aos poucos, foram derramados com o sangue inimigo.<\/p>\n\n\n\n<p>Era o fim para um dos dois, ou para os dois, mas aqueles \u201c5 segundos\u201d, entre o olhar de f\u00faria e o corpo tombado sob o golpe inimigo, se transformariam em uma retomada de uma vida inteira que aproxima os personagens e coloca em xeque os valores humanos, as expectativas sobre a vida, a morte, os amores, a pol\u00edtica, as verdades e mentiras sobre a guerra.<\/p>\n\n\n\n<p>\u201c5 segundos\u201d discute o choque de princ\u00edpios frente os desafios da vida e do viver ou morrer; do cumprimento de uma ordem \u00e0 necessidade de sobreviv\u00eancia; do real sentido de se utilizar da for\u00e7a f\u00edsica para fazer valer o argumento; do infind\u00e1vel debate sobre a dignidade da vida humana!<\/p>\n\n\n\n<p>S\u00e3o apenas \u201c5 segundos\u201d e uma senten\u00e7a de morte! Quem sucumbe? Rui, Albert ou ambos? Vale a pena conhecer essa hist\u00f3ria cheia de surpresas, reflex\u00f5es e uma sens\u00edvel atua\u00e7\u00e3o de Felipe Velozo (filme \u201cMarighella\u201d, 2019; \u201cBarrela\u201d, 2017; s\u00e9rie \u201cOs Irm\u00e3os Freitas\u201d, 2019\/2022, e \u201cFam\u00edlia Para\u00edso\u201d, 2022); Igor Epif\u00e2nio (premiado duas vezes na categoria melhor ator no pr\u00eamio Braskem de teatro, 2013 com \u201cEntre N\u00f3s\u201d e 2017 com \u201cEgotrip\u201d) Mar\u00edlia Carvalho (\u201cAtivistas da Paz\u201d, 2015), que tamb\u00e9m assina a produ\u00e7\u00e3o do espet\u00e1culo.<\/p>\n\n\n\n<p>O desafio de dilatar o tempo, transformar uma cena de \u201c5 segundos\u201d em um espet\u00e1culo de 50 minutos, que p\u00f4de ir al\u00e9m da representa\u00e7\u00e3o de quase seis anos de batalhas e mais de 70 milh\u00f5es de mortos na Segunda Guerra Mundial, reuniu, mais uma vez, os diretores Ricardo Carvalho e Alan Miranda (SMS \u2013 Saga da Mem\u00f3ria Soteropolitana, 2012). Daniel Arcades (Pr\u00eamio Braskem 2016, com o texto de \u201cRebola\u201d, e 2022, com a dire\u00e7\u00e3o de NAU) tamb\u00e9m assina a dire\u00e7\u00e3o do espet\u00e1culo. Daniel e Alan reeditam a parceria de sucesso no texto de \u201cDe um tudo\u201d, 2017.<\/p>\n","protected":false},"excerpt":{"rendered":"<p>O espet\u00e1culo \u201c5 segundos\u201d estar\u00e1 de volta aos palcos de Salvador no m\u00eas de setembro. A obra escrita pelo professor e historiador Ricardo Carvalho realiza tr\u00eas apresenta\u00e7\u00f5es no Teatro Moli\u00e8re nos dias 2, 3 (\u00e0s 20h) e 4 (\u00e0s 19h). Os ingressos s\u00e3o limitados, custam R$ 40 (inteira) e R$ 20 (meia-entrada) e s\u00f3 podem [&hellip;]<\/p>\n","protected":false},"author":2,"featured_media":3737,"comment_status":"open","ping_status":"open","sticky":false,"template":"","format":"standard","meta":{"_monsterinsights_skip_tracking":false,"_monsterinsights_sitenote_active":false,"_monsterinsights_sitenote_note":"","_monsterinsights_sitenote_category":0,"footnotes":""},"categories":[40],"tags":[],"yoast_head":"<!-- This site is optimized with the Yoast SEO plugin v22.9 - https:\/\/yoast.com\/wordpress\/plugins\/seo\/ -->\n<title>Ap\u00f3s sucesso no \u2018Domingo no TCA\u2019, espet\u00e1culo \u20185 segundos\u2019 volta a cartaz em setembro - Portal MF<\/title>\n<meta name=\"robots\" content=\"index, follow, max-snippet:-1, max-image-preview:large, max-video-preview:-1\" \/>\n<link rel=\"canonical\" href=\"https:\/\/portalmf.com.br\/index.php\/2022\/08\/29\/apos-sucesso-no-domingo-no-tca-espetaculo-5-segundos-volta-a-cartaz-em-setembro\/\" \/>\n<meta property=\"og:locale\" content=\"pt_BR\" \/>\n<meta property=\"og:type\" content=\"article\" \/>\n<meta property=\"og:title\" content=\"Ap\u00f3s sucesso no \u2018Domingo no TCA\u2019, espet\u00e1culo \u20185 segundos\u2019 volta a cartaz em setembro - Portal MF\" \/>\n<meta property=\"og:description\" content=\"O espet\u00e1culo \u201c5 segundos\u201d estar\u00e1 de volta aos palcos de Salvador no m\u00eas de setembro. A obra escrita pelo professor e historiador Ricardo Carvalho realiza tr\u00eas apresenta\u00e7\u00f5es no Teatro Moli\u00e8re nos dias 2, 3 (\u00e0s 20h) e 4 (\u00e0s 19h). Os ingressos s\u00e3o limitados, custam R$ 40 (inteira) e R$ 20 (meia-entrada) e s\u00f3 podem [&hellip;]\" \/>\n<meta property=\"og:url\" content=\"https:\/\/portalmf.com.br\/index.php\/2022\/08\/29\/apos-sucesso-no-domingo-no-tca-espetaculo-5-segundos-volta-a-cartaz-em-setembro\/\" \/>\n<meta property=\"og:site_name\" content=\"Portal MF\" \/>\n<meta property=\"article:author\" content=\"reginaldojrfsa\" \/>\n<meta property=\"article:published_time\" content=\"2022-08-29T13:54:00+00:00\" \/>\n<meta property=\"article:modified_time\" content=\"2022-08-29T18:54:43+00:00\" \/>\n<meta property=\"og:image\" content=\"https:\/\/portalmf.com.br\/wp-content\/uploads\/2022\/08\/WhatsApp-Image-2022-08-29-at-12.06.02.jpeg\" \/>\n\t<meta property=\"og:image:width\" content=\"1280\" \/>\n\t<meta property=\"og:image:height\" content=\"853\" \/>\n\t<meta property=\"og:image:type\" content=\"image\/jpeg\" \/>\n<meta name=\"author\" content=\"Reginaldo J\u00fanior\" \/>\n<meta name=\"twitter:card\" content=\"summary_large_image\" \/>\n<meta name=\"twitter:creator\" content=\"@reginaldojrmf\" \/>\n<meta name=\"twitter:label1\" content=\"Escrito por\" \/>\n\t<meta name=\"twitter:data1\" content=\"Reginaldo J\u00fanior\" \/>\n\t<meta name=\"twitter:label2\" content=\"Est. tempo de leitura\" \/>\n\t<meta name=\"twitter:data2\" content=\"4 minutos\" \/>\n<script type=\"application\/ld+json\" class=\"yoast-schema-graph\">{\"@context\":\"https:\/\/schema.org\",\"@graph\":[{\"@type\":\"WebPage\",\"@id\":\"https:\/\/portalmf.com.br\/index.php\/2022\/08\/29\/apos-sucesso-no-domingo-no-tca-espetaculo-5-segundos-volta-a-cartaz-em-setembro\/\",\"url\":\"https:\/\/portalmf.com.br\/index.php\/2022\/08\/29\/apos-sucesso-no-domingo-no-tca-espetaculo-5-segundos-volta-a-cartaz-em-setembro\/\",\"name\":\"Ap\u00f3s sucesso no \u2018Domingo no TCA\u2019, espet\u00e1culo \u20185 segundos\u2019 volta a cartaz em setembro - Portal MF\",\"isPartOf\":{\"@id\":\"https:\/\/portalmf.com.br\/#website\"},\"primaryImageOfPage\":{\"@id\":\"https:\/\/portalmf.com.br\/index.php\/2022\/08\/29\/apos-sucesso-no-domingo-no-tca-espetaculo-5-segundos-volta-a-cartaz-em-setembro\/#primaryimage\"},\"image\":{\"@id\":\"https:\/\/portalmf.com.br\/index.php\/2022\/08\/29\/apos-sucesso-no-domingo-no-tca-espetaculo-5-segundos-volta-a-cartaz-em-setembro\/#primaryimage\"},\"thumbnailUrl\":\"https:\/\/portalmf.com.br\/wp-content\/uploads\/2022\/08\/WhatsApp-Image-2022-08-29-at-12.06.02.jpeg\",\"datePublished\":\"2022-08-29T13:54:00+00:00\",\"dateModified\":\"2022-08-29T18:54:43+00:00\",\"author\":{\"@id\":\"https:\/\/portalmf.com.br\/#\/schema\/person\/11c82086fe8abc05a19147e964587285\"},\"breadcrumb\":{\"@id\":\"https:\/\/portalmf.com.br\/index.php\/2022\/08\/29\/apos-sucesso-no-domingo-no-tca-espetaculo-5-segundos-volta-a-cartaz-em-setembro\/#breadcrumb\"},\"inLanguage\":\"pt-BR\",\"potentialAction\":[{\"@type\":\"ReadAction\",\"target\":[\"https:\/\/portalmf.com.br\/index.php\/2022\/08\/29\/apos-sucesso-no-domingo-no-tca-espetaculo-5-segundos-volta-a-cartaz-em-setembro\/\"]}]},{\"@type\":\"ImageObject\",\"inLanguage\":\"pt-BR\",\"@id\":\"https:\/\/portalmf.com.br\/index.php\/2022\/08\/29\/apos-sucesso-no-domingo-no-tca-espetaculo-5-segundos-volta-a-cartaz-em-setembro\/#primaryimage\",\"url\":\"https:\/\/portalmf.com.br\/wp-content\/uploads\/2022\/08\/WhatsApp-Image-2022-08-29-at-12.06.02.jpeg\",\"contentUrl\":\"https:\/\/portalmf.com.br\/wp-content\/uploads\/2022\/08\/WhatsApp-Image-2022-08-29-at-12.06.02.jpeg\",\"width\":1280,\"height\":853,\"caption\":\"Foto: Divulga\u00e7\u00e3o\/ Mateus Ross\"},{\"@type\":\"BreadcrumbList\",\"@id\":\"https:\/\/portalmf.com.br\/index.php\/2022\/08\/29\/apos-sucesso-no-domingo-no-tca-espetaculo-5-segundos-volta-a-cartaz-em-setembro\/#breadcrumb\",\"itemListElement\":[{\"@type\":\"ListItem\",\"position\":1,\"name\":\"In\u00edcio\",\"item\":\"https:\/\/portalmf.com.br\/\"},{\"@type\":\"ListItem\",\"position\":2,\"name\":\"Ap\u00f3s sucesso no \u2018Domingo no TCA\u2019, espet\u00e1culo \u20185 segundos\u2019 volta a cartaz em setembro\"}]},{\"@type\":\"WebSite\",\"@id\":\"https:\/\/portalmf.com.br\/#website\",\"url\":\"https:\/\/portalmf.com.br\/\",\"name\":\"Portal MF\",\"description\":\"Voc\u00ea conectado com a informa\u00e7\u00e3o\",\"potentialAction\":[{\"@type\":\"SearchAction\",\"target\":{\"@type\":\"EntryPoint\",\"urlTemplate\":\"https:\/\/portalmf.com.br\/?s={search_term_string}\"},\"query-input\":\"required name=search_term_string\"}],\"inLanguage\":\"pt-BR\"},{\"@type\":\"Person\",\"@id\":\"https:\/\/portalmf.com.br\/#\/schema\/person\/11c82086fe8abc05a19147e964587285\",\"name\":\"Reginaldo J\u00fanior\",\"image\":{\"@type\":\"ImageObject\",\"inLanguage\":\"pt-BR\",\"@id\":\"https:\/\/portalmf.com.br\/#\/schema\/person\/image\/\",\"url\":\"https:\/\/secure.gravatar.com\/avatar\/32a3c797cd0ac47cc53b8644c62776f9?s=96&d=mm&r=g\",\"contentUrl\":\"https:\/\/secure.gravatar.com\/avatar\/32a3c797cd0ac47cc53b8644c62776f9?s=96&d=mm&r=g\",\"caption\":\"Reginaldo J\u00fanior\"},\"description\":\"Jornalista e idealizador Portal MF\",\"sameAs\":[\"https:\/\/portalmf.com.br\/index.php\/author\/reginaldojr\/\",\"reginaldojrfsa\",\"reginaldojuniormf\",\"https:\/\/x.com\/reginaldojrmf\"],\"url\":\"https:\/\/portalmf.com.br\/index.php\/author\/reginaldojr\/\"}]}<\/script>\n<!-- \/ Yoast SEO plugin. -->","yoast_head_json":{"title":"Ap\u00f3s sucesso no \u2018Domingo no TCA\u2019, espet\u00e1culo \u20185 segundos\u2019 volta a cartaz em setembro - Portal MF","robots":{"index":"index","follow":"follow","max-snippet":"max-snippet:-1","max-image-preview":"max-image-preview:large","max-video-preview":"max-video-preview:-1"},"canonical":"https:\/\/portalmf.com.br\/index.php\/2022\/08\/29\/apos-sucesso-no-domingo-no-tca-espetaculo-5-segundos-volta-a-cartaz-em-setembro\/","og_locale":"pt_BR","og_type":"article","og_title":"Ap\u00f3s sucesso no \u2018Domingo no TCA\u2019, espet\u00e1culo \u20185 segundos\u2019 volta a cartaz em setembro - Portal MF","og_description":"O espet\u00e1culo \u201c5 segundos\u201d estar\u00e1 de volta aos palcos de Salvador no m\u00eas de setembro. A obra escrita pelo professor e historiador Ricardo Carvalho realiza tr\u00eas apresenta\u00e7\u00f5es no Teatro Moli\u00e8re nos dias 2, 3 (\u00e0s 20h) e 4 (\u00e0s 19h). Os ingressos s\u00e3o limitados, custam R$ 40 (inteira) e R$ 20 (meia-entrada) e s\u00f3 podem [&hellip;]","og_url":"https:\/\/portalmf.com.br\/index.php\/2022\/08\/29\/apos-sucesso-no-domingo-no-tca-espetaculo-5-segundos-volta-a-cartaz-em-setembro\/","og_site_name":"Portal MF","article_author":"reginaldojrfsa","article_published_time":"2022-08-29T13:54:00+00:00","article_modified_time":"2022-08-29T18:54:43+00:00","og_image":[{"width":1280,"height":853,"url":"https:\/\/portalmf.com.br\/wp-content\/uploads\/2022\/08\/WhatsApp-Image-2022-08-29-at-12.06.02.jpeg","type":"image\/jpeg"}],"author":"Reginaldo J\u00fanior","twitter_card":"summary_large_image","twitter_creator":"@reginaldojrmf","twitter_misc":{"Escrito por":"Reginaldo J\u00fanior","Est. tempo de leitura":"4 minutos"},"schema":{"@context":"https:\/\/schema.org","@graph":[{"@type":"WebPage","@id":"https:\/\/portalmf.com.br\/index.php\/2022\/08\/29\/apos-sucesso-no-domingo-no-tca-espetaculo-5-segundos-volta-a-cartaz-em-setembro\/","url":"https:\/\/portalmf.com.br\/index.php\/2022\/08\/29\/apos-sucesso-no-domingo-no-tca-espetaculo-5-segundos-volta-a-cartaz-em-setembro\/","name":"Ap\u00f3s sucesso no \u2018Domingo no TCA\u2019, espet\u00e1culo \u20185 segundos\u2019 volta a cartaz em setembro - Portal MF","isPartOf":{"@id":"https:\/\/portalmf.com.br\/#website"},"primaryImageOfPage":{"@id":"https:\/\/portalmf.com.br\/index.php\/2022\/08\/29\/apos-sucesso-no-domingo-no-tca-espetaculo-5-segundos-volta-a-cartaz-em-setembro\/#primaryimage"},"image":{"@id":"https:\/\/portalmf.com.br\/index.php\/2022\/08\/29\/apos-sucesso-no-domingo-no-tca-espetaculo-5-segundos-volta-a-cartaz-em-setembro\/#primaryimage"},"thumbnailUrl":"https:\/\/portalmf.com.br\/wp-content\/uploads\/2022\/08\/WhatsApp-Image-2022-08-29-at-12.06.02.jpeg","datePublished":"2022-08-29T13:54:00+00:00","dateModified":"2022-08-29T18:54:43+00:00","author":{"@id":"https:\/\/portalmf.com.br\/#\/schema\/person\/11c82086fe8abc05a19147e964587285"},"breadcrumb":{"@id":"https:\/\/portalmf.com.br\/index.php\/2022\/08\/29\/apos-sucesso-no-domingo-no-tca-espetaculo-5-segundos-volta-a-cartaz-em-setembro\/#breadcrumb"},"inLanguage":"pt-BR","potentialAction":[{"@type":"ReadAction","target":["https:\/\/portalmf.com.br\/index.php\/2022\/08\/29\/apos-sucesso-no-domingo-no-tca-espetaculo-5-segundos-volta-a-cartaz-em-setembro\/"]}]},{"@type":"ImageObject","inLanguage":"pt-BR","@id":"https:\/\/portalmf.com.br\/index.php\/2022\/08\/29\/apos-sucesso-no-domingo-no-tca-espetaculo-5-segundos-volta-a-cartaz-em-setembro\/#primaryimage","url":"https:\/\/portalmf.com.br\/wp-content\/uploads\/2022\/08\/WhatsApp-Image-2022-08-29-at-12.06.02.jpeg","contentUrl":"https:\/\/portalmf.com.br\/wp-content\/uploads\/2022\/08\/WhatsApp-Image-2022-08-29-at-12.06.02.jpeg","width":1280,"height":853,"caption":"Foto: Divulga\u00e7\u00e3o\/ Mateus Ross"},{"@type":"BreadcrumbList","@id":"https:\/\/portalmf.com.br\/index.php\/2022\/08\/29\/apos-sucesso-no-domingo-no-tca-espetaculo-5-segundos-volta-a-cartaz-em-setembro\/#breadcrumb","itemListElement":[{"@type":"ListItem","position":1,"name":"In\u00edcio","item":"https:\/\/portalmf.com.br\/"},{"@type":"ListItem","position":2,"name":"Ap\u00f3s sucesso no \u2018Domingo no TCA\u2019, espet\u00e1culo \u20185 segundos\u2019 volta a cartaz em setembro"}]},{"@type":"WebSite","@id":"https:\/\/portalmf.com.br\/#website","url":"https:\/\/portalmf.com.br\/","name":"Portal MF","description":"Voc\u00ea conectado com a informa\u00e7\u00e3o","potentialAction":[{"@type":"SearchAction","target":{"@type":"EntryPoint","urlTemplate":"https:\/\/portalmf.com.br\/?s={search_term_string}"},"query-input":"required name=search_term_string"}],"inLanguage":"pt-BR"},{"@type":"Person","@id":"https:\/\/portalmf.com.br\/#\/schema\/person\/11c82086fe8abc05a19147e964587285","name":"Reginaldo J\u00fanior","image":{"@type":"ImageObject","inLanguage":"pt-BR","@id":"https:\/\/portalmf.com.br\/#\/schema\/person\/image\/","url":"https:\/\/secure.gravatar.com\/avatar\/32a3c797cd0ac47cc53b8644c62776f9?s=96&d=mm&r=g","contentUrl":"https:\/\/secure.gravatar.com\/avatar\/32a3c797cd0ac47cc53b8644c62776f9?s=96&d=mm&r=g","caption":"Reginaldo J\u00fanior"},"description":"Jornalista e idealizador Portal MF","sameAs":["https:\/\/portalmf.com.br\/index.php\/author\/reginaldojr\/","reginaldojrfsa","reginaldojuniormf","https:\/\/x.com\/reginaldojrmf"],"url":"https:\/\/portalmf.com.br\/index.php\/author\/reginaldojr\/"}]}},"_links":{"self":[{"href":"https:\/\/portalmf.com.br\/index.php\/wp-json\/wp\/v2\/posts\/3736"}],"collection":[{"href":"https:\/\/portalmf.com.br\/index.php\/wp-json\/wp\/v2\/posts"}],"about":[{"href":"https:\/\/portalmf.com.br\/index.php\/wp-json\/wp\/v2\/types\/post"}],"author":[{"embeddable":true,"href":"https:\/\/portalmf.com.br\/index.php\/wp-json\/wp\/v2\/users\/2"}],"replies":[{"embeddable":true,"href":"https:\/\/portalmf.com.br\/index.php\/wp-json\/wp\/v2\/comments?post=3736"}],"version-history":[{"count":1,"href":"https:\/\/portalmf.com.br\/index.php\/wp-json\/wp\/v2\/posts\/3736\/revisions"}],"predecessor-version":[{"id":3738,"href":"https:\/\/portalmf.com.br\/index.php\/wp-json\/wp\/v2\/posts\/3736\/revisions\/3738"}],"wp:featuredmedia":[{"embeddable":true,"href":"https:\/\/portalmf.com.br\/index.php\/wp-json\/wp\/v2\/media\/3737"}],"wp:attachment":[{"href":"https:\/\/portalmf.com.br\/index.php\/wp-json\/wp\/v2\/media?parent=3736"}],"wp:term":[{"taxonomy":"category","embeddable":true,"href":"https:\/\/portalmf.com.br\/index.php\/wp-json\/wp\/v2\/categories?post=3736"},{"taxonomy":"post_tag","embeddable":true,"href":"https:\/\/portalmf.com.br\/index.php\/wp-json\/wp\/v2\/tags?post=3736"}],"curies":[{"name":"wp","href":"https:\/\/api.w.org\/{rel}","templated":true}]}}