{"id":3723,"date":"2022-08-29T09:59:03","date_gmt":"2022-08-29T12:59:03","guid":{"rendered":"http:\/\/portalmf.com.br\/?p=3723"},"modified":"2022-08-29T09:59:04","modified_gmt":"2022-08-29T12:59:04","slug":"debate-da-band-bate-o-fantastico-e-lidera-audiencia-na-tv","status":"publish","type":"post","link":"https:\/\/portalmf.com.br\/index.php\/2022\/08\/29\/debate-da-band-bate-o-fantastico-e-lidera-audiencia-na-tv\/","title":{"rendered":"Debate da Band bate o \u2018Fant\u00e1stico\u2019 e lidera audi\u00eancia na TV"},"content":{"rendered":"\n<p>Ao longo do domingo (28), a Band n\u00e3o passou de 3 pontos no ranking de audi\u00eancia na Grande S\u00e3o Paulo, principal \u00e1rea de aferi\u00e7\u00e3o de p\u00fablico da Kantar Ibope.<\/p>\n\n\n\n<p>O quadro mudou minutos antes do in\u00edcio do debate presidencial, o 1\u00ba desta campanha.<\/p>\n\n\n\n<p>Cinco minutos antes do in\u00edcio, o canal j\u00e1 marcava 5.5 pontos. Quando entrou no ar, \u00e0s 21h, tinha 9 e assumia o 3\u00ba lugar, atr\u00e1s de Record e Globo.<\/p>\n\n\n\n<p>Com apenas 6 minutos, o debate ultrapassou a emissora do bispo Macedo ao atingir 10.5 pontos.<\/p>\n\n\n\n<p>Na chegada \u00e0 primeira meia-hora do encontro de candidatos, a Band estava com 13 pontos. A Globo, 15.5, com o \u2018Fant\u00e1stico\u2019.<\/p>\n\n\n\n<p>Menos afetados pelo debate, o SBT marcava 8.6 com o \u2018Programa Silvio Santos\u2019 e a Record, 7 pontos com o \u2018Domingo Espetacular\u2019.<\/p>\n\n\n\n<p>Os \u00e2nimos \u00e0 flor da pele no segundo bloco, com alguns presidenci\u00e1veis exaltados, repercutiram no Ibope. Com 14 pontos, a Band ficou empatada com a Globo.<\/p>\n\n\n\n<p>\u00c0s 22h15, o debate superou o \u2018Fant\u00e1stico\u2019 em alguns d\u00e9cimos nos dados pr\u00e9vios em tempo real.<\/p>\n\n\n\n<p>A briga pelo p\u00fablico continuou acirrada, com altern\u00e2ncia do 1\u00ba lugar no ranking at\u00e9 a ida para o intervalo, com a despedida dos \u00e2ncoras Eduardo Oinegue e Adriana Ara\u00fajo, da Band.<\/p>\n\n\n\n<p>O terceiro segmento come\u00e7ou com Le\u00e3o Serva, da TV Cultura, e Fab\u00edola Cidral, do UOL, como mediadores.<\/p>\n\n\n\n<p>Mesmo ultrapassada em muitos minutos, a Globo conseguiu ser l\u00edder com 13,9 pontos. Os \u00edndices consolidados ser\u00e3o divulgados na segunda (29).<\/p>\n\n\n\n<p>Em parceria com a Band, a TV Cultura de S\u00e3o Paulo tamb\u00e9m transmitiu o debate. <\/p>\n\n\n\n<p>No seu melhor momento no Ibope, marcou 1.6 ponto, oscilando entre 5\u00ba e 6\u00ba lugares entre as grandes emissoras.Cada ponto no Ibope representa 205.755 telespectadores na regi\u00e3o metropolitana de S\u00e3o Paulo.<\/p>\n\n\n\n<p>Com informa\u00e7\u00f5es do Terra<\/p>\n","protected":false},"excerpt":{"rendered":"<p>Ao longo do domingo (28), a Band n\u00e3o passou de 3 pontos no ranking de audi\u00eancia na Grande S\u00e3o Paulo, principal \u00e1rea de aferi\u00e7\u00e3o de p\u00fablico da Kantar Ibope. O quadro mudou minutos antes do in\u00edcio do debate presidencial, o 1\u00ba desta campanha. Cinco minutos antes do in\u00edcio, o canal j\u00e1 marcava 5.5 pontos. Quando [&hellip;]<\/p>\n","protected":false},"author":2,"featured_media":3724,"comment_status":"open","ping_status":"open","sticky":false,"template":"","format":"standard","meta":{"_monsterinsights_skip_tracking":false,"_monsterinsights_sitenote_active":false,"_monsterinsights_sitenote_note":"","_monsterinsights_sitenote_category":0,"footnotes":""},"categories":[47,43],"tags":[66,67],"yoast_head":"<!-- This site is optimized with the Yoast SEO plugin v22.9 - https:\/\/yoast.com\/wordpress\/plugins\/seo\/ -->\n<title>Debate da Band bate o \u2018Fant\u00e1stico\u2019 e lidera audi\u00eancia na TV - Portal MF<\/title>\n<meta name=\"robots\" content=\"index, follow, max-snippet:-1, max-image-preview:large, max-video-preview:-1\" \/>\n<link rel=\"canonical\" href=\"https:\/\/portalmf.com.br\/index.php\/2022\/08\/29\/debate-da-band-bate-o-fantastico-e-lidera-audiencia-na-tv\/\" \/>\n<meta property=\"og:locale\" content=\"pt_BR\" \/>\n<meta property=\"og:type\" content=\"article\" \/>\n<meta property=\"og:title\" content=\"Debate da Band bate o \u2018Fant\u00e1stico\u2019 e lidera audi\u00eancia na TV - Portal MF\" \/>\n<meta property=\"og:description\" content=\"Ao longo do domingo (28), a Band n\u00e3o passou de 3 pontos no ranking de audi\u00eancia na Grande S\u00e3o Paulo, principal \u00e1rea de aferi\u00e7\u00e3o de p\u00fablico da Kantar Ibope. O quadro mudou minutos antes do in\u00edcio do debate presidencial, o 1\u00ba desta campanha. Cinco minutos antes do in\u00edcio, o canal j\u00e1 marcava 5.5 pontos. Quando [&hellip;]\" \/>\n<meta property=\"og:url\" content=\"https:\/\/portalmf.com.br\/index.php\/2022\/08\/29\/debate-da-band-bate-o-fantastico-e-lidera-audiencia-na-tv\/\" \/>\n<meta property=\"og:site_name\" content=\"Portal MF\" \/>\n<meta property=\"article:author\" content=\"reginaldojrfsa\" \/>\n<meta property=\"article:published_time\" content=\"2022-08-29T12:59:03+00:00\" \/>\n<meta property=\"article:modified_time\" content=\"2022-08-29T12:59:04+00:00\" \/>\n<meta property=\"og:image\" content=\"https:\/\/portalmf.com.br\/wp-content\/uploads\/2022\/08\/Debate-da-Band-2022-Foto-Band-TV-1.jpg\" \/>\n\t<meta property=\"og:image:width\" content=\"848\" \/>\n\t<meta property=\"og:image:height\" content=\"477\" \/>\n\t<meta property=\"og:image:type\" content=\"image\/jpeg\" \/>\n<meta name=\"author\" content=\"Reginaldo J\u00fanior\" \/>\n<meta name=\"twitter:card\" content=\"summary_large_image\" \/>\n<meta name=\"twitter:creator\" content=\"@reginaldojrmf\" \/>\n<meta name=\"twitter:label1\" content=\"Escrito por\" \/>\n\t<meta name=\"twitter:data1\" content=\"Reginaldo J\u00fanior\" \/>\n\t<meta name=\"twitter:label2\" content=\"Est. tempo de leitura\" \/>\n\t<meta name=\"twitter:data2\" content=\"2 minutos\" \/>\n<script type=\"application\/ld+json\" class=\"yoast-schema-graph\">{\"@context\":\"https:\/\/schema.org\",\"@graph\":[{\"@type\":\"WebPage\",\"@id\":\"https:\/\/portalmf.com.br\/index.php\/2022\/08\/29\/debate-da-band-bate-o-fantastico-e-lidera-audiencia-na-tv\/\",\"url\":\"https:\/\/portalmf.com.br\/index.php\/2022\/08\/29\/debate-da-band-bate-o-fantastico-e-lidera-audiencia-na-tv\/\",\"name\":\"Debate da Band bate o \u2018Fant\u00e1stico\u2019 e lidera audi\u00eancia na TV - Portal MF\",\"isPartOf\":{\"@id\":\"https:\/\/portalmf.com.br\/#website\"},\"primaryImageOfPage\":{\"@id\":\"https:\/\/portalmf.com.br\/index.php\/2022\/08\/29\/debate-da-band-bate-o-fantastico-e-lidera-audiencia-na-tv\/#primaryimage\"},\"image\":{\"@id\":\"https:\/\/portalmf.com.br\/index.php\/2022\/08\/29\/debate-da-band-bate-o-fantastico-e-lidera-audiencia-na-tv\/#primaryimage\"},\"thumbnailUrl\":\"https:\/\/portalmf.com.br\/wp-content\/uploads\/2022\/08\/Debate-da-Band-2022-Foto-Band-TV-1.jpg\",\"datePublished\":\"2022-08-29T12:59:03+00:00\",\"dateModified\":\"2022-08-29T12:59:04+00:00\",\"author\":{\"@id\":\"https:\/\/portalmf.com.br\/#\/schema\/person\/11c82086fe8abc05a19147e964587285\"},\"breadcrumb\":{\"@id\":\"https:\/\/portalmf.com.br\/index.php\/2022\/08\/29\/debate-da-band-bate-o-fantastico-e-lidera-audiencia-na-tv\/#breadcrumb\"},\"inLanguage\":\"pt-BR\",\"potentialAction\":[{\"@type\":\"ReadAction\",\"target\":[\"https:\/\/portalmf.com.br\/index.php\/2022\/08\/29\/debate-da-band-bate-o-fantastico-e-lidera-audiencia-na-tv\/\"]}]},{\"@type\":\"ImageObject\",\"inLanguage\":\"pt-BR\",\"@id\":\"https:\/\/portalmf.com.br\/index.php\/2022\/08\/29\/debate-da-band-bate-o-fantastico-e-lidera-audiencia-na-tv\/#primaryimage\",\"url\":\"https:\/\/portalmf.com.br\/wp-content\/uploads\/2022\/08\/Debate-da-Band-2022-Foto-Band-TV-1.jpg\",\"contentUrl\":\"https:\/\/portalmf.com.br\/wp-content\/uploads\/2022\/08\/Debate-da-Band-2022-Foto-Band-TV-1.jpg\",\"width\":848,\"height\":477},{\"@type\":\"BreadcrumbList\",\"@id\":\"https:\/\/portalmf.com.br\/index.php\/2022\/08\/29\/debate-da-band-bate-o-fantastico-e-lidera-audiencia-na-tv\/#breadcrumb\",\"itemListElement\":[{\"@type\":\"ListItem\",\"position\":1,\"name\":\"In\u00edcio\",\"item\":\"https:\/\/portalmf.com.br\/\"},{\"@type\":\"ListItem\",\"position\":2,\"name\":\"Debate da Band bate o \u2018Fant\u00e1stico\u2019 e lidera audi\u00eancia na TV\"}]},{\"@type\":\"WebSite\",\"@id\":\"https:\/\/portalmf.com.br\/#website\",\"url\":\"https:\/\/portalmf.com.br\/\",\"name\":\"Portal MF\",\"description\":\"Voc\u00ea conectado com a informa\u00e7\u00e3o\",\"potentialAction\":[{\"@type\":\"SearchAction\",\"target\":{\"@type\":\"EntryPoint\",\"urlTemplate\":\"https:\/\/portalmf.com.br\/?s={search_term_string}\"},\"query-input\":\"required name=search_term_string\"}],\"inLanguage\":\"pt-BR\"},{\"@type\":\"Person\",\"@id\":\"https:\/\/portalmf.com.br\/#\/schema\/person\/11c82086fe8abc05a19147e964587285\",\"name\":\"Reginaldo J\u00fanior\",\"image\":{\"@type\":\"ImageObject\",\"inLanguage\":\"pt-BR\",\"@id\":\"https:\/\/portalmf.com.br\/#\/schema\/person\/image\/\",\"url\":\"https:\/\/secure.gravatar.com\/avatar\/32a3c797cd0ac47cc53b8644c62776f9?s=96&d=mm&r=g\",\"contentUrl\":\"https:\/\/secure.gravatar.com\/avatar\/32a3c797cd0ac47cc53b8644c62776f9?s=96&d=mm&r=g\",\"caption\":\"Reginaldo J\u00fanior\"},\"description\":\"Jornalista e idealizador Portal MF\",\"sameAs\":[\"https:\/\/portalmf.com.br\/index.php\/author\/reginaldojr\/\",\"reginaldojrfsa\",\"reginaldojuniormf\",\"https:\/\/x.com\/reginaldojrmf\"],\"url\":\"https:\/\/portalmf.com.br\/index.php\/author\/reginaldojr\/\"}]}<\/script>\n<!-- \/ Yoast SEO plugin. -->","yoast_head_json":{"title":"Debate da Band bate o \u2018Fant\u00e1stico\u2019 e lidera audi\u00eancia na TV - Portal MF","robots":{"index":"index","follow":"follow","max-snippet":"max-snippet:-1","max-image-preview":"max-image-preview:large","max-video-preview":"max-video-preview:-1"},"canonical":"https:\/\/portalmf.com.br\/index.php\/2022\/08\/29\/debate-da-band-bate-o-fantastico-e-lidera-audiencia-na-tv\/","og_locale":"pt_BR","og_type":"article","og_title":"Debate da Band bate o \u2018Fant\u00e1stico\u2019 e lidera audi\u00eancia na TV - Portal MF","og_description":"Ao longo do domingo (28), a Band n\u00e3o passou de 3 pontos no ranking de audi\u00eancia na Grande S\u00e3o Paulo, principal \u00e1rea de aferi\u00e7\u00e3o de p\u00fablico da Kantar Ibope. O quadro mudou minutos antes do in\u00edcio do debate presidencial, o 1\u00ba desta campanha. Cinco minutos antes do in\u00edcio, o canal j\u00e1 marcava 5.5 pontos. Quando [&hellip;]","og_url":"https:\/\/portalmf.com.br\/index.php\/2022\/08\/29\/debate-da-band-bate-o-fantastico-e-lidera-audiencia-na-tv\/","og_site_name":"Portal MF","article_author":"reginaldojrfsa","article_published_time":"2022-08-29T12:59:03+00:00","article_modified_time":"2022-08-29T12:59:04+00:00","og_image":[{"width":848,"height":477,"url":"https:\/\/portalmf.com.br\/wp-content\/uploads\/2022\/08\/Debate-da-Band-2022-Foto-Band-TV-1.jpg","type":"image\/jpeg"}],"author":"Reginaldo J\u00fanior","twitter_card":"summary_large_image","twitter_creator":"@reginaldojrmf","twitter_misc":{"Escrito por":"Reginaldo J\u00fanior","Est. tempo de leitura":"2 minutos"},"schema":{"@context":"https:\/\/schema.org","@graph":[{"@type":"WebPage","@id":"https:\/\/portalmf.com.br\/index.php\/2022\/08\/29\/debate-da-band-bate-o-fantastico-e-lidera-audiencia-na-tv\/","url":"https:\/\/portalmf.com.br\/index.php\/2022\/08\/29\/debate-da-band-bate-o-fantastico-e-lidera-audiencia-na-tv\/","name":"Debate da Band bate o \u2018Fant\u00e1stico\u2019 e lidera audi\u00eancia na TV - Portal MF","isPartOf":{"@id":"https:\/\/portalmf.com.br\/#website"},"primaryImageOfPage":{"@id":"https:\/\/portalmf.com.br\/index.php\/2022\/08\/29\/debate-da-band-bate-o-fantastico-e-lidera-audiencia-na-tv\/#primaryimage"},"image":{"@id":"https:\/\/portalmf.com.br\/index.php\/2022\/08\/29\/debate-da-band-bate-o-fantastico-e-lidera-audiencia-na-tv\/#primaryimage"},"thumbnailUrl":"https:\/\/portalmf.com.br\/wp-content\/uploads\/2022\/08\/Debate-da-Band-2022-Foto-Band-TV-1.jpg","datePublished":"2022-08-29T12:59:03+00:00","dateModified":"2022-08-29T12:59:04+00:00","author":{"@id":"https:\/\/portalmf.com.br\/#\/schema\/person\/11c82086fe8abc05a19147e964587285"},"breadcrumb":{"@id":"https:\/\/portalmf.com.br\/index.php\/2022\/08\/29\/debate-da-band-bate-o-fantastico-e-lidera-audiencia-na-tv\/#breadcrumb"},"inLanguage":"pt-BR","potentialAction":[{"@type":"ReadAction","target":["https:\/\/portalmf.com.br\/index.php\/2022\/08\/29\/debate-da-band-bate-o-fantastico-e-lidera-audiencia-na-tv\/"]}]},{"@type":"ImageObject","inLanguage":"pt-BR","@id":"https:\/\/portalmf.com.br\/index.php\/2022\/08\/29\/debate-da-band-bate-o-fantastico-e-lidera-audiencia-na-tv\/#primaryimage","url":"https:\/\/portalmf.com.br\/wp-content\/uploads\/2022\/08\/Debate-da-Band-2022-Foto-Band-TV-1.jpg","contentUrl":"https:\/\/portalmf.com.br\/wp-content\/uploads\/2022\/08\/Debate-da-Band-2022-Foto-Band-TV-1.jpg","width":848,"height":477},{"@type":"BreadcrumbList","@id":"https:\/\/portalmf.com.br\/index.php\/2022\/08\/29\/debate-da-band-bate-o-fantastico-e-lidera-audiencia-na-tv\/#breadcrumb","itemListElement":[{"@type":"ListItem","position":1,"name":"In\u00edcio","item":"https:\/\/portalmf.com.br\/"},{"@type":"ListItem","position":2,"name":"Debate da Band bate o \u2018Fant\u00e1stico\u2019 e lidera audi\u00eancia na TV"}]},{"@type":"WebSite","@id":"https:\/\/portalmf.com.br\/#website","url":"https:\/\/portalmf.com.br\/","name":"Portal MF","description":"Voc\u00ea conectado com a informa\u00e7\u00e3o","potentialAction":[{"@type":"SearchAction","target":{"@type":"EntryPoint","urlTemplate":"https:\/\/portalmf.com.br\/?s={search_term_string}"},"query-input":"required name=search_term_string"}],"inLanguage":"pt-BR"},{"@type":"Person","@id":"https:\/\/portalmf.com.br\/#\/schema\/person\/11c82086fe8abc05a19147e964587285","name":"Reginaldo J\u00fanior","image":{"@type":"ImageObject","inLanguage":"pt-BR","@id":"https:\/\/portalmf.com.br\/#\/schema\/person\/image\/","url":"https:\/\/secure.gravatar.com\/avatar\/32a3c797cd0ac47cc53b8644c62776f9?s=96&d=mm&r=g","contentUrl":"https:\/\/secure.gravatar.com\/avatar\/32a3c797cd0ac47cc53b8644c62776f9?s=96&d=mm&r=g","caption":"Reginaldo J\u00fanior"},"description":"Jornalista e idealizador Portal MF","sameAs":["https:\/\/portalmf.com.br\/index.php\/author\/reginaldojr\/","reginaldojrfsa","reginaldojuniormf","https:\/\/x.com\/reginaldojrmf"],"url":"https:\/\/portalmf.com.br\/index.php\/author\/reginaldojr\/"}]}},"_links":{"self":[{"href":"https:\/\/portalmf.com.br\/index.php\/wp-json\/wp\/v2\/posts\/3723"}],"collection":[{"href":"https:\/\/portalmf.com.br\/index.php\/wp-json\/wp\/v2\/posts"}],"about":[{"href":"https:\/\/portalmf.com.br\/index.php\/wp-json\/wp\/v2\/types\/post"}],"author":[{"embeddable":true,"href":"https:\/\/portalmf.com.br\/index.php\/wp-json\/wp\/v2\/users\/2"}],"replies":[{"embeddable":true,"href":"https:\/\/portalmf.com.br\/index.php\/wp-json\/wp\/v2\/comments?post=3723"}],"version-history":[{"count":1,"href":"https:\/\/portalmf.com.br\/index.php\/wp-json\/wp\/v2\/posts\/3723\/revisions"}],"predecessor-version":[{"id":3725,"href":"https:\/\/portalmf.com.br\/index.php\/wp-json\/wp\/v2\/posts\/3723\/revisions\/3725"}],"wp:featuredmedia":[{"embeddable":true,"href":"https:\/\/portalmf.com.br\/index.php\/wp-json\/wp\/v2\/media\/3724"}],"wp:attachment":[{"href":"https:\/\/portalmf.com.br\/index.php\/wp-json\/wp\/v2\/media?parent=3723"}],"wp:term":[{"taxonomy":"category","embeddable":true,"href":"https:\/\/portalmf.com.br\/index.php\/wp-json\/wp\/v2\/categories?post=3723"},{"taxonomy":"post_tag","embeddable":true,"href":"https:\/\/portalmf.com.br\/index.php\/wp-json\/wp\/v2\/tags?post=3723"}],"curies":[{"name":"wp","href":"https:\/\/api.w.org\/{rel}","templated":true}]}}