{"id":3716,"date":"2022-08-27T21:06:34","date_gmt":"2022-08-28T00:06:34","guid":{"rendered":"http:\/\/portalmf.com.br\/?p=3716"},"modified":"2022-08-27T21:14:12","modified_gmt":"2022-08-28T00:14:12","slug":"ciro-nogueira-confirma-presenca-de-bolsonaro-em-debate-na-band","status":"publish","type":"post","link":"https:\/\/portalmf.com.br\/index.php\/2022\/08\/27\/ciro-nogueira-confirma-presenca-de-bolsonaro-em-debate-na-band\/","title":{"rendered":"Ciro Nogueira confirma presen\u00e7a de Bolsonaro em debate na Band"},"content":{"rendered":"\n<p>O ministro da Casa Civil, Ciro Nogueira (PP-PI), confirmou a presen\u00e7a do presidente Jair Bolsonaro (PL) ao debate presidencial marcado para este domingo (28\/8), com transmiss\u00e3o da TV Band. A informa\u00e7\u00e3o \u00e9 do jornal Folha de S. Paulo, que \u00e9 um dos organizadores do evento, em conjunto ao portal UOL, a Band e a TV Cultura.<\/p>\n\n\n\n<p>Apesar do indicativo do chefe da Casa Civil, a assessoria do presidente ainda n\u00e3o confirmou a presen\u00e7a de Bolsonaro no debate da Band. No meio da semana, ministros e interlocutores do Pal\u00e1cio do Planalto afirmaram que o presidente tinha decidido n\u00e3o participar do evento.<\/p>\n\n\n\n<p>Al\u00e9m de Jair Bolsonaro, o ex-presidente Luiz In\u00e1cio Lula da Silva (PT), usou o Twitter para confirmar presen\u00e7a no debate eleitoral. Este ser\u00e1 o primeiro debate das elei\u00e7\u00f5es de 2022 e deve marcar o primeiro embate ao vivo dos dois l\u00edderes das pesquisas.<\/p>\n\n\n\n<p>Lula e Bolsonaro se encontraram recentemente durante a posse do ministro Alexandre de Moraes, do Supremo Tribunal Federal (STF), como presidente do Tribunal Superior Eleitoral (TSE). Apesar de estarem no mesmo ambiente, o petista e o atual presidente da Rep\u00fablica n\u00e3o chegaram a interagir.<\/p>\n\n\n\n<p>Com informa\u00e7\u00f5es do Correio Brasilense <\/p>\n","protected":false},"excerpt":{"rendered":"<p>O ministro da Casa Civil, Ciro Nogueira (PP-PI), confirmou a presen\u00e7a do presidente Jair Bolsonaro (PL) ao debate presidencial marcado para este domingo (28\/8), com transmiss\u00e3o da TV Band. A informa\u00e7\u00e3o \u00e9 do jornal Folha de S. Paulo, que \u00e9 um dos organizadores do evento, em conjunto ao portal UOL, a Band e a TV [&hellip;]<\/p>\n","protected":false},"author":2,"featured_media":3717,"comment_status":"open","ping_status":"open","sticky":false,"template":"","format":"standard","meta":{"_monsterinsights_skip_tracking":false,"_monsterinsights_sitenote_active":false,"_monsterinsights_sitenote_note":"","_monsterinsights_sitenote_category":0,"footnotes":""},"categories":[43],"tags":[85,84,66,83],"yoast_head":"<!-- This site is optimized with the Yoast SEO plugin v22.9 - https:\/\/yoast.com\/wordpress\/plugins\/seo\/ -->\n<title>Ciro Nogueira confirma presen\u00e7a de Bolsonaro em debate na Band - Portal MF<\/title>\n<meta name=\"robots\" content=\"index, follow, max-snippet:-1, max-image-preview:large, max-video-preview:-1\" \/>\n<link rel=\"canonical\" href=\"https:\/\/portalmf.com.br\/index.php\/2022\/08\/27\/ciro-nogueira-confirma-presenca-de-bolsonaro-em-debate-na-band\/\" \/>\n<meta property=\"og:locale\" content=\"pt_BR\" \/>\n<meta property=\"og:type\" content=\"article\" \/>\n<meta property=\"og:title\" content=\"Ciro Nogueira confirma presen\u00e7a de Bolsonaro em debate na Band - Portal MF\" \/>\n<meta property=\"og:description\" content=\"O ministro da Casa Civil, Ciro Nogueira (PP-PI), confirmou a presen\u00e7a do presidente Jair Bolsonaro (PL) ao debate presidencial marcado para este domingo (28\/8), com transmiss\u00e3o da TV Band. A informa\u00e7\u00e3o \u00e9 do jornal Folha de S. Paulo, que \u00e9 um dos organizadores do evento, em conjunto ao portal UOL, a Band e a TV [&hellip;]\" \/>\n<meta property=\"og:url\" content=\"https:\/\/portalmf.com.br\/index.php\/2022\/08\/27\/ciro-nogueira-confirma-presenca-de-bolsonaro-em-debate-na-band\/\" \/>\n<meta property=\"og:site_name\" content=\"Portal MF\" \/>\n<meta property=\"article:author\" content=\"reginaldojrfsa\" \/>\n<meta property=\"article:published_time\" content=\"2022-08-28T00:06:34+00:00\" \/>\n<meta property=\"article:modified_time\" content=\"2022-08-28T00:14:12+00:00\" \/>\n<meta property=\"og:image\" content=\"https:\/\/portalmf.com.br\/wp-content\/uploads\/2022\/08\/1_bolsonaro_debate_band-21610885.jpg\" \/>\n\t<meta property=\"og:image:width\" content=\"597\" \/>\n\t<meta property=\"og:image:height\" content=\"329\" \/>\n\t<meta property=\"og:image:type\" content=\"image\/jpeg\" \/>\n<meta name=\"author\" content=\"Reginaldo J\u00fanior\" \/>\n<meta name=\"twitter:card\" content=\"summary_large_image\" \/>\n<meta name=\"twitter:creator\" content=\"@reginaldojrmf\" \/>\n<meta name=\"twitter:label1\" content=\"Escrito por\" \/>\n\t<meta name=\"twitter:data1\" content=\"Reginaldo J\u00fanior\" \/>\n\t<meta name=\"twitter:label2\" content=\"Est. tempo de leitura\" \/>\n\t<meta name=\"twitter:data2\" content=\"2 minutos\" \/>\n<script type=\"application\/ld+json\" class=\"yoast-schema-graph\">{\"@context\":\"https:\/\/schema.org\",\"@graph\":[{\"@type\":\"WebPage\",\"@id\":\"https:\/\/portalmf.com.br\/index.php\/2022\/08\/27\/ciro-nogueira-confirma-presenca-de-bolsonaro-em-debate-na-band\/\",\"url\":\"https:\/\/portalmf.com.br\/index.php\/2022\/08\/27\/ciro-nogueira-confirma-presenca-de-bolsonaro-em-debate-na-band\/\",\"name\":\"Ciro Nogueira confirma presen\u00e7a de Bolsonaro em debate na Band - Portal MF\",\"isPartOf\":{\"@id\":\"https:\/\/portalmf.com.br\/#website\"},\"primaryImageOfPage\":{\"@id\":\"https:\/\/portalmf.com.br\/index.php\/2022\/08\/27\/ciro-nogueira-confirma-presenca-de-bolsonaro-em-debate-na-band\/#primaryimage\"},\"image\":{\"@id\":\"https:\/\/portalmf.com.br\/index.php\/2022\/08\/27\/ciro-nogueira-confirma-presenca-de-bolsonaro-em-debate-na-band\/#primaryimage\"},\"thumbnailUrl\":\"https:\/\/portalmf.com.br\/wp-content\/uploads\/2022\/08\/1_bolsonaro_debate_band-21610885.jpg\",\"datePublished\":\"2022-08-28T00:06:34+00:00\",\"dateModified\":\"2022-08-28T00:14:12+00:00\",\"author\":{\"@id\":\"https:\/\/portalmf.com.br\/#\/schema\/person\/11c82086fe8abc05a19147e964587285\"},\"breadcrumb\":{\"@id\":\"https:\/\/portalmf.com.br\/index.php\/2022\/08\/27\/ciro-nogueira-confirma-presenca-de-bolsonaro-em-debate-na-band\/#breadcrumb\"},\"inLanguage\":\"pt-BR\",\"potentialAction\":[{\"@type\":\"ReadAction\",\"target\":[\"https:\/\/portalmf.com.br\/index.php\/2022\/08\/27\/ciro-nogueira-confirma-presenca-de-bolsonaro-em-debate-na-band\/\"]}]},{\"@type\":\"ImageObject\",\"inLanguage\":\"pt-BR\",\"@id\":\"https:\/\/portalmf.com.br\/index.php\/2022\/08\/27\/ciro-nogueira-confirma-presenca-de-bolsonaro-em-debate-na-band\/#primaryimage\",\"url\":\"https:\/\/portalmf.com.br\/wp-content\/uploads\/2022\/08\/1_bolsonaro_debate_band-21610885.jpg\",\"contentUrl\":\"https:\/\/portalmf.com.br\/wp-content\/uploads\/2022\/08\/1_bolsonaro_debate_band-21610885.jpg\",\"width\":597,\"height\":329},{\"@type\":\"BreadcrumbList\",\"@id\":\"https:\/\/portalmf.com.br\/index.php\/2022\/08\/27\/ciro-nogueira-confirma-presenca-de-bolsonaro-em-debate-na-band\/#breadcrumb\",\"itemListElement\":[{\"@type\":\"ListItem\",\"position\":1,\"name\":\"In\u00edcio\",\"item\":\"https:\/\/portalmf.com.br\/\"},{\"@type\":\"ListItem\",\"position\":2,\"name\":\"Ciro Nogueira confirma presen\u00e7a de Bolsonaro em debate na Band\"}]},{\"@type\":\"WebSite\",\"@id\":\"https:\/\/portalmf.com.br\/#website\",\"url\":\"https:\/\/portalmf.com.br\/\",\"name\":\"Portal MF\",\"description\":\"Voc\u00ea conectado com a informa\u00e7\u00e3o\",\"potentialAction\":[{\"@type\":\"SearchAction\",\"target\":{\"@type\":\"EntryPoint\",\"urlTemplate\":\"https:\/\/portalmf.com.br\/?s={search_term_string}\"},\"query-input\":\"required name=search_term_string\"}],\"inLanguage\":\"pt-BR\"},{\"@type\":\"Person\",\"@id\":\"https:\/\/portalmf.com.br\/#\/schema\/person\/11c82086fe8abc05a19147e964587285\",\"name\":\"Reginaldo J\u00fanior\",\"image\":{\"@type\":\"ImageObject\",\"inLanguage\":\"pt-BR\",\"@id\":\"https:\/\/portalmf.com.br\/#\/schema\/person\/image\/\",\"url\":\"https:\/\/secure.gravatar.com\/avatar\/32a3c797cd0ac47cc53b8644c62776f9?s=96&d=mm&r=g\",\"contentUrl\":\"https:\/\/secure.gravatar.com\/avatar\/32a3c797cd0ac47cc53b8644c62776f9?s=96&d=mm&r=g\",\"caption\":\"Reginaldo J\u00fanior\"},\"description\":\"Jornalista e idealizador Portal MF\",\"sameAs\":[\"https:\/\/portalmf.com.br\/index.php\/author\/reginaldojr\/\",\"reginaldojrfsa\",\"reginaldojuniormf\",\"https:\/\/x.com\/reginaldojrmf\"],\"url\":\"https:\/\/portalmf.com.br\/index.php\/author\/reginaldojr\/\"}]}<\/script>\n<!-- \/ Yoast SEO plugin. -->","yoast_head_json":{"title":"Ciro Nogueira confirma presen\u00e7a de Bolsonaro em debate na Band - Portal MF","robots":{"index":"index","follow":"follow","max-snippet":"max-snippet:-1","max-image-preview":"max-image-preview:large","max-video-preview":"max-video-preview:-1"},"canonical":"https:\/\/portalmf.com.br\/index.php\/2022\/08\/27\/ciro-nogueira-confirma-presenca-de-bolsonaro-em-debate-na-band\/","og_locale":"pt_BR","og_type":"article","og_title":"Ciro Nogueira confirma presen\u00e7a de Bolsonaro em debate na Band - Portal MF","og_description":"O ministro da Casa Civil, Ciro Nogueira (PP-PI), confirmou a presen\u00e7a do presidente Jair Bolsonaro (PL) ao debate presidencial marcado para este domingo (28\/8), com transmiss\u00e3o da TV Band. A informa\u00e7\u00e3o \u00e9 do jornal Folha de S. Paulo, que \u00e9 um dos organizadores do evento, em conjunto ao portal UOL, a Band e a TV [&hellip;]","og_url":"https:\/\/portalmf.com.br\/index.php\/2022\/08\/27\/ciro-nogueira-confirma-presenca-de-bolsonaro-em-debate-na-band\/","og_site_name":"Portal MF","article_author":"reginaldojrfsa","article_published_time":"2022-08-28T00:06:34+00:00","article_modified_time":"2022-08-28T00:14:12+00:00","og_image":[{"width":597,"height":329,"url":"https:\/\/portalmf.com.br\/wp-content\/uploads\/2022\/08\/1_bolsonaro_debate_band-21610885.jpg","type":"image\/jpeg"}],"author":"Reginaldo J\u00fanior","twitter_card":"summary_large_image","twitter_creator":"@reginaldojrmf","twitter_misc":{"Escrito por":"Reginaldo J\u00fanior","Est. tempo de leitura":"2 minutos"},"schema":{"@context":"https:\/\/schema.org","@graph":[{"@type":"WebPage","@id":"https:\/\/portalmf.com.br\/index.php\/2022\/08\/27\/ciro-nogueira-confirma-presenca-de-bolsonaro-em-debate-na-band\/","url":"https:\/\/portalmf.com.br\/index.php\/2022\/08\/27\/ciro-nogueira-confirma-presenca-de-bolsonaro-em-debate-na-band\/","name":"Ciro Nogueira confirma presen\u00e7a de Bolsonaro em debate na Band - Portal MF","isPartOf":{"@id":"https:\/\/portalmf.com.br\/#website"},"primaryImageOfPage":{"@id":"https:\/\/portalmf.com.br\/index.php\/2022\/08\/27\/ciro-nogueira-confirma-presenca-de-bolsonaro-em-debate-na-band\/#primaryimage"},"image":{"@id":"https:\/\/portalmf.com.br\/index.php\/2022\/08\/27\/ciro-nogueira-confirma-presenca-de-bolsonaro-em-debate-na-band\/#primaryimage"},"thumbnailUrl":"https:\/\/portalmf.com.br\/wp-content\/uploads\/2022\/08\/1_bolsonaro_debate_band-21610885.jpg","datePublished":"2022-08-28T00:06:34+00:00","dateModified":"2022-08-28T00:14:12+00:00","author":{"@id":"https:\/\/portalmf.com.br\/#\/schema\/person\/11c82086fe8abc05a19147e964587285"},"breadcrumb":{"@id":"https:\/\/portalmf.com.br\/index.php\/2022\/08\/27\/ciro-nogueira-confirma-presenca-de-bolsonaro-em-debate-na-band\/#breadcrumb"},"inLanguage":"pt-BR","potentialAction":[{"@type":"ReadAction","target":["https:\/\/portalmf.com.br\/index.php\/2022\/08\/27\/ciro-nogueira-confirma-presenca-de-bolsonaro-em-debate-na-band\/"]}]},{"@type":"ImageObject","inLanguage":"pt-BR","@id":"https:\/\/portalmf.com.br\/index.php\/2022\/08\/27\/ciro-nogueira-confirma-presenca-de-bolsonaro-em-debate-na-band\/#primaryimage","url":"https:\/\/portalmf.com.br\/wp-content\/uploads\/2022\/08\/1_bolsonaro_debate_band-21610885.jpg","contentUrl":"https:\/\/portalmf.com.br\/wp-content\/uploads\/2022\/08\/1_bolsonaro_debate_band-21610885.jpg","width":597,"height":329},{"@type":"BreadcrumbList","@id":"https:\/\/portalmf.com.br\/index.php\/2022\/08\/27\/ciro-nogueira-confirma-presenca-de-bolsonaro-em-debate-na-band\/#breadcrumb","itemListElement":[{"@type":"ListItem","position":1,"name":"In\u00edcio","item":"https:\/\/portalmf.com.br\/"},{"@type":"ListItem","position":2,"name":"Ciro Nogueira confirma presen\u00e7a de Bolsonaro em debate na Band"}]},{"@type":"WebSite","@id":"https:\/\/portalmf.com.br\/#website","url":"https:\/\/portalmf.com.br\/","name":"Portal MF","description":"Voc\u00ea conectado com a informa\u00e7\u00e3o","potentialAction":[{"@type":"SearchAction","target":{"@type":"EntryPoint","urlTemplate":"https:\/\/portalmf.com.br\/?s={search_term_string}"},"query-input":"required name=search_term_string"}],"inLanguage":"pt-BR"},{"@type":"Person","@id":"https:\/\/portalmf.com.br\/#\/schema\/person\/11c82086fe8abc05a19147e964587285","name":"Reginaldo J\u00fanior","image":{"@type":"ImageObject","inLanguage":"pt-BR","@id":"https:\/\/portalmf.com.br\/#\/schema\/person\/image\/","url":"https:\/\/secure.gravatar.com\/avatar\/32a3c797cd0ac47cc53b8644c62776f9?s=96&d=mm&r=g","contentUrl":"https:\/\/secure.gravatar.com\/avatar\/32a3c797cd0ac47cc53b8644c62776f9?s=96&d=mm&r=g","caption":"Reginaldo J\u00fanior"},"description":"Jornalista e idealizador Portal MF","sameAs":["https:\/\/portalmf.com.br\/index.php\/author\/reginaldojr\/","reginaldojrfsa","reginaldojuniormf","https:\/\/x.com\/reginaldojrmf"],"url":"https:\/\/portalmf.com.br\/index.php\/author\/reginaldojr\/"}]}},"_links":{"self":[{"href":"https:\/\/portalmf.com.br\/index.php\/wp-json\/wp\/v2\/posts\/3716"}],"collection":[{"href":"https:\/\/portalmf.com.br\/index.php\/wp-json\/wp\/v2\/posts"}],"about":[{"href":"https:\/\/portalmf.com.br\/index.php\/wp-json\/wp\/v2\/types\/post"}],"author":[{"embeddable":true,"href":"https:\/\/portalmf.com.br\/index.php\/wp-json\/wp\/v2\/users\/2"}],"replies":[{"embeddable":true,"href":"https:\/\/portalmf.com.br\/index.php\/wp-json\/wp\/v2\/comments?post=3716"}],"version-history":[{"count":2,"href":"https:\/\/portalmf.com.br\/index.php\/wp-json\/wp\/v2\/posts\/3716\/revisions"}],"predecessor-version":[{"id":3719,"href":"https:\/\/portalmf.com.br\/index.php\/wp-json\/wp\/v2\/posts\/3716\/revisions\/3719"}],"wp:featuredmedia":[{"embeddable":true,"href":"https:\/\/portalmf.com.br\/index.php\/wp-json\/wp\/v2\/media\/3717"}],"wp:attachment":[{"href":"https:\/\/portalmf.com.br\/index.php\/wp-json\/wp\/v2\/media?parent=3716"}],"wp:term":[{"taxonomy":"category","embeddable":true,"href":"https:\/\/portalmf.com.br\/index.php\/wp-json\/wp\/v2\/categories?post=3716"},{"taxonomy":"post_tag","embeddable":true,"href":"https:\/\/portalmf.com.br\/index.php\/wp-json\/wp\/v2\/tags?post=3716"}],"curies":[{"name":"wp","href":"https:\/\/api.w.org\/{rel}","templated":true}]}}