{"id":37038,"date":"2025-06-20T18:26:38","date_gmt":"2025-06-20T21:26:38","guid":{"rendered":"https:\/\/portalmf.com.br\/?p=37038"},"modified":"2025-06-20T18:26:40","modified_gmt":"2025-06-20T21:26:40","slug":"semob-reforca-transporte-publico-para-garantir-mobilidade-durante-os-festejos-de-sao-joao-e-sao-pedro","status":"publish","type":"post","link":"https:\/\/portalmf.com.br\/index.php\/2025\/06\/20\/semob-reforca-transporte-publico-para-garantir-mobilidade-durante-os-festejos-de-sao-joao-e-sao-pedro\/","title":{"rendered":"SEMOB refor\u00e7a transporte p\u00fablico para garantir mobilidade durante os festejos de S\u00e3o Jo\u00e3o e S\u00e3o Pedro"},"content":{"rendered":"\n<p>Com o objetivo de assegurar mobilidade e seguran\u00e7a aos foli\u00f5es que participar\u00e3o dos festejos juninos, a Prefeitura de Feira de Santana, por determina\u00e7\u00e3o do prefeito Jos\u00e9 Ronaldo, vai refor\u00e7ar o transporte coletivo nos principais distritos onde ocorrer\u00e3o as celebra\u00e7\u00f5es de S\u00e3o Jo\u00e3o e S\u00e3o Pedro. A a\u00e7\u00e3o \u00e9 coordenada pela SEMOB (Secretaria Municipal de Mobilidade Urbana), que preparou uma opera\u00e7\u00e3o especial para atender \u00e0 popula\u00e7\u00e3o com mais conforto e efici\u00eancia.<\/p>\n\n\n\n<p>De acordo com o titular da pasta, S\u00e9rgio Carneiro, al\u00e9m dos hor\u00e1rios regulares das linhas urbanas e distritais, ser\u00e3o disponibilizados 12 \u00f4nibus extras, que circular\u00e3o nos principais dias de festa.<\/p>\n\n\n\n<p><strong>Maria Quit\u00e9ria<\/strong><\/p>\n\n\n\n<p>Nos dias 21, 22 e 23 de junho, durante o S\u00e3o Jo\u00e3o de Maria Quit\u00e9ria, ser\u00e3o acrescentados seis ve\u00edculos extras para refor\u00e7ar o transporte das linhas:<\/p>\n\n\n\n<ul>\n<li>Linha 50 \u2013 via Carro Quebrado<\/li>\n\n\n\n<li>Linha 56 \u2013 via P\u00e9 de Serra<\/li>\n\n\n\n<li>Linha 84 \u2013 via Caldeir\u00e3o<\/li>\n\n\n\n<li>Linha 123 \u2013 via Ovo da Ema<\/li>\n<\/ul>\n\n\n\n<p>O ponto de \u00f4nibus estar\u00e1 localizado na Rua Real, a cerca de 100 metros da pra\u00e7a onde acontece o evento. No mesmo local, tamb\u00e9m haver\u00e1 pontos organizados para t\u00e1xis, motot\u00e1xis e carros de aplicativo, facilitando o deslocamento dos visitantes.<\/p>\n\n\n\n<p><strong>Tiquaru\u00e7u<\/strong><\/p>\n\n\n\n<p>J\u00e1 em Tiquaru\u00e7u, a linha 127 (via Socorro) atender\u00e1 os foli\u00f5es durante o evento, com ponto de \u00f4nibus a 200 metros do local da festa.<\/p>\n\n\n\n<p><strong>Humildes<\/strong><\/p>\n\n\n\n<p>Durante o S\u00e3o Pedro, celebrado nos dias 27, 28 e 29 de junho, o distrito de Humildes contar\u00e1 com seis ve\u00edculos extras para complementar a linha 012 (via Limoeiro). O ponto de \u00f4nibus ficar\u00e1 na Rua C\u00f4nego Ol\u00edmpio, a 350 metros do evento. Tamb\u00e9m haver\u00e1 ponto de apoio para t\u00e1xis, motot\u00e1xis e aplicativos a 100 metros da \u00e1rea de festa.<\/p>\n\n\n\n<p><strong>Bonfim de Feira<\/strong><\/p>\n\n\n\n<p>Nos dias 28 e 29 de junho, o transporte em Bonfim de Feira ser\u00e1 realizado pelo STPAC \u2013 Servi\u00e7o de Transporte P\u00fablico Alternativo e Complementar \u2013 com ponto de embarque e desembarque na Rua Bernardino Bahia, a apenas 50 metros do evento.<\/p>\n\n\n\n<p><strong>Ja\u00edba<\/strong><\/p>\n\n\n\n<p>Em Ja\u00edba, tamb\u00e9m nos dias 28 e 29, a linha 053 (via S\u00e3o Domingos) ser\u00e1 respons\u00e1vel pelo atendimento. O ponto de \u00f4nibus estar\u00e1 a 50 metros da \u00e1rea da festa.<\/p>\n\n\n\n<p>Segundo S\u00e9rgio Carneiro, a medida visa garantir que todos possam participar com tranquilidade das festividades. \u201cDa mesma forma que garantimos a mobilidade de trabalhadores, estudantes e usu\u00e1rios nos dias normais, tamb\u00e9m estaremos atentos para que o nosso povo tenha transporte coletivo seguro e eficiente para seu entretenimento\u201d, afirmou o secret\u00e1rio.&nbsp;<\/p>\n\n\n\n<p>Ele ainda completou desejando boas festas \u00e0 popula\u00e7\u00e3o. \u201cEspero que todos tenham um excelente S\u00e3o Jo\u00e3o e S\u00e3o Pedro, com muita paz, tranquilidade e confraterniza\u00e7\u00e3o\u201d.<\/p>\n\n\n\n<p>Com informa\u00e7\u00f5es da Secom<\/p>\n","protected":false},"excerpt":{"rendered":"<p>Com o objetivo de assegurar mobilidade e seguran\u00e7a aos foli\u00f5es que participar\u00e3o dos festejos juninos, a Prefeitura de Feira de Santana, por determina\u00e7\u00e3o do prefeito Jos\u00e9 Ronaldo, vai refor\u00e7ar o transporte coletivo nos principais distritos onde ocorrer\u00e3o as celebra\u00e7\u00f5es de S\u00e3o Jo\u00e3o e S\u00e3o Pedro. A a\u00e7\u00e3o \u00e9 coordenada pela SEMOB (Secretaria Municipal de Mobilidade [&hellip;]<\/p>\n","protected":false},"author":3,"featured_media":13270,"comment_status":"open","ping_status":"open","sticky":false,"template":"","format":"standard","meta":{"_monsterinsights_skip_tracking":false,"_monsterinsights_sitenote_active":false,"_monsterinsights_sitenote_note":"","_monsterinsights_sitenote_category":0,"footnotes":""},"categories":[296],"tags":[],"yoast_head":"<!-- This site is optimized with the Yoast SEO plugin v22.9 - https:\/\/yoast.com\/wordpress\/plugins\/seo\/ -->\n<title>SEMOB refor\u00e7a transporte p\u00fablico para garantir mobilidade durante os festejos de S\u00e3o Jo\u00e3o e S\u00e3o Pedro - Portal MF<\/title>\n<meta name=\"robots\" content=\"index, follow, max-snippet:-1, max-image-preview:large, max-video-preview:-1\" \/>\n<link rel=\"canonical\" href=\"https:\/\/portalmf.com.br\/index.php\/2025\/06\/20\/semob-reforca-transporte-publico-para-garantir-mobilidade-durante-os-festejos-de-sao-joao-e-sao-pedro\/\" \/>\n<meta property=\"og:locale\" content=\"pt_BR\" \/>\n<meta property=\"og:type\" content=\"article\" \/>\n<meta property=\"og:title\" content=\"SEMOB refor\u00e7a transporte p\u00fablico para garantir mobilidade durante os festejos de S\u00e3o Jo\u00e3o e S\u00e3o Pedro - Portal MF\" \/>\n<meta property=\"og:description\" content=\"Com o objetivo de assegurar mobilidade e seguran\u00e7a aos foli\u00f5es que participar\u00e3o dos festejos juninos, a Prefeitura de Feira de Santana, por determina\u00e7\u00e3o do prefeito Jos\u00e9 Ronaldo, vai refor\u00e7ar o transporte coletivo nos principais distritos onde ocorrer\u00e3o as celebra\u00e7\u00f5es de S\u00e3o Jo\u00e3o e S\u00e3o Pedro. A a\u00e7\u00e3o \u00e9 coordenada pela SEMOB (Secretaria Municipal de Mobilidade [&hellip;]\" \/>\n<meta property=\"og:url\" content=\"https:\/\/portalmf.com.br\/index.php\/2025\/06\/20\/semob-reforca-transporte-publico-para-garantir-mobilidade-durante-os-festejos-de-sao-joao-e-sao-pedro\/\" \/>\n<meta property=\"og:site_name\" content=\"Portal MF\" \/>\n<meta property=\"article:author\" content=\"https:\/\/www.facebook.com\/portalmfoficial\" \/>\n<meta property=\"article:published_time\" content=\"2025-06-20T21:26:38+00:00\" \/>\n<meta property=\"article:modified_time\" content=\"2025-06-20T21:26:40+00:00\" \/>\n<meta property=\"og:image\" content=\"https:\/\/portalmf.com.br\/wp-content\/uploads\/2023\/06\/onibus_feiradesantana_foto_reginaldojunior_portalmf.jpg\" \/>\n\t<meta property=\"og:image:width\" content=\"1200\" \/>\n\t<meta property=\"og:image:height\" content=\"540\" \/>\n\t<meta property=\"og:image:type\" content=\"image\/jpeg\" \/>\n<meta name=\"author\" content=\"Reda\u00e7\u00e3o Portal MF\" \/>\n<meta name=\"twitter:card\" content=\"summary_large_image\" \/>\n<meta name=\"twitter:creator\" content=\"@https:\/\/x.com\/portalmfoficial\" \/>\n<meta name=\"twitter:label1\" content=\"Escrito por\" \/>\n\t<meta name=\"twitter:data1\" content=\"Reda\u00e7\u00e3o Portal MF\" \/>\n\t<meta name=\"twitter:label2\" content=\"Est. tempo de leitura\" \/>\n\t<meta name=\"twitter:data2\" content=\"3 minutos\" \/>\n<script type=\"application\/ld+json\" class=\"yoast-schema-graph\">{\"@context\":\"https:\/\/schema.org\",\"@graph\":[{\"@type\":\"WebPage\",\"@id\":\"https:\/\/portalmf.com.br\/index.php\/2025\/06\/20\/semob-reforca-transporte-publico-para-garantir-mobilidade-durante-os-festejos-de-sao-joao-e-sao-pedro\/\",\"url\":\"https:\/\/portalmf.com.br\/index.php\/2025\/06\/20\/semob-reforca-transporte-publico-para-garantir-mobilidade-durante-os-festejos-de-sao-joao-e-sao-pedro\/\",\"name\":\"SEMOB refor\u00e7a transporte p\u00fablico para garantir mobilidade durante os festejos de S\u00e3o Jo\u00e3o e S\u00e3o Pedro - Portal MF\",\"isPartOf\":{\"@id\":\"https:\/\/portalmf.com.br\/#website\"},\"primaryImageOfPage\":{\"@id\":\"https:\/\/portalmf.com.br\/index.php\/2025\/06\/20\/semob-reforca-transporte-publico-para-garantir-mobilidade-durante-os-festejos-de-sao-joao-e-sao-pedro\/#primaryimage\"},\"image\":{\"@id\":\"https:\/\/portalmf.com.br\/index.php\/2025\/06\/20\/semob-reforca-transporte-publico-para-garantir-mobilidade-durante-os-festejos-de-sao-joao-e-sao-pedro\/#primaryimage\"},\"thumbnailUrl\":\"https:\/\/portalmf.com.br\/wp-content\/uploads\/2023\/06\/onibus_feiradesantana_foto_reginaldojunior_portalmf.jpg\",\"datePublished\":\"2025-06-20T21:26:38+00:00\",\"dateModified\":\"2025-06-20T21:26:40+00:00\",\"author\":{\"@id\":\"https:\/\/portalmf.com.br\/#\/schema\/person\/9ec101baf56233e53520c26de5d6f6f0\"},\"breadcrumb\":{\"@id\":\"https:\/\/portalmf.com.br\/index.php\/2025\/06\/20\/semob-reforca-transporte-publico-para-garantir-mobilidade-durante-os-festejos-de-sao-joao-e-sao-pedro\/#breadcrumb\"},\"inLanguage\":\"pt-BR\",\"potentialAction\":[{\"@type\":\"ReadAction\",\"target\":[\"https:\/\/portalmf.com.br\/index.php\/2025\/06\/20\/semob-reforca-transporte-publico-para-garantir-mobilidade-durante-os-festejos-de-sao-joao-e-sao-pedro\/\"]}]},{\"@type\":\"ImageObject\",\"inLanguage\":\"pt-BR\",\"@id\":\"https:\/\/portalmf.com.br\/index.php\/2025\/06\/20\/semob-reforca-transporte-publico-para-garantir-mobilidade-durante-os-festejos-de-sao-joao-e-sao-pedro\/#primaryimage\",\"url\":\"https:\/\/portalmf.com.br\/wp-content\/uploads\/2023\/06\/onibus_feiradesantana_foto_reginaldojunior_portalmf.jpg\",\"contentUrl\":\"https:\/\/portalmf.com.br\/wp-content\/uploads\/2023\/06\/onibus_feiradesantana_foto_reginaldojunior_portalmf.jpg\",\"width\":1200,\"height\":540,\"caption\":\"Foto: Reginaldo J\u00fanior \/ Portal MF\"},{\"@type\":\"BreadcrumbList\",\"@id\":\"https:\/\/portalmf.com.br\/index.php\/2025\/06\/20\/semob-reforca-transporte-publico-para-garantir-mobilidade-durante-os-festejos-de-sao-joao-e-sao-pedro\/#breadcrumb\",\"itemListElement\":[{\"@type\":\"ListItem\",\"position\":1,\"name\":\"In\u00edcio\",\"item\":\"https:\/\/portalmf.com.br\/\"},{\"@type\":\"ListItem\",\"position\":2,\"name\":\"SEMOB refor\u00e7a transporte p\u00fablico para garantir mobilidade durante os festejos de S\u00e3o Jo\u00e3o e S\u00e3o Pedro\"}]},{\"@type\":\"WebSite\",\"@id\":\"https:\/\/portalmf.com.br\/#website\",\"url\":\"https:\/\/portalmf.com.br\/\",\"name\":\"Portal MF\",\"description\":\"Voc\u00ea conectado com a informa\u00e7\u00e3o\",\"potentialAction\":[{\"@type\":\"SearchAction\",\"target\":{\"@type\":\"EntryPoint\",\"urlTemplate\":\"https:\/\/portalmf.com.br\/?s={search_term_string}\"},\"query-input\":\"required name=search_term_string\"}],\"inLanguage\":\"pt-BR\"},{\"@type\":\"Person\",\"@id\":\"https:\/\/portalmf.com.br\/#\/schema\/person\/9ec101baf56233e53520c26de5d6f6f0\",\"name\":\"Reda\u00e7\u00e3o Portal MF\",\"image\":{\"@type\":\"ImageObject\",\"inLanguage\":\"pt-BR\",\"@id\":\"https:\/\/portalmf.com.br\/#\/schema\/person\/image\/\",\"url\":\"https:\/\/secure.gravatar.com\/avatar\/41b9aaeb2100835f7c64362330f74c7f?s=96&d=mm&r=g\",\"contentUrl\":\"https:\/\/secure.gravatar.com\/avatar\/41b9aaeb2100835f7c64362330f74c7f?s=96&d=mm&r=g\",\"caption\":\"Reda\u00e7\u00e3o Portal MF\"},\"description\":\"Sejam bem-vindos o portal de informa\u00e7\u00f5es de entretenimento de Feira de Santana, desde 2006 realiza coberturas dos principais eventos com entrevistas exclusivas com as principais personalidades mundiais. Fique conectado tamb\u00e9m nas redes sociais.\",\"sameAs\":[\"http:\/\/www.portalmf.com.br\/\",\"https:\/\/www.facebook.com\/portalmfoficial\",\"https:\/\/www.instagram.com\/portalmf\/\",\"https:\/\/x.com\/https:\/\/x.com\/portalmfoficial\",\"https:\/\/www.youtube.com\/@portalmfoficial\"],\"url\":\"https:\/\/portalmf.com.br\/index.php\/author\/junior\/\"}]}<\/script>\n<!-- \/ Yoast SEO plugin. -->","yoast_head_json":{"title":"SEMOB refor\u00e7a transporte p\u00fablico para garantir mobilidade durante os festejos de S\u00e3o Jo\u00e3o e S\u00e3o Pedro - Portal MF","robots":{"index":"index","follow":"follow","max-snippet":"max-snippet:-1","max-image-preview":"max-image-preview:large","max-video-preview":"max-video-preview:-1"},"canonical":"https:\/\/portalmf.com.br\/index.php\/2025\/06\/20\/semob-reforca-transporte-publico-para-garantir-mobilidade-durante-os-festejos-de-sao-joao-e-sao-pedro\/","og_locale":"pt_BR","og_type":"article","og_title":"SEMOB refor\u00e7a transporte p\u00fablico para garantir mobilidade durante os festejos de S\u00e3o Jo\u00e3o e S\u00e3o Pedro - Portal MF","og_description":"Com o objetivo de assegurar mobilidade e seguran\u00e7a aos foli\u00f5es que participar\u00e3o dos festejos juninos, a Prefeitura de Feira de Santana, por determina\u00e7\u00e3o do prefeito Jos\u00e9 Ronaldo, vai refor\u00e7ar o transporte coletivo nos principais distritos onde ocorrer\u00e3o as celebra\u00e7\u00f5es de S\u00e3o Jo\u00e3o e S\u00e3o Pedro. A a\u00e7\u00e3o \u00e9 coordenada pela SEMOB (Secretaria Municipal de Mobilidade [&hellip;]","og_url":"https:\/\/portalmf.com.br\/index.php\/2025\/06\/20\/semob-reforca-transporte-publico-para-garantir-mobilidade-durante-os-festejos-de-sao-joao-e-sao-pedro\/","og_site_name":"Portal MF","article_author":"https:\/\/www.facebook.com\/portalmfoficial","article_published_time":"2025-06-20T21:26:38+00:00","article_modified_time":"2025-06-20T21:26:40+00:00","og_image":[{"width":1200,"height":540,"url":"https:\/\/portalmf.com.br\/wp-content\/uploads\/2023\/06\/onibus_feiradesantana_foto_reginaldojunior_portalmf.jpg","type":"image\/jpeg"}],"author":"Reda\u00e7\u00e3o Portal MF","twitter_card":"summary_large_image","twitter_creator":"@https:\/\/x.com\/portalmfoficial","twitter_misc":{"Escrito por":"Reda\u00e7\u00e3o Portal MF","Est. tempo de leitura":"3 minutos"},"schema":{"@context":"https:\/\/schema.org","@graph":[{"@type":"WebPage","@id":"https:\/\/portalmf.com.br\/index.php\/2025\/06\/20\/semob-reforca-transporte-publico-para-garantir-mobilidade-durante-os-festejos-de-sao-joao-e-sao-pedro\/","url":"https:\/\/portalmf.com.br\/index.php\/2025\/06\/20\/semob-reforca-transporte-publico-para-garantir-mobilidade-durante-os-festejos-de-sao-joao-e-sao-pedro\/","name":"SEMOB refor\u00e7a transporte p\u00fablico para garantir mobilidade durante os festejos de S\u00e3o Jo\u00e3o e S\u00e3o Pedro - Portal MF","isPartOf":{"@id":"https:\/\/portalmf.com.br\/#website"},"primaryImageOfPage":{"@id":"https:\/\/portalmf.com.br\/index.php\/2025\/06\/20\/semob-reforca-transporte-publico-para-garantir-mobilidade-durante-os-festejos-de-sao-joao-e-sao-pedro\/#primaryimage"},"image":{"@id":"https:\/\/portalmf.com.br\/index.php\/2025\/06\/20\/semob-reforca-transporte-publico-para-garantir-mobilidade-durante-os-festejos-de-sao-joao-e-sao-pedro\/#primaryimage"},"thumbnailUrl":"https:\/\/portalmf.com.br\/wp-content\/uploads\/2023\/06\/onibus_feiradesantana_foto_reginaldojunior_portalmf.jpg","datePublished":"2025-06-20T21:26:38+00:00","dateModified":"2025-06-20T21:26:40+00:00","author":{"@id":"https:\/\/portalmf.com.br\/#\/schema\/person\/9ec101baf56233e53520c26de5d6f6f0"},"breadcrumb":{"@id":"https:\/\/portalmf.com.br\/index.php\/2025\/06\/20\/semob-reforca-transporte-publico-para-garantir-mobilidade-durante-os-festejos-de-sao-joao-e-sao-pedro\/#breadcrumb"},"inLanguage":"pt-BR","potentialAction":[{"@type":"ReadAction","target":["https:\/\/portalmf.com.br\/index.php\/2025\/06\/20\/semob-reforca-transporte-publico-para-garantir-mobilidade-durante-os-festejos-de-sao-joao-e-sao-pedro\/"]}]},{"@type":"ImageObject","inLanguage":"pt-BR","@id":"https:\/\/portalmf.com.br\/index.php\/2025\/06\/20\/semob-reforca-transporte-publico-para-garantir-mobilidade-durante-os-festejos-de-sao-joao-e-sao-pedro\/#primaryimage","url":"https:\/\/portalmf.com.br\/wp-content\/uploads\/2023\/06\/onibus_feiradesantana_foto_reginaldojunior_portalmf.jpg","contentUrl":"https:\/\/portalmf.com.br\/wp-content\/uploads\/2023\/06\/onibus_feiradesantana_foto_reginaldojunior_portalmf.jpg","width":1200,"height":540,"caption":"Foto: Reginaldo J\u00fanior \/ Portal MF"},{"@type":"BreadcrumbList","@id":"https:\/\/portalmf.com.br\/index.php\/2025\/06\/20\/semob-reforca-transporte-publico-para-garantir-mobilidade-durante-os-festejos-de-sao-joao-e-sao-pedro\/#breadcrumb","itemListElement":[{"@type":"ListItem","position":1,"name":"In\u00edcio","item":"https:\/\/portalmf.com.br\/"},{"@type":"ListItem","position":2,"name":"SEMOB refor\u00e7a transporte p\u00fablico para garantir mobilidade durante os festejos de S\u00e3o Jo\u00e3o e S\u00e3o Pedro"}]},{"@type":"WebSite","@id":"https:\/\/portalmf.com.br\/#website","url":"https:\/\/portalmf.com.br\/","name":"Portal MF","description":"Voc\u00ea conectado com a informa\u00e7\u00e3o","potentialAction":[{"@type":"SearchAction","target":{"@type":"EntryPoint","urlTemplate":"https:\/\/portalmf.com.br\/?s={search_term_string}"},"query-input":"required name=search_term_string"}],"inLanguage":"pt-BR"},{"@type":"Person","@id":"https:\/\/portalmf.com.br\/#\/schema\/person\/9ec101baf56233e53520c26de5d6f6f0","name":"Reda\u00e7\u00e3o Portal MF","image":{"@type":"ImageObject","inLanguage":"pt-BR","@id":"https:\/\/portalmf.com.br\/#\/schema\/person\/image\/","url":"https:\/\/secure.gravatar.com\/avatar\/41b9aaeb2100835f7c64362330f74c7f?s=96&d=mm&r=g","contentUrl":"https:\/\/secure.gravatar.com\/avatar\/41b9aaeb2100835f7c64362330f74c7f?s=96&d=mm&r=g","caption":"Reda\u00e7\u00e3o Portal MF"},"description":"Sejam bem-vindos o portal de informa\u00e7\u00f5es de entretenimento de Feira de Santana, desde 2006 realiza coberturas dos principais eventos com entrevistas exclusivas com as principais personalidades mundiais. Fique conectado tamb\u00e9m nas redes sociais.","sameAs":["http:\/\/www.portalmf.com.br\/","https:\/\/www.facebook.com\/portalmfoficial","https:\/\/www.instagram.com\/portalmf\/","https:\/\/x.com\/https:\/\/x.com\/portalmfoficial","https:\/\/www.youtube.com\/@portalmfoficial"],"url":"https:\/\/portalmf.com.br\/index.php\/author\/junior\/"}]}},"_links":{"self":[{"href":"https:\/\/portalmf.com.br\/index.php\/wp-json\/wp\/v2\/posts\/37038"}],"collection":[{"href":"https:\/\/portalmf.com.br\/index.php\/wp-json\/wp\/v2\/posts"}],"about":[{"href":"https:\/\/portalmf.com.br\/index.php\/wp-json\/wp\/v2\/types\/post"}],"author":[{"embeddable":true,"href":"https:\/\/portalmf.com.br\/index.php\/wp-json\/wp\/v2\/users\/3"}],"replies":[{"embeddable":true,"href":"https:\/\/portalmf.com.br\/index.php\/wp-json\/wp\/v2\/comments?post=37038"}],"version-history":[{"count":1,"href":"https:\/\/portalmf.com.br\/index.php\/wp-json\/wp\/v2\/posts\/37038\/revisions"}],"predecessor-version":[{"id":37039,"href":"https:\/\/portalmf.com.br\/index.php\/wp-json\/wp\/v2\/posts\/37038\/revisions\/37039"}],"wp:featuredmedia":[{"embeddable":true,"href":"https:\/\/portalmf.com.br\/index.php\/wp-json\/wp\/v2\/media\/13270"}],"wp:attachment":[{"href":"https:\/\/portalmf.com.br\/index.php\/wp-json\/wp\/v2\/media?parent=37038"}],"wp:term":[{"taxonomy":"category","embeddable":true,"href":"https:\/\/portalmf.com.br\/index.php\/wp-json\/wp\/v2\/categories?post=37038"},{"taxonomy":"post_tag","embeddable":true,"href":"https:\/\/portalmf.com.br\/index.php\/wp-json\/wp\/v2\/tags?post=37038"}],"curies":[{"name":"wp","href":"https:\/\/api.w.org\/{rel}","templated":true}]}}