{"id":37015,"date":"2025-06-20T17:34:21","date_gmt":"2025-06-20T20:34:21","guid":{"rendered":"https:\/\/portalmf.com.br\/?p=37015"},"modified":"2025-06-20T17:37:57","modified_gmt":"2025-06-20T20:37:57","slug":"rodrigo-muricy-prepara-painel-junino-de-cruz-das-almas-para-receber-a-maior-festa-da-cidade","status":"publish","type":"post","link":"https:\/\/portalmf.com.br\/index.php\/2025\/06\/20\/rodrigo-muricy-prepara-painel-junino-de-cruz-das-almas-para-receber-a-maior-festa-da-cidade\/","title":{"rendered":"Rodrigo Muricy prepara painel junino de Cruz das Almas para receber a maior festa da cidade"},"content":{"rendered":"\n<p>J\u00e1 \u00e9 parte do calend\u00e1rio junino local. Desde 2021, o projeto Cores do S\u00e3o Jo\u00e3o transforma a antiga Esta\u00e7\u00e3o Ferrovi\u00e1ria de Cruz das Almas em um s\u00edmbolo vivo da festa mais aguardada do ano na cidade. A iniciativa, idealizada por uma loja de Tintas com matriz em Feira de Santana em parceria com uma marca nacional de tintas e apoio da Prefeitura Municipal, alia arte, mem\u00f3ria e pertencimento.<\/p>\n\n\n\n<figure class=\"wp-block-image size-large\"><img fetchpriority=\"high\" decoding=\"async\" width=\"768\" height=\"1024\" src=\"https:\/\/portalmf.com.br\/wp-content\/uploads\/2025\/06\/Foto-Divulgacao-Matiz-4-768x1024.jpeg\" alt=\"\" class=\"wp-image-37019\" srcset=\"https:\/\/portalmf.com.br\/wp-content\/uploads\/2025\/06\/Foto-Divulgacao-Matiz-4-768x1024.jpeg 768w, https:\/\/portalmf.com.br\/wp-content\/uploads\/2025\/06\/Foto-Divulgacao-Matiz-4-225x300.jpeg 225w, https:\/\/portalmf.com.br\/wp-content\/uploads\/2025\/06\/Foto-Divulgacao-Matiz-4-696x928.jpeg 696w, https:\/\/portalmf.com.br\/wp-content\/uploads\/2025\/06\/Foto-Divulgacao-Matiz-4.jpeg 960w\" sizes=\"(max-width: 768px) 100vw, 768px\" \/><\/figure>\n\n\n\n<p>Este ano, o artista visual Rodrigo Muricy retornou ao local para restaurar o painel que grafitou h\u00e1 quatro anos, mantendo viva a proposta original: retratar as mem\u00f3rias afetivas do S\u00e3o Jo\u00e3o atrav\u00e9s das cores, dos tra\u00e7os e das tradi\u00e7\u00f5es populares. Desde que foi criado, o mural tem recebido pequenos reparos anualmente, mas em 2024 passou por uma revitaliza\u00e7\u00e3o completa. Agora, em 2025, a obra foi novamente preparada para receber moradores e visitantes em um dos melhores S\u00e3o Jo\u00e3o do Brasil.<\/p>\n\n\n\n<figure class=\"wp-block-image size-large\"><img decoding=\"async\" width=\"768\" height=\"1024\" src=\"https:\/\/portalmf.com.br\/wp-content\/uploads\/2025\/06\/Foto-Divulgacao-Matiz-2-768x1024.jpeg\" alt=\"\" class=\"wp-image-37018\" srcset=\"https:\/\/portalmf.com.br\/wp-content\/uploads\/2025\/06\/Foto-Divulgacao-Matiz-2-768x1024.jpeg 768w, https:\/\/portalmf.com.br\/wp-content\/uploads\/2025\/06\/Foto-Divulgacao-Matiz-2-225x300.jpeg 225w, https:\/\/portalmf.com.br\/wp-content\/uploads\/2025\/06\/Foto-Divulgacao-Matiz-2-696x928.jpeg 696w, https:\/\/portalmf.com.br\/wp-content\/uploads\/2025\/06\/Foto-Divulgacao-Matiz-2.jpeg 960w\" sizes=\"(max-width: 768px) 100vw, 768px\" \/><\/figure>\n\n\n\n<p><em>\u201cA gente preservou a arte original e fez os reparos necess\u00e1rios para deix\u00e1-la nova de novo. Este ano, al\u00e9m dos pintores parceiros, trouxe minha equipe de grafiteiros: Braz Ilustra, Negroid, e Let\u00edcia Melo &#8211; essa \u00e9 a primeira vez que inclu\u00edmos uma mulher no grupo e isso tem um significado importante pra gente\u201d, <\/em>explica Muricy. \u201c<em>\u00c9 sempre um prazer voltar \u00e0 Cruz e pintar sorrisos\u201d<\/em>.<\/p>\n\n\n\n<p>O painel, que em 2021 marcou a retomada cultural p\u00f3s-pandemia, foi t\u00e3o bem recebido que o S\u00e3o Jo\u00e3o de Cruz das Almas foi transferido para o entorno da Esta\u00e7\u00e3o, batizado de Circuito Luiz Gonzaga. Desde ent\u00e3o, a arte passou a ser n\u00e3o apenas cen\u00e1rio, mas parte da identidade da festa.<\/p>\n\n\n\n<figure class=\"wp-block-image size-full\"><img decoding=\"async\" width=\"960\" height=\"872\" src=\"https:\/\/portalmf.com.br\/wp-content\/uploads\/2025\/06\/Foto-Divulgacao-Matiz-1-1.jpeg\" alt=\"\" class=\"wp-image-37017\" srcset=\"https:\/\/portalmf.com.br\/wp-content\/uploads\/2025\/06\/Foto-Divulgacao-Matiz-1-1.jpeg 960w, https:\/\/portalmf.com.br\/wp-content\/uploads\/2025\/06\/Foto-Divulgacao-Matiz-1-1-300x273.jpeg 300w, https:\/\/portalmf.com.br\/wp-content\/uploads\/2025\/06\/Foto-Divulgacao-Matiz-1-1-768x698.jpeg 768w, https:\/\/portalmf.com.br\/wp-content\/uploads\/2025\/06\/Foto-Divulgacao-Matiz-1-1-696x632.jpeg 696w\" sizes=\"(max-width: 960px) 100vw, 960px\" \/><\/figure>\n\n\n\n<p>A empresa de tintas, que h\u00e1 anos incentiva iniciativas de valoriza\u00e7\u00e3o cultural e urbana, refor\u00e7a que o projeto Cores do S\u00e3o Jo\u00e3o traduz seu compromisso com a cidade. <em>\u201cMais do que pintar paredes, queremos colorir hist\u00f3rias e manter vivas as mem\u00f3rias do nosso povo\u201d,<\/em> afirma a diretora de Marketing da empresa, Fernanda Pereira.<\/p>\n\n\n\n<p>E o futuro da arte j\u00e1 est\u00e1 desenhado: para 2026, a promessa \u00e9 de um novo painel completo, mantendo a tradi\u00e7\u00e3o de renovar sem apagar a ess\u00eancia.<\/p>\n","protected":false},"excerpt":{"rendered":"<p>J\u00e1 \u00e9 parte do calend\u00e1rio junino local. Desde 2021, o projeto Cores do S\u00e3o Jo\u00e3o transforma a antiga Esta\u00e7\u00e3o Ferrovi\u00e1ria de Cruz das Almas em um s\u00edmbolo vivo da festa mais aguardada do ano na cidade. A iniciativa, idealizada por uma loja de Tintas com matriz em Feira de Santana em parceria com uma marca [&hellip;]<\/p>\n","protected":false},"author":3,"featured_media":37016,"comment_status":"open","ping_status":"open","sticky":false,"template":"","format":"standard","meta":{"_monsterinsights_skip_tracking":false,"_monsterinsights_sitenote_active":false,"_monsterinsights_sitenote_note":"","_monsterinsights_sitenote_category":0,"footnotes":""},"categories":[296],"tags":[],"yoast_head":"<!-- This site is optimized with the Yoast SEO plugin v22.9 - https:\/\/yoast.com\/wordpress\/plugins\/seo\/ -->\n<title>Rodrigo Muricy prepara painel junino de Cruz das Almas para receber a maior festa da cidade - Portal MF<\/title>\n<meta name=\"robots\" content=\"index, follow, max-snippet:-1, max-image-preview:large, max-video-preview:-1\" \/>\n<link rel=\"canonical\" href=\"https:\/\/portalmf.com.br\/index.php\/2025\/06\/20\/rodrigo-muricy-prepara-painel-junino-de-cruz-das-almas-para-receber-a-maior-festa-da-cidade\/\" \/>\n<meta property=\"og:locale\" content=\"pt_BR\" \/>\n<meta property=\"og:type\" content=\"article\" \/>\n<meta property=\"og:title\" content=\"Rodrigo Muricy prepara painel junino de Cruz das Almas para receber a maior festa da cidade - Portal MF\" \/>\n<meta property=\"og:description\" content=\"J\u00e1 \u00e9 parte do calend\u00e1rio junino local. Desde 2021, o projeto Cores do S\u00e3o Jo\u00e3o transforma a antiga Esta\u00e7\u00e3o Ferrovi\u00e1ria de Cruz das Almas em um s\u00edmbolo vivo da festa mais aguardada do ano na cidade. A iniciativa, idealizada por uma loja de Tintas com matriz em Feira de Santana em parceria com uma marca [&hellip;]\" \/>\n<meta property=\"og:url\" content=\"https:\/\/portalmf.com.br\/index.php\/2025\/06\/20\/rodrigo-muricy-prepara-painel-junino-de-cruz-das-almas-para-receber-a-maior-festa-da-cidade\/\" \/>\n<meta property=\"og:site_name\" content=\"Portal MF\" \/>\n<meta property=\"article:author\" content=\"https:\/\/www.facebook.com\/portalmfoficial\" \/>\n<meta property=\"article:published_time\" content=\"2025-06-20T20:34:21+00:00\" \/>\n<meta property=\"article:modified_time\" content=\"2025-06-20T20:37:57+00:00\" \/>\n<meta property=\"og:image\" content=\"https:\/\/portalmf.com.br\/wp-content\/uploads\/2025\/06\/Foto-Divulgacao-Matiz-1-e1750451597742.jpeg\" \/>\n\t<meta property=\"og:image:width\" content=\"960\" \/>\n\t<meta property=\"og:image:height\" content=\"472\" \/>\n\t<meta property=\"og:image:type\" content=\"image\/jpeg\" \/>\n<meta name=\"author\" content=\"Reda\u00e7\u00e3o Portal MF\" \/>\n<meta name=\"twitter:card\" content=\"summary_large_image\" \/>\n<meta name=\"twitter:creator\" content=\"@https:\/\/x.com\/portalmfoficial\" \/>\n<meta name=\"twitter:label1\" content=\"Escrito por\" \/>\n\t<meta name=\"twitter:data1\" content=\"Reda\u00e7\u00e3o Portal MF\" \/>\n\t<meta name=\"twitter:label2\" content=\"Est. tempo de leitura\" \/>\n\t<meta name=\"twitter:data2\" content=\"3 minutos\" \/>\n<script type=\"application\/ld+json\" class=\"yoast-schema-graph\">{\"@context\":\"https:\/\/schema.org\",\"@graph\":[{\"@type\":\"WebPage\",\"@id\":\"https:\/\/portalmf.com.br\/index.php\/2025\/06\/20\/rodrigo-muricy-prepara-painel-junino-de-cruz-das-almas-para-receber-a-maior-festa-da-cidade\/\",\"url\":\"https:\/\/portalmf.com.br\/index.php\/2025\/06\/20\/rodrigo-muricy-prepara-painel-junino-de-cruz-das-almas-para-receber-a-maior-festa-da-cidade\/\",\"name\":\"Rodrigo Muricy prepara painel junino de Cruz das Almas para receber a maior festa da cidade - Portal MF\",\"isPartOf\":{\"@id\":\"https:\/\/portalmf.com.br\/#website\"},\"primaryImageOfPage\":{\"@id\":\"https:\/\/portalmf.com.br\/index.php\/2025\/06\/20\/rodrigo-muricy-prepara-painel-junino-de-cruz-das-almas-para-receber-a-maior-festa-da-cidade\/#primaryimage\"},\"image\":{\"@id\":\"https:\/\/portalmf.com.br\/index.php\/2025\/06\/20\/rodrigo-muricy-prepara-painel-junino-de-cruz-das-almas-para-receber-a-maior-festa-da-cidade\/#primaryimage\"},\"thumbnailUrl\":\"https:\/\/portalmf.com.br\/wp-content\/uploads\/2025\/06\/Foto-Divulgacao-Matiz-1-e1750451597742.jpeg\",\"datePublished\":\"2025-06-20T20:34:21+00:00\",\"dateModified\":\"2025-06-20T20:37:57+00:00\",\"author\":{\"@id\":\"https:\/\/portalmf.com.br\/#\/schema\/person\/9ec101baf56233e53520c26de5d6f6f0\"},\"breadcrumb\":{\"@id\":\"https:\/\/portalmf.com.br\/index.php\/2025\/06\/20\/rodrigo-muricy-prepara-painel-junino-de-cruz-das-almas-para-receber-a-maior-festa-da-cidade\/#breadcrumb\"},\"inLanguage\":\"pt-BR\",\"potentialAction\":[{\"@type\":\"ReadAction\",\"target\":[\"https:\/\/portalmf.com.br\/index.php\/2025\/06\/20\/rodrigo-muricy-prepara-painel-junino-de-cruz-das-almas-para-receber-a-maior-festa-da-cidade\/\"]}]},{\"@type\":\"ImageObject\",\"inLanguage\":\"pt-BR\",\"@id\":\"https:\/\/portalmf.com.br\/index.php\/2025\/06\/20\/rodrigo-muricy-prepara-painel-junino-de-cruz-das-almas-para-receber-a-maior-festa-da-cidade\/#primaryimage\",\"url\":\"https:\/\/portalmf.com.br\/wp-content\/uploads\/2025\/06\/Foto-Divulgacao-Matiz-1-e1750451597742.jpeg\",\"contentUrl\":\"https:\/\/portalmf.com.br\/wp-content\/uploads\/2025\/06\/Foto-Divulgacao-Matiz-1-e1750451597742.jpeg\",\"width\":960,\"height\":472},{\"@type\":\"BreadcrumbList\",\"@id\":\"https:\/\/portalmf.com.br\/index.php\/2025\/06\/20\/rodrigo-muricy-prepara-painel-junino-de-cruz-das-almas-para-receber-a-maior-festa-da-cidade\/#breadcrumb\",\"itemListElement\":[{\"@type\":\"ListItem\",\"position\":1,\"name\":\"In\u00edcio\",\"item\":\"https:\/\/portalmf.com.br\/\"},{\"@type\":\"ListItem\",\"position\":2,\"name\":\"Rodrigo Muricy prepara painel junino de Cruz das Almas para receber a maior festa da cidade\"}]},{\"@type\":\"WebSite\",\"@id\":\"https:\/\/portalmf.com.br\/#website\",\"url\":\"https:\/\/portalmf.com.br\/\",\"name\":\"Portal MF\",\"description\":\"Voc\u00ea conectado com a informa\u00e7\u00e3o\",\"potentialAction\":[{\"@type\":\"SearchAction\",\"target\":{\"@type\":\"EntryPoint\",\"urlTemplate\":\"https:\/\/portalmf.com.br\/?s={search_term_string}\"},\"query-input\":\"required name=search_term_string\"}],\"inLanguage\":\"pt-BR\"},{\"@type\":\"Person\",\"@id\":\"https:\/\/portalmf.com.br\/#\/schema\/person\/9ec101baf56233e53520c26de5d6f6f0\",\"name\":\"Reda\u00e7\u00e3o Portal MF\",\"image\":{\"@type\":\"ImageObject\",\"inLanguage\":\"pt-BR\",\"@id\":\"https:\/\/portalmf.com.br\/#\/schema\/person\/image\/\",\"url\":\"https:\/\/secure.gravatar.com\/avatar\/41b9aaeb2100835f7c64362330f74c7f?s=96&d=mm&r=g\",\"contentUrl\":\"https:\/\/secure.gravatar.com\/avatar\/41b9aaeb2100835f7c64362330f74c7f?s=96&d=mm&r=g\",\"caption\":\"Reda\u00e7\u00e3o Portal MF\"},\"description\":\"Sejam bem-vindos o portal de informa\u00e7\u00f5es de entretenimento de Feira de Santana, desde 2006 realiza coberturas dos principais eventos com entrevistas exclusivas com as principais personalidades mundiais. Fique conectado tamb\u00e9m nas redes sociais.\",\"sameAs\":[\"http:\/\/www.portalmf.com.br\/\",\"https:\/\/www.facebook.com\/portalmfoficial\",\"https:\/\/www.instagram.com\/portalmf\/\",\"https:\/\/x.com\/https:\/\/x.com\/portalmfoficial\",\"https:\/\/www.youtube.com\/@portalmfoficial\"],\"url\":\"https:\/\/portalmf.com.br\/index.php\/author\/junior\/\"}]}<\/script>\n<!-- \/ Yoast SEO plugin. -->","yoast_head_json":{"title":"Rodrigo Muricy prepara painel junino de Cruz das Almas para receber a maior festa da cidade - Portal MF","robots":{"index":"index","follow":"follow","max-snippet":"max-snippet:-1","max-image-preview":"max-image-preview:large","max-video-preview":"max-video-preview:-1"},"canonical":"https:\/\/portalmf.com.br\/index.php\/2025\/06\/20\/rodrigo-muricy-prepara-painel-junino-de-cruz-das-almas-para-receber-a-maior-festa-da-cidade\/","og_locale":"pt_BR","og_type":"article","og_title":"Rodrigo Muricy prepara painel junino de Cruz das Almas para receber a maior festa da cidade - Portal MF","og_description":"J\u00e1 \u00e9 parte do calend\u00e1rio junino local. Desde 2021, o projeto Cores do S\u00e3o Jo\u00e3o transforma a antiga Esta\u00e7\u00e3o Ferrovi\u00e1ria de Cruz das Almas em um s\u00edmbolo vivo da festa mais aguardada do ano na cidade. A iniciativa, idealizada por uma loja de Tintas com matriz em Feira de Santana em parceria com uma marca [&hellip;]","og_url":"https:\/\/portalmf.com.br\/index.php\/2025\/06\/20\/rodrigo-muricy-prepara-painel-junino-de-cruz-das-almas-para-receber-a-maior-festa-da-cidade\/","og_site_name":"Portal MF","article_author":"https:\/\/www.facebook.com\/portalmfoficial","article_published_time":"2025-06-20T20:34:21+00:00","article_modified_time":"2025-06-20T20:37:57+00:00","og_image":[{"width":960,"height":472,"url":"https:\/\/portalmf.com.br\/wp-content\/uploads\/2025\/06\/Foto-Divulgacao-Matiz-1-e1750451597742.jpeg","type":"image\/jpeg"}],"author":"Reda\u00e7\u00e3o Portal MF","twitter_card":"summary_large_image","twitter_creator":"@https:\/\/x.com\/portalmfoficial","twitter_misc":{"Escrito por":"Reda\u00e7\u00e3o Portal MF","Est. tempo de leitura":"3 minutos"},"schema":{"@context":"https:\/\/schema.org","@graph":[{"@type":"WebPage","@id":"https:\/\/portalmf.com.br\/index.php\/2025\/06\/20\/rodrigo-muricy-prepara-painel-junino-de-cruz-das-almas-para-receber-a-maior-festa-da-cidade\/","url":"https:\/\/portalmf.com.br\/index.php\/2025\/06\/20\/rodrigo-muricy-prepara-painel-junino-de-cruz-das-almas-para-receber-a-maior-festa-da-cidade\/","name":"Rodrigo Muricy prepara painel junino de Cruz das Almas para receber a maior festa da cidade - Portal MF","isPartOf":{"@id":"https:\/\/portalmf.com.br\/#website"},"primaryImageOfPage":{"@id":"https:\/\/portalmf.com.br\/index.php\/2025\/06\/20\/rodrigo-muricy-prepara-painel-junino-de-cruz-das-almas-para-receber-a-maior-festa-da-cidade\/#primaryimage"},"image":{"@id":"https:\/\/portalmf.com.br\/index.php\/2025\/06\/20\/rodrigo-muricy-prepara-painel-junino-de-cruz-das-almas-para-receber-a-maior-festa-da-cidade\/#primaryimage"},"thumbnailUrl":"https:\/\/portalmf.com.br\/wp-content\/uploads\/2025\/06\/Foto-Divulgacao-Matiz-1-e1750451597742.jpeg","datePublished":"2025-06-20T20:34:21+00:00","dateModified":"2025-06-20T20:37:57+00:00","author":{"@id":"https:\/\/portalmf.com.br\/#\/schema\/person\/9ec101baf56233e53520c26de5d6f6f0"},"breadcrumb":{"@id":"https:\/\/portalmf.com.br\/index.php\/2025\/06\/20\/rodrigo-muricy-prepara-painel-junino-de-cruz-das-almas-para-receber-a-maior-festa-da-cidade\/#breadcrumb"},"inLanguage":"pt-BR","potentialAction":[{"@type":"ReadAction","target":["https:\/\/portalmf.com.br\/index.php\/2025\/06\/20\/rodrigo-muricy-prepara-painel-junino-de-cruz-das-almas-para-receber-a-maior-festa-da-cidade\/"]}]},{"@type":"ImageObject","inLanguage":"pt-BR","@id":"https:\/\/portalmf.com.br\/index.php\/2025\/06\/20\/rodrigo-muricy-prepara-painel-junino-de-cruz-das-almas-para-receber-a-maior-festa-da-cidade\/#primaryimage","url":"https:\/\/portalmf.com.br\/wp-content\/uploads\/2025\/06\/Foto-Divulgacao-Matiz-1-e1750451597742.jpeg","contentUrl":"https:\/\/portalmf.com.br\/wp-content\/uploads\/2025\/06\/Foto-Divulgacao-Matiz-1-e1750451597742.jpeg","width":960,"height":472},{"@type":"BreadcrumbList","@id":"https:\/\/portalmf.com.br\/index.php\/2025\/06\/20\/rodrigo-muricy-prepara-painel-junino-de-cruz-das-almas-para-receber-a-maior-festa-da-cidade\/#breadcrumb","itemListElement":[{"@type":"ListItem","position":1,"name":"In\u00edcio","item":"https:\/\/portalmf.com.br\/"},{"@type":"ListItem","position":2,"name":"Rodrigo Muricy prepara painel junino de Cruz das Almas para receber a maior festa da cidade"}]},{"@type":"WebSite","@id":"https:\/\/portalmf.com.br\/#website","url":"https:\/\/portalmf.com.br\/","name":"Portal MF","description":"Voc\u00ea conectado com a informa\u00e7\u00e3o","potentialAction":[{"@type":"SearchAction","target":{"@type":"EntryPoint","urlTemplate":"https:\/\/portalmf.com.br\/?s={search_term_string}"},"query-input":"required name=search_term_string"}],"inLanguage":"pt-BR"},{"@type":"Person","@id":"https:\/\/portalmf.com.br\/#\/schema\/person\/9ec101baf56233e53520c26de5d6f6f0","name":"Reda\u00e7\u00e3o Portal MF","image":{"@type":"ImageObject","inLanguage":"pt-BR","@id":"https:\/\/portalmf.com.br\/#\/schema\/person\/image\/","url":"https:\/\/secure.gravatar.com\/avatar\/41b9aaeb2100835f7c64362330f74c7f?s=96&d=mm&r=g","contentUrl":"https:\/\/secure.gravatar.com\/avatar\/41b9aaeb2100835f7c64362330f74c7f?s=96&d=mm&r=g","caption":"Reda\u00e7\u00e3o Portal MF"},"description":"Sejam bem-vindos o portal de informa\u00e7\u00f5es de entretenimento de Feira de Santana, desde 2006 realiza coberturas dos principais eventos com entrevistas exclusivas com as principais personalidades mundiais. Fique conectado tamb\u00e9m nas redes sociais.","sameAs":["http:\/\/www.portalmf.com.br\/","https:\/\/www.facebook.com\/portalmfoficial","https:\/\/www.instagram.com\/portalmf\/","https:\/\/x.com\/https:\/\/x.com\/portalmfoficial","https:\/\/www.youtube.com\/@portalmfoficial"],"url":"https:\/\/portalmf.com.br\/index.php\/author\/junior\/"}]}},"_links":{"self":[{"href":"https:\/\/portalmf.com.br\/index.php\/wp-json\/wp\/v2\/posts\/37015"}],"collection":[{"href":"https:\/\/portalmf.com.br\/index.php\/wp-json\/wp\/v2\/posts"}],"about":[{"href":"https:\/\/portalmf.com.br\/index.php\/wp-json\/wp\/v2\/types\/post"}],"author":[{"embeddable":true,"href":"https:\/\/portalmf.com.br\/index.php\/wp-json\/wp\/v2\/users\/3"}],"replies":[{"embeddable":true,"href":"https:\/\/portalmf.com.br\/index.php\/wp-json\/wp\/v2\/comments?post=37015"}],"version-history":[{"count":2,"href":"https:\/\/portalmf.com.br\/index.php\/wp-json\/wp\/v2\/posts\/37015\/revisions"}],"predecessor-version":[{"id":37021,"href":"https:\/\/portalmf.com.br\/index.php\/wp-json\/wp\/v2\/posts\/37015\/revisions\/37021"}],"wp:featuredmedia":[{"embeddable":true,"href":"https:\/\/portalmf.com.br\/index.php\/wp-json\/wp\/v2\/media\/37016"}],"wp:attachment":[{"href":"https:\/\/portalmf.com.br\/index.php\/wp-json\/wp\/v2\/media?parent=37015"}],"wp:term":[{"taxonomy":"category","embeddable":true,"href":"https:\/\/portalmf.com.br\/index.php\/wp-json\/wp\/v2\/categories?post=37015"},{"taxonomy":"post_tag","embeddable":true,"href":"https:\/\/portalmf.com.br\/index.php\/wp-json\/wp\/v2\/tags?post=37015"}],"curies":[{"name":"wp","href":"https:\/\/api.w.org\/{rel}","templated":true}]}}