{"id":37002,"date":"2025-06-20T16:41:37","date_gmt":"2025-06-20T19:41:37","guid":{"rendered":"https:\/\/portalmf.com.br\/?p=37002"},"modified":"2025-06-20T16:41:38","modified_gmt":"2025-06-20T19:41:38","slug":"em-clima-de-celebracao-pos-audiovisual-parangole-engata-no-sao-joao-com-shows-na-bahia-e-minas","status":"publish","type":"post","link":"https:\/\/portalmf.com.br\/index.php\/2025\/06\/20\/em-clima-de-celebracao-pos-audiovisual-parangole-engata-no-sao-joao-com-shows-na-bahia-e-minas\/","title":{"rendered":"Em clima de celebra\u00e7\u00e3o p\u00f3s-audiovisual, Parangol\u00e9 engata no S\u00e3o Jo\u00e3o com shows na Bahia e Minas"},"content":{"rendered":"\n<p>O clima junino chegou com for\u00e7a para o Parangol\u00e9, que segue em ritmo acelerado levando seu swing inconfund\u00edvel por cidades da Bahia e de Minas Gerais. Sob o comando de Lincoln Senna, a banda deu in\u00edcio \u00e0s apresenta\u00e7\u00f5es nesta quinta-feira (19), em Porto Seguro (BA). J\u00e1 no domingo (22), parte para Fronteira dos Vales (MG), no tradicional S\u00e3o Jo\u00e3o da cidade; e na v\u00e9spera de S\u00e3o Jo\u00e3o (23), o Parango desembarca no Parque de Exposi\u00e7\u00f5es, em Salvador, para integrar os festejos do territ\u00f3rio soteropolitano.<\/p>\n\n\n\n<p>O show na capital ser\u00e1 especial. \u201c<em>A gente vai estar vindo de uma maratona de shows para esse evento que a cada ano que passa vem tomando o tamanho que merece, afinal de contas \u00e9 o S\u00e3o Jo\u00e3o da Bahia\u201d, <\/em>explica Lincoln. Para ele, estar na grade do festival, que tem se consolidado como um verdadeiro ponto tur\u00edstico, \u00e9 motivo de orgulho: <em>\u201cFico muito feliz de estar fazendo parte de uma grade t\u00e3o plural em uma festa que \u00e9 genuinamente nordestina\u201d.<\/em><\/p>\n\n\n\n<p>A energia dos palcos se conecta com um momento de celebra\u00e7\u00e3o da banda. Rec\u00e9m-sa\u00eddo da grava\u00e7\u00e3o de um audiovisual com participa\u00e7\u00f5es de peso como L\u00e9o Santana e Rafinha RSQ, o grupo j\u00e1 apresenta em seus shows as faixas do Movimento do Parango.<em> \u201c\u00c9 um show especial, porque \u00e9 um festival. E a gente vai estar levando esse EP pro palco, com um super ballet e m\u00fasicas in\u00e9ditas\u201d<\/em>, adianta Lincoln, destacando ainda a dire\u00e7\u00e3o art\u00edstica assinada por Edilene Alves e Elivan Nascimento.<\/p>\n\n\n\n<p>Com repert\u00f3rio mesclando cl\u00e1ssicos e os novos trabalhos, levando a for\u00e7a da percuss\u00e3o baiana, o Parangol\u00e9 embala o S\u00e3o Jo\u00e3o com seu pagode cheio de identidade e presen\u00e7a.<\/p>\n","protected":false},"excerpt":{"rendered":"<p>O clima junino chegou com for\u00e7a para o Parangol\u00e9, que segue em ritmo acelerado levando seu swing inconfund\u00edvel por cidades da Bahia e de Minas Gerais. Sob o comando de Lincoln Senna, a banda deu in\u00edcio \u00e0s apresenta\u00e7\u00f5es nesta quinta-feira (19), em Porto Seguro (BA). J\u00e1 no domingo (22), parte para Fronteira dos Vales (MG), [&hellip;]<\/p>\n","protected":false},"author":3,"featured_media":37003,"comment_status":"open","ping_status":"open","sticky":false,"template":"","format":"standard","meta":{"_monsterinsights_skip_tracking":false,"_monsterinsights_sitenote_active":false,"_monsterinsights_sitenote_note":"","_monsterinsights_sitenote_category":0,"footnotes":""},"categories":[48,296],"tags":[],"yoast_head":"<!-- This site is optimized with the Yoast SEO plugin v22.9 - https:\/\/yoast.com\/wordpress\/plugins\/seo\/ -->\n<title>Em clima de celebra\u00e7\u00e3o p\u00f3s-audiovisual, Parangol\u00e9 engata no S\u00e3o Jo\u00e3o com shows na Bahia e Minas - Portal MF<\/title>\n<meta name=\"robots\" content=\"index, follow, max-snippet:-1, max-image-preview:large, max-video-preview:-1\" \/>\n<link rel=\"canonical\" href=\"https:\/\/portalmf.com.br\/index.php\/2025\/06\/20\/em-clima-de-celebracao-pos-audiovisual-parangole-engata-no-sao-joao-com-shows-na-bahia-e-minas\/\" \/>\n<meta property=\"og:locale\" content=\"pt_BR\" \/>\n<meta property=\"og:type\" content=\"article\" \/>\n<meta property=\"og:title\" content=\"Em clima de celebra\u00e7\u00e3o p\u00f3s-audiovisual, Parangol\u00e9 engata no S\u00e3o Jo\u00e3o com shows na Bahia e Minas - Portal MF\" \/>\n<meta property=\"og:description\" content=\"O clima junino chegou com for\u00e7a para o Parangol\u00e9, que segue em ritmo acelerado levando seu swing inconfund\u00edvel por cidades da Bahia e de Minas Gerais. Sob o comando de Lincoln Senna, a banda deu in\u00edcio \u00e0s apresenta\u00e7\u00f5es nesta quinta-feira (19), em Porto Seguro (BA). J\u00e1 no domingo (22), parte para Fronteira dos Vales (MG), [&hellip;]\" \/>\n<meta property=\"og:url\" content=\"https:\/\/portalmf.com.br\/index.php\/2025\/06\/20\/em-clima-de-celebracao-pos-audiovisual-parangole-engata-no-sao-joao-com-shows-na-bahia-e-minas\/\" \/>\n<meta property=\"og:site_name\" content=\"Portal MF\" \/>\n<meta property=\"article:author\" content=\"https:\/\/www.facebook.com\/portalmfoficial\" \/>\n<meta property=\"article:published_time\" content=\"2025-06-20T19:41:37+00:00\" \/>\n<meta property=\"article:modified_time\" content=\"2025-06-20T19:41:38+00:00\" \/>\n<meta property=\"og:image\" content=\"https:\/\/portalmf.com.br\/wp-content\/uploads\/2025\/06\/Parangole_Lincoln_show2-e1750448486182.jpg\" \/>\n\t<meta property=\"og:image:width\" content=\"1079\" \/>\n\t<meta property=\"og:image:height\" content=\"798\" \/>\n\t<meta property=\"og:image:type\" content=\"image\/jpeg\" \/>\n<meta name=\"author\" content=\"Reda\u00e7\u00e3o Portal MF\" \/>\n<meta name=\"twitter:card\" content=\"summary_large_image\" \/>\n<meta name=\"twitter:creator\" content=\"@https:\/\/x.com\/portalmfoficial\" \/>\n<meta name=\"twitter:label1\" content=\"Escrito por\" \/>\n\t<meta name=\"twitter:data1\" content=\"Reda\u00e7\u00e3o Portal MF\" \/>\n\t<meta name=\"twitter:label2\" content=\"Est. tempo de leitura\" \/>\n\t<meta name=\"twitter:data2\" content=\"2 minutos\" \/>\n<script type=\"application\/ld+json\" class=\"yoast-schema-graph\">{\"@context\":\"https:\/\/schema.org\",\"@graph\":[{\"@type\":\"WebPage\",\"@id\":\"https:\/\/portalmf.com.br\/index.php\/2025\/06\/20\/em-clima-de-celebracao-pos-audiovisual-parangole-engata-no-sao-joao-com-shows-na-bahia-e-minas\/\",\"url\":\"https:\/\/portalmf.com.br\/index.php\/2025\/06\/20\/em-clima-de-celebracao-pos-audiovisual-parangole-engata-no-sao-joao-com-shows-na-bahia-e-minas\/\",\"name\":\"Em clima de celebra\u00e7\u00e3o p\u00f3s-audiovisual, Parangol\u00e9 engata no S\u00e3o Jo\u00e3o com shows na Bahia e Minas - Portal MF\",\"isPartOf\":{\"@id\":\"https:\/\/portalmf.com.br\/#website\"},\"primaryImageOfPage\":{\"@id\":\"https:\/\/portalmf.com.br\/index.php\/2025\/06\/20\/em-clima-de-celebracao-pos-audiovisual-parangole-engata-no-sao-joao-com-shows-na-bahia-e-minas\/#primaryimage\"},\"image\":{\"@id\":\"https:\/\/portalmf.com.br\/index.php\/2025\/06\/20\/em-clima-de-celebracao-pos-audiovisual-parangole-engata-no-sao-joao-com-shows-na-bahia-e-minas\/#primaryimage\"},\"thumbnailUrl\":\"https:\/\/portalmf.com.br\/wp-content\/uploads\/2025\/06\/Parangole_Lincoln_show2-e1750448486182.jpg\",\"datePublished\":\"2025-06-20T19:41:37+00:00\",\"dateModified\":\"2025-06-20T19:41:38+00:00\",\"author\":{\"@id\":\"https:\/\/portalmf.com.br\/#\/schema\/person\/9ec101baf56233e53520c26de5d6f6f0\"},\"breadcrumb\":{\"@id\":\"https:\/\/portalmf.com.br\/index.php\/2025\/06\/20\/em-clima-de-celebracao-pos-audiovisual-parangole-engata-no-sao-joao-com-shows-na-bahia-e-minas\/#breadcrumb\"},\"inLanguage\":\"pt-BR\",\"potentialAction\":[{\"@type\":\"ReadAction\",\"target\":[\"https:\/\/portalmf.com.br\/index.php\/2025\/06\/20\/em-clima-de-celebracao-pos-audiovisual-parangole-engata-no-sao-joao-com-shows-na-bahia-e-minas\/\"]}]},{\"@type\":\"ImageObject\",\"inLanguage\":\"pt-BR\",\"@id\":\"https:\/\/portalmf.com.br\/index.php\/2025\/06\/20\/em-clima-de-celebracao-pos-audiovisual-parangole-engata-no-sao-joao-com-shows-na-bahia-e-minas\/#primaryimage\",\"url\":\"https:\/\/portalmf.com.br\/wp-content\/uploads\/2025\/06\/Parangole_Lincoln_show2-e1750448486182.jpg\",\"contentUrl\":\"https:\/\/portalmf.com.br\/wp-content\/uploads\/2025\/06\/Parangole_Lincoln_show2-e1750448486182.jpg\",\"width\":1079,\"height\":798},{\"@type\":\"BreadcrumbList\",\"@id\":\"https:\/\/portalmf.com.br\/index.php\/2025\/06\/20\/em-clima-de-celebracao-pos-audiovisual-parangole-engata-no-sao-joao-com-shows-na-bahia-e-minas\/#breadcrumb\",\"itemListElement\":[{\"@type\":\"ListItem\",\"position\":1,\"name\":\"In\u00edcio\",\"item\":\"https:\/\/portalmf.com.br\/\"},{\"@type\":\"ListItem\",\"position\":2,\"name\":\"Em clima de celebra\u00e7\u00e3o p\u00f3s-audiovisual, Parangol\u00e9 engata no S\u00e3o Jo\u00e3o com shows na Bahia e Minas\"}]},{\"@type\":\"WebSite\",\"@id\":\"https:\/\/portalmf.com.br\/#website\",\"url\":\"https:\/\/portalmf.com.br\/\",\"name\":\"Portal MF\",\"description\":\"Voc\u00ea conectado com a informa\u00e7\u00e3o\",\"potentialAction\":[{\"@type\":\"SearchAction\",\"target\":{\"@type\":\"EntryPoint\",\"urlTemplate\":\"https:\/\/portalmf.com.br\/?s={search_term_string}\"},\"query-input\":\"required name=search_term_string\"}],\"inLanguage\":\"pt-BR\"},{\"@type\":\"Person\",\"@id\":\"https:\/\/portalmf.com.br\/#\/schema\/person\/9ec101baf56233e53520c26de5d6f6f0\",\"name\":\"Reda\u00e7\u00e3o Portal MF\",\"image\":{\"@type\":\"ImageObject\",\"inLanguage\":\"pt-BR\",\"@id\":\"https:\/\/portalmf.com.br\/#\/schema\/person\/image\/\",\"url\":\"https:\/\/secure.gravatar.com\/avatar\/41b9aaeb2100835f7c64362330f74c7f?s=96&d=mm&r=g\",\"contentUrl\":\"https:\/\/secure.gravatar.com\/avatar\/41b9aaeb2100835f7c64362330f74c7f?s=96&d=mm&r=g\",\"caption\":\"Reda\u00e7\u00e3o Portal MF\"},\"description\":\"Sejam bem-vindos o portal de informa\u00e7\u00f5es de entretenimento de Feira de Santana, desde 2006 realiza coberturas dos principais eventos com entrevistas exclusivas com as principais personalidades mundiais. Fique conectado tamb\u00e9m nas redes sociais.\",\"sameAs\":[\"http:\/\/www.portalmf.com.br\/\",\"https:\/\/www.facebook.com\/portalmfoficial\",\"https:\/\/www.instagram.com\/portalmf\/\",\"https:\/\/x.com\/https:\/\/x.com\/portalmfoficial\",\"https:\/\/www.youtube.com\/@portalmfoficial\"],\"url\":\"https:\/\/portalmf.com.br\/index.php\/author\/junior\/\"}]}<\/script>\n<!-- \/ Yoast SEO plugin. -->","yoast_head_json":{"title":"Em clima de celebra\u00e7\u00e3o p\u00f3s-audiovisual, Parangol\u00e9 engata no S\u00e3o Jo\u00e3o com shows na Bahia e Minas - Portal MF","robots":{"index":"index","follow":"follow","max-snippet":"max-snippet:-1","max-image-preview":"max-image-preview:large","max-video-preview":"max-video-preview:-1"},"canonical":"https:\/\/portalmf.com.br\/index.php\/2025\/06\/20\/em-clima-de-celebracao-pos-audiovisual-parangole-engata-no-sao-joao-com-shows-na-bahia-e-minas\/","og_locale":"pt_BR","og_type":"article","og_title":"Em clima de celebra\u00e7\u00e3o p\u00f3s-audiovisual, Parangol\u00e9 engata no S\u00e3o Jo\u00e3o com shows na Bahia e Minas - Portal MF","og_description":"O clima junino chegou com for\u00e7a para o Parangol\u00e9, que segue em ritmo acelerado levando seu swing inconfund\u00edvel por cidades da Bahia e de Minas Gerais. Sob o comando de Lincoln Senna, a banda deu in\u00edcio \u00e0s apresenta\u00e7\u00f5es nesta quinta-feira (19), em Porto Seguro (BA). J\u00e1 no domingo (22), parte para Fronteira dos Vales (MG), [&hellip;]","og_url":"https:\/\/portalmf.com.br\/index.php\/2025\/06\/20\/em-clima-de-celebracao-pos-audiovisual-parangole-engata-no-sao-joao-com-shows-na-bahia-e-minas\/","og_site_name":"Portal MF","article_author":"https:\/\/www.facebook.com\/portalmfoficial","article_published_time":"2025-06-20T19:41:37+00:00","article_modified_time":"2025-06-20T19:41:38+00:00","og_image":[{"width":1079,"height":798,"url":"https:\/\/portalmf.com.br\/wp-content\/uploads\/2025\/06\/Parangole_Lincoln_show2-e1750448486182.jpg","type":"image\/jpeg"}],"author":"Reda\u00e7\u00e3o Portal MF","twitter_card":"summary_large_image","twitter_creator":"@https:\/\/x.com\/portalmfoficial","twitter_misc":{"Escrito por":"Reda\u00e7\u00e3o Portal MF","Est. tempo de leitura":"2 minutos"},"schema":{"@context":"https:\/\/schema.org","@graph":[{"@type":"WebPage","@id":"https:\/\/portalmf.com.br\/index.php\/2025\/06\/20\/em-clima-de-celebracao-pos-audiovisual-parangole-engata-no-sao-joao-com-shows-na-bahia-e-minas\/","url":"https:\/\/portalmf.com.br\/index.php\/2025\/06\/20\/em-clima-de-celebracao-pos-audiovisual-parangole-engata-no-sao-joao-com-shows-na-bahia-e-minas\/","name":"Em clima de celebra\u00e7\u00e3o p\u00f3s-audiovisual, Parangol\u00e9 engata no S\u00e3o Jo\u00e3o com shows na Bahia e Minas - Portal MF","isPartOf":{"@id":"https:\/\/portalmf.com.br\/#website"},"primaryImageOfPage":{"@id":"https:\/\/portalmf.com.br\/index.php\/2025\/06\/20\/em-clima-de-celebracao-pos-audiovisual-parangole-engata-no-sao-joao-com-shows-na-bahia-e-minas\/#primaryimage"},"image":{"@id":"https:\/\/portalmf.com.br\/index.php\/2025\/06\/20\/em-clima-de-celebracao-pos-audiovisual-parangole-engata-no-sao-joao-com-shows-na-bahia-e-minas\/#primaryimage"},"thumbnailUrl":"https:\/\/portalmf.com.br\/wp-content\/uploads\/2025\/06\/Parangole_Lincoln_show2-e1750448486182.jpg","datePublished":"2025-06-20T19:41:37+00:00","dateModified":"2025-06-20T19:41:38+00:00","author":{"@id":"https:\/\/portalmf.com.br\/#\/schema\/person\/9ec101baf56233e53520c26de5d6f6f0"},"breadcrumb":{"@id":"https:\/\/portalmf.com.br\/index.php\/2025\/06\/20\/em-clima-de-celebracao-pos-audiovisual-parangole-engata-no-sao-joao-com-shows-na-bahia-e-minas\/#breadcrumb"},"inLanguage":"pt-BR","potentialAction":[{"@type":"ReadAction","target":["https:\/\/portalmf.com.br\/index.php\/2025\/06\/20\/em-clima-de-celebracao-pos-audiovisual-parangole-engata-no-sao-joao-com-shows-na-bahia-e-minas\/"]}]},{"@type":"ImageObject","inLanguage":"pt-BR","@id":"https:\/\/portalmf.com.br\/index.php\/2025\/06\/20\/em-clima-de-celebracao-pos-audiovisual-parangole-engata-no-sao-joao-com-shows-na-bahia-e-minas\/#primaryimage","url":"https:\/\/portalmf.com.br\/wp-content\/uploads\/2025\/06\/Parangole_Lincoln_show2-e1750448486182.jpg","contentUrl":"https:\/\/portalmf.com.br\/wp-content\/uploads\/2025\/06\/Parangole_Lincoln_show2-e1750448486182.jpg","width":1079,"height":798},{"@type":"BreadcrumbList","@id":"https:\/\/portalmf.com.br\/index.php\/2025\/06\/20\/em-clima-de-celebracao-pos-audiovisual-parangole-engata-no-sao-joao-com-shows-na-bahia-e-minas\/#breadcrumb","itemListElement":[{"@type":"ListItem","position":1,"name":"In\u00edcio","item":"https:\/\/portalmf.com.br\/"},{"@type":"ListItem","position":2,"name":"Em clima de celebra\u00e7\u00e3o p\u00f3s-audiovisual, Parangol\u00e9 engata no S\u00e3o Jo\u00e3o com shows na Bahia e Minas"}]},{"@type":"WebSite","@id":"https:\/\/portalmf.com.br\/#website","url":"https:\/\/portalmf.com.br\/","name":"Portal MF","description":"Voc\u00ea conectado com a informa\u00e7\u00e3o","potentialAction":[{"@type":"SearchAction","target":{"@type":"EntryPoint","urlTemplate":"https:\/\/portalmf.com.br\/?s={search_term_string}"},"query-input":"required name=search_term_string"}],"inLanguage":"pt-BR"},{"@type":"Person","@id":"https:\/\/portalmf.com.br\/#\/schema\/person\/9ec101baf56233e53520c26de5d6f6f0","name":"Reda\u00e7\u00e3o Portal MF","image":{"@type":"ImageObject","inLanguage":"pt-BR","@id":"https:\/\/portalmf.com.br\/#\/schema\/person\/image\/","url":"https:\/\/secure.gravatar.com\/avatar\/41b9aaeb2100835f7c64362330f74c7f?s=96&d=mm&r=g","contentUrl":"https:\/\/secure.gravatar.com\/avatar\/41b9aaeb2100835f7c64362330f74c7f?s=96&d=mm&r=g","caption":"Reda\u00e7\u00e3o Portal MF"},"description":"Sejam bem-vindos o portal de informa\u00e7\u00f5es de entretenimento de Feira de Santana, desde 2006 realiza coberturas dos principais eventos com entrevistas exclusivas com as principais personalidades mundiais. Fique conectado tamb\u00e9m nas redes sociais.","sameAs":["http:\/\/www.portalmf.com.br\/","https:\/\/www.facebook.com\/portalmfoficial","https:\/\/www.instagram.com\/portalmf\/","https:\/\/x.com\/https:\/\/x.com\/portalmfoficial","https:\/\/www.youtube.com\/@portalmfoficial"],"url":"https:\/\/portalmf.com.br\/index.php\/author\/junior\/"}]}},"_links":{"self":[{"href":"https:\/\/portalmf.com.br\/index.php\/wp-json\/wp\/v2\/posts\/37002"}],"collection":[{"href":"https:\/\/portalmf.com.br\/index.php\/wp-json\/wp\/v2\/posts"}],"about":[{"href":"https:\/\/portalmf.com.br\/index.php\/wp-json\/wp\/v2\/types\/post"}],"author":[{"embeddable":true,"href":"https:\/\/portalmf.com.br\/index.php\/wp-json\/wp\/v2\/users\/3"}],"replies":[{"embeddable":true,"href":"https:\/\/portalmf.com.br\/index.php\/wp-json\/wp\/v2\/comments?post=37002"}],"version-history":[{"count":1,"href":"https:\/\/portalmf.com.br\/index.php\/wp-json\/wp\/v2\/posts\/37002\/revisions"}],"predecessor-version":[{"id":37004,"href":"https:\/\/portalmf.com.br\/index.php\/wp-json\/wp\/v2\/posts\/37002\/revisions\/37004"}],"wp:featuredmedia":[{"embeddable":true,"href":"https:\/\/portalmf.com.br\/index.php\/wp-json\/wp\/v2\/media\/37003"}],"wp:attachment":[{"href":"https:\/\/portalmf.com.br\/index.php\/wp-json\/wp\/v2\/media?parent=37002"}],"wp:term":[{"taxonomy":"category","embeddable":true,"href":"https:\/\/portalmf.com.br\/index.php\/wp-json\/wp\/v2\/categories?post=37002"},{"taxonomy":"post_tag","embeddable":true,"href":"https:\/\/portalmf.com.br\/index.php\/wp-json\/wp\/v2\/tags?post=37002"}],"curies":[{"name":"wp","href":"https:\/\/api.w.org\/{rel}","templated":true}]}}