{"id":36937,"date":"2025-06-19T19:55:02","date_gmt":"2025-06-19T22:55:02","guid":{"rendered":"https:\/\/portalmf.com.br\/?p=36937"},"modified":"2025-06-19T19:55:03","modified_gmt":"2025-06-19T22:55:03","slug":"grupo-balacobaco-e-bom-gosto-se-unem-em-novo-single-provou-do-negao","status":"publish","type":"post","link":"https:\/\/portalmf.com.br\/index.php\/2025\/06\/19\/grupo-balacobaco-e-bom-gosto-se-unem-em-novo-single-provou-do-negao\/","title":{"rendered":"Grupo Balacobaco e Bom Gosto se unem em novo single, \u201cProvou do Neg\u00e3o\u201d"},"content":{"rendered":"\n<p>Donos de alguns dos principais sucessos que marcaram o pagode dos anos 1990\/2000, o Grupo Balacobaco e o Bom Gosto, se unem para dar mais um grande presente aos f\u00e3s do g\u00eanero. Trata-se do single \u201cProvou do Neg\u00e3o\u201d, que chega nas plataformas digitais na sexta-feira, dia 20 de junho. Com uma pegada mais descontra\u00edda, a faixa brinca com elementos caracter\u00edsticos do samba, como o cavaquinho, viol\u00e3o, pandeiro, surdo, repique, reco reco, etc. E se junta \u00e0s rec\u00e9m lan\u00e7adas \u201cNa Hora Errada\u201d e \u201cVolta P\u00f4\u201d, para dar continuidade ao sucesso do audiovisual \u201cFesta do Balacobaco\u201d.<\/p>\n\n\n\n<figure class=\"wp-block-embed is-type-video is-provider-youtube wp-block-embed-youtube wp-embed-aspect-16-9 wp-has-aspect-ratio\"><div class=\"wp-block-embed__wrapper\">\n<iframe title=\"Volta P\u00f4 - Balacobaco e Yan | Festa do Balacobaco\" width=\"696\" height=\"392\" src=\"https:\/\/www.youtube.com\/embed\/xR8l8mn8cS4?feature=oembed\" frameborder=\"0\" allow=\"accelerometer; autoplay; clipboard-write; encrypted-media; gyroscope; picture-in-picture; web-share\" referrerpolicy=\"strict-origin-when-cross-origin\" allowfullscreen><\/iframe>\n<\/div><\/figure>\n\n\n\n<p>\u201cEssa \u00e9 uma m\u00fasica com uma pegada mais ousada, diferente das faixas que j\u00e1 lan\u00e7amos deste projeto, que caminham em dire\u00e7\u00e3o ao rom\u00e2ntico. Ela traz uma sensualidade mais aflorada, com uma pegada um pouco mais safadinha, digamos assim (risos)&#8230; A letra trata de um relacionamento, que n\u00e3o anda muito bem porque o cara n\u00e3o est\u00e1 dando muito valor a sua companheira, o que d\u00e1 margens para outro suprir as necessidades dela\u201d, revela Naldinho, vocalista do Balacobaco, que completou cantando: \u201cSei que ele n\u00e3o cuida bem de voc\u00ea. Que voc\u00ea vive na maior depr\u00ea. E eu que j\u00e1 jurei parar com isso.<\/p>\n\n\n\n<p>Sempre me pego fazendo o servi\u00e7o. Que o seu namorado n\u00e3o sabe fazer\u201d.<\/p>\n\n\n\n<p>Com esse tempero mais contagiante, digno de animar qualquer festa, \u201cProvou do Neg\u00e3o\u201d chega como uma grande aposta do grupo, formado por Naldinho, Marcelinho, Vinicinhus e Orelha. E d\u00e1 para dizer que tanto eles, quando o Bom Gosto, entendem mesmo do assunto. Se por um lado temos cl\u00e1ssicos como \u201cTia Nast\u00e1cia\u201d, \u201cDe Onde Eu Venho\u201d e \u201cChuva de Arroz\u201d. Do outro, \u201cPatricinha de Olho Azul\u201d, \u201cA Casa Caiu\u201d e \u201cO Amor Chegou\u201d tamb\u00e9m n\u00e3o podem deixar de serem exaltadas. \u201cAs expectativas s\u00e3o alt\u00edssimas, porque gravar com o Bom Gosto, por si s\u00f3, j\u00e1 \u00e9 incr\u00edvel, e poder tornar isso p\u00fablico, externando todo esse carinho e respeito que temos por eles, com certeza nos leva a acreditar que ser\u00e1 mais um grande sucesso!\u201d, conta.<\/p>\n\n\n\n<p>\u201cN\u00e3o gosto muito da palavra saudosismo, mas acho que o p\u00fablico como um todo reconhece o que \u00e9 bom e por isso estamos sempre relembrando esses sucessos que o p\u00fablico gosta de ouvir. Embora tenha muita m\u00fasica boa hoje no mercado, como \u2018Provou do Neg\u00e3o\u2019, que \u00e9 uma m\u00fasica que estamos apostando muito. Acho que o mercado do samba e do pagode, vem vivendo uma grande fase, por conta at\u00e9 da ades\u00e3o de novos p\u00fablicos que vem curtindo cada vez mais o nosso g\u00eanero, e isso nos deixa muito felizes e impulsiona a querer aproveitar cada vez mais esse momento\u201d, acrescenta Naldinho. \u201cProvou do Neg\u00e3o\u201d, \u00e9 o terceiro single liberada do audiovisual \u201cFesta do Balacobaco\u201d, que vem sendo apresentado faixa a faixa, desde janeiro deste ano. Ao todo, o projeto soma 14 can\u00e7\u00f5es in\u00e9ditas, sendo 10 delas com participa\u00e7\u00f5es especiais de nomes como Xande de Pilares, Pique Novo, Thiago Martins, Caju Pra Baixo, Clareou, Suel, Bom Gosto,J\u00falio Sereno, Vittor Lima e Yan.<\/p>\n","protected":false},"excerpt":{"rendered":"<p>Donos de alguns dos principais sucessos que marcaram o pagode dos anos 1990\/2000, o Grupo Balacobaco e o Bom Gosto, se unem para dar mais um grande presente aos f\u00e3s do g\u00eanero. Trata-se do single \u201cProvou do Neg\u00e3o\u201d, que chega nas plataformas digitais na sexta-feira, dia 20 de junho. Com uma pegada mais descontra\u00edda, a [&hellip;]<\/p>\n","protected":false},"author":3,"featured_media":36938,"comment_status":"open","ping_status":"open","sticky":false,"template":"","format":"standard","meta":{"_monsterinsights_skip_tracking":false,"_monsterinsights_sitenote_active":false,"_monsterinsights_sitenote_note":"","_monsterinsights_sitenote_category":0,"footnotes":""},"categories":[36],"tags":[],"yoast_head":"<!-- This site is optimized with the Yoast SEO plugin v22.9 - https:\/\/yoast.com\/wordpress\/plugins\/seo\/ -->\n<title>Grupo Balacobaco e Bom Gosto se unem em novo single, \u201cProvou do Neg\u00e3o\u201d - Portal MF<\/title>\n<meta name=\"robots\" content=\"index, follow, max-snippet:-1, max-image-preview:large, max-video-preview:-1\" \/>\n<link rel=\"canonical\" href=\"https:\/\/portalmf.com.br\/index.php\/2025\/06\/19\/grupo-balacobaco-e-bom-gosto-se-unem-em-novo-single-provou-do-negao\/\" \/>\n<meta property=\"og:locale\" content=\"pt_BR\" \/>\n<meta property=\"og:type\" content=\"article\" \/>\n<meta property=\"og:title\" content=\"Grupo Balacobaco e Bom Gosto se unem em novo single, \u201cProvou do Neg\u00e3o\u201d - Portal MF\" \/>\n<meta property=\"og:description\" content=\"Donos de alguns dos principais sucessos que marcaram o pagode dos anos 1990\/2000, o Grupo Balacobaco e o Bom Gosto, se unem para dar mais um grande presente aos f\u00e3s do g\u00eanero. Trata-se do single \u201cProvou do Neg\u00e3o\u201d, que chega nas plataformas digitais na sexta-feira, dia 20 de junho. Com uma pegada mais descontra\u00edda, a [&hellip;]\" \/>\n<meta property=\"og:url\" content=\"https:\/\/portalmf.com.br\/index.php\/2025\/06\/19\/grupo-balacobaco-e-bom-gosto-se-unem-em-novo-single-provou-do-negao\/\" \/>\n<meta property=\"og:site_name\" content=\"Portal MF\" \/>\n<meta property=\"article:author\" content=\"https:\/\/www.facebook.com\/portalmfoficial\" \/>\n<meta property=\"article:published_time\" content=\"2025-06-19T22:55:02+00:00\" \/>\n<meta property=\"article:modified_time\" content=\"2025-06-19T22:55:03+00:00\" \/>\n<meta property=\"og:image\" content=\"https:\/\/portalmf.com.br\/wp-content\/uploads\/2025\/06\/image002.jpg\" \/>\n\t<meta property=\"og:image:width\" content=\"794\" \/>\n\t<meta property=\"og:image:height\" content=\"529\" \/>\n\t<meta property=\"og:image:type\" content=\"image\/jpeg\" \/>\n<meta name=\"author\" content=\"Reda\u00e7\u00e3o Portal MF\" \/>\n<meta name=\"twitter:card\" content=\"summary_large_image\" \/>\n<meta name=\"twitter:creator\" content=\"@https:\/\/x.com\/portalmfoficial\" \/>\n<meta name=\"twitter:label1\" content=\"Escrito por\" \/>\n\t<meta name=\"twitter:data1\" content=\"Reda\u00e7\u00e3o Portal MF\" \/>\n\t<meta name=\"twitter:label2\" content=\"Est. tempo de leitura\" \/>\n\t<meta name=\"twitter:data2\" content=\"3 minutos\" \/>\n<script type=\"application\/ld+json\" class=\"yoast-schema-graph\">{\"@context\":\"https:\/\/schema.org\",\"@graph\":[{\"@type\":\"WebPage\",\"@id\":\"https:\/\/portalmf.com.br\/index.php\/2025\/06\/19\/grupo-balacobaco-e-bom-gosto-se-unem-em-novo-single-provou-do-negao\/\",\"url\":\"https:\/\/portalmf.com.br\/index.php\/2025\/06\/19\/grupo-balacobaco-e-bom-gosto-se-unem-em-novo-single-provou-do-negao\/\",\"name\":\"Grupo Balacobaco e Bom Gosto se unem em novo single, \u201cProvou do Neg\u00e3o\u201d - Portal MF\",\"isPartOf\":{\"@id\":\"https:\/\/portalmf.com.br\/#website\"},\"primaryImageOfPage\":{\"@id\":\"https:\/\/portalmf.com.br\/index.php\/2025\/06\/19\/grupo-balacobaco-e-bom-gosto-se-unem-em-novo-single-provou-do-negao\/#primaryimage\"},\"image\":{\"@id\":\"https:\/\/portalmf.com.br\/index.php\/2025\/06\/19\/grupo-balacobaco-e-bom-gosto-se-unem-em-novo-single-provou-do-negao\/#primaryimage\"},\"thumbnailUrl\":\"https:\/\/portalmf.com.br\/wp-content\/uploads\/2025\/06\/image002.jpg\",\"datePublished\":\"2025-06-19T22:55:02+00:00\",\"dateModified\":\"2025-06-19T22:55:03+00:00\",\"author\":{\"@id\":\"https:\/\/portalmf.com.br\/#\/schema\/person\/9ec101baf56233e53520c26de5d6f6f0\"},\"breadcrumb\":{\"@id\":\"https:\/\/portalmf.com.br\/index.php\/2025\/06\/19\/grupo-balacobaco-e-bom-gosto-se-unem-em-novo-single-provou-do-negao\/#breadcrumb\"},\"inLanguage\":\"pt-BR\",\"potentialAction\":[{\"@type\":\"ReadAction\",\"target\":[\"https:\/\/portalmf.com.br\/index.php\/2025\/06\/19\/grupo-balacobaco-e-bom-gosto-se-unem-em-novo-single-provou-do-negao\/\"]}]},{\"@type\":\"ImageObject\",\"inLanguage\":\"pt-BR\",\"@id\":\"https:\/\/portalmf.com.br\/index.php\/2025\/06\/19\/grupo-balacobaco-e-bom-gosto-se-unem-em-novo-single-provou-do-negao\/#primaryimage\",\"url\":\"https:\/\/portalmf.com.br\/wp-content\/uploads\/2025\/06\/image002.jpg\",\"contentUrl\":\"https:\/\/portalmf.com.br\/wp-content\/uploads\/2025\/06\/image002.jpg\",\"width\":794,\"height\":529},{\"@type\":\"BreadcrumbList\",\"@id\":\"https:\/\/portalmf.com.br\/index.php\/2025\/06\/19\/grupo-balacobaco-e-bom-gosto-se-unem-em-novo-single-provou-do-negao\/#breadcrumb\",\"itemListElement\":[{\"@type\":\"ListItem\",\"position\":1,\"name\":\"In\u00edcio\",\"item\":\"https:\/\/portalmf.com.br\/\"},{\"@type\":\"ListItem\",\"position\":2,\"name\":\"Grupo Balacobaco e Bom Gosto se unem em novo single, \u201cProvou do Neg\u00e3o\u201d\"}]},{\"@type\":\"WebSite\",\"@id\":\"https:\/\/portalmf.com.br\/#website\",\"url\":\"https:\/\/portalmf.com.br\/\",\"name\":\"Portal MF\",\"description\":\"Voc\u00ea conectado com a informa\u00e7\u00e3o\",\"potentialAction\":[{\"@type\":\"SearchAction\",\"target\":{\"@type\":\"EntryPoint\",\"urlTemplate\":\"https:\/\/portalmf.com.br\/?s={search_term_string}\"},\"query-input\":\"required name=search_term_string\"}],\"inLanguage\":\"pt-BR\"},{\"@type\":\"Person\",\"@id\":\"https:\/\/portalmf.com.br\/#\/schema\/person\/9ec101baf56233e53520c26de5d6f6f0\",\"name\":\"Reda\u00e7\u00e3o Portal MF\",\"image\":{\"@type\":\"ImageObject\",\"inLanguage\":\"pt-BR\",\"@id\":\"https:\/\/portalmf.com.br\/#\/schema\/person\/image\/\",\"url\":\"https:\/\/secure.gravatar.com\/avatar\/41b9aaeb2100835f7c64362330f74c7f?s=96&d=mm&r=g\",\"contentUrl\":\"https:\/\/secure.gravatar.com\/avatar\/41b9aaeb2100835f7c64362330f74c7f?s=96&d=mm&r=g\",\"caption\":\"Reda\u00e7\u00e3o Portal MF\"},\"description\":\"Sejam bem-vindos o portal de informa\u00e7\u00f5es de entretenimento de Feira de Santana, desde 2006 realiza coberturas dos principais eventos com entrevistas exclusivas com as principais personalidades mundiais. Fique conectado tamb\u00e9m nas redes sociais.\",\"sameAs\":[\"http:\/\/www.portalmf.com.br\/\",\"https:\/\/www.facebook.com\/portalmfoficial\",\"https:\/\/www.instagram.com\/portalmf\/\",\"https:\/\/x.com\/https:\/\/x.com\/portalmfoficial\",\"https:\/\/www.youtube.com\/@portalmfoficial\"],\"url\":\"https:\/\/portalmf.com.br\/index.php\/author\/junior\/\"}]}<\/script>\n<!-- \/ Yoast SEO plugin. -->","yoast_head_json":{"title":"Grupo Balacobaco e Bom Gosto se unem em novo single, \u201cProvou do Neg\u00e3o\u201d - Portal MF","robots":{"index":"index","follow":"follow","max-snippet":"max-snippet:-1","max-image-preview":"max-image-preview:large","max-video-preview":"max-video-preview:-1"},"canonical":"https:\/\/portalmf.com.br\/index.php\/2025\/06\/19\/grupo-balacobaco-e-bom-gosto-se-unem-em-novo-single-provou-do-negao\/","og_locale":"pt_BR","og_type":"article","og_title":"Grupo Balacobaco e Bom Gosto se unem em novo single, \u201cProvou do Neg\u00e3o\u201d - Portal MF","og_description":"Donos de alguns dos principais sucessos que marcaram o pagode dos anos 1990\/2000, o Grupo Balacobaco e o Bom Gosto, se unem para dar mais um grande presente aos f\u00e3s do g\u00eanero. Trata-se do single \u201cProvou do Neg\u00e3o\u201d, que chega nas plataformas digitais na sexta-feira, dia 20 de junho. Com uma pegada mais descontra\u00edda, a [&hellip;]","og_url":"https:\/\/portalmf.com.br\/index.php\/2025\/06\/19\/grupo-balacobaco-e-bom-gosto-se-unem-em-novo-single-provou-do-negao\/","og_site_name":"Portal MF","article_author":"https:\/\/www.facebook.com\/portalmfoficial","article_published_time":"2025-06-19T22:55:02+00:00","article_modified_time":"2025-06-19T22:55:03+00:00","og_image":[{"width":794,"height":529,"url":"https:\/\/portalmf.com.br\/wp-content\/uploads\/2025\/06\/image002.jpg","type":"image\/jpeg"}],"author":"Reda\u00e7\u00e3o Portal MF","twitter_card":"summary_large_image","twitter_creator":"@https:\/\/x.com\/portalmfoficial","twitter_misc":{"Escrito por":"Reda\u00e7\u00e3o Portal MF","Est. tempo de leitura":"3 minutos"},"schema":{"@context":"https:\/\/schema.org","@graph":[{"@type":"WebPage","@id":"https:\/\/portalmf.com.br\/index.php\/2025\/06\/19\/grupo-balacobaco-e-bom-gosto-se-unem-em-novo-single-provou-do-negao\/","url":"https:\/\/portalmf.com.br\/index.php\/2025\/06\/19\/grupo-balacobaco-e-bom-gosto-se-unem-em-novo-single-provou-do-negao\/","name":"Grupo Balacobaco e Bom Gosto se unem em novo single, \u201cProvou do Neg\u00e3o\u201d - Portal MF","isPartOf":{"@id":"https:\/\/portalmf.com.br\/#website"},"primaryImageOfPage":{"@id":"https:\/\/portalmf.com.br\/index.php\/2025\/06\/19\/grupo-balacobaco-e-bom-gosto-se-unem-em-novo-single-provou-do-negao\/#primaryimage"},"image":{"@id":"https:\/\/portalmf.com.br\/index.php\/2025\/06\/19\/grupo-balacobaco-e-bom-gosto-se-unem-em-novo-single-provou-do-negao\/#primaryimage"},"thumbnailUrl":"https:\/\/portalmf.com.br\/wp-content\/uploads\/2025\/06\/image002.jpg","datePublished":"2025-06-19T22:55:02+00:00","dateModified":"2025-06-19T22:55:03+00:00","author":{"@id":"https:\/\/portalmf.com.br\/#\/schema\/person\/9ec101baf56233e53520c26de5d6f6f0"},"breadcrumb":{"@id":"https:\/\/portalmf.com.br\/index.php\/2025\/06\/19\/grupo-balacobaco-e-bom-gosto-se-unem-em-novo-single-provou-do-negao\/#breadcrumb"},"inLanguage":"pt-BR","potentialAction":[{"@type":"ReadAction","target":["https:\/\/portalmf.com.br\/index.php\/2025\/06\/19\/grupo-balacobaco-e-bom-gosto-se-unem-em-novo-single-provou-do-negao\/"]}]},{"@type":"ImageObject","inLanguage":"pt-BR","@id":"https:\/\/portalmf.com.br\/index.php\/2025\/06\/19\/grupo-balacobaco-e-bom-gosto-se-unem-em-novo-single-provou-do-negao\/#primaryimage","url":"https:\/\/portalmf.com.br\/wp-content\/uploads\/2025\/06\/image002.jpg","contentUrl":"https:\/\/portalmf.com.br\/wp-content\/uploads\/2025\/06\/image002.jpg","width":794,"height":529},{"@type":"BreadcrumbList","@id":"https:\/\/portalmf.com.br\/index.php\/2025\/06\/19\/grupo-balacobaco-e-bom-gosto-se-unem-em-novo-single-provou-do-negao\/#breadcrumb","itemListElement":[{"@type":"ListItem","position":1,"name":"In\u00edcio","item":"https:\/\/portalmf.com.br\/"},{"@type":"ListItem","position":2,"name":"Grupo Balacobaco e Bom Gosto se unem em novo single, \u201cProvou do Neg\u00e3o\u201d"}]},{"@type":"WebSite","@id":"https:\/\/portalmf.com.br\/#website","url":"https:\/\/portalmf.com.br\/","name":"Portal MF","description":"Voc\u00ea conectado com a informa\u00e7\u00e3o","potentialAction":[{"@type":"SearchAction","target":{"@type":"EntryPoint","urlTemplate":"https:\/\/portalmf.com.br\/?s={search_term_string}"},"query-input":"required name=search_term_string"}],"inLanguage":"pt-BR"},{"@type":"Person","@id":"https:\/\/portalmf.com.br\/#\/schema\/person\/9ec101baf56233e53520c26de5d6f6f0","name":"Reda\u00e7\u00e3o Portal MF","image":{"@type":"ImageObject","inLanguage":"pt-BR","@id":"https:\/\/portalmf.com.br\/#\/schema\/person\/image\/","url":"https:\/\/secure.gravatar.com\/avatar\/41b9aaeb2100835f7c64362330f74c7f?s=96&d=mm&r=g","contentUrl":"https:\/\/secure.gravatar.com\/avatar\/41b9aaeb2100835f7c64362330f74c7f?s=96&d=mm&r=g","caption":"Reda\u00e7\u00e3o Portal MF"},"description":"Sejam bem-vindos o portal de informa\u00e7\u00f5es de entretenimento de Feira de Santana, desde 2006 realiza coberturas dos principais eventos com entrevistas exclusivas com as principais personalidades mundiais. Fique conectado tamb\u00e9m nas redes sociais.","sameAs":["http:\/\/www.portalmf.com.br\/","https:\/\/www.facebook.com\/portalmfoficial","https:\/\/www.instagram.com\/portalmf\/","https:\/\/x.com\/https:\/\/x.com\/portalmfoficial","https:\/\/www.youtube.com\/@portalmfoficial"],"url":"https:\/\/portalmf.com.br\/index.php\/author\/junior\/"}]}},"_links":{"self":[{"href":"https:\/\/portalmf.com.br\/index.php\/wp-json\/wp\/v2\/posts\/36937"}],"collection":[{"href":"https:\/\/portalmf.com.br\/index.php\/wp-json\/wp\/v2\/posts"}],"about":[{"href":"https:\/\/portalmf.com.br\/index.php\/wp-json\/wp\/v2\/types\/post"}],"author":[{"embeddable":true,"href":"https:\/\/portalmf.com.br\/index.php\/wp-json\/wp\/v2\/users\/3"}],"replies":[{"embeddable":true,"href":"https:\/\/portalmf.com.br\/index.php\/wp-json\/wp\/v2\/comments?post=36937"}],"version-history":[{"count":1,"href":"https:\/\/portalmf.com.br\/index.php\/wp-json\/wp\/v2\/posts\/36937\/revisions"}],"predecessor-version":[{"id":36939,"href":"https:\/\/portalmf.com.br\/index.php\/wp-json\/wp\/v2\/posts\/36937\/revisions\/36939"}],"wp:featuredmedia":[{"embeddable":true,"href":"https:\/\/portalmf.com.br\/index.php\/wp-json\/wp\/v2\/media\/36938"}],"wp:attachment":[{"href":"https:\/\/portalmf.com.br\/index.php\/wp-json\/wp\/v2\/media?parent=36937"}],"wp:term":[{"taxonomy":"category","embeddable":true,"href":"https:\/\/portalmf.com.br\/index.php\/wp-json\/wp\/v2\/categories?post=36937"},{"taxonomy":"post_tag","embeddable":true,"href":"https:\/\/portalmf.com.br\/index.php\/wp-json\/wp\/v2\/tags?post=36937"}],"curies":[{"name":"wp","href":"https:\/\/api.w.org\/{rel}","templated":true}]}}