{"id":3688,"date":"2022-08-26T17:20:10","date_gmt":"2022-08-26T20:20:10","guid":{"rendered":"http:\/\/portalmf.com.br\/?p=3688"},"modified":"2022-08-26T17:20:11","modified_gmt":"2022-08-26T20:20:11","slug":"simone-recorre-ao-fas-apos-fim-da-dupla-com-simaria","status":"publish","type":"post","link":"https:\/\/portalmf.com.br\/index.php\/2022\/08\/26\/simone-recorre-ao-fas-apos-fim-da-dupla-com-simaria\/","title":{"rendered":"Simone recorre ao f\u00e3s ap\u00f3s fim da dupla com Simaria"},"content":{"rendered":"\n<p>Simone parece que deixou a conturbada separa\u00e7\u00e3o da dupla com Simaria e j\u00e1 est\u00e1 focando no retorno aos palcos. A cantora compartilhou detalhes do seu novo projeto nas redes sociais.<\/p>\n\n\n\n<p>A Coleguinha pediu aux\u00edlio dos seguidores para escolher o seu novo repert\u00f3rio. A artista tamb\u00e9m se reuniu com v\u00e1rios compositores na tentativa de encontrar algum hit.<\/p>\n\n\n\n<p>&#8220;Tive um dia bem produtivo, gra\u00e7as a Deus. Dormi bem e \u00e9 isso ai. M\u00e3o na massa. \u00c9 isso ai. J\u00e1 j\u00e1 estamos na atividade, inclusive, preciso preparar m\u00fasicas de outros artistas. Me d\u00e1 uma dica aqui de qual musica voc\u00ea gostaria de ouvir no meu show?\u201d, questionou.<\/p>\n\n\n\n<p>Simone volta aos palcos, agora em carreira solo, a partir do m\u00eas de outubro. O sertanejo vai continuar sendo o carro chefe do seu novo projeto.&nbsp;<\/p>\n\n\n\n<p>Com informa\u00e7\u00f5es do Terra<\/p>\n","protected":false},"excerpt":{"rendered":"<p>Simone parece que deixou a conturbada separa\u00e7\u00e3o da dupla com Simaria e j\u00e1 est\u00e1 focando no retorno aos palcos. A cantora compartilhou detalhes do seu novo projeto nas redes sociais. A Coleguinha pediu aux\u00edlio dos seguidores para escolher o seu novo repert\u00f3rio. A artista tamb\u00e9m se reuniu com v\u00e1rios compositores na tentativa de encontrar algum [&hellip;]<\/p>\n","protected":false},"author":2,"featured_media":3689,"comment_status":"open","ping_status":"open","sticky":false,"template":"","format":"standard","meta":{"_monsterinsights_skip_tracking":false,"_monsterinsights_sitenote_active":false,"_monsterinsights_sitenote_note":"","_monsterinsights_sitenote_category":0,"footnotes":""},"categories":[36],"tags":[],"yoast_head":"<!-- This site is optimized with the Yoast SEO plugin v22.9 - https:\/\/yoast.com\/wordpress\/plugins\/seo\/ -->\n<title>Simone recorre ao f\u00e3s ap\u00f3s fim da dupla com Simaria - Portal MF<\/title>\n<meta name=\"robots\" content=\"index, follow, max-snippet:-1, max-image-preview:large, max-video-preview:-1\" \/>\n<link rel=\"canonical\" href=\"https:\/\/portalmf.com.br\/index.php\/2022\/08\/26\/simone-recorre-ao-fas-apos-fim-da-dupla-com-simaria\/\" \/>\n<meta property=\"og:locale\" content=\"pt_BR\" \/>\n<meta property=\"og:type\" content=\"article\" \/>\n<meta property=\"og:title\" content=\"Simone recorre ao f\u00e3s ap\u00f3s fim da dupla com Simaria - Portal MF\" \/>\n<meta property=\"og:description\" content=\"Simone parece que deixou a conturbada separa\u00e7\u00e3o da dupla com Simaria e j\u00e1 est\u00e1 focando no retorno aos palcos. A cantora compartilhou detalhes do seu novo projeto nas redes sociais. A Coleguinha pediu aux\u00edlio dos seguidores para escolher o seu novo repert\u00f3rio. A artista tamb\u00e9m se reuniu com v\u00e1rios compositores na tentativa de encontrar algum [&hellip;]\" \/>\n<meta property=\"og:url\" content=\"https:\/\/portalmf.com.br\/index.php\/2022\/08\/26\/simone-recorre-ao-fas-apos-fim-da-dupla-com-simaria\/\" \/>\n<meta property=\"og:site_name\" content=\"Portal MF\" \/>\n<meta property=\"article:author\" content=\"reginaldojrfsa\" \/>\n<meta property=\"article:published_time\" content=\"2022-08-26T20:20:10+00:00\" \/>\n<meta property=\"article:modified_time\" content=\"2022-08-26T20:20:11+00:00\" \/>\n<meta property=\"og:image\" content=\"https:\/\/portalmf.com.br\/wp-content\/uploads\/2022\/08\/simone_-1hre7z85x8oj9.jpg\" \/>\n\t<meta property=\"og:image:width\" content=\"648\" \/>\n\t<meta property=\"og:image:height\" content=\"380\" \/>\n\t<meta property=\"og:image:type\" content=\"image\/jpeg\" \/>\n<meta name=\"author\" content=\"Reginaldo J\u00fanior\" \/>\n<meta name=\"twitter:card\" content=\"summary_large_image\" \/>\n<meta name=\"twitter:creator\" content=\"@reginaldojrmf\" \/>\n<meta name=\"twitter:label1\" content=\"Escrito por\" \/>\n\t<meta name=\"twitter:data1\" content=\"Reginaldo J\u00fanior\" \/>\n\t<meta name=\"twitter:label2\" content=\"Est. tempo de leitura\" \/>\n\t<meta name=\"twitter:data2\" content=\"1 minuto\" \/>\n<script type=\"application\/ld+json\" class=\"yoast-schema-graph\">{\"@context\":\"https:\/\/schema.org\",\"@graph\":[{\"@type\":\"WebPage\",\"@id\":\"https:\/\/portalmf.com.br\/index.php\/2022\/08\/26\/simone-recorre-ao-fas-apos-fim-da-dupla-com-simaria\/\",\"url\":\"https:\/\/portalmf.com.br\/index.php\/2022\/08\/26\/simone-recorre-ao-fas-apos-fim-da-dupla-com-simaria\/\",\"name\":\"Simone recorre ao f\u00e3s ap\u00f3s fim da dupla com Simaria - Portal MF\",\"isPartOf\":{\"@id\":\"https:\/\/portalmf.com.br\/#website\"},\"primaryImageOfPage\":{\"@id\":\"https:\/\/portalmf.com.br\/index.php\/2022\/08\/26\/simone-recorre-ao-fas-apos-fim-da-dupla-com-simaria\/#primaryimage\"},\"image\":{\"@id\":\"https:\/\/portalmf.com.br\/index.php\/2022\/08\/26\/simone-recorre-ao-fas-apos-fim-da-dupla-com-simaria\/#primaryimage\"},\"thumbnailUrl\":\"https:\/\/portalmf.com.br\/wp-content\/uploads\/2022\/08\/simone_-1hre7z85x8oj9.jpg\",\"datePublished\":\"2022-08-26T20:20:10+00:00\",\"dateModified\":\"2022-08-26T20:20:11+00:00\",\"author\":{\"@id\":\"https:\/\/portalmf.com.br\/#\/schema\/person\/11c82086fe8abc05a19147e964587285\"},\"breadcrumb\":{\"@id\":\"https:\/\/portalmf.com.br\/index.php\/2022\/08\/26\/simone-recorre-ao-fas-apos-fim-da-dupla-com-simaria\/#breadcrumb\"},\"inLanguage\":\"pt-BR\",\"potentialAction\":[{\"@type\":\"ReadAction\",\"target\":[\"https:\/\/portalmf.com.br\/index.php\/2022\/08\/26\/simone-recorre-ao-fas-apos-fim-da-dupla-com-simaria\/\"]}]},{\"@type\":\"ImageObject\",\"inLanguage\":\"pt-BR\",\"@id\":\"https:\/\/portalmf.com.br\/index.php\/2022\/08\/26\/simone-recorre-ao-fas-apos-fim-da-dupla-com-simaria\/#primaryimage\",\"url\":\"https:\/\/portalmf.com.br\/wp-content\/uploads\/2022\/08\/simone_-1hre7z85x8oj9.jpg\",\"contentUrl\":\"https:\/\/portalmf.com.br\/wp-content\/uploads\/2022\/08\/simone_-1hre7z85x8oj9.jpg\",\"width\":648,\"height\":380},{\"@type\":\"BreadcrumbList\",\"@id\":\"https:\/\/portalmf.com.br\/index.php\/2022\/08\/26\/simone-recorre-ao-fas-apos-fim-da-dupla-com-simaria\/#breadcrumb\",\"itemListElement\":[{\"@type\":\"ListItem\",\"position\":1,\"name\":\"In\u00edcio\",\"item\":\"https:\/\/portalmf.com.br\/\"},{\"@type\":\"ListItem\",\"position\":2,\"name\":\"Simone recorre ao f\u00e3s ap\u00f3s fim da dupla com Simaria\"}]},{\"@type\":\"WebSite\",\"@id\":\"https:\/\/portalmf.com.br\/#website\",\"url\":\"https:\/\/portalmf.com.br\/\",\"name\":\"Portal MF\",\"description\":\"Voc\u00ea conectado com a informa\u00e7\u00e3o\",\"potentialAction\":[{\"@type\":\"SearchAction\",\"target\":{\"@type\":\"EntryPoint\",\"urlTemplate\":\"https:\/\/portalmf.com.br\/?s={search_term_string}\"},\"query-input\":\"required name=search_term_string\"}],\"inLanguage\":\"pt-BR\"},{\"@type\":\"Person\",\"@id\":\"https:\/\/portalmf.com.br\/#\/schema\/person\/11c82086fe8abc05a19147e964587285\",\"name\":\"Reginaldo J\u00fanior\",\"image\":{\"@type\":\"ImageObject\",\"inLanguage\":\"pt-BR\",\"@id\":\"https:\/\/portalmf.com.br\/#\/schema\/person\/image\/\",\"url\":\"https:\/\/secure.gravatar.com\/avatar\/32a3c797cd0ac47cc53b8644c62776f9?s=96&d=mm&r=g\",\"contentUrl\":\"https:\/\/secure.gravatar.com\/avatar\/32a3c797cd0ac47cc53b8644c62776f9?s=96&d=mm&r=g\",\"caption\":\"Reginaldo J\u00fanior\"},\"description\":\"Jornalista e idealizador Portal MF\",\"sameAs\":[\"https:\/\/portalmf.com.br\/index.php\/author\/reginaldojr\/\",\"reginaldojrfsa\",\"reginaldojuniormf\",\"https:\/\/x.com\/reginaldojrmf\"],\"url\":\"https:\/\/portalmf.com.br\/index.php\/author\/reginaldojr\/\"}]}<\/script>\n<!-- \/ Yoast SEO plugin. -->","yoast_head_json":{"title":"Simone recorre ao f\u00e3s ap\u00f3s fim da dupla com Simaria - Portal MF","robots":{"index":"index","follow":"follow","max-snippet":"max-snippet:-1","max-image-preview":"max-image-preview:large","max-video-preview":"max-video-preview:-1"},"canonical":"https:\/\/portalmf.com.br\/index.php\/2022\/08\/26\/simone-recorre-ao-fas-apos-fim-da-dupla-com-simaria\/","og_locale":"pt_BR","og_type":"article","og_title":"Simone recorre ao f\u00e3s ap\u00f3s fim da dupla com Simaria - Portal MF","og_description":"Simone parece que deixou a conturbada separa\u00e7\u00e3o da dupla com Simaria e j\u00e1 est\u00e1 focando no retorno aos palcos. A cantora compartilhou detalhes do seu novo projeto nas redes sociais. A Coleguinha pediu aux\u00edlio dos seguidores para escolher o seu novo repert\u00f3rio. A artista tamb\u00e9m se reuniu com v\u00e1rios compositores na tentativa de encontrar algum [&hellip;]","og_url":"https:\/\/portalmf.com.br\/index.php\/2022\/08\/26\/simone-recorre-ao-fas-apos-fim-da-dupla-com-simaria\/","og_site_name":"Portal MF","article_author":"reginaldojrfsa","article_published_time":"2022-08-26T20:20:10+00:00","article_modified_time":"2022-08-26T20:20:11+00:00","og_image":[{"width":648,"height":380,"url":"https:\/\/portalmf.com.br\/wp-content\/uploads\/2022\/08\/simone_-1hre7z85x8oj9.jpg","type":"image\/jpeg"}],"author":"Reginaldo J\u00fanior","twitter_card":"summary_large_image","twitter_creator":"@reginaldojrmf","twitter_misc":{"Escrito por":"Reginaldo J\u00fanior","Est. tempo de leitura":"1 minuto"},"schema":{"@context":"https:\/\/schema.org","@graph":[{"@type":"WebPage","@id":"https:\/\/portalmf.com.br\/index.php\/2022\/08\/26\/simone-recorre-ao-fas-apos-fim-da-dupla-com-simaria\/","url":"https:\/\/portalmf.com.br\/index.php\/2022\/08\/26\/simone-recorre-ao-fas-apos-fim-da-dupla-com-simaria\/","name":"Simone recorre ao f\u00e3s ap\u00f3s fim da dupla com Simaria - Portal MF","isPartOf":{"@id":"https:\/\/portalmf.com.br\/#website"},"primaryImageOfPage":{"@id":"https:\/\/portalmf.com.br\/index.php\/2022\/08\/26\/simone-recorre-ao-fas-apos-fim-da-dupla-com-simaria\/#primaryimage"},"image":{"@id":"https:\/\/portalmf.com.br\/index.php\/2022\/08\/26\/simone-recorre-ao-fas-apos-fim-da-dupla-com-simaria\/#primaryimage"},"thumbnailUrl":"https:\/\/portalmf.com.br\/wp-content\/uploads\/2022\/08\/simone_-1hre7z85x8oj9.jpg","datePublished":"2022-08-26T20:20:10+00:00","dateModified":"2022-08-26T20:20:11+00:00","author":{"@id":"https:\/\/portalmf.com.br\/#\/schema\/person\/11c82086fe8abc05a19147e964587285"},"breadcrumb":{"@id":"https:\/\/portalmf.com.br\/index.php\/2022\/08\/26\/simone-recorre-ao-fas-apos-fim-da-dupla-com-simaria\/#breadcrumb"},"inLanguage":"pt-BR","potentialAction":[{"@type":"ReadAction","target":["https:\/\/portalmf.com.br\/index.php\/2022\/08\/26\/simone-recorre-ao-fas-apos-fim-da-dupla-com-simaria\/"]}]},{"@type":"ImageObject","inLanguage":"pt-BR","@id":"https:\/\/portalmf.com.br\/index.php\/2022\/08\/26\/simone-recorre-ao-fas-apos-fim-da-dupla-com-simaria\/#primaryimage","url":"https:\/\/portalmf.com.br\/wp-content\/uploads\/2022\/08\/simone_-1hre7z85x8oj9.jpg","contentUrl":"https:\/\/portalmf.com.br\/wp-content\/uploads\/2022\/08\/simone_-1hre7z85x8oj9.jpg","width":648,"height":380},{"@type":"BreadcrumbList","@id":"https:\/\/portalmf.com.br\/index.php\/2022\/08\/26\/simone-recorre-ao-fas-apos-fim-da-dupla-com-simaria\/#breadcrumb","itemListElement":[{"@type":"ListItem","position":1,"name":"In\u00edcio","item":"https:\/\/portalmf.com.br\/"},{"@type":"ListItem","position":2,"name":"Simone recorre ao f\u00e3s ap\u00f3s fim da dupla com Simaria"}]},{"@type":"WebSite","@id":"https:\/\/portalmf.com.br\/#website","url":"https:\/\/portalmf.com.br\/","name":"Portal MF","description":"Voc\u00ea conectado com a informa\u00e7\u00e3o","potentialAction":[{"@type":"SearchAction","target":{"@type":"EntryPoint","urlTemplate":"https:\/\/portalmf.com.br\/?s={search_term_string}"},"query-input":"required name=search_term_string"}],"inLanguage":"pt-BR"},{"@type":"Person","@id":"https:\/\/portalmf.com.br\/#\/schema\/person\/11c82086fe8abc05a19147e964587285","name":"Reginaldo J\u00fanior","image":{"@type":"ImageObject","inLanguage":"pt-BR","@id":"https:\/\/portalmf.com.br\/#\/schema\/person\/image\/","url":"https:\/\/secure.gravatar.com\/avatar\/32a3c797cd0ac47cc53b8644c62776f9?s=96&d=mm&r=g","contentUrl":"https:\/\/secure.gravatar.com\/avatar\/32a3c797cd0ac47cc53b8644c62776f9?s=96&d=mm&r=g","caption":"Reginaldo J\u00fanior"},"description":"Jornalista e idealizador Portal MF","sameAs":["https:\/\/portalmf.com.br\/index.php\/author\/reginaldojr\/","reginaldojrfsa","reginaldojuniormf","https:\/\/x.com\/reginaldojrmf"],"url":"https:\/\/portalmf.com.br\/index.php\/author\/reginaldojr\/"}]}},"_links":{"self":[{"href":"https:\/\/portalmf.com.br\/index.php\/wp-json\/wp\/v2\/posts\/3688"}],"collection":[{"href":"https:\/\/portalmf.com.br\/index.php\/wp-json\/wp\/v2\/posts"}],"about":[{"href":"https:\/\/portalmf.com.br\/index.php\/wp-json\/wp\/v2\/types\/post"}],"author":[{"embeddable":true,"href":"https:\/\/portalmf.com.br\/index.php\/wp-json\/wp\/v2\/users\/2"}],"replies":[{"embeddable":true,"href":"https:\/\/portalmf.com.br\/index.php\/wp-json\/wp\/v2\/comments?post=3688"}],"version-history":[{"count":1,"href":"https:\/\/portalmf.com.br\/index.php\/wp-json\/wp\/v2\/posts\/3688\/revisions"}],"predecessor-version":[{"id":3690,"href":"https:\/\/portalmf.com.br\/index.php\/wp-json\/wp\/v2\/posts\/3688\/revisions\/3690"}],"wp:featuredmedia":[{"embeddable":true,"href":"https:\/\/portalmf.com.br\/index.php\/wp-json\/wp\/v2\/media\/3689"}],"wp:attachment":[{"href":"https:\/\/portalmf.com.br\/index.php\/wp-json\/wp\/v2\/media?parent=3688"}],"wp:term":[{"taxonomy":"category","embeddable":true,"href":"https:\/\/portalmf.com.br\/index.php\/wp-json\/wp\/v2\/categories?post=3688"},{"taxonomy":"post_tag","embeddable":true,"href":"https:\/\/portalmf.com.br\/index.php\/wp-json\/wp\/v2\/tags?post=3688"}],"curies":[{"name":"wp","href":"https:\/\/api.w.org\/{rel}","templated":true}]}}