{"id":36820,"date":"2025-06-16T07:45:00","date_gmt":"2025-06-16T10:45:00","guid":{"rendered":"https:\/\/portalmf.com.br\/?p=36820"},"modified":"2025-06-16T16:47:29","modified_gmt":"2025-06-16T19:47:29","slug":"apos-fase-delicada-rafael-cardoso-fala-sobre-nova-etapa-da-vida-pessoal","status":"publish","type":"post","link":"https:\/\/portalmf.com.br\/index.php\/2025\/06\/16\/apos-fase-delicada-rafael-cardoso-fala-sobre-nova-etapa-da-vida-pessoal\/","title":{"rendered":"Ap\u00f3s fase delicada, Rafael Cardoso fala sobre nova etapa da vida pessoal"},"content":{"rendered":"\n<p>Com uma trajet\u00f3ria marcada por personagens de destaque em novelas como \u201cA Vida da Gente\u201d (2011), \u201cAl\u00e9m do Tempo\u201d (2015) e \u201cO Outro Lado do Para\u00edso\u201d (2017), da TV Globo, Rafael Cardoso conquistou o p\u00fablico com sua versatilidade em cena. No programa \u201cSensacional\u201d que ser\u00e1 exibido nesta segunda-feira (16), o ator conversa com Daniela Albuquerque em uma entrevista reveladora, na qual fala abertamente sobre os desafios que enfrentou fora das c\u00e2meras, refletindo sobre supera\u00e7\u00e3o e como tem buscado reestruturar sua rotina: \u201cEst\u00e1 uma luta muito mais apaziguada porque, antes, falava que eu morreria pelos meus filhos, e hoje eu decidi viver por eles\u201d, ressalta confiante.<\/p>\n\n\n\n<p>Durante a conversa, Rafael ainda detalha epis\u00f3dios que foram determinantes para o in\u00edcio de um dos per\u00edodos mais dif\u00edceis de sua vida e o agravamento de seu v\u00edcio em subst\u00e2ncias: \u201cTeve uma hist\u00f3ria com a Ane, minha sobrinha, a filha do meu irm\u00e3o.&nbsp; Ela tinha ido para um orfanato, depois foi morar comigo, e por v\u00e1rios motivos eu tive que entregar ela para a justi\u00e7a de novo (&#8230;). Imagina voc\u00ea entregar essa crian\u00e7a l\u00e1 te chamando de pai? Nesse momento, eu dei uma escorregada e vi que realmente poderia me perder nesse caminho [das drogas] e afundar\u201d, recorda, ao falar com emo\u00e7\u00e3o do v\u00ednculo com a filha de seu irm\u00e3o, que hoje est\u00e1 preso.&nbsp;<\/p>\n\n\n\n<p>O ator tamb\u00e9m cita seu div\u00f3rcio ap\u00f3s 16 anos de casamento como outro gatilho para a depend\u00eancia qu\u00edmica: \u201cFoi quando eu me separei que ficou desenfreado mesmo. A\u00ed come\u00e7ou a virar mais compulsivo e fui perdendo a m\u00e3o. Nunca [usei drogas] no trabalho, nunca na frente dos meus filhos, mas sa\u00eda do trabalho e era na hora\u201d, compartilha.&nbsp;&nbsp;<\/p>\n\n\n\n<p>A virada, de acordo com o artista, veio no momento mais cr\u00edtico. Ao perceber a gravidade dos problemas emocionais que enfrentava, ele tomou a importante decis\u00e3o de se isolar para come\u00e7ar o processo de reabilita\u00e7\u00e3o: \u201cQuando eu me dei conta, disse: \u2018Vou morrer se continuar\u2019. Ent\u00e3o me isolei na minha fazenda. Quando cheguei a pensar em me matar, falei: \u2018Isso vai chegar a acontecer, porque esse pensamento n\u00e3o sai da minha cabe\u00e7a, ent\u00e3o estou nesse ponto e est\u00e1 perigoso. Chega!\u2019\u201d, relembra ele, que atualmente celebra uma fase mais equilibrada da vida pessoal.&nbsp;<\/p>\n\n\n\n<p>A entrevista completa com Rafael Cardoso vai ao ar no \u201cSensacional\u201d desta segunda-feira (16), \u00e0s 22h45, na RedeTV!<\/p>\n","protected":false},"excerpt":{"rendered":"<p>Com uma trajet\u00f3ria marcada por personagens de destaque em novelas como \u201cA Vida da Gente\u201d (2011), \u201cAl\u00e9m do Tempo\u201d (2015) e \u201cO Outro Lado do Para\u00edso\u201d (2017), da TV Globo, Rafael Cardoso conquistou o p\u00fablico com sua versatilidade em cena. No programa \u201cSensacional\u201d que ser\u00e1 exibido nesta segunda-feira (16), o ator conversa com Daniela Albuquerque [&hellip;]<\/p>\n","protected":false},"author":3,"featured_media":36821,"comment_status":"open","ping_status":"open","sticky":false,"template":"","format":"standard","meta":{"_monsterinsights_skip_tracking":false,"_monsterinsights_sitenote_active":false,"_monsterinsights_sitenote_note":"","_monsterinsights_sitenote_category":0,"footnotes":""},"categories":[43],"tags":[],"yoast_head":"<!-- This site is optimized with the Yoast SEO plugin v22.9 - https:\/\/yoast.com\/wordpress\/plugins\/seo\/ -->\n<title>Ap\u00f3s fase delicada, Rafael Cardoso fala sobre nova etapa da vida pessoal - Portal MF<\/title>\n<meta name=\"robots\" content=\"index, follow, max-snippet:-1, max-image-preview:large, max-video-preview:-1\" \/>\n<link rel=\"canonical\" href=\"https:\/\/portalmf.com.br\/index.php\/2025\/06\/16\/apos-fase-delicada-rafael-cardoso-fala-sobre-nova-etapa-da-vida-pessoal\/\" \/>\n<meta property=\"og:locale\" content=\"pt_BR\" \/>\n<meta property=\"og:type\" content=\"article\" \/>\n<meta property=\"og:title\" content=\"Ap\u00f3s fase delicada, Rafael Cardoso fala sobre nova etapa da vida pessoal - Portal MF\" \/>\n<meta property=\"og:description\" content=\"Com uma trajet\u00f3ria marcada por personagens de destaque em novelas como \u201cA Vida da Gente\u201d (2011), \u201cAl\u00e9m do Tempo\u201d (2015) e \u201cO Outro Lado do Para\u00edso\u201d (2017), da TV Globo, Rafael Cardoso conquistou o p\u00fablico com sua versatilidade em cena. No programa \u201cSensacional\u201d que ser\u00e1 exibido nesta segunda-feira (16), o ator conversa com Daniela Albuquerque [&hellip;]\" \/>\n<meta property=\"og:url\" content=\"https:\/\/portalmf.com.br\/index.php\/2025\/06\/16\/apos-fase-delicada-rafael-cardoso-fala-sobre-nova-etapa-da-vida-pessoal\/\" \/>\n<meta property=\"og:site_name\" content=\"Portal MF\" \/>\n<meta property=\"article:author\" content=\"https:\/\/www.facebook.com\/portalmfoficial\" \/>\n<meta property=\"article:published_time\" content=\"2025-06-16T10:45:00+00:00\" \/>\n<meta property=\"article:modified_time\" content=\"2025-06-16T19:47:29+00:00\" \/>\n<meta property=\"og:image\" content=\"https:\/\/portalmf.com.br\/wp-content\/uploads\/2025\/06\/REDETV-SENSACIONAL.jpg\" \/>\n\t<meta property=\"og:image:width\" content=\"1200\" \/>\n\t<meta property=\"og:image:height\" content=\"798\" \/>\n\t<meta property=\"og:image:type\" content=\"image\/jpeg\" \/>\n<meta name=\"author\" content=\"Reda\u00e7\u00e3o Portal MF\" \/>\n<meta name=\"twitter:card\" content=\"summary_large_image\" \/>\n<meta name=\"twitter:creator\" content=\"@https:\/\/x.com\/portalmfoficial\" \/>\n<meta name=\"twitter:label1\" content=\"Escrito por\" \/>\n\t<meta name=\"twitter:data1\" content=\"Reda\u00e7\u00e3o Portal MF\" \/>\n\t<meta name=\"twitter:label2\" content=\"Est. tempo de leitura\" \/>\n\t<meta name=\"twitter:data2\" content=\"3 minutos\" \/>\n<script type=\"application\/ld+json\" class=\"yoast-schema-graph\">{\"@context\":\"https:\/\/schema.org\",\"@graph\":[{\"@type\":\"WebPage\",\"@id\":\"https:\/\/portalmf.com.br\/index.php\/2025\/06\/16\/apos-fase-delicada-rafael-cardoso-fala-sobre-nova-etapa-da-vida-pessoal\/\",\"url\":\"https:\/\/portalmf.com.br\/index.php\/2025\/06\/16\/apos-fase-delicada-rafael-cardoso-fala-sobre-nova-etapa-da-vida-pessoal\/\",\"name\":\"Ap\u00f3s fase delicada, Rafael Cardoso fala sobre nova etapa da vida pessoal - Portal MF\",\"isPartOf\":{\"@id\":\"https:\/\/portalmf.com.br\/#website\"},\"primaryImageOfPage\":{\"@id\":\"https:\/\/portalmf.com.br\/index.php\/2025\/06\/16\/apos-fase-delicada-rafael-cardoso-fala-sobre-nova-etapa-da-vida-pessoal\/#primaryimage\"},\"image\":{\"@id\":\"https:\/\/portalmf.com.br\/index.php\/2025\/06\/16\/apos-fase-delicada-rafael-cardoso-fala-sobre-nova-etapa-da-vida-pessoal\/#primaryimage\"},\"thumbnailUrl\":\"https:\/\/portalmf.com.br\/wp-content\/uploads\/2025\/06\/REDETV-SENSACIONAL.jpg\",\"datePublished\":\"2025-06-16T10:45:00+00:00\",\"dateModified\":\"2025-06-16T19:47:29+00:00\",\"author\":{\"@id\":\"https:\/\/portalmf.com.br\/#\/schema\/person\/9ec101baf56233e53520c26de5d6f6f0\"},\"breadcrumb\":{\"@id\":\"https:\/\/portalmf.com.br\/index.php\/2025\/06\/16\/apos-fase-delicada-rafael-cardoso-fala-sobre-nova-etapa-da-vida-pessoal\/#breadcrumb\"},\"inLanguage\":\"pt-BR\",\"potentialAction\":[{\"@type\":\"ReadAction\",\"target\":[\"https:\/\/portalmf.com.br\/index.php\/2025\/06\/16\/apos-fase-delicada-rafael-cardoso-fala-sobre-nova-etapa-da-vida-pessoal\/\"]}]},{\"@type\":\"ImageObject\",\"inLanguage\":\"pt-BR\",\"@id\":\"https:\/\/portalmf.com.br\/index.php\/2025\/06\/16\/apos-fase-delicada-rafael-cardoso-fala-sobre-nova-etapa-da-vida-pessoal\/#primaryimage\",\"url\":\"https:\/\/portalmf.com.br\/wp-content\/uploads\/2025\/06\/REDETV-SENSACIONAL.jpg\",\"contentUrl\":\"https:\/\/portalmf.com.br\/wp-content\/uploads\/2025\/06\/REDETV-SENSACIONAL.jpg\",\"width\":1200,\"height\":798},{\"@type\":\"BreadcrumbList\",\"@id\":\"https:\/\/portalmf.com.br\/index.php\/2025\/06\/16\/apos-fase-delicada-rafael-cardoso-fala-sobre-nova-etapa-da-vida-pessoal\/#breadcrumb\",\"itemListElement\":[{\"@type\":\"ListItem\",\"position\":1,\"name\":\"In\u00edcio\",\"item\":\"https:\/\/portalmf.com.br\/\"},{\"@type\":\"ListItem\",\"position\":2,\"name\":\"Ap\u00f3s fase delicada, Rafael Cardoso fala sobre nova etapa da vida pessoal\"}]},{\"@type\":\"WebSite\",\"@id\":\"https:\/\/portalmf.com.br\/#website\",\"url\":\"https:\/\/portalmf.com.br\/\",\"name\":\"Portal MF\",\"description\":\"Voc\u00ea conectado com a informa\u00e7\u00e3o\",\"potentialAction\":[{\"@type\":\"SearchAction\",\"target\":{\"@type\":\"EntryPoint\",\"urlTemplate\":\"https:\/\/portalmf.com.br\/?s={search_term_string}\"},\"query-input\":\"required name=search_term_string\"}],\"inLanguage\":\"pt-BR\"},{\"@type\":\"Person\",\"@id\":\"https:\/\/portalmf.com.br\/#\/schema\/person\/9ec101baf56233e53520c26de5d6f6f0\",\"name\":\"Reda\u00e7\u00e3o Portal MF\",\"image\":{\"@type\":\"ImageObject\",\"inLanguage\":\"pt-BR\",\"@id\":\"https:\/\/portalmf.com.br\/#\/schema\/person\/image\/\",\"url\":\"https:\/\/secure.gravatar.com\/avatar\/41b9aaeb2100835f7c64362330f74c7f?s=96&d=mm&r=g\",\"contentUrl\":\"https:\/\/secure.gravatar.com\/avatar\/41b9aaeb2100835f7c64362330f74c7f?s=96&d=mm&r=g\",\"caption\":\"Reda\u00e7\u00e3o Portal MF\"},\"description\":\"Sejam bem-vindos o portal de informa\u00e7\u00f5es de entretenimento de Feira de Santana, desde 2006 realiza coberturas dos principais eventos com entrevistas exclusivas com as principais personalidades mundiais. Fique conectado tamb\u00e9m nas redes sociais.\",\"sameAs\":[\"http:\/\/www.portalmf.com.br\/\",\"https:\/\/www.facebook.com\/portalmfoficial\",\"https:\/\/www.instagram.com\/portalmf\/\",\"https:\/\/x.com\/https:\/\/x.com\/portalmfoficial\",\"https:\/\/www.youtube.com\/@portalmfoficial\"],\"url\":\"https:\/\/portalmf.com.br\/index.php\/author\/junior\/\"}]}<\/script>\n<!-- \/ Yoast SEO plugin. -->","yoast_head_json":{"title":"Ap\u00f3s fase delicada, Rafael Cardoso fala sobre nova etapa da vida pessoal - Portal MF","robots":{"index":"index","follow":"follow","max-snippet":"max-snippet:-1","max-image-preview":"max-image-preview:large","max-video-preview":"max-video-preview:-1"},"canonical":"https:\/\/portalmf.com.br\/index.php\/2025\/06\/16\/apos-fase-delicada-rafael-cardoso-fala-sobre-nova-etapa-da-vida-pessoal\/","og_locale":"pt_BR","og_type":"article","og_title":"Ap\u00f3s fase delicada, Rafael Cardoso fala sobre nova etapa da vida pessoal - Portal MF","og_description":"Com uma trajet\u00f3ria marcada por personagens de destaque em novelas como \u201cA Vida da Gente\u201d (2011), \u201cAl\u00e9m do Tempo\u201d (2015) e \u201cO Outro Lado do Para\u00edso\u201d (2017), da TV Globo, Rafael Cardoso conquistou o p\u00fablico com sua versatilidade em cena. No programa \u201cSensacional\u201d que ser\u00e1 exibido nesta segunda-feira (16), o ator conversa com Daniela Albuquerque [&hellip;]","og_url":"https:\/\/portalmf.com.br\/index.php\/2025\/06\/16\/apos-fase-delicada-rafael-cardoso-fala-sobre-nova-etapa-da-vida-pessoal\/","og_site_name":"Portal MF","article_author":"https:\/\/www.facebook.com\/portalmfoficial","article_published_time":"2025-06-16T10:45:00+00:00","article_modified_time":"2025-06-16T19:47:29+00:00","og_image":[{"width":1200,"height":798,"url":"https:\/\/portalmf.com.br\/wp-content\/uploads\/2025\/06\/REDETV-SENSACIONAL.jpg","type":"image\/jpeg"}],"author":"Reda\u00e7\u00e3o Portal MF","twitter_card":"summary_large_image","twitter_creator":"@https:\/\/x.com\/portalmfoficial","twitter_misc":{"Escrito por":"Reda\u00e7\u00e3o Portal MF","Est. tempo de leitura":"3 minutos"},"schema":{"@context":"https:\/\/schema.org","@graph":[{"@type":"WebPage","@id":"https:\/\/portalmf.com.br\/index.php\/2025\/06\/16\/apos-fase-delicada-rafael-cardoso-fala-sobre-nova-etapa-da-vida-pessoal\/","url":"https:\/\/portalmf.com.br\/index.php\/2025\/06\/16\/apos-fase-delicada-rafael-cardoso-fala-sobre-nova-etapa-da-vida-pessoal\/","name":"Ap\u00f3s fase delicada, Rafael Cardoso fala sobre nova etapa da vida pessoal - Portal MF","isPartOf":{"@id":"https:\/\/portalmf.com.br\/#website"},"primaryImageOfPage":{"@id":"https:\/\/portalmf.com.br\/index.php\/2025\/06\/16\/apos-fase-delicada-rafael-cardoso-fala-sobre-nova-etapa-da-vida-pessoal\/#primaryimage"},"image":{"@id":"https:\/\/portalmf.com.br\/index.php\/2025\/06\/16\/apos-fase-delicada-rafael-cardoso-fala-sobre-nova-etapa-da-vida-pessoal\/#primaryimage"},"thumbnailUrl":"https:\/\/portalmf.com.br\/wp-content\/uploads\/2025\/06\/REDETV-SENSACIONAL.jpg","datePublished":"2025-06-16T10:45:00+00:00","dateModified":"2025-06-16T19:47:29+00:00","author":{"@id":"https:\/\/portalmf.com.br\/#\/schema\/person\/9ec101baf56233e53520c26de5d6f6f0"},"breadcrumb":{"@id":"https:\/\/portalmf.com.br\/index.php\/2025\/06\/16\/apos-fase-delicada-rafael-cardoso-fala-sobre-nova-etapa-da-vida-pessoal\/#breadcrumb"},"inLanguage":"pt-BR","potentialAction":[{"@type":"ReadAction","target":["https:\/\/portalmf.com.br\/index.php\/2025\/06\/16\/apos-fase-delicada-rafael-cardoso-fala-sobre-nova-etapa-da-vida-pessoal\/"]}]},{"@type":"ImageObject","inLanguage":"pt-BR","@id":"https:\/\/portalmf.com.br\/index.php\/2025\/06\/16\/apos-fase-delicada-rafael-cardoso-fala-sobre-nova-etapa-da-vida-pessoal\/#primaryimage","url":"https:\/\/portalmf.com.br\/wp-content\/uploads\/2025\/06\/REDETV-SENSACIONAL.jpg","contentUrl":"https:\/\/portalmf.com.br\/wp-content\/uploads\/2025\/06\/REDETV-SENSACIONAL.jpg","width":1200,"height":798},{"@type":"BreadcrumbList","@id":"https:\/\/portalmf.com.br\/index.php\/2025\/06\/16\/apos-fase-delicada-rafael-cardoso-fala-sobre-nova-etapa-da-vida-pessoal\/#breadcrumb","itemListElement":[{"@type":"ListItem","position":1,"name":"In\u00edcio","item":"https:\/\/portalmf.com.br\/"},{"@type":"ListItem","position":2,"name":"Ap\u00f3s fase delicada, Rafael Cardoso fala sobre nova etapa da vida pessoal"}]},{"@type":"WebSite","@id":"https:\/\/portalmf.com.br\/#website","url":"https:\/\/portalmf.com.br\/","name":"Portal MF","description":"Voc\u00ea conectado com a informa\u00e7\u00e3o","potentialAction":[{"@type":"SearchAction","target":{"@type":"EntryPoint","urlTemplate":"https:\/\/portalmf.com.br\/?s={search_term_string}"},"query-input":"required name=search_term_string"}],"inLanguage":"pt-BR"},{"@type":"Person","@id":"https:\/\/portalmf.com.br\/#\/schema\/person\/9ec101baf56233e53520c26de5d6f6f0","name":"Reda\u00e7\u00e3o Portal MF","image":{"@type":"ImageObject","inLanguage":"pt-BR","@id":"https:\/\/portalmf.com.br\/#\/schema\/person\/image\/","url":"https:\/\/secure.gravatar.com\/avatar\/41b9aaeb2100835f7c64362330f74c7f?s=96&d=mm&r=g","contentUrl":"https:\/\/secure.gravatar.com\/avatar\/41b9aaeb2100835f7c64362330f74c7f?s=96&d=mm&r=g","caption":"Reda\u00e7\u00e3o Portal MF"},"description":"Sejam bem-vindos o portal de informa\u00e7\u00f5es de entretenimento de Feira de Santana, desde 2006 realiza coberturas dos principais eventos com entrevistas exclusivas com as principais personalidades mundiais. Fique conectado tamb\u00e9m nas redes sociais.","sameAs":["http:\/\/www.portalmf.com.br\/","https:\/\/www.facebook.com\/portalmfoficial","https:\/\/www.instagram.com\/portalmf\/","https:\/\/x.com\/https:\/\/x.com\/portalmfoficial","https:\/\/www.youtube.com\/@portalmfoficial"],"url":"https:\/\/portalmf.com.br\/index.php\/author\/junior\/"}]}},"_links":{"self":[{"href":"https:\/\/portalmf.com.br\/index.php\/wp-json\/wp\/v2\/posts\/36820"}],"collection":[{"href":"https:\/\/portalmf.com.br\/index.php\/wp-json\/wp\/v2\/posts"}],"about":[{"href":"https:\/\/portalmf.com.br\/index.php\/wp-json\/wp\/v2\/types\/post"}],"author":[{"embeddable":true,"href":"https:\/\/portalmf.com.br\/index.php\/wp-json\/wp\/v2\/users\/3"}],"replies":[{"embeddable":true,"href":"https:\/\/portalmf.com.br\/index.php\/wp-json\/wp\/v2\/comments?post=36820"}],"version-history":[{"count":1,"href":"https:\/\/portalmf.com.br\/index.php\/wp-json\/wp\/v2\/posts\/36820\/revisions"}],"predecessor-version":[{"id":36822,"href":"https:\/\/portalmf.com.br\/index.php\/wp-json\/wp\/v2\/posts\/36820\/revisions\/36822"}],"wp:featuredmedia":[{"embeddable":true,"href":"https:\/\/portalmf.com.br\/index.php\/wp-json\/wp\/v2\/media\/36821"}],"wp:attachment":[{"href":"https:\/\/portalmf.com.br\/index.php\/wp-json\/wp\/v2\/media?parent=36820"}],"wp:term":[{"taxonomy":"category","embeddable":true,"href":"https:\/\/portalmf.com.br\/index.php\/wp-json\/wp\/v2\/categories?post=36820"},{"taxonomy":"post_tag","embeddable":true,"href":"https:\/\/portalmf.com.br\/index.php\/wp-json\/wp\/v2\/tags?post=36820"}],"curies":[{"name":"wp","href":"https:\/\/api.w.org\/{rel}","templated":true}]}}