{"id":36783,"date":"2025-06-16T09:59:52","date_gmt":"2025-06-16T12:59:52","guid":{"rendered":"https:\/\/portalmf.com.br\/?p=36783"},"modified":"2025-06-16T10:03:04","modified_gmt":"2025-06-16T13:03:04","slug":"marcus-pimenta-assume-balanco-geral-bahia-e-emissora-tera-mudanca","status":"publish","type":"post","link":"https:\/\/portalmf.com.br\/index.php\/2025\/06\/16\/marcus-pimenta-assume-balanco-geral-bahia-e-emissora-tera-mudanca\/","title":{"rendered":"Marcus Pimenta assume Balan\u00e7o Geral Bahia e emissora ter\u00e1 mudan\u00e7a"},"content":{"rendered":"\n<p>Depois da confirma\u00e7\u00e3o da sa\u00edda de Jos\u00e9 Eduardo do programa Balan\u00e7o Geral, o novo apresentador do programa foi definido pela Record Bahia, trata-se do jornalista Marcus Pimenta, que estava na Record do Par\u00e1.<\/p>\n\n\n\n<p>Marcus retorna \u00e0 Bahia para assumir o comando do telejornal a partir da pr\u00f3xima semana, o jornalista j\u00e1 teve passagem pela Record Bahia onde apresentou os programas Bahia Record e Hoje em Dia, Pimenta chegou a participar do Balan\u00e7o Geral BA como rep\u00f3rter e apresentador eventual.<\/p>\n\n\n\n<p>O jornalista estava desde 2013, na Record Bel\u00e9m, onde apresentou os programas Casos de Pol\u00edcia, Cidade Alerta e o Balan\u00e7o Geral PA.<\/p>\n\n\n\n<p><strong>Mudan\u00e7a na programa\u00e7\u00e3o<\/strong><\/p>\n\n\n\n<p>A estreia de Marcus Pimenta no Balan\u00e7o Geral, acontecer\u00e1 no dia 30 de junho, o apresentador seguir\u00e1 sozinho no comando do programa, J\u00e9ssica Smetak que devido a apresenta\u00e7\u00e3o do BG com Jos\u00e9 Eduardo, volta para o Bahia no Ar a partir das 6h10 da manh\u00e3.<\/p>\n\n\n\n<p>A jornalista Tiale Acrux, sai do Bahia no Ar e assume a apresenta\u00e7\u00e3o do BG edi\u00e7\u00e3o de s\u00e1bado, a jornalista chegou \u00e0 emissora em 2017 e j\u00e1 esteve presente em grandes coberturas e conduziu sabatinas em elei\u00e7\u00f5es da Bahia.<\/p>\n","protected":false},"excerpt":{"rendered":"<p>Depois da confirma\u00e7\u00e3o da sa\u00edda de Jos\u00e9 Eduardo do programa Balan\u00e7o Geral, o novo apresentador do programa foi definido pela Record Bahia, trata-se do jornalista Marcus Pimenta, que estava na Record do Par\u00e1. Marcus retorna \u00e0 Bahia para assumir o comando do telejornal a partir da pr\u00f3xima semana, o jornalista j\u00e1 teve passagem pela Record [&hellip;]<\/p>\n","protected":false},"author":2,"featured_media":36785,"comment_status":"open","ping_status":"open","sticky":false,"template":"","format":"standard","meta":{"_monsterinsights_skip_tracking":false,"_monsterinsights_sitenote_active":false,"_monsterinsights_sitenote_note":"","_monsterinsights_sitenote_category":0,"footnotes":""},"categories":[48,43],"tags":[],"yoast_head":"<!-- This site is optimized with the Yoast SEO plugin v22.9 - https:\/\/yoast.com\/wordpress\/plugins\/seo\/ -->\n<title>Marcus Pimenta assume Balan\u00e7o Geral Bahia e emissora ter\u00e1 mudan\u00e7a - Portal MF<\/title>\n<meta name=\"robots\" content=\"index, follow, max-snippet:-1, max-image-preview:large, max-video-preview:-1\" \/>\n<link rel=\"canonical\" href=\"https:\/\/portalmf.com.br\/index.php\/2025\/06\/16\/marcus-pimenta-assume-balanco-geral-bahia-e-emissora-tera-mudanca\/\" \/>\n<meta property=\"og:locale\" content=\"pt_BR\" \/>\n<meta property=\"og:type\" content=\"article\" \/>\n<meta property=\"og:title\" content=\"Marcus Pimenta assume Balan\u00e7o Geral Bahia e emissora ter\u00e1 mudan\u00e7a - Portal MF\" \/>\n<meta property=\"og:description\" content=\"Depois da confirma\u00e7\u00e3o da sa\u00edda de Jos\u00e9 Eduardo do programa Balan\u00e7o Geral, o novo apresentador do programa foi definido pela Record Bahia, trata-se do jornalista Marcus Pimenta, que estava na Record do Par\u00e1. Marcus retorna \u00e0 Bahia para assumir o comando do telejornal a partir da pr\u00f3xima semana, o jornalista j\u00e1 teve passagem pela Record [&hellip;]\" \/>\n<meta property=\"og:url\" content=\"https:\/\/portalmf.com.br\/index.php\/2025\/06\/16\/marcus-pimenta-assume-balanco-geral-bahia-e-emissora-tera-mudanca\/\" \/>\n<meta property=\"og:site_name\" content=\"Portal MF\" \/>\n<meta property=\"article:author\" content=\"reginaldojrfsa\" \/>\n<meta property=\"article:published_time\" content=\"2025-06-16T12:59:52+00:00\" \/>\n<meta property=\"article:modified_time\" content=\"2025-06-16T13:03:04+00:00\" \/>\n<meta property=\"og:image\" content=\"https:\/\/portalmf.com.br\/wp-content\/uploads\/2025\/06\/Marcus-Pimenta-Balanco-Geral-PA-1-860x484-1.jpg\" \/>\n\t<meta property=\"og:image:width\" content=\"860\" \/>\n\t<meta property=\"og:image:height\" content=\"484\" \/>\n\t<meta property=\"og:image:type\" content=\"image\/jpeg\" \/>\n<meta name=\"author\" content=\"Reginaldo J\u00fanior\" \/>\n<meta name=\"twitter:card\" content=\"summary_large_image\" \/>\n<meta name=\"twitter:creator\" content=\"@reginaldojrmf\" \/>\n<meta name=\"twitter:label1\" content=\"Escrito por\" \/>\n\t<meta name=\"twitter:data1\" content=\"Reginaldo J\u00fanior\" \/>\n\t<meta name=\"twitter:label2\" content=\"Est. tempo de leitura\" \/>\n\t<meta name=\"twitter:data2\" content=\"2 minutos\" \/>\n<script type=\"application\/ld+json\" class=\"yoast-schema-graph\">{\"@context\":\"https:\/\/schema.org\",\"@graph\":[{\"@type\":\"WebPage\",\"@id\":\"https:\/\/portalmf.com.br\/index.php\/2025\/06\/16\/marcus-pimenta-assume-balanco-geral-bahia-e-emissora-tera-mudanca\/\",\"url\":\"https:\/\/portalmf.com.br\/index.php\/2025\/06\/16\/marcus-pimenta-assume-balanco-geral-bahia-e-emissora-tera-mudanca\/\",\"name\":\"Marcus Pimenta assume Balan\u00e7o Geral Bahia e emissora ter\u00e1 mudan\u00e7a - Portal MF\",\"isPartOf\":{\"@id\":\"https:\/\/portalmf.com.br\/#website\"},\"primaryImageOfPage\":{\"@id\":\"https:\/\/portalmf.com.br\/index.php\/2025\/06\/16\/marcus-pimenta-assume-balanco-geral-bahia-e-emissora-tera-mudanca\/#primaryimage\"},\"image\":{\"@id\":\"https:\/\/portalmf.com.br\/index.php\/2025\/06\/16\/marcus-pimenta-assume-balanco-geral-bahia-e-emissora-tera-mudanca\/#primaryimage\"},\"thumbnailUrl\":\"https:\/\/portalmf.com.br\/wp-content\/uploads\/2025\/06\/Marcus-Pimenta-Balanco-Geral-PA-1-860x484-1.jpg\",\"datePublished\":\"2025-06-16T12:59:52+00:00\",\"dateModified\":\"2025-06-16T13:03:04+00:00\",\"author\":{\"@id\":\"https:\/\/portalmf.com.br\/#\/schema\/person\/11c82086fe8abc05a19147e964587285\"},\"breadcrumb\":{\"@id\":\"https:\/\/portalmf.com.br\/index.php\/2025\/06\/16\/marcus-pimenta-assume-balanco-geral-bahia-e-emissora-tera-mudanca\/#breadcrumb\"},\"inLanguage\":\"pt-BR\",\"potentialAction\":[{\"@type\":\"ReadAction\",\"target\":[\"https:\/\/portalmf.com.br\/index.php\/2025\/06\/16\/marcus-pimenta-assume-balanco-geral-bahia-e-emissora-tera-mudanca\/\"]}]},{\"@type\":\"ImageObject\",\"inLanguage\":\"pt-BR\",\"@id\":\"https:\/\/portalmf.com.br\/index.php\/2025\/06\/16\/marcus-pimenta-assume-balanco-geral-bahia-e-emissora-tera-mudanca\/#primaryimage\",\"url\":\"https:\/\/portalmf.com.br\/wp-content\/uploads\/2025\/06\/Marcus-Pimenta-Balanco-Geral-PA-1-860x484-1.jpg\",\"contentUrl\":\"https:\/\/portalmf.com.br\/wp-content\/uploads\/2025\/06\/Marcus-Pimenta-Balanco-Geral-PA-1-860x484-1.jpg\",\"width\":860,\"height\":484},{\"@type\":\"BreadcrumbList\",\"@id\":\"https:\/\/portalmf.com.br\/index.php\/2025\/06\/16\/marcus-pimenta-assume-balanco-geral-bahia-e-emissora-tera-mudanca\/#breadcrumb\",\"itemListElement\":[{\"@type\":\"ListItem\",\"position\":1,\"name\":\"In\u00edcio\",\"item\":\"https:\/\/portalmf.com.br\/\"},{\"@type\":\"ListItem\",\"position\":2,\"name\":\"Marcus Pimenta assume Balan\u00e7o Geral Bahia e emissora ter\u00e1 mudan\u00e7a\"}]},{\"@type\":\"WebSite\",\"@id\":\"https:\/\/portalmf.com.br\/#website\",\"url\":\"https:\/\/portalmf.com.br\/\",\"name\":\"Portal MF\",\"description\":\"Voc\u00ea conectado com a informa\u00e7\u00e3o\",\"potentialAction\":[{\"@type\":\"SearchAction\",\"target\":{\"@type\":\"EntryPoint\",\"urlTemplate\":\"https:\/\/portalmf.com.br\/?s={search_term_string}\"},\"query-input\":\"required name=search_term_string\"}],\"inLanguage\":\"pt-BR\"},{\"@type\":\"Person\",\"@id\":\"https:\/\/portalmf.com.br\/#\/schema\/person\/11c82086fe8abc05a19147e964587285\",\"name\":\"Reginaldo J\u00fanior\",\"image\":{\"@type\":\"ImageObject\",\"inLanguage\":\"pt-BR\",\"@id\":\"https:\/\/portalmf.com.br\/#\/schema\/person\/image\/\",\"url\":\"https:\/\/secure.gravatar.com\/avatar\/32a3c797cd0ac47cc53b8644c62776f9?s=96&d=mm&r=g\",\"contentUrl\":\"https:\/\/secure.gravatar.com\/avatar\/32a3c797cd0ac47cc53b8644c62776f9?s=96&d=mm&r=g\",\"caption\":\"Reginaldo J\u00fanior\"},\"description\":\"Jornalista e idealizador Portal MF\",\"sameAs\":[\"https:\/\/portalmf.com.br\/index.php\/author\/reginaldojr\/\",\"reginaldojrfsa\",\"reginaldojuniormf\",\"https:\/\/x.com\/reginaldojrmf\"],\"url\":\"https:\/\/portalmf.com.br\/index.php\/author\/reginaldojr\/\"}]}<\/script>\n<!-- \/ Yoast SEO plugin. -->","yoast_head_json":{"title":"Marcus Pimenta assume Balan\u00e7o Geral Bahia e emissora ter\u00e1 mudan\u00e7a - Portal MF","robots":{"index":"index","follow":"follow","max-snippet":"max-snippet:-1","max-image-preview":"max-image-preview:large","max-video-preview":"max-video-preview:-1"},"canonical":"https:\/\/portalmf.com.br\/index.php\/2025\/06\/16\/marcus-pimenta-assume-balanco-geral-bahia-e-emissora-tera-mudanca\/","og_locale":"pt_BR","og_type":"article","og_title":"Marcus Pimenta assume Balan\u00e7o Geral Bahia e emissora ter\u00e1 mudan\u00e7a - Portal MF","og_description":"Depois da confirma\u00e7\u00e3o da sa\u00edda de Jos\u00e9 Eduardo do programa Balan\u00e7o Geral, o novo apresentador do programa foi definido pela Record Bahia, trata-se do jornalista Marcus Pimenta, que estava na Record do Par\u00e1. Marcus retorna \u00e0 Bahia para assumir o comando do telejornal a partir da pr\u00f3xima semana, o jornalista j\u00e1 teve passagem pela Record [&hellip;]","og_url":"https:\/\/portalmf.com.br\/index.php\/2025\/06\/16\/marcus-pimenta-assume-balanco-geral-bahia-e-emissora-tera-mudanca\/","og_site_name":"Portal MF","article_author":"reginaldojrfsa","article_published_time":"2025-06-16T12:59:52+00:00","article_modified_time":"2025-06-16T13:03:04+00:00","og_image":[{"width":860,"height":484,"url":"https:\/\/portalmf.com.br\/wp-content\/uploads\/2025\/06\/Marcus-Pimenta-Balanco-Geral-PA-1-860x484-1.jpg","type":"image\/jpeg"}],"author":"Reginaldo J\u00fanior","twitter_card":"summary_large_image","twitter_creator":"@reginaldojrmf","twitter_misc":{"Escrito por":"Reginaldo J\u00fanior","Est. tempo de leitura":"2 minutos"},"schema":{"@context":"https:\/\/schema.org","@graph":[{"@type":"WebPage","@id":"https:\/\/portalmf.com.br\/index.php\/2025\/06\/16\/marcus-pimenta-assume-balanco-geral-bahia-e-emissora-tera-mudanca\/","url":"https:\/\/portalmf.com.br\/index.php\/2025\/06\/16\/marcus-pimenta-assume-balanco-geral-bahia-e-emissora-tera-mudanca\/","name":"Marcus Pimenta assume Balan\u00e7o Geral Bahia e emissora ter\u00e1 mudan\u00e7a - Portal MF","isPartOf":{"@id":"https:\/\/portalmf.com.br\/#website"},"primaryImageOfPage":{"@id":"https:\/\/portalmf.com.br\/index.php\/2025\/06\/16\/marcus-pimenta-assume-balanco-geral-bahia-e-emissora-tera-mudanca\/#primaryimage"},"image":{"@id":"https:\/\/portalmf.com.br\/index.php\/2025\/06\/16\/marcus-pimenta-assume-balanco-geral-bahia-e-emissora-tera-mudanca\/#primaryimage"},"thumbnailUrl":"https:\/\/portalmf.com.br\/wp-content\/uploads\/2025\/06\/Marcus-Pimenta-Balanco-Geral-PA-1-860x484-1.jpg","datePublished":"2025-06-16T12:59:52+00:00","dateModified":"2025-06-16T13:03:04+00:00","author":{"@id":"https:\/\/portalmf.com.br\/#\/schema\/person\/11c82086fe8abc05a19147e964587285"},"breadcrumb":{"@id":"https:\/\/portalmf.com.br\/index.php\/2025\/06\/16\/marcus-pimenta-assume-balanco-geral-bahia-e-emissora-tera-mudanca\/#breadcrumb"},"inLanguage":"pt-BR","potentialAction":[{"@type":"ReadAction","target":["https:\/\/portalmf.com.br\/index.php\/2025\/06\/16\/marcus-pimenta-assume-balanco-geral-bahia-e-emissora-tera-mudanca\/"]}]},{"@type":"ImageObject","inLanguage":"pt-BR","@id":"https:\/\/portalmf.com.br\/index.php\/2025\/06\/16\/marcus-pimenta-assume-balanco-geral-bahia-e-emissora-tera-mudanca\/#primaryimage","url":"https:\/\/portalmf.com.br\/wp-content\/uploads\/2025\/06\/Marcus-Pimenta-Balanco-Geral-PA-1-860x484-1.jpg","contentUrl":"https:\/\/portalmf.com.br\/wp-content\/uploads\/2025\/06\/Marcus-Pimenta-Balanco-Geral-PA-1-860x484-1.jpg","width":860,"height":484},{"@type":"BreadcrumbList","@id":"https:\/\/portalmf.com.br\/index.php\/2025\/06\/16\/marcus-pimenta-assume-balanco-geral-bahia-e-emissora-tera-mudanca\/#breadcrumb","itemListElement":[{"@type":"ListItem","position":1,"name":"In\u00edcio","item":"https:\/\/portalmf.com.br\/"},{"@type":"ListItem","position":2,"name":"Marcus Pimenta assume Balan\u00e7o Geral Bahia e emissora ter\u00e1 mudan\u00e7a"}]},{"@type":"WebSite","@id":"https:\/\/portalmf.com.br\/#website","url":"https:\/\/portalmf.com.br\/","name":"Portal MF","description":"Voc\u00ea conectado com a informa\u00e7\u00e3o","potentialAction":[{"@type":"SearchAction","target":{"@type":"EntryPoint","urlTemplate":"https:\/\/portalmf.com.br\/?s={search_term_string}"},"query-input":"required name=search_term_string"}],"inLanguage":"pt-BR"},{"@type":"Person","@id":"https:\/\/portalmf.com.br\/#\/schema\/person\/11c82086fe8abc05a19147e964587285","name":"Reginaldo J\u00fanior","image":{"@type":"ImageObject","inLanguage":"pt-BR","@id":"https:\/\/portalmf.com.br\/#\/schema\/person\/image\/","url":"https:\/\/secure.gravatar.com\/avatar\/32a3c797cd0ac47cc53b8644c62776f9?s=96&d=mm&r=g","contentUrl":"https:\/\/secure.gravatar.com\/avatar\/32a3c797cd0ac47cc53b8644c62776f9?s=96&d=mm&r=g","caption":"Reginaldo J\u00fanior"},"description":"Jornalista e idealizador Portal MF","sameAs":["https:\/\/portalmf.com.br\/index.php\/author\/reginaldojr\/","reginaldojrfsa","reginaldojuniormf","https:\/\/x.com\/reginaldojrmf"],"url":"https:\/\/portalmf.com.br\/index.php\/author\/reginaldojr\/"}]}},"_links":{"self":[{"href":"https:\/\/portalmf.com.br\/index.php\/wp-json\/wp\/v2\/posts\/36783"}],"collection":[{"href":"https:\/\/portalmf.com.br\/index.php\/wp-json\/wp\/v2\/posts"}],"about":[{"href":"https:\/\/portalmf.com.br\/index.php\/wp-json\/wp\/v2\/types\/post"}],"author":[{"embeddable":true,"href":"https:\/\/portalmf.com.br\/index.php\/wp-json\/wp\/v2\/users\/2"}],"replies":[{"embeddable":true,"href":"https:\/\/portalmf.com.br\/index.php\/wp-json\/wp\/v2\/comments?post=36783"}],"version-history":[{"count":2,"href":"https:\/\/portalmf.com.br\/index.php\/wp-json\/wp\/v2\/posts\/36783\/revisions"}],"predecessor-version":[{"id":36788,"href":"https:\/\/portalmf.com.br\/index.php\/wp-json\/wp\/v2\/posts\/36783\/revisions\/36788"}],"wp:featuredmedia":[{"embeddable":true,"href":"https:\/\/portalmf.com.br\/index.php\/wp-json\/wp\/v2\/media\/36785"}],"wp:attachment":[{"href":"https:\/\/portalmf.com.br\/index.php\/wp-json\/wp\/v2\/media?parent=36783"}],"wp:term":[{"taxonomy":"category","embeddable":true,"href":"https:\/\/portalmf.com.br\/index.php\/wp-json\/wp\/v2\/categories?post=36783"},{"taxonomy":"post_tag","embeddable":true,"href":"https:\/\/portalmf.com.br\/index.php\/wp-json\/wp\/v2\/tags?post=36783"}],"curies":[{"name":"wp","href":"https:\/\/api.w.org\/{rel}","templated":true}]}}