{"id":36537,"date":"2025-06-03T10:21:45","date_gmt":"2025-06-03T13:21:45","guid":{"rendered":"https:\/\/portalmf.com.br\/?p=36537"},"modified":"2025-06-03T10:21:46","modified_gmt":"2025-06-03T13:21:46","slug":"trofeu-oscar-folia-celebra-os-destaques-da-micareta-em-noite-de-premiacao","status":"publish","type":"post","link":"https:\/\/portalmf.com.br\/index.php\/2025\/06\/03\/trofeu-oscar-folia-celebra-os-destaques-da-micareta-em-noite-de-premiacao\/","title":{"rendered":"Trof\u00e9u Oscar Folia celebra os destaques da Micareta em noite de premia\u00e7\u00e3o"},"content":{"rendered":"\n<p>A folia ainda n\u00e3o acabou para os apaixonados pela Micareta de Feira de Santana, maior carnaval fora de \u00e9poca da Bahia. Nesta quinta-feira, 5, \u00e0s 19h, o Centro de Cultura Am\u00e9lio Amorim ser\u00e1 palco da entrega do Trof\u00e9u Oscar Folia, que homenageia os grandes destaques do festejo deste.<\/p>\n\n\n\n<p>Ap\u00f3s dias intensos de festa, trios el\u00e9tricos, camarotes, pipoca e muita energia, \u00e9 hora de reconhecer aqueles que fizeram da micareta um evento inesquec\u00edvel. O pr\u00eamio celebra a dedica\u00e7\u00e3o, alegria e participa\u00e7\u00e3o dos foli\u00f5es, artistas, blocos, camarotes e personalidades que marcaram presen\u00e7a e contribu\u00edram para o sucesso do evento.<\/p>\n\n\n\n<p>A entrada \u00e9 gratuita, mas a organiza\u00e7\u00e3o sugere a doa\u00e7\u00e3o de 1 kg de alimento n\u00e3o perec\u00edvel, que ser\u00e1 destinado a institui\u00e7\u00f5es beneficentes da cidade, um gesto que refor\u00e7a o esp\u00edrito solid\u00e1rio da festa.<\/p>\n\n\n\n<p>O Trof\u00e9u Oscar Folia \u00e9 promovido pela Revista Alternativa com apoio da Prefeitura de Feira de Santana e faz parte do encerramento oficial da Micareta 2025.<\/p>\n\n\n\n<p>O tradicional trof\u00e9u conta com uma homenagem especial ao artista pl\u00e1stico feirense Juraci D\u00f3rea, respons\u00e1vel por assinar o design deste ano. A iniciativa refor\u00e7a a liga\u00e7\u00e3o da premia\u00e7\u00e3o com a cultura local e celebra um dos nomes mais emblem\u00e1ticos das artes visuais da cidade.<\/p>\n\n\n\n<p>Para Girl\u00e2nio Guirra, coordenador do projeto, esta edi\u00e7\u00e3o representa um marco importante. <em>\u201cEsse trof\u00e9u \u00e9 o reconhecimento de quem faz a Micareta acontecer com paix\u00e3o e entrega. \u00c9 uma forma de agradecer a cada artista, bloco, foli\u00e3o e profissional que contribuiu para essa festa grandiosa. A noite do Oscar Folia \u00e9 um momento de gratid\u00e3o, celebra\u00e7\u00e3o e mem\u00f3ria da nossa cultura\u201d.<\/em><\/p>\n\n\n\n<p>Com informa\u00e7\u00f5es da Secom <\/p>\n","protected":false},"excerpt":{"rendered":"<p>A folia ainda n\u00e3o acabou para os apaixonados pela Micareta de Feira de Santana, maior carnaval fora de \u00e9poca da Bahia. Nesta quinta-feira, 5, \u00e0s 19h, o Centro de Cultura Am\u00e9lio Amorim ser\u00e1 palco da entrega do Trof\u00e9u Oscar Folia, que homenageia os grandes destaques do festejo deste. Ap\u00f3s dias intensos de festa, trios el\u00e9tricos, [&hellip;]<\/p>\n","protected":false},"author":3,"featured_media":35570,"comment_status":"open","ping_status":"open","sticky":false,"template":"","format":"standard","meta":{"_monsterinsights_skip_tracking":false,"_monsterinsights_sitenote_active":false,"_monsterinsights_sitenote_note":"","_monsterinsights_sitenote_category":0,"footnotes":""},"categories":[39],"tags":[],"yoast_head":"<!-- This site is optimized with the Yoast SEO plugin v22.9 - https:\/\/yoast.com\/wordpress\/plugins\/seo\/ -->\n<title>Trof\u00e9u Oscar Folia celebra os destaques da Micareta em noite de premia\u00e7\u00e3o - Portal MF<\/title>\n<meta name=\"robots\" content=\"index, follow, max-snippet:-1, max-image-preview:large, max-video-preview:-1\" \/>\n<link rel=\"canonical\" href=\"https:\/\/portalmf.com.br\/index.php\/2025\/06\/03\/trofeu-oscar-folia-celebra-os-destaques-da-micareta-em-noite-de-premiacao\/\" \/>\n<meta property=\"og:locale\" content=\"pt_BR\" \/>\n<meta property=\"og:type\" content=\"article\" \/>\n<meta property=\"og:title\" content=\"Trof\u00e9u Oscar Folia celebra os destaques da Micareta em noite de premia\u00e7\u00e3o - Portal MF\" \/>\n<meta property=\"og:description\" content=\"A folia ainda n\u00e3o acabou para os apaixonados pela Micareta de Feira de Santana, maior carnaval fora de \u00e9poca da Bahia. Nesta quinta-feira, 5, \u00e0s 19h, o Centro de Cultura Am\u00e9lio Amorim ser\u00e1 palco da entrega do Trof\u00e9u Oscar Folia, que homenageia os grandes destaques do festejo deste. Ap\u00f3s dias intensos de festa, trios el\u00e9tricos, [&hellip;]\" \/>\n<meta property=\"og:url\" content=\"https:\/\/portalmf.com.br\/index.php\/2025\/06\/03\/trofeu-oscar-folia-celebra-os-destaques-da-micareta-em-noite-de-premiacao\/\" \/>\n<meta property=\"og:site_name\" content=\"Portal MF\" \/>\n<meta property=\"article:author\" content=\"https:\/\/www.facebook.com\/portalmfoficial\" \/>\n<meta property=\"article:published_time\" content=\"2025-06-03T13:21:45+00:00\" \/>\n<meta property=\"article:modified_time\" content=\"2025-06-03T13:21:46+00:00\" \/>\n<meta property=\"og:image\" content=\"https:\/\/portalmf.com.br\/wp-content\/uploads\/2025\/04\/Trofeu-Oscar-Marques-Folia-foto-Jorge-Magalhaes-177-scaled.jpeg\" \/>\n\t<meta property=\"og:image:width\" content=\"2560\" \/>\n\t<meta property=\"og:image:height\" content=\"1711\" \/>\n\t<meta property=\"og:image:type\" content=\"image\/jpeg\" \/>\n<meta name=\"author\" content=\"Reda\u00e7\u00e3o Portal MF\" \/>\n<meta name=\"twitter:card\" content=\"summary_large_image\" \/>\n<meta name=\"twitter:creator\" content=\"@https:\/\/x.com\/portalmfoficial\" \/>\n<meta name=\"twitter:label1\" content=\"Escrito por\" \/>\n\t<meta name=\"twitter:data1\" content=\"Reda\u00e7\u00e3o Portal MF\" \/>\n\t<meta name=\"twitter:label2\" content=\"Est. tempo de leitura\" \/>\n\t<meta name=\"twitter:data2\" content=\"2 minutos\" \/>\n<script type=\"application\/ld+json\" class=\"yoast-schema-graph\">{\"@context\":\"https:\/\/schema.org\",\"@graph\":[{\"@type\":\"WebPage\",\"@id\":\"https:\/\/portalmf.com.br\/index.php\/2025\/06\/03\/trofeu-oscar-folia-celebra-os-destaques-da-micareta-em-noite-de-premiacao\/\",\"url\":\"https:\/\/portalmf.com.br\/index.php\/2025\/06\/03\/trofeu-oscar-folia-celebra-os-destaques-da-micareta-em-noite-de-premiacao\/\",\"name\":\"Trof\u00e9u Oscar Folia celebra os destaques da Micareta em noite de premia\u00e7\u00e3o - Portal MF\",\"isPartOf\":{\"@id\":\"https:\/\/portalmf.com.br\/#website\"},\"primaryImageOfPage\":{\"@id\":\"https:\/\/portalmf.com.br\/index.php\/2025\/06\/03\/trofeu-oscar-folia-celebra-os-destaques-da-micareta-em-noite-de-premiacao\/#primaryimage\"},\"image\":{\"@id\":\"https:\/\/portalmf.com.br\/index.php\/2025\/06\/03\/trofeu-oscar-folia-celebra-os-destaques-da-micareta-em-noite-de-premiacao\/#primaryimage\"},\"thumbnailUrl\":\"https:\/\/portalmf.com.br\/wp-content\/uploads\/2025\/04\/Trofeu-Oscar-Marques-Folia-foto-Jorge-Magalhaes-177-scaled.jpeg\",\"datePublished\":\"2025-06-03T13:21:45+00:00\",\"dateModified\":\"2025-06-03T13:21:46+00:00\",\"author\":{\"@id\":\"https:\/\/portalmf.com.br\/#\/schema\/person\/9ec101baf56233e53520c26de5d6f6f0\"},\"breadcrumb\":{\"@id\":\"https:\/\/portalmf.com.br\/index.php\/2025\/06\/03\/trofeu-oscar-folia-celebra-os-destaques-da-micareta-em-noite-de-premiacao\/#breadcrumb\"},\"inLanguage\":\"pt-BR\",\"potentialAction\":[{\"@type\":\"ReadAction\",\"target\":[\"https:\/\/portalmf.com.br\/index.php\/2025\/06\/03\/trofeu-oscar-folia-celebra-os-destaques-da-micareta-em-noite-de-premiacao\/\"]}]},{\"@type\":\"ImageObject\",\"inLanguage\":\"pt-BR\",\"@id\":\"https:\/\/portalmf.com.br\/index.php\/2025\/06\/03\/trofeu-oscar-folia-celebra-os-destaques-da-micareta-em-noite-de-premiacao\/#primaryimage\",\"url\":\"https:\/\/portalmf.com.br\/wp-content\/uploads\/2025\/04\/Trofeu-Oscar-Marques-Folia-foto-Jorge-Magalhaes-177-scaled.jpeg\",\"contentUrl\":\"https:\/\/portalmf.com.br\/wp-content\/uploads\/2025\/04\/Trofeu-Oscar-Marques-Folia-foto-Jorge-Magalhaes-177-scaled.jpeg\",\"width\":2560,\"height\":1711},{\"@type\":\"BreadcrumbList\",\"@id\":\"https:\/\/portalmf.com.br\/index.php\/2025\/06\/03\/trofeu-oscar-folia-celebra-os-destaques-da-micareta-em-noite-de-premiacao\/#breadcrumb\",\"itemListElement\":[{\"@type\":\"ListItem\",\"position\":1,\"name\":\"In\u00edcio\",\"item\":\"https:\/\/portalmf.com.br\/\"},{\"@type\":\"ListItem\",\"position\":2,\"name\":\"Trof\u00e9u Oscar Folia celebra os destaques da Micareta em noite de premia\u00e7\u00e3o\"}]},{\"@type\":\"WebSite\",\"@id\":\"https:\/\/portalmf.com.br\/#website\",\"url\":\"https:\/\/portalmf.com.br\/\",\"name\":\"Portal MF\",\"description\":\"Voc\u00ea conectado com a informa\u00e7\u00e3o\",\"potentialAction\":[{\"@type\":\"SearchAction\",\"target\":{\"@type\":\"EntryPoint\",\"urlTemplate\":\"https:\/\/portalmf.com.br\/?s={search_term_string}\"},\"query-input\":\"required name=search_term_string\"}],\"inLanguage\":\"pt-BR\"},{\"@type\":\"Person\",\"@id\":\"https:\/\/portalmf.com.br\/#\/schema\/person\/9ec101baf56233e53520c26de5d6f6f0\",\"name\":\"Reda\u00e7\u00e3o Portal MF\",\"image\":{\"@type\":\"ImageObject\",\"inLanguage\":\"pt-BR\",\"@id\":\"https:\/\/portalmf.com.br\/#\/schema\/person\/image\/\",\"url\":\"https:\/\/secure.gravatar.com\/avatar\/41b9aaeb2100835f7c64362330f74c7f?s=96&d=mm&r=g\",\"contentUrl\":\"https:\/\/secure.gravatar.com\/avatar\/41b9aaeb2100835f7c64362330f74c7f?s=96&d=mm&r=g\",\"caption\":\"Reda\u00e7\u00e3o Portal MF\"},\"description\":\"Sejam bem-vindos o portal de informa\u00e7\u00f5es de entretenimento de Feira de Santana, desde 2006 realiza coberturas dos principais eventos com entrevistas exclusivas com as principais personalidades mundiais. Fique conectado tamb\u00e9m nas redes sociais.\",\"sameAs\":[\"http:\/\/www.portalmf.com.br\/\",\"https:\/\/www.facebook.com\/portalmfoficial\",\"https:\/\/www.instagram.com\/portalmf\/\",\"https:\/\/x.com\/https:\/\/x.com\/portalmfoficial\",\"https:\/\/www.youtube.com\/@portalmfoficial\"],\"url\":\"https:\/\/portalmf.com.br\/index.php\/author\/junior\/\"}]}<\/script>\n<!-- \/ Yoast SEO plugin. -->","yoast_head_json":{"title":"Trof\u00e9u Oscar Folia celebra os destaques da Micareta em noite de premia\u00e7\u00e3o - Portal MF","robots":{"index":"index","follow":"follow","max-snippet":"max-snippet:-1","max-image-preview":"max-image-preview:large","max-video-preview":"max-video-preview:-1"},"canonical":"https:\/\/portalmf.com.br\/index.php\/2025\/06\/03\/trofeu-oscar-folia-celebra-os-destaques-da-micareta-em-noite-de-premiacao\/","og_locale":"pt_BR","og_type":"article","og_title":"Trof\u00e9u Oscar Folia celebra os destaques da Micareta em noite de premia\u00e7\u00e3o - Portal MF","og_description":"A folia ainda n\u00e3o acabou para os apaixonados pela Micareta de Feira de Santana, maior carnaval fora de \u00e9poca da Bahia. Nesta quinta-feira, 5, \u00e0s 19h, o Centro de Cultura Am\u00e9lio Amorim ser\u00e1 palco da entrega do Trof\u00e9u Oscar Folia, que homenageia os grandes destaques do festejo deste. Ap\u00f3s dias intensos de festa, trios el\u00e9tricos, [&hellip;]","og_url":"https:\/\/portalmf.com.br\/index.php\/2025\/06\/03\/trofeu-oscar-folia-celebra-os-destaques-da-micareta-em-noite-de-premiacao\/","og_site_name":"Portal MF","article_author":"https:\/\/www.facebook.com\/portalmfoficial","article_published_time":"2025-06-03T13:21:45+00:00","article_modified_time":"2025-06-03T13:21:46+00:00","og_image":[{"width":2560,"height":1711,"url":"https:\/\/portalmf.com.br\/wp-content\/uploads\/2025\/04\/Trofeu-Oscar-Marques-Folia-foto-Jorge-Magalhaes-177-scaled.jpeg","type":"image\/jpeg"}],"author":"Reda\u00e7\u00e3o Portal MF","twitter_card":"summary_large_image","twitter_creator":"@https:\/\/x.com\/portalmfoficial","twitter_misc":{"Escrito por":"Reda\u00e7\u00e3o Portal MF","Est. tempo de leitura":"2 minutos"},"schema":{"@context":"https:\/\/schema.org","@graph":[{"@type":"WebPage","@id":"https:\/\/portalmf.com.br\/index.php\/2025\/06\/03\/trofeu-oscar-folia-celebra-os-destaques-da-micareta-em-noite-de-premiacao\/","url":"https:\/\/portalmf.com.br\/index.php\/2025\/06\/03\/trofeu-oscar-folia-celebra-os-destaques-da-micareta-em-noite-de-premiacao\/","name":"Trof\u00e9u Oscar Folia celebra os destaques da Micareta em noite de premia\u00e7\u00e3o - Portal MF","isPartOf":{"@id":"https:\/\/portalmf.com.br\/#website"},"primaryImageOfPage":{"@id":"https:\/\/portalmf.com.br\/index.php\/2025\/06\/03\/trofeu-oscar-folia-celebra-os-destaques-da-micareta-em-noite-de-premiacao\/#primaryimage"},"image":{"@id":"https:\/\/portalmf.com.br\/index.php\/2025\/06\/03\/trofeu-oscar-folia-celebra-os-destaques-da-micareta-em-noite-de-premiacao\/#primaryimage"},"thumbnailUrl":"https:\/\/portalmf.com.br\/wp-content\/uploads\/2025\/04\/Trofeu-Oscar-Marques-Folia-foto-Jorge-Magalhaes-177-scaled.jpeg","datePublished":"2025-06-03T13:21:45+00:00","dateModified":"2025-06-03T13:21:46+00:00","author":{"@id":"https:\/\/portalmf.com.br\/#\/schema\/person\/9ec101baf56233e53520c26de5d6f6f0"},"breadcrumb":{"@id":"https:\/\/portalmf.com.br\/index.php\/2025\/06\/03\/trofeu-oscar-folia-celebra-os-destaques-da-micareta-em-noite-de-premiacao\/#breadcrumb"},"inLanguage":"pt-BR","potentialAction":[{"@type":"ReadAction","target":["https:\/\/portalmf.com.br\/index.php\/2025\/06\/03\/trofeu-oscar-folia-celebra-os-destaques-da-micareta-em-noite-de-premiacao\/"]}]},{"@type":"ImageObject","inLanguage":"pt-BR","@id":"https:\/\/portalmf.com.br\/index.php\/2025\/06\/03\/trofeu-oscar-folia-celebra-os-destaques-da-micareta-em-noite-de-premiacao\/#primaryimage","url":"https:\/\/portalmf.com.br\/wp-content\/uploads\/2025\/04\/Trofeu-Oscar-Marques-Folia-foto-Jorge-Magalhaes-177-scaled.jpeg","contentUrl":"https:\/\/portalmf.com.br\/wp-content\/uploads\/2025\/04\/Trofeu-Oscar-Marques-Folia-foto-Jorge-Magalhaes-177-scaled.jpeg","width":2560,"height":1711},{"@type":"BreadcrumbList","@id":"https:\/\/portalmf.com.br\/index.php\/2025\/06\/03\/trofeu-oscar-folia-celebra-os-destaques-da-micareta-em-noite-de-premiacao\/#breadcrumb","itemListElement":[{"@type":"ListItem","position":1,"name":"In\u00edcio","item":"https:\/\/portalmf.com.br\/"},{"@type":"ListItem","position":2,"name":"Trof\u00e9u Oscar Folia celebra os destaques da Micareta em noite de premia\u00e7\u00e3o"}]},{"@type":"WebSite","@id":"https:\/\/portalmf.com.br\/#website","url":"https:\/\/portalmf.com.br\/","name":"Portal MF","description":"Voc\u00ea conectado com a informa\u00e7\u00e3o","potentialAction":[{"@type":"SearchAction","target":{"@type":"EntryPoint","urlTemplate":"https:\/\/portalmf.com.br\/?s={search_term_string}"},"query-input":"required name=search_term_string"}],"inLanguage":"pt-BR"},{"@type":"Person","@id":"https:\/\/portalmf.com.br\/#\/schema\/person\/9ec101baf56233e53520c26de5d6f6f0","name":"Reda\u00e7\u00e3o Portal MF","image":{"@type":"ImageObject","inLanguage":"pt-BR","@id":"https:\/\/portalmf.com.br\/#\/schema\/person\/image\/","url":"https:\/\/secure.gravatar.com\/avatar\/41b9aaeb2100835f7c64362330f74c7f?s=96&d=mm&r=g","contentUrl":"https:\/\/secure.gravatar.com\/avatar\/41b9aaeb2100835f7c64362330f74c7f?s=96&d=mm&r=g","caption":"Reda\u00e7\u00e3o Portal MF"},"description":"Sejam bem-vindos o portal de informa\u00e7\u00f5es de entretenimento de Feira de Santana, desde 2006 realiza coberturas dos principais eventos com entrevistas exclusivas com as principais personalidades mundiais. Fique conectado tamb\u00e9m nas redes sociais.","sameAs":["http:\/\/www.portalmf.com.br\/","https:\/\/www.facebook.com\/portalmfoficial","https:\/\/www.instagram.com\/portalmf\/","https:\/\/x.com\/https:\/\/x.com\/portalmfoficial","https:\/\/www.youtube.com\/@portalmfoficial"],"url":"https:\/\/portalmf.com.br\/index.php\/author\/junior\/"}]}},"_links":{"self":[{"href":"https:\/\/portalmf.com.br\/index.php\/wp-json\/wp\/v2\/posts\/36537"}],"collection":[{"href":"https:\/\/portalmf.com.br\/index.php\/wp-json\/wp\/v2\/posts"}],"about":[{"href":"https:\/\/portalmf.com.br\/index.php\/wp-json\/wp\/v2\/types\/post"}],"author":[{"embeddable":true,"href":"https:\/\/portalmf.com.br\/index.php\/wp-json\/wp\/v2\/users\/3"}],"replies":[{"embeddable":true,"href":"https:\/\/portalmf.com.br\/index.php\/wp-json\/wp\/v2\/comments?post=36537"}],"version-history":[{"count":1,"href":"https:\/\/portalmf.com.br\/index.php\/wp-json\/wp\/v2\/posts\/36537\/revisions"}],"predecessor-version":[{"id":36538,"href":"https:\/\/portalmf.com.br\/index.php\/wp-json\/wp\/v2\/posts\/36537\/revisions\/36538"}],"wp:featuredmedia":[{"embeddable":true,"href":"https:\/\/portalmf.com.br\/index.php\/wp-json\/wp\/v2\/media\/35570"}],"wp:attachment":[{"href":"https:\/\/portalmf.com.br\/index.php\/wp-json\/wp\/v2\/media?parent=36537"}],"wp:term":[{"taxonomy":"category","embeddable":true,"href":"https:\/\/portalmf.com.br\/index.php\/wp-json\/wp\/v2\/categories?post=36537"},{"taxonomy":"post_tag","embeddable":true,"href":"https:\/\/portalmf.com.br\/index.php\/wp-json\/wp\/v2\/tags?post=36537"}],"curies":[{"name":"wp","href":"https:\/\/api.w.org\/{rel}","templated":true}]}}