{"id":3644,"date":"2022-08-26T16:06:27","date_gmt":"2022-08-26T19:06:27","guid":{"rendered":"http:\/\/portalmf.com.br\/?p=3644"},"modified":"2022-08-26T16:07:23","modified_gmt":"2022-08-26T19:07:23","slug":"cantor-oh-polemico-anuncia-gravacao-de-dvd-e-versao-2-0-do-samba-do-polly","status":"publish","type":"post","link":"https:\/\/portalmf.com.br\/index.php\/2022\/08\/26\/cantor-oh-polemico-anuncia-gravacao-de-dvd-e-versao-2-0-do-samba-do-polly\/","title":{"rendered":"Oh Pol\u00eamico anuncia grava\u00e7\u00e3o de DVD e vers\u00e3o 2.0 do &#8216;Samba do Polly&#8217;"},"content":{"rendered":"\n<p>&#8220;Ela vem sambando e vem jogando de ladinho. Samba do Polly, samba polemiquinho&#8221;. Fazendo jus ao refr\u00e3o, o hit cantado na voz de Deivison Nascimento, de apenas 23 anos, tem causado pol\u00eamica e dividindo opini\u00f5es.<\/p>\n\n\n\n<p>A m\u00fasica que nasceu de uma resenha entre os m\u00fasicos da banda, no fund\u00e3o de um \u00f4nibus, \u00e9 considerada um dos maiores sucessos do pagode baiano da atualidade, situa\u00e7\u00e3o que surpreendeu at\u00e9 mesmo o cantor. &#8220;Eu esperava outra m\u00fasica bater&#8230; Eu esperava o &#8216;Bora Bora&#8217; pegar mais for\u00e7a com o CD, porque j\u00e1 vinha &#8216;batendo'&#8221;, disse Polly.<\/p>\n\n\n\n<p>Trazendo elementos do samba raiz misturado ao ritmo do pagod\u00e3o, inicialmente, a letra da m\u00fasica foi reprovada por alguns artistas. <em>&#8220;Eu escutei mais [cr\u00edticas] dos m\u00fasicos, de bandas grandes, mas tem que aceitar. Muitos coment\u00e1rios sobre a letra&#8230; O samba raiz n\u00e3o traz putaria, e eu trouxe do meu jeito, agora estou limpando&#8221;<\/em>, contou o cantor em entrevista exclusiva ao Bahia Not\u00edcias.<\/p>\n\n\n\n<p>Em entrevista ao site Bahia Not\u00edcias Deivison ainda completa afirmando que pretende investir no g\u00eanero musical, e revela: <em>&#8220;Eu j\u00e1 criei o Samba do Polly 2.0. Estou esperando passar alguns meses [para lan\u00e7ar], porque s\u00f3 tem um m\u00eas de CD ainda. A gente que consome muito acha que j\u00e1 tem bastante tempo, pelo fato de escutar bastante. Mas s\u00f3 tem um m\u00eas do CD [novo]. Se soltar [outro] agora vai ser barril. A letra n\u00e3o \u00e9 muito pesada, \u00e9 mais limpa e traz um samba raiz tamb\u00e9m, das antigas (sic)&#8221;.<\/em><\/p>\n\n\n\n<p>O samba n\u00e3o \u00e9 o \u00fanico g\u00eanero acrescentado ao repert\u00f3rio do pagodeiro. Quando iniciou a carreira musical, h\u00e1 tr\u00eas anos, Polly cantava funk, ritmo que est\u00e1 entre os seus preferidos. Um tempo depois, ele montou uma banda de bairro e come\u00e7ou a cantar pagode. Nessa \u00e9poca, o jovem chamou aten\u00e7\u00e3o do empres\u00e1rio e cantor Helder &#8216;O Bitura&#8217;, e foi convidado para ser vocalista da banda &#8216;O Metr\u00f4&#8217;, grupo em que ele ficou por alguns meses, pois teve uma sa\u00edda pol\u00eamica.&nbsp;<\/p>\n\n\n\n<p>No entanto, com apenas seis meses na A5 Produ\u00e7\u00f5es, como Oh Pol\u00eamico, Polly j\u00e1 emplacou diversos hits como &#8220;Bora pro Bora Bora&#8221;, &#8220;S\u00f3 Botada&#8221; e &#8220;Vem Balan\u00e7ando&#8221;. Entre os hits, &#8216;Online&#8217; e &#8216;Vai descer&#8217; s\u00e3o as mais especiais para ele, pois elas abriram portas para outras oportunidades em sua carreira.<\/p>\n\n\n\n<p>&#8220;<em>Quando eu sa\u00ed do &#8216;Metr\u00f4&#8217; a gente veio inovando. Inovamos em m\u00fasicas, andamento da banda&#8230; E eu fico mais \u00e0 vontade&#8221;,<\/em> afirma o artista ao Bahia Noticias<\/p>\n\n\n\n<p><strong>GRAVA\u00c7\u00c3O DO DVD<\/strong><\/p>\n\n\n\n<p>Al\u00e9m da nova vers\u00e3o do &#8220;Samba do Polly&#8221;, o artista revelou ao Bahia Not\u00edcias que nas pr\u00f3ximas semanas vai iniciar as grava\u00e7\u00f5es do seu primeiro projeto audiovisual. <em>&#8220;Estou em contato com uma galera do Rio&#8230; Eu penso em colocar um funk no meu DVD, fazer com v\u00e1rios artistas. Eu penso em fazer o convite para M\u00e1rcio Victor&#8221;, <\/em>disse empolgado.<\/p>\n\n\n\n<p>Os cantores MC Poze do Rodo, MC Juninho da 10 e MC Chris est\u00e3o entre alguns nomes que devem fazer parte deste projeto, que ser\u00e1 gravado na capital baiana. Caso confirmado, esse ser\u00e1 a primeira apresenta\u00e7\u00e3o de Poze em Salvador, depois da SSP-BA proibir um show do m\u00fasico em outubro do ano passado. Na ocasi\u00e3o, o dono do hit &#8216;A Cara do Crime&#8217; teria recebido amea\u00e7as de traficantes da cidade.<\/p>\n\n\n\n<figure class=\"wp-block-embed is-type-video is-provider-youtube wp-block-embed-youtube wp-embed-aspect-16-9 wp-has-aspect-ratio\"><div class=\"wp-block-embed__wrapper\">\n<iframe title=\"#BNEntrevista: Pol\u00eamico diz que n\u00e3o esperava sucesso do &#039;Samba do Polly&#039;\" width=\"696\" height=\"392\" src=\"https:\/\/www.youtube.com\/embed\/a8WcDmyKkT0?feature=oembed\" frameborder=\"0\" allow=\"accelerometer; autoplay; clipboard-write; encrypted-media; gyroscope; picture-in-picture; web-share\" allowfullscreen><\/iframe>\n<\/div><\/figure>\n\n\n\n<p>Com informa\u00e7\u00f5es do Bahia Noticias<\/p>\n","protected":false},"excerpt":{"rendered":"<p>&#8220;Ela vem sambando e vem jogando de ladinho. Samba do Polly, samba polemiquinho&#8221;. Fazendo jus ao refr\u00e3o, o hit cantado na voz de Deivison Nascimento, de apenas 23 anos, tem causado pol\u00eamica e dividindo opini\u00f5es. A m\u00fasica que nasceu de uma resenha entre os m\u00fasicos da banda, no fund\u00e3o de um \u00f4nibus, \u00e9 considerada um [&hellip;]<\/p>\n","protected":false},"author":2,"featured_media":3645,"comment_status":"open","ping_status":"open","sticky":false,"template":"","format":"standard","meta":{"_monsterinsights_skip_tracking":false,"_monsterinsights_sitenote_active":false,"_monsterinsights_sitenote_note":"","_monsterinsights_sitenote_category":0,"footnotes":""},"categories":[47,36],"tags":[],"yoast_head":"<!-- This site is optimized with the Yoast SEO plugin v22.9 - https:\/\/yoast.com\/wordpress\/plugins\/seo\/ -->\n<title>Oh Pol\u00eamico anuncia grava\u00e7\u00e3o de DVD e vers\u00e3o 2.0 do &#039;Samba do Polly&#039; - Portal MF<\/title>\n<meta name=\"robots\" content=\"index, follow, max-snippet:-1, max-image-preview:large, max-video-preview:-1\" \/>\n<link rel=\"canonical\" href=\"https:\/\/portalmf.com.br\/index.php\/2022\/08\/26\/cantor-oh-polemico-anuncia-gravacao-de-dvd-e-versao-2-0-do-samba-do-polly\/\" \/>\n<meta property=\"og:locale\" content=\"pt_BR\" \/>\n<meta property=\"og:type\" content=\"article\" \/>\n<meta property=\"og:title\" content=\"Oh Pol\u00eamico anuncia grava\u00e7\u00e3o de DVD e vers\u00e3o 2.0 do &#039;Samba do Polly&#039; - Portal MF\" \/>\n<meta property=\"og:description\" content=\"&#8220;Ela vem sambando e vem jogando de ladinho. Samba do Polly, samba polemiquinho&#8221;. Fazendo jus ao refr\u00e3o, o hit cantado na voz de Deivison Nascimento, de apenas 23 anos, tem causado pol\u00eamica e dividindo opini\u00f5es. A m\u00fasica que nasceu de uma resenha entre os m\u00fasicos da banda, no fund\u00e3o de um \u00f4nibus, \u00e9 considerada um [&hellip;]\" \/>\n<meta property=\"og:url\" content=\"https:\/\/portalmf.com.br\/index.php\/2022\/08\/26\/cantor-oh-polemico-anuncia-gravacao-de-dvd-e-versao-2-0-do-samba-do-polly\/\" \/>\n<meta property=\"og:site_name\" content=\"Portal MF\" \/>\n<meta property=\"article:author\" content=\"reginaldojrfsa\" \/>\n<meta property=\"article:published_time\" content=\"2022-08-26T19:06:27+00:00\" \/>\n<meta property=\"article:modified_time\" content=\"2022-08-26T19:07:23+00:00\" \/>\n<meta property=\"og:image\" content=\"https:\/\/portalmf.com.br\/wp-content\/uploads\/2022\/08\/283730087_423580559266797_6556528930590965314_n.jpg\" \/>\n\t<meta property=\"og:image:width\" content=\"1074\" \/>\n\t<meta property=\"og:image:height\" content=\"855\" \/>\n\t<meta property=\"og:image:type\" content=\"image\/jpeg\" \/>\n<meta name=\"author\" content=\"Reginaldo J\u00fanior\" \/>\n<meta name=\"twitter:card\" content=\"summary_large_image\" \/>\n<meta name=\"twitter:creator\" content=\"@reginaldojrmf\" \/>\n<meta name=\"twitter:label1\" content=\"Escrito por\" \/>\n\t<meta name=\"twitter:data1\" content=\"Reginaldo J\u00fanior\" \/>\n\t<meta name=\"twitter:label2\" content=\"Est. tempo de leitura\" \/>\n\t<meta name=\"twitter:data2\" content=\"3 minutos\" \/>\n<script type=\"application\/ld+json\" class=\"yoast-schema-graph\">{\"@context\":\"https:\/\/schema.org\",\"@graph\":[{\"@type\":\"WebPage\",\"@id\":\"https:\/\/portalmf.com.br\/index.php\/2022\/08\/26\/cantor-oh-polemico-anuncia-gravacao-de-dvd-e-versao-2-0-do-samba-do-polly\/\",\"url\":\"https:\/\/portalmf.com.br\/index.php\/2022\/08\/26\/cantor-oh-polemico-anuncia-gravacao-de-dvd-e-versao-2-0-do-samba-do-polly\/\",\"name\":\"Oh Pol\u00eamico anuncia grava\u00e7\u00e3o de DVD e vers\u00e3o 2.0 do 'Samba do Polly' - Portal MF\",\"isPartOf\":{\"@id\":\"https:\/\/portalmf.com.br\/#website\"},\"primaryImageOfPage\":{\"@id\":\"https:\/\/portalmf.com.br\/index.php\/2022\/08\/26\/cantor-oh-polemico-anuncia-gravacao-de-dvd-e-versao-2-0-do-samba-do-polly\/#primaryimage\"},\"image\":{\"@id\":\"https:\/\/portalmf.com.br\/index.php\/2022\/08\/26\/cantor-oh-polemico-anuncia-gravacao-de-dvd-e-versao-2-0-do-samba-do-polly\/#primaryimage\"},\"thumbnailUrl\":\"https:\/\/portalmf.com.br\/wp-content\/uploads\/2022\/08\/283730087_423580559266797_6556528930590965314_n.jpg\",\"datePublished\":\"2022-08-26T19:06:27+00:00\",\"dateModified\":\"2022-08-26T19:07:23+00:00\",\"author\":{\"@id\":\"https:\/\/portalmf.com.br\/#\/schema\/person\/11c82086fe8abc05a19147e964587285\"},\"breadcrumb\":{\"@id\":\"https:\/\/portalmf.com.br\/index.php\/2022\/08\/26\/cantor-oh-polemico-anuncia-gravacao-de-dvd-e-versao-2-0-do-samba-do-polly\/#breadcrumb\"},\"inLanguage\":\"pt-BR\",\"potentialAction\":[{\"@type\":\"ReadAction\",\"target\":[\"https:\/\/portalmf.com.br\/index.php\/2022\/08\/26\/cantor-oh-polemico-anuncia-gravacao-de-dvd-e-versao-2-0-do-samba-do-polly\/\"]}]},{\"@type\":\"ImageObject\",\"inLanguage\":\"pt-BR\",\"@id\":\"https:\/\/portalmf.com.br\/index.php\/2022\/08\/26\/cantor-oh-polemico-anuncia-gravacao-de-dvd-e-versao-2-0-do-samba-do-polly\/#primaryimage\",\"url\":\"https:\/\/portalmf.com.br\/wp-content\/uploads\/2022\/08\/283730087_423580559266797_6556528930590965314_n.jpg\",\"contentUrl\":\"https:\/\/portalmf.com.br\/wp-content\/uploads\/2022\/08\/283730087_423580559266797_6556528930590965314_n.jpg\",\"width\":1074,\"height\":855},{\"@type\":\"BreadcrumbList\",\"@id\":\"https:\/\/portalmf.com.br\/index.php\/2022\/08\/26\/cantor-oh-polemico-anuncia-gravacao-de-dvd-e-versao-2-0-do-samba-do-polly\/#breadcrumb\",\"itemListElement\":[{\"@type\":\"ListItem\",\"position\":1,\"name\":\"In\u00edcio\",\"item\":\"https:\/\/portalmf.com.br\/\"},{\"@type\":\"ListItem\",\"position\":2,\"name\":\"Oh Pol\u00eamico anuncia grava\u00e7\u00e3o de DVD e vers\u00e3o 2.0 do &#8216;Samba do Polly&#8217;\"}]},{\"@type\":\"WebSite\",\"@id\":\"https:\/\/portalmf.com.br\/#website\",\"url\":\"https:\/\/portalmf.com.br\/\",\"name\":\"Portal MF\",\"description\":\"Voc\u00ea conectado com a informa\u00e7\u00e3o\",\"potentialAction\":[{\"@type\":\"SearchAction\",\"target\":{\"@type\":\"EntryPoint\",\"urlTemplate\":\"https:\/\/portalmf.com.br\/?s={search_term_string}\"},\"query-input\":\"required name=search_term_string\"}],\"inLanguage\":\"pt-BR\"},{\"@type\":\"Person\",\"@id\":\"https:\/\/portalmf.com.br\/#\/schema\/person\/11c82086fe8abc05a19147e964587285\",\"name\":\"Reginaldo J\u00fanior\",\"image\":{\"@type\":\"ImageObject\",\"inLanguage\":\"pt-BR\",\"@id\":\"https:\/\/portalmf.com.br\/#\/schema\/person\/image\/\",\"url\":\"https:\/\/secure.gravatar.com\/avatar\/32a3c797cd0ac47cc53b8644c62776f9?s=96&d=mm&r=g\",\"contentUrl\":\"https:\/\/secure.gravatar.com\/avatar\/32a3c797cd0ac47cc53b8644c62776f9?s=96&d=mm&r=g\",\"caption\":\"Reginaldo J\u00fanior\"},\"description\":\"Jornalista e idealizador Portal MF\",\"sameAs\":[\"https:\/\/portalmf.com.br\/index.php\/author\/reginaldojr\/\",\"reginaldojrfsa\",\"reginaldojuniormf\",\"https:\/\/x.com\/reginaldojrmf\"],\"url\":\"https:\/\/portalmf.com.br\/index.php\/author\/reginaldojr\/\"}]}<\/script>\n<!-- \/ Yoast SEO plugin. -->","yoast_head_json":{"title":"Oh Pol\u00eamico anuncia grava\u00e7\u00e3o de DVD e vers\u00e3o 2.0 do 'Samba do Polly' - Portal MF","robots":{"index":"index","follow":"follow","max-snippet":"max-snippet:-1","max-image-preview":"max-image-preview:large","max-video-preview":"max-video-preview:-1"},"canonical":"https:\/\/portalmf.com.br\/index.php\/2022\/08\/26\/cantor-oh-polemico-anuncia-gravacao-de-dvd-e-versao-2-0-do-samba-do-polly\/","og_locale":"pt_BR","og_type":"article","og_title":"Oh Pol\u00eamico anuncia grava\u00e7\u00e3o de DVD e vers\u00e3o 2.0 do 'Samba do Polly' - Portal MF","og_description":"&#8220;Ela vem sambando e vem jogando de ladinho. Samba do Polly, samba polemiquinho&#8221;. Fazendo jus ao refr\u00e3o, o hit cantado na voz de Deivison Nascimento, de apenas 23 anos, tem causado pol\u00eamica e dividindo opini\u00f5es. A m\u00fasica que nasceu de uma resenha entre os m\u00fasicos da banda, no fund\u00e3o de um \u00f4nibus, \u00e9 considerada um [&hellip;]","og_url":"https:\/\/portalmf.com.br\/index.php\/2022\/08\/26\/cantor-oh-polemico-anuncia-gravacao-de-dvd-e-versao-2-0-do-samba-do-polly\/","og_site_name":"Portal MF","article_author":"reginaldojrfsa","article_published_time":"2022-08-26T19:06:27+00:00","article_modified_time":"2022-08-26T19:07:23+00:00","og_image":[{"width":1074,"height":855,"url":"https:\/\/portalmf.com.br\/wp-content\/uploads\/2022\/08\/283730087_423580559266797_6556528930590965314_n.jpg","type":"image\/jpeg"}],"author":"Reginaldo J\u00fanior","twitter_card":"summary_large_image","twitter_creator":"@reginaldojrmf","twitter_misc":{"Escrito por":"Reginaldo J\u00fanior","Est. tempo de leitura":"3 minutos"},"schema":{"@context":"https:\/\/schema.org","@graph":[{"@type":"WebPage","@id":"https:\/\/portalmf.com.br\/index.php\/2022\/08\/26\/cantor-oh-polemico-anuncia-gravacao-de-dvd-e-versao-2-0-do-samba-do-polly\/","url":"https:\/\/portalmf.com.br\/index.php\/2022\/08\/26\/cantor-oh-polemico-anuncia-gravacao-de-dvd-e-versao-2-0-do-samba-do-polly\/","name":"Oh Pol\u00eamico anuncia grava\u00e7\u00e3o de DVD e vers\u00e3o 2.0 do 'Samba do Polly' - Portal MF","isPartOf":{"@id":"https:\/\/portalmf.com.br\/#website"},"primaryImageOfPage":{"@id":"https:\/\/portalmf.com.br\/index.php\/2022\/08\/26\/cantor-oh-polemico-anuncia-gravacao-de-dvd-e-versao-2-0-do-samba-do-polly\/#primaryimage"},"image":{"@id":"https:\/\/portalmf.com.br\/index.php\/2022\/08\/26\/cantor-oh-polemico-anuncia-gravacao-de-dvd-e-versao-2-0-do-samba-do-polly\/#primaryimage"},"thumbnailUrl":"https:\/\/portalmf.com.br\/wp-content\/uploads\/2022\/08\/283730087_423580559266797_6556528930590965314_n.jpg","datePublished":"2022-08-26T19:06:27+00:00","dateModified":"2022-08-26T19:07:23+00:00","author":{"@id":"https:\/\/portalmf.com.br\/#\/schema\/person\/11c82086fe8abc05a19147e964587285"},"breadcrumb":{"@id":"https:\/\/portalmf.com.br\/index.php\/2022\/08\/26\/cantor-oh-polemico-anuncia-gravacao-de-dvd-e-versao-2-0-do-samba-do-polly\/#breadcrumb"},"inLanguage":"pt-BR","potentialAction":[{"@type":"ReadAction","target":["https:\/\/portalmf.com.br\/index.php\/2022\/08\/26\/cantor-oh-polemico-anuncia-gravacao-de-dvd-e-versao-2-0-do-samba-do-polly\/"]}]},{"@type":"ImageObject","inLanguage":"pt-BR","@id":"https:\/\/portalmf.com.br\/index.php\/2022\/08\/26\/cantor-oh-polemico-anuncia-gravacao-de-dvd-e-versao-2-0-do-samba-do-polly\/#primaryimage","url":"https:\/\/portalmf.com.br\/wp-content\/uploads\/2022\/08\/283730087_423580559266797_6556528930590965314_n.jpg","contentUrl":"https:\/\/portalmf.com.br\/wp-content\/uploads\/2022\/08\/283730087_423580559266797_6556528930590965314_n.jpg","width":1074,"height":855},{"@type":"BreadcrumbList","@id":"https:\/\/portalmf.com.br\/index.php\/2022\/08\/26\/cantor-oh-polemico-anuncia-gravacao-de-dvd-e-versao-2-0-do-samba-do-polly\/#breadcrumb","itemListElement":[{"@type":"ListItem","position":1,"name":"In\u00edcio","item":"https:\/\/portalmf.com.br\/"},{"@type":"ListItem","position":2,"name":"Oh Pol\u00eamico anuncia grava\u00e7\u00e3o de DVD e vers\u00e3o 2.0 do &#8216;Samba do Polly&#8217;"}]},{"@type":"WebSite","@id":"https:\/\/portalmf.com.br\/#website","url":"https:\/\/portalmf.com.br\/","name":"Portal MF","description":"Voc\u00ea conectado com a informa\u00e7\u00e3o","potentialAction":[{"@type":"SearchAction","target":{"@type":"EntryPoint","urlTemplate":"https:\/\/portalmf.com.br\/?s={search_term_string}"},"query-input":"required name=search_term_string"}],"inLanguage":"pt-BR"},{"@type":"Person","@id":"https:\/\/portalmf.com.br\/#\/schema\/person\/11c82086fe8abc05a19147e964587285","name":"Reginaldo J\u00fanior","image":{"@type":"ImageObject","inLanguage":"pt-BR","@id":"https:\/\/portalmf.com.br\/#\/schema\/person\/image\/","url":"https:\/\/secure.gravatar.com\/avatar\/32a3c797cd0ac47cc53b8644c62776f9?s=96&d=mm&r=g","contentUrl":"https:\/\/secure.gravatar.com\/avatar\/32a3c797cd0ac47cc53b8644c62776f9?s=96&d=mm&r=g","caption":"Reginaldo J\u00fanior"},"description":"Jornalista e idealizador Portal MF","sameAs":["https:\/\/portalmf.com.br\/index.php\/author\/reginaldojr\/","reginaldojrfsa","reginaldojuniormf","https:\/\/x.com\/reginaldojrmf"],"url":"https:\/\/portalmf.com.br\/index.php\/author\/reginaldojr\/"}]}},"_links":{"self":[{"href":"https:\/\/portalmf.com.br\/index.php\/wp-json\/wp\/v2\/posts\/3644"}],"collection":[{"href":"https:\/\/portalmf.com.br\/index.php\/wp-json\/wp\/v2\/posts"}],"about":[{"href":"https:\/\/portalmf.com.br\/index.php\/wp-json\/wp\/v2\/types\/post"}],"author":[{"embeddable":true,"href":"https:\/\/portalmf.com.br\/index.php\/wp-json\/wp\/v2\/users\/2"}],"replies":[{"embeddable":true,"href":"https:\/\/portalmf.com.br\/index.php\/wp-json\/wp\/v2\/comments?post=3644"}],"version-history":[{"count":3,"href":"https:\/\/portalmf.com.br\/index.php\/wp-json\/wp\/v2\/posts\/3644\/revisions"}],"predecessor-version":[{"id":3649,"href":"https:\/\/portalmf.com.br\/index.php\/wp-json\/wp\/v2\/posts\/3644\/revisions\/3649"}],"wp:featuredmedia":[{"embeddable":true,"href":"https:\/\/portalmf.com.br\/index.php\/wp-json\/wp\/v2\/media\/3645"}],"wp:attachment":[{"href":"https:\/\/portalmf.com.br\/index.php\/wp-json\/wp\/v2\/media?parent=3644"}],"wp:term":[{"taxonomy":"category","embeddable":true,"href":"https:\/\/portalmf.com.br\/index.php\/wp-json\/wp\/v2\/categories?post=3644"},{"taxonomy":"post_tag","embeddable":true,"href":"https:\/\/portalmf.com.br\/index.php\/wp-json\/wp\/v2\/tags?post=3644"}],"curies":[{"name":"wp","href":"https:\/\/api.w.org\/{rel}","templated":true}]}}