{"id":36419,"date":"2025-05-28T17:42:47","date_gmt":"2025-05-28T20:42:47","guid":{"rendered":"https:\/\/portalmf.com.br\/?p=36419"},"modified":"2025-05-28T17:42:48","modified_gmt":"2025-05-28T20:42:48","slug":"entidades-afro-como-male-debale-muzenza-segmento-afro-e-recultura-declaram-apoio-a-atual-gestao-do-comcar","status":"publish","type":"post","link":"https:\/\/portalmf.com.br\/index.php\/2025\/05\/28\/entidades-afro-como-male-debale-muzenza-segmento-afro-e-recultura-declaram-apoio-a-atual-gestao-do-comcar\/","title":{"rendered":"Entidades afro como Mal\u00ea Debal\u00ea, Muzenza, Segmento Afro e Recultura declaram apoio \u00e0 atual gest\u00e3o do Comcar"},"content":{"rendered":"\n<p>O Bloco Afro Mal\u00ea Debal\u00ea divulgou nota p\u00fablica em que manifesta seu irrestrito apoio \u00e0 atual gest\u00e3o do Conselho Municipal do Carnaval (Comcar). A entidade reafirma seu compromisso com a democracia e o respeito ao processo eleitoral, mas ressalta o alinhamento da diretoria atual com as pautas hist\u00f3ricas das entidades carnavalescas.<\/p>\n\n\n\n<p><em>\u201cRespeitamos o leg\u00edtimo direito \u00e0 disputa eleitoral, mas o Mal\u00ea Debal\u00ea, com sua hist\u00f3ria de luta e resist\u00eancia, reconhece na atual gest\u00e3o do Comcar o compromisso com a defesa das lutas das entidades carnavalescas, prezando pela pluralidade de manifesta\u00e7\u00f5es culturais\u201d<\/em>, afirma o bloco, um dos mais tradicionais representantes da cultura afro-brasileira no Carnaval de Salvador.<\/p>\n\n\n\n<p>O posicionamento \u00e9 compartilhado tamb\u00e9m pelo Bloco Afro Muzenza, que integra a linha de frente das manifesta\u00e7\u00f5es culturais negras da cidade, al\u00e9m do Segmento Afro e do Recultura \u2013 segmento de Representa\u00e7\u00e3o da Cultura Afro-Brasileira \u2013, representado por Durray Carvalho. As entidades destacam que a atual gest\u00e3o tem atuado com responsabilidade e sensibilidade frente \u00e0s demandas das representa\u00e7\u00f5es culturais voltadas para o Carnaval.<\/p>\n","protected":false},"excerpt":{"rendered":"<p>O Bloco Afro Mal\u00ea Debal\u00ea divulgou nota p\u00fablica em que manifesta seu irrestrito apoio \u00e0 atual gest\u00e3o do Conselho Municipal do Carnaval (Comcar). A entidade reafirma seu compromisso com a democracia e o respeito ao processo eleitoral, mas ressalta o alinhamento da diretoria atual com as pautas hist\u00f3ricas das entidades carnavalescas. \u201cRespeitamos o leg\u00edtimo direito [&hellip;]<\/p>\n","protected":false},"author":3,"featured_media":36420,"comment_status":"open","ping_status":"open","sticky":false,"template":"","format":"standard","meta":{"_monsterinsights_skip_tracking":false,"_monsterinsights_sitenote_active":false,"_monsterinsights_sitenote_note":"","_monsterinsights_sitenote_category":0,"footnotes":""},"categories":[44],"tags":[],"yoast_head":"<!-- This site is optimized with the Yoast SEO plugin v22.9 - https:\/\/yoast.com\/wordpress\/plugins\/seo\/ -->\n<title>Entidades afro como Mal\u00ea Debal\u00ea, Muzenza, Segmento Afro e Recultura declaram apoio \u00e0 atual gest\u00e3o do Comcar - Portal MF<\/title>\n<meta name=\"robots\" content=\"index, follow, max-snippet:-1, max-image-preview:large, max-video-preview:-1\" \/>\n<link rel=\"canonical\" href=\"https:\/\/portalmf.com.br\/index.php\/2025\/05\/28\/entidades-afro-como-male-debale-muzenza-segmento-afro-e-recultura-declaram-apoio-a-atual-gestao-do-comcar\/\" \/>\n<meta property=\"og:locale\" content=\"pt_BR\" \/>\n<meta property=\"og:type\" content=\"article\" \/>\n<meta property=\"og:title\" content=\"Entidades afro como Mal\u00ea Debal\u00ea, Muzenza, Segmento Afro e Recultura declaram apoio \u00e0 atual gest\u00e3o do Comcar - Portal MF\" \/>\n<meta property=\"og:description\" content=\"O Bloco Afro Mal\u00ea Debal\u00ea divulgou nota p\u00fablica em que manifesta seu irrestrito apoio \u00e0 atual gest\u00e3o do Conselho Municipal do Carnaval (Comcar). A entidade reafirma seu compromisso com a democracia e o respeito ao processo eleitoral, mas ressalta o alinhamento da diretoria atual com as pautas hist\u00f3ricas das entidades carnavalescas. \u201cRespeitamos o leg\u00edtimo direito [&hellip;]\" \/>\n<meta property=\"og:url\" content=\"https:\/\/portalmf.com.br\/index.php\/2025\/05\/28\/entidades-afro-como-male-debale-muzenza-segmento-afro-e-recultura-declaram-apoio-a-atual-gestao-do-comcar\/\" \/>\n<meta property=\"og:site_name\" content=\"Portal MF\" \/>\n<meta property=\"article:author\" content=\"https:\/\/www.facebook.com\/portalmfoficial\" \/>\n<meta property=\"article:published_time\" content=\"2025-05-28T20:42:47+00:00\" \/>\n<meta property=\"article:modified_time\" content=\"2025-05-28T20:42:48+00:00\" \/>\n<meta property=\"og:image\" content=\"https:\/\/portalmf.com.br\/wp-content\/uploads\/2025\/05\/Entidades-afro-como-Male-Debale-Muzenza-Segmento-Afro-e-Recultura-declaram-apoio-a-atual-gestao-do-Comcar.jpeg\" \/>\n\t<meta property=\"og:image:width\" content=\"1024\" \/>\n\t<meta property=\"og:image:height\" content=\"656\" \/>\n\t<meta property=\"og:image:type\" content=\"image\/jpeg\" \/>\n<meta name=\"author\" content=\"Reda\u00e7\u00e3o Portal MF\" \/>\n<meta name=\"twitter:card\" content=\"summary_large_image\" \/>\n<meta name=\"twitter:creator\" content=\"@https:\/\/x.com\/portalmfoficial\" \/>\n<meta name=\"twitter:label1\" content=\"Escrito por\" \/>\n\t<meta name=\"twitter:data1\" content=\"Reda\u00e7\u00e3o Portal MF\" \/>\n\t<meta name=\"twitter:label2\" content=\"Est. tempo de leitura\" \/>\n\t<meta name=\"twitter:data2\" content=\"2 minutos\" \/>\n<script type=\"application\/ld+json\" class=\"yoast-schema-graph\">{\"@context\":\"https:\/\/schema.org\",\"@graph\":[{\"@type\":\"WebPage\",\"@id\":\"https:\/\/portalmf.com.br\/index.php\/2025\/05\/28\/entidades-afro-como-male-debale-muzenza-segmento-afro-e-recultura-declaram-apoio-a-atual-gestao-do-comcar\/\",\"url\":\"https:\/\/portalmf.com.br\/index.php\/2025\/05\/28\/entidades-afro-como-male-debale-muzenza-segmento-afro-e-recultura-declaram-apoio-a-atual-gestao-do-comcar\/\",\"name\":\"Entidades afro como Mal\u00ea Debal\u00ea, Muzenza, Segmento Afro e Recultura declaram apoio \u00e0 atual gest\u00e3o do Comcar - Portal MF\",\"isPartOf\":{\"@id\":\"https:\/\/portalmf.com.br\/#website\"},\"primaryImageOfPage\":{\"@id\":\"https:\/\/portalmf.com.br\/index.php\/2025\/05\/28\/entidades-afro-como-male-debale-muzenza-segmento-afro-e-recultura-declaram-apoio-a-atual-gestao-do-comcar\/#primaryimage\"},\"image\":{\"@id\":\"https:\/\/portalmf.com.br\/index.php\/2025\/05\/28\/entidades-afro-como-male-debale-muzenza-segmento-afro-e-recultura-declaram-apoio-a-atual-gestao-do-comcar\/#primaryimage\"},\"thumbnailUrl\":\"https:\/\/portalmf.com.br\/wp-content\/uploads\/2025\/05\/Entidades-afro-como-Male-Debale-Muzenza-Segmento-Afro-e-Recultura-declaram-apoio-a-atual-gestao-do-Comcar.jpeg\",\"datePublished\":\"2025-05-28T20:42:47+00:00\",\"dateModified\":\"2025-05-28T20:42:48+00:00\",\"author\":{\"@id\":\"https:\/\/portalmf.com.br\/#\/schema\/person\/9ec101baf56233e53520c26de5d6f6f0\"},\"breadcrumb\":{\"@id\":\"https:\/\/portalmf.com.br\/index.php\/2025\/05\/28\/entidades-afro-como-male-debale-muzenza-segmento-afro-e-recultura-declaram-apoio-a-atual-gestao-do-comcar\/#breadcrumb\"},\"inLanguage\":\"pt-BR\",\"potentialAction\":[{\"@type\":\"ReadAction\",\"target\":[\"https:\/\/portalmf.com.br\/index.php\/2025\/05\/28\/entidades-afro-como-male-debale-muzenza-segmento-afro-e-recultura-declaram-apoio-a-atual-gestao-do-comcar\/\"]}]},{\"@type\":\"ImageObject\",\"inLanguage\":\"pt-BR\",\"@id\":\"https:\/\/portalmf.com.br\/index.php\/2025\/05\/28\/entidades-afro-como-male-debale-muzenza-segmento-afro-e-recultura-declaram-apoio-a-atual-gestao-do-comcar\/#primaryimage\",\"url\":\"https:\/\/portalmf.com.br\/wp-content\/uploads\/2025\/05\/Entidades-afro-como-Male-Debale-Muzenza-Segmento-Afro-e-Recultura-declaram-apoio-a-atual-gestao-do-Comcar.jpeg\",\"contentUrl\":\"https:\/\/portalmf.com.br\/wp-content\/uploads\/2025\/05\/Entidades-afro-como-Male-Debale-Muzenza-Segmento-Afro-e-Recultura-declaram-apoio-a-atual-gestao-do-Comcar.jpeg\",\"width\":1024,\"height\":656},{\"@type\":\"BreadcrumbList\",\"@id\":\"https:\/\/portalmf.com.br\/index.php\/2025\/05\/28\/entidades-afro-como-male-debale-muzenza-segmento-afro-e-recultura-declaram-apoio-a-atual-gestao-do-comcar\/#breadcrumb\",\"itemListElement\":[{\"@type\":\"ListItem\",\"position\":1,\"name\":\"In\u00edcio\",\"item\":\"https:\/\/portalmf.com.br\/\"},{\"@type\":\"ListItem\",\"position\":2,\"name\":\"Entidades afro como Mal\u00ea Debal\u00ea, Muzenza, Segmento Afro e Recultura declaram apoio \u00e0 atual gest\u00e3o do Comcar\"}]},{\"@type\":\"WebSite\",\"@id\":\"https:\/\/portalmf.com.br\/#website\",\"url\":\"https:\/\/portalmf.com.br\/\",\"name\":\"Portal MF\",\"description\":\"Voc\u00ea conectado com a informa\u00e7\u00e3o\",\"potentialAction\":[{\"@type\":\"SearchAction\",\"target\":{\"@type\":\"EntryPoint\",\"urlTemplate\":\"https:\/\/portalmf.com.br\/?s={search_term_string}\"},\"query-input\":\"required name=search_term_string\"}],\"inLanguage\":\"pt-BR\"},{\"@type\":\"Person\",\"@id\":\"https:\/\/portalmf.com.br\/#\/schema\/person\/9ec101baf56233e53520c26de5d6f6f0\",\"name\":\"Reda\u00e7\u00e3o Portal MF\",\"image\":{\"@type\":\"ImageObject\",\"inLanguage\":\"pt-BR\",\"@id\":\"https:\/\/portalmf.com.br\/#\/schema\/person\/image\/\",\"url\":\"https:\/\/secure.gravatar.com\/avatar\/41b9aaeb2100835f7c64362330f74c7f?s=96&d=mm&r=g\",\"contentUrl\":\"https:\/\/secure.gravatar.com\/avatar\/41b9aaeb2100835f7c64362330f74c7f?s=96&d=mm&r=g\",\"caption\":\"Reda\u00e7\u00e3o Portal MF\"},\"description\":\"Sejam bem-vindos o portal de informa\u00e7\u00f5es de entretenimento de Feira de Santana, desde 2006 realiza coberturas dos principais eventos com entrevistas exclusivas com as principais personalidades mundiais. Fique conectado tamb\u00e9m nas redes sociais.\",\"sameAs\":[\"http:\/\/www.portalmf.com.br\/\",\"https:\/\/www.facebook.com\/portalmfoficial\",\"https:\/\/www.instagram.com\/portalmf\/\",\"https:\/\/x.com\/https:\/\/x.com\/portalmfoficial\",\"https:\/\/www.youtube.com\/@portalmfoficial\"],\"url\":\"https:\/\/portalmf.com.br\/index.php\/author\/junior\/\"}]}<\/script>\n<!-- \/ Yoast SEO plugin. -->","yoast_head_json":{"title":"Entidades afro como Mal\u00ea Debal\u00ea, Muzenza, Segmento Afro e Recultura declaram apoio \u00e0 atual gest\u00e3o do Comcar - Portal MF","robots":{"index":"index","follow":"follow","max-snippet":"max-snippet:-1","max-image-preview":"max-image-preview:large","max-video-preview":"max-video-preview:-1"},"canonical":"https:\/\/portalmf.com.br\/index.php\/2025\/05\/28\/entidades-afro-como-male-debale-muzenza-segmento-afro-e-recultura-declaram-apoio-a-atual-gestao-do-comcar\/","og_locale":"pt_BR","og_type":"article","og_title":"Entidades afro como Mal\u00ea Debal\u00ea, Muzenza, Segmento Afro e Recultura declaram apoio \u00e0 atual gest\u00e3o do Comcar - Portal MF","og_description":"O Bloco Afro Mal\u00ea Debal\u00ea divulgou nota p\u00fablica em que manifesta seu irrestrito apoio \u00e0 atual gest\u00e3o do Conselho Municipal do Carnaval (Comcar). A entidade reafirma seu compromisso com a democracia e o respeito ao processo eleitoral, mas ressalta o alinhamento da diretoria atual com as pautas hist\u00f3ricas das entidades carnavalescas. \u201cRespeitamos o leg\u00edtimo direito [&hellip;]","og_url":"https:\/\/portalmf.com.br\/index.php\/2025\/05\/28\/entidades-afro-como-male-debale-muzenza-segmento-afro-e-recultura-declaram-apoio-a-atual-gestao-do-comcar\/","og_site_name":"Portal MF","article_author":"https:\/\/www.facebook.com\/portalmfoficial","article_published_time":"2025-05-28T20:42:47+00:00","article_modified_time":"2025-05-28T20:42:48+00:00","og_image":[{"width":1024,"height":656,"url":"https:\/\/portalmf.com.br\/wp-content\/uploads\/2025\/05\/Entidades-afro-como-Male-Debale-Muzenza-Segmento-Afro-e-Recultura-declaram-apoio-a-atual-gestao-do-Comcar.jpeg","type":"image\/jpeg"}],"author":"Reda\u00e7\u00e3o Portal MF","twitter_card":"summary_large_image","twitter_creator":"@https:\/\/x.com\/portalmfoficial","twitter_misc":{"Escrito por":"Reda\u00e7\u00e3o Portal MF","Est. tempo de leitura":"2 minutos"},"schema":{"@context":"https:\/\/schema.org","@graph":[{"@type":"WebPage","@id":"https:\/\/portalmf.com.br\/index.php\/2025\/05\/28\/entidades-afro-como-male-debale-muzenza-segmento-afro-e-recultura-declaram-apoio-a-atual-gestao-do-comcar\/","url":"https:\/\/portalmf.com.br\/index.php\/2025\/05\/28\/entidades-afro-como-male-debale-muzenza-segmento-afro-e-recultura-declaram-apoio-a-atual-gestao-do-comcar\/","name":"Entidades afro como Mal\u00ea Debal\u00ea, Muzenza, Segmento Afro e Recultura declaram apoio \u00e0 atual gest\u00e3o do Comcar - Portal MF","isPartOf":{"@id":"https:\/\/portalmf.com.br\/#website"},"primaryImageOfPage":{"@id":"https:\/\/portalmf.com.br\/index.php\/2025\/05\/28\/entidades-afro-como-male-debale-muzenza-segmento-afro-e-recultura-declaram-apoio-a-atual-gestao-do-comcar\/#primaryimage"},"image":{"@id":"https:\/\/portalmf.com.br\/index.php\/2025\/05\/28\/entidades-afro-como-male-debale-muzenza-segmento-afro-e-recultura-declaram-apoio-a-atual-gestao-do-comcar\/#primaryimage"},"thumbnailUrl":"https:\/\/portalmf.com.br\/wp-content\/uploads\/2025\/05\/Entidades-afro-como-Male-Debale-Muzenza-Segmento-Afro-e-Recultura-declaram-apoio-a-atual-gestao-do-Comcar.jpeg","datePublished":"2025-05-28T20:42:47+00:00","dateModified":"2025-05-28T20:42:48+00:00","author":{"@id":"https:\/\/portalmf.com.br\/#\/schema\/person\/9ec101baf56233e53520c26de5d6f6f0"},"breadcrumb":{"@id":"https:\/\/portalmf.com.br\/index.php\/2025\/05\/28\/entidades-afro-como-male-debale-muzenza-segmento-afro-e-recultura-declaram-apoio-a-atual-gestao-do-comcar\/#breadcrumb"},"inLanguage":"pt-BR","potentialAction":[{"@type":"ReadAction","target":["https:\/\/portalmf.com.br\/index.php\/2025\/05\/28\/entidades-afro-como-male-debale-muzenza-segmento-afro-e-recultura-declaram-apoio-a-atual-gestao-do-comcar\/"]}]},{"@type":"ImageObject","inLanguage":"pt-BR","@id":"https:\/\/portalmf.com.br\/index.php\/2025\/05\/28\/entidades-afro-como-male-debale-muzenza-segmento-afro-e-recultura-declaram-apoio-a-atual-gestao-do-comcar\/#primaryimage","url":"https:\/\/portalmf.com.br\/wp-content\/uploads\/2025\/05\/Entidades-afro-como-Male-Debale-Muzenza-Segmento-Afro-e-Recultura-declaram-apoio-a-atual-gestao-do-Comcar.jpeg","contentUrl":"https:\/\/portalmf.com.br\/wp-content\/uploads\/2025\/05\/Entidades-afro-como-Male-Debale-Muzenza-Segmento-Afro-e-Recultura-declaram-apoio-a-atual-gestao-do-Comcar.jpeg","width":1024,"height":656},{"@type":"BreadcrumbList","@id":"https:\/\/portalmf.com.br\/index.php\/2025\/05\/28\/entidades-afro-como-male-debale-muzenza-segmento-afro-e-recultura-declaram-apoio-a-atual-gestao-do-comcar\/#breadcrumb","itemListElement":[{"@type":"ListItem","position":1,"name":"In\u00edcio","item":"https:\/\/portalmf.com.br\/"},{"@type":"ListItem","position":2,"name":"Entidades afro como Mal\u00ea Debal\u00ea, Muzenza, Segmento Afro e Recultura declaram apoio \u00e0 atual gest\u00e3o do Comcar"}]},{"@type":"WebSite","@id":"https:\/\/portalmf.com.br\/#website","url":"https:\/\/portalmf.com.br\/","name":"Portal MF","description":"Voc\u00ea conectado com a informa\u00e7\u00e3o","potentialAction":[{"@type":"SearchAction","target":{"@type":"EntryPoint","urlTemplate":"https:\/\/portalmf.com.br\/?s={search_term_string}"},"query-input":"required name=search_term_string"}],"inLanguage":"pt-BR"},{"@type":"Person","@id":"https:\/\/portalmf.com.br\/#\/schema\/person\/9ec101baf56233e53520c26de5d6f6f0","name":"Reda\u00e7\u00e3o Portal MF","image":{"@type":"ImageObject","inLanguage":"pt-BR","@id":"https:\/\/portalmf.com.br\/#\/schema\/person\/image\/","url":"https:\/\/secure.gravatar.com\/avatar\/41b9aaeb2100835f7c64362330f74c7f?s=96&d=mm&r=g","contentUrl":"https:\/\/secure.gravatar.com\/avatar\/41b9aaeb2100835f7c64362330f74c7f?s=96&d=mm&r=g","caption":"Reda\u00e7\u00e3o Portal MF"},"description":"Sejam bem-vindos o portal de informa\u00e7\u00f5es de entretenimento de Feira de Santana, desde 2006 realiza coberturas dos principais eventos com entrevistas exclusivas com as principais personalidades mundiais. Fique conectado tamb\u00e9m nas redes sociais.","sameAs":["http:\/\/www.portalmf.com.br\/","https:\/\/www.facebook.com\/portalmfoficial","https:\/\/www.instagram.com\/portalmf\/","https:\/\/x.com\/https:\/\/x.com\/portalmfoficial","https:\/\/www.youtube.com\/@portalmfoficial"],"url":"https:\/\/portalmf.com.br\/index.php\/author\/junior\/"}]}},"_links":{"self":[{"href":"https:\/\/portalmf.com.br\/index.php\/wp-json\/wp\/v2\/posts\/36419"}],"collection":[{"href":"https:\/\/portalmf.com.br\/index.php\/wp-json\/wp\/v2\/posts"}],"about":[{"href":"https:\/\/portalmf.com.br\/index.php\/wp-json\/wp\/v2\/types\/post"}],"author":[{"embeddable":true,"href":"https:\/\/portalmf.com.br\/index.php\/wp-json\/wp\/v2\/users\/3"}],"replies":[{"embeddable":true,"href":"https:\/\/portalmf.com.br\/index.php\/wp-json\/wp\/v2\/comments?post=36419"}],"version-history":[{"count":1,"href":"https:\/\/portalmf.com.br\/index.php\/wp-json\/wp\/v2\/posts\/36419\/revisions"}],"predecessor-version":[{"id":36421,"href":"https:\/\/portalmf.com.br\/index.php\/wp-json\/wp\/v2\/posts\/36419\/revisions\/36421"}],"wp:featuredmedia":[{"embeddable":true,"href":"https:\/\/portalmf.com.br\/index.php\/wp-json\/wp\/v2\/media\/36420"}],"wp:attachment":[{"href":"https:\/\/portalmf.com.br\/index.php\/wp-json\/wp\/v2\/media?parent=36419"}],"wp:term":[{"taxonomy":"category","embeddable":true,"href":"https:\/\/portalmf.com.br\/index.php\/wp-json\/wp\/v2\/categories?post=36419"},{"taxonomy":"post_tag","embeddable":true,"href":"https:\/\/portalmf.com.br\/index.php\/wp-json\/wp\/v2\/tags?post=36419"}],"curies":[{"name":"wp","href":"https:\/\/api.w.org\/{rel}","templated":true}]}}