{"id":3640,"date":"2022-08-26T07:16:00","date_gmt":"2022-08-26T10:16:00","guid":{"rendered":"http:\/\/portalmf.com.br\/?p=3640"},"modified":"2022-08-26T16:08:40","modified_gmt":"2022-08-26T19:08:40","slug":"banda-os-intimus-volta-aos-palcos-com-projeto-intimissimo","status":"publish","type":"post","link":"https:\/\/portalmf.com.br\/index.php\/2022\/08\/26\/banda-os-intimus-volta-aos-palcos-com-projeto-intimissimo\/","title":{"rendered":"Banda Os Intimus volta aos palcos com Projeto Intim\u00edssimo"},"content":{"rendered":"\n<p>Ap\u00f3s uma breve pausa nas apresenta\u00e7\u00f5es, o grupo de samba Os Intimus retorna aos palcos com o show &#8216;Modo Reativado&#8217; dentro do Projeto Intim\u00edssimo, que acontece gratuitamente no dia 27.08 (s\u00e1bado), a partir das 19h, no Largo Quincas Berro D&#8217;\u00e1gua, no Pelourinho. Nando Muniz, Alexandre Babil\u00f4nia, Cinqu\u00ea Black e Jorge Crispin receber\u00e3o convidados especiais nessa nova fase do grupo, que traz um novo repert\u00f3rio composto por m\u00fasicas autorais. O show ter\u00e1 abertura da banda Samba Maria.<\/p>\n\n\n\n<p>Para a volta, Os Intimus relembrar\u00e3o os sucessos que embalaram os 22 anos de carreira do grupo, com m\u00fasicas j\u00e1 conhecidas do p\u00fablico como &#8216;Segura A\u00ed \u00d3&#8217; e &#8216;Pe\u00e7o a Ben\u00e7\u00e3o&#8217;, al\u00e9m das autorais como &#8216;Doidinho por Voc\u00ea&#8217;, de Nando Muniz e &#8216;Barulho&#8217;, de Alexandre Babil\u00f4nia e Magary Lord. No show, Muniz ainda lan\u00e7ar\u00e1 &#8216;Beijo de L\u00edngua&#8217;, sua atual composi\u00e7\u00e3o e nova m\u00fasica de trabalho do grupo.<\/p>\n\n\n\n<p><em>&#8220;Beijo de L\u00edngua traz a leveza do pagode rom\u00e2ntico e vai acertar em cheio os cora\u00e7\u00f5es dos apaixonados. A m\u00fasica narra o encontro de duas pessoas que querem se conhecer mais profundamente, o resto da hist\u00f3ria contamos no show. Estamos muito animados para a volta dos Intimus. Preparamos um show contagiante! Vai ter nostalgia mas tamb\u00e9m vai ter coisa saindo do forno&#8221;,<\/em> celebra Nando Muniz.<\/p>\n\n\n\n<p>Conhecidos na cena bamba de Salvador, o grupo Os Intimus foi fundado em 2000 e traz a jun\u00e7\u00e3o da musicalidade refinada com visuais ousados. No repert\u00f3rio, can\u00e7\u00f5es que passeiam por diversas vertentes do samba: can\u00e7\u00e3o, rom\u00e2ntico e de roda e do pagode.<\/p>\n\n\n\n<p>O Projeto Intim\u00edssimo \u00e9 uma produ\u00e7\u00e3o da Mafu\u00e1 Produ\u00e7\u00f5es Art\u00edsticas com apoio do Governo do Estado.<\/p>\n\n\n\n<p>Servi\u00e7o:<\/p>\n\n\n\n<p>O qu\u00ea: Os Intimus e convidados &#8211; Modo Reativado<br>Onde: Largo Quincas Berro D&#8217;\u00e1gua, Pelourinho, Salvador\/BA<br>Quando: 27\/08\/2022<br>Hor\u00e1rio: 19h<br>Entrada: gratuita, mediante apresenta\u00e7\u00e3o do cart\u00e3o de vacina\u00e7\u00e3o<\/p>\n","protected":false},"excerpt":{"rendered":"<p>Ap\u00f3s uma breve pausa nas apresenta\u00e7\u00f5es, o grupo de samba Os Intimus retorna aos palcos com o show &#8216;Modo Reativado&#8217; dentro do Projeto Intim\u00edssimo, que acontece gratuitamente no dia 27.08 (s\u00e1bado), a partir das 19h, no Largo Quincas Berro D&#8217;\u00e1gua, no Pelourinho. Nando Muniz, Alexandre Babil\u00f4nia, Cinqu\u00ea Black e Jorge Crispin receber\u00e3o convidados especiais nessa [&hellip;]<\/p>\n","protected":false},"author":2,"featured_media":3651,"comment_status":"open","ping_status":"open","sticky":false,"template":"","format":"standard","meta":{"_monsterinsights_skip_tracking":false,"_monsterinsights_sitenote_active":false,"_monsterinsights_sitenote_note":"","_monsterinsights_sitenote_category":0,"footnotes":""},"categories":[36],"tags":[],"yoast_head":"<!-- This site is optimized with the Yoast SEO plugin v22.9 - https:\/\/yoast.com\/wordpress\/plugins\/seo\/ -->\n<title>Banda Os Intimus volta aos palcos com Projeto Intim\u00edssimo - Portal MF<\/title>\n<meta name=\"robots\" content=\"index, follow, max-snippet:-1, max-image-preview:large, max-video-preview:-1\" \/>\n<link rel=\"canonical\" href=\"https:\/\/portalmf.com.br\/index.php\/2022\/08\/26\/banda-os-intimus-volta-aos-palcos-com-projeto-intimissimo\/\" \/>\n<meta property=\"og:locale\" content=\"pt_BR\" \/>\n<meta property=\"og:type\" content=\"article\" \/>\n<meta property=\"og:title\" content=\"Banda Os Intimus volta aos palcos com Projeto Intim\u00edssimo - Portal MF\" \/>\n<meta property=\"og:description\" content=\"Ap\u00f3s uma breve pausa nas apresenta\u00e7\u00f5es, o grupo de samba Os Intimus retorna aos palcos com o show &#8216;Modo Reativado&#8217; dentro do Projeto Intim\u00edssimo, que acontece gratuitamente no dia 27.08 (s\u00e1bado), a partir das 19h, no Largo Quincas Berro D&#8217;\u00e1gua, no Pelourinho. Nando Muniz, Alexandre Babil\u00f4nia, Cinqu\u00ea Black e Jorge Crispin receber\u00e3o convidados especiais nessa [&hellip;]\" \/>\n<meta property=\"og:url\" content=\"https:\/\/portalmf.com.br\/index.php\/2022\/08\/26\/banda-os-intimus-volta-aos-palcos-com-projeto-intimissimo\/\" \/>\n<meta property=\"og:site_name\" content=\"Portal MF\" \/>\n<meta property=\"article:author\" content=\"reginaldojrfsa\" \/>\n<meta property=\"article:published_time\" content=\"2022-08-26T10:16:00+00:00\" \/>\n<meta property=\"article:modified_time\" content=\"2022-08-26T19:08:40+00:00\" \/>\n<meta property=\"og:image\" content=\"https:\/\/portalmf.com.br\/wp-content\/uploads\/2022\/08\/BANDA-OS-INTIMUS.jpeg\" \/>\n\t<meta property=\"og:image:width\" content=\"1600\" \/>\n\t<meta property=\"og:image:height\" content=\"1064\" \/>\n\t<meta property=\"og:image:type\" content=\"image\/jpeg\" \/>\n<meta name=\"author\" content=\"Reginaldo J\u00fanior\" \/>\n<meta name=\"twitter:card\" content=\"summary_large_image\" \/>\n<meta name=\"twitter:creator\" content=\"@reginaldojrmf\" \/>\n<meta name=\"twitter:label1\" content=\"Escrito por\" \/>\n\t<meta name=\"twitter:data1\" content=\"Reginaldo J\u00fanior\" \/>\n\t<meta name=\"twitter:label2\" content=\"Est. tempo de leitura\" \/>\n\t<meta name=\"twitter:data2\" content=\"2 minutos\" \/>\n<script type=\"application\/ld+json\" class=\"yoast-schema-graph\">{\"@context\":\"https:\/\/schema.org\",\"@graph\":[{\"@type\":\"WebPage\",\"@id\":\"https:\/\/portalmf.com.br\/index.php\/2022\/08\/26\/banda-os-intimus-volta-aos-palcos-com-projeto-intimissimo\/\",\"url\":\"https:\/\/portalmf.com.br\/index.php\/2022\/08\/26\/banda-os-intimus-volta-aos-palcos-com-projeto-intimissimo\/\",\"name\":\"Banda Os Intimus volta aos palcos com Projeto Intim\u00edssimo - Portal MF\",\"isPartOf\":{\"@id\":\"https:\/\/portalmf.com.br\/#website\"},\"primaryImageOfPage\":{\"@id\":\"https:\/\/portalmf.com.br\/index.php\/2022\/08\/26\/banda-os-intimus-volta-aos-palcos-com-projeto-intimissimo\/#primaryimage\"},\"image\":{\"@id\":\"https:\/\/portalmf.com.br\/index.php\/2022\/08\/26\/banda-os-intimus-volta-aos-palcos-com-projeto-intimissimo\/#primaryimage\"},\"thumbnailUrl\":\"https:\/\/portalmf.com.br\/wp-content\/uploads\/2022\/08\/BANDA-OS-INTIMUS.jpeg\",\"datePublished\":\"2022-08-26T10:16:00+00:00\",\"dateModified\":\"2022-08-26T19:08:40+00:00\",\"author\":{\"@id\":\"https:\/\/portalmf.com.br\/#\/schema\/person\/11c82086fe8abc05a19147e964587285\"},\"breadcrumb\":{\"@id\":\"https:\/\/portalmf.com.br\/index.php\/2022\/08\/26\/banda-os-intimus-volta-aos-palcos-com-projeto-intimissimo\/#breadcrumb\"},\"inLanguage\":\"pt-BR\",\"potentialAction\":[{\"@type\":\"ReadAction\",\"target\":[\"https:\/\/portalmf.com.br\/index.php\/2022\/08\/26\/banda-os-intimus-volta-aos-palcos-com-projeto-intimissimo\/\"]}]},{\"@type\":\"ImageObject\",\"inLanguage\":\"pt-BR\",\"@id\":\"https:\/\/portalmf.com.br\/index.php\/2022\/08\/26\/banda-os-intimus-volta-aos-palcos-com-projeto-intimissimo\/#primaryimage\",\"url\":\"https:\/\/portalmf.com.br\/wp-content\/uploads\/2022\/08\/BANDA-OS-INTIMUS.jpeg\",\"contentUrl\":\"https:\/\/portalmf.com.br\/wp-content\/uploads\/2022\/08\/BANDA-OS-INTIMUS.jpeg\",\"width\":1600,\"height\":1064},{\"@type\":\"BreadcrumbList\",\"@id\":\"https:\/\/portalmf.com.br\/index.php\/2022\/08\/26\/banda-os-intimus-volta-aos-palcos-com-projeto-intimissimo\/#breadcrumb\",\"itemListElement\":[{\"@type\":\"ListItem\",\"position\":1,\"name\":\"In\u00edcio\",\"item\":\"https:\/\/portalmf.com.br\/\"},{\"@type\":\"ListItem\",\"position\":2,\"name\":\"Banda Os Intimus volta aos palcos com Projeto Intim\u00edssimo\"}]},{\"@type\":\"WebSite\",\"@id\":\"https:\/\/portalmf.com.br\/#website\",\"url\":\"https:\/\/portalmf.com.br\/\",\"name\":\"Portal MF\",\"description\":\"Voc\u00ea conectado com a informa\u00e7\u00e3o\",\"potentialAction\":[{\"@type\":\"SearchAction\",\"target\":{\"@type\":\"EntryPoint\",\"urlTemplate\":\"https:\/\/portalmf.com.br\/?s={search_term_string}\"},\"query-input\":\"required name=search_term_string\"}],\"inLanguage\":\"pt-BR\"},{\"@type\":\"Person\",\"@id\":\"https:\/\/portalmf.com.br\/#\/schema\/person\/11c82086fe8abc05a19147e964587285\",\"name\":\"Reginaldo J\u00fanior\",\"image\":{\"@type\":\"ImageObject\",\"inLanguage\":\"pt-BR\",\"@id\":\"https:\/\/portalmf.com.br\/#\/schema\/person\/image\/\",\"url\":\"https:\/\/secure.gravatar.com\/avatar\/32a3c797cd0ac47cc53b8644c62776f9?s=96&d=mm&r=g\",\"contentUrl\":\"https:\/\/secure.gravatar.com\/avatar\/32a3c797cd0ac47cc53b8644c62776f9?s=96&d=mm&r=g\",\"caption\":\"Reginaldo J\u00fanior\"},\"description\":\"Jornalista e idealizador Portal MF\",\"sameAs\":[\"https:\/\/portalmf.com.br\/index.php\/author\/reginaldojr\/\",\"reginaldojrfsa\",\"reginaldojuniormf\",\"https:\/\/x.com\/reginaldojrmf\"],\"url\":\"https:\/\/portalmf.com.br\/index.php\/author\/reginaldojr\/\"}]}<\/script>\n<!-- \/ Yoast SEO plugin. -->","yoast_head_json":{"title":"Banda Os Intimus volta aos palcos com Projeto Intim\u00edssimo - Portal MF","robots":{"index":"index","follow":"follow","max-snippet":"max-snippet:-1","max-image-preview":"max-image-preview:large","max-video-preview":"max-video-preview:-1"},"canonical":"https:\/\/portalmf.com.br\/index.php\/2022\/08\/26\/banda-os-intimus-volta-aos-palcos-com-projeto-intimissimo\/","og_locale":"pt_BR","og_type":"article","og_title":"Banda Os Intimus volta aos palcos com Projeto Intim\u00edssimo - Portal MF","og_description":"Ap\u00f3s uma breve pausa nas apresenta\u00e7\u00f5es, o grupo de samba Os Intimus retorna aos palcos com o show &#8216;Modo Reativado&#8217; dentro do Projeto Intim\u00edssimo, que acontece gratuitamente no dia 27.08 (s\u00e1bado), a partir das 19h, no Largo Quincas Berro D&#8217;\u00e1gua, no Pelourinho. Nando Muniz, Alexandre Babil\u00f4nia, Cinqu\u00ea Black e Jorge Crispin receber\u00e3o convidados especiais nessa [&hellip;]","og_url":"https:\/\/portalmf.com.br\/index.php\/2022\/08\/26\/banda-os-intimus-volta-aos-palcos-com-projeto-intimissimo\/","og_site_name":"Portal MF","article_author":"reginaldojrfsa","article_published_time":"2022-08-26T10:16:00+00:00","article_modified_time":"2022-08-26T19:08:40+00:00","og_image":[{"width":1600,"height":1064,"url":"https:\/\/portalmf.com.br\/wp-content\/uploads\/2022\/08\/BANDA-OS-INTIMUS.jpeg","type":"image\/jpeg"}],"author":"Reginaldo J\u00fanior","twitter_card":"summary_large_image","twitter_creator":"@reginaldojrmf","twitter_misc":{"Escrito por":"Reginaldo J\u00fanior","Est. tempo de leitura":"2 minutos"},"schema":{"@context":"https:\/\/schema.org","@graph":[{"@type":"WebPage","@id":"https:\/\/portalmf.com.br\/index.php\/2022\/08\/26\/banda-os-intimus-volta-aos-palcos-com-projeto-intimissimo\/","url":"https:\/\/portalmf.com.br\/index.php\/2022\/08\/26\/banda-os-intimus-volta-aos-palcos-com-projeto-intimissimo\/","name":"Banda Os Intimus volta aos palcos com Projeto Intim\u00edssimo - Portal MF","isPartOf":{"@id":"https:\/\/portalmf.com.br\/#website"},"primaryImageOfPage":{"@id":"https:\/\/portalmf.com.br\/index.php\/2022\/08\/26\/banda-os-intimus-volta-aos-palcos-com-projeto-intimissimo\/#primaryimage"},"image":{"@id":"https:\/\/portalmf.com.br\/index.php\/2022\/08\/26\/banda-os-intimus-volta-aos-palcos-com-projeto-intimissimo\/#primaryimage"},"thumbnailUrl":"https:\/\/portalmf.com.br\/wp-content\/uploads\/2022\/08\/BANDA-OS-INTIMUS.jpeg","datePublished":"2022-08-26T10:16:00+00:00","dateModified":"2022-08-26T19:08:40+00:00","author":{"@id":"https:\/\/portalmf.com.br\/#\/schema\/person\/11c82086fe8abc05a19147e964587285"},"breadcrumb":{"@id":"https:\/\/portalmf.com.br\/index.php\/2022\/08\/26\/banda-os-intimus-volta-aos-palcos-com-projeto-intimissimo\/#breadcrumb"},"inLanguage":"pt-BR","potentialAction":[{"@type":"ReadAction","target":["https:\/\/portalmf.com.br\/index.php\/2022\/08\/26\/banda-os-intimus-volta-aos-palcos-com-projeto-intimissimo\/"]}]},{"@type":"ImageObject","inLanguage":"pt-BR","@id":"https:\/\/portalmf.com.br\/index.php\/2022\/08\/26\/banda-os-intimus-volta-aos-palcos-com-projeto-intimissimo\/#primaryimage","url":"https:\/\/portalmf.com.br\/wp-content\/uploads\/2022\/08\/BANDA-OS-INTIMUS.jpeg","contentUrl":"https:\/\/portalmf.com.br\/wp-content\/uploads\/2022\/08\/BANDA-OS-INTIMUS.jpeg","width":1600,"height":1064},{"@type":"BreadcrumbList","@id":"https:\/\/portalmf.com.br\/index.php\/2022\/08\/26\/banda-os-intimus-volta-aos-palcos-com-projeto-intimissimo\/#breadcrumb","itemListElement":[{"@type":"ListItem","position":1,"name":"In\u00edcio","item":"https:\/\/portalmf.com.br\/"},{"@type":"ListItem","position":2,"name":"Banda Os Intimus volta aos palcos com Projeto Intim\u00edssimo"}]},{"@type":"WebSite","@id":"https:\/\/portalmf.com.br\/#website","url":"https:\/\/portalmf.com.br\/","name":"Portal MF","description":"Voc\u00ea conectado com a informa\u00e7\u00e3o","potentialAction":[{"@type":"SearchAction","target":{"@type":"EntryPoint","urlTemplate":"https:\/\/portalmf.com.br\/?s={search_term_string}"},"query-input":"required name=search_term_string"}],"inLanguage":"pt-BR"},{"@type":"Person","@id":"https:\/\/portalmf.com.br\/#\/schema\/person\/11c82086fe8abc05a19147e964587285","name":"Reginaldo J\u00fanior","image":{"@type":"ImageObject","inLanguage":"pt-BR","@id":"https:\/\/portalmf.com.br\/#\/schema\/person\/image\/","url":"https:\/\/secure.gravatar.com\/avatar\/32a3c797cd0ac47cc53b8644c62776f9?s=96&d=mm&r=g","contentUrl":"https:\/\/secure.gravatar.com\/avatar\/32a3c797cd0ac47cc53b8644c62776f9?s=96&d=mm&r=g","caption":"Reginaldo J\u00fanior"},"description":"Jornalista e idealizador Portal MF","sameAs":["https:\/\/portalmf.com.br\/index.php\/author\/reginaldojr\/","reginaldojrfsa","reginaldojuniormf","https:\/\/x.com\/reginaldojrmf"],"url":"https:\/\/portalmf.com.br\/index.php\/author\/reginaldojr\/"}]}},"_links":{"self":[{"href":"https:\/\/portalmf.com.br\/index.php\/wp-json\/wp\/v2\/posts\/3640"}],"collection":[{"href":"https:\/\/portalmf.com.br\/index.php\/wp-json\/wp\/v2\/posts"}],"about":[{"href":"https:\/\/portalmf.com.br\/index.php\/wp-json\/wp\/v2\/types\/post"}],"author":[{"embeddable":true,"href":"https:\/\/portalmf.com.br\/index.php\/wp-json\/wp\/v2\/users\/2"}],"replies":[{"embeddable":true,"href":"https:\/\/portalmf.com.br\/index.php\/wp-json\/wp\/v2\/comments?post=3640"}],"version-history":[{"count":1,"href":"https:\/\/portalmf.com.br\/index.php\/wp-json\/wp\/v2\/posts\/3640\/revisions"}],"predecessor-version":[{"id":3641,"href":"https:\/\/portalmf.com.br\/index.php\/wp-json\/wp\/v2\/posts\/3640\/revisions\/3641"}],"wp:featuredmedia":[{"embeddable":true,"href":"https:\/\/portalmf.com.br\/index.php\/wp-json\/wp\/v2\/media\/3651"}],"wp:attachment":[{"href":"https:\/\/portalmf.com.br\/index.php\/wp-json\/wp\/v2\/media?parent=3640"}],"wp:term":[{"taxonomy":"category","embeddable":true,"href":"https:\/\/portalmf.com.br\/index.php\/wp-json\/wp\/v2\/categories?post=3640"},{"taxonomy":"post_tag","embeddable":true,"href":"https:\/\/portalmf.com.br\/index.php\/wp-json\/wp\/v2\/tags?post=3640"}],"curies":[{"name":"wp","href":"https:\/\/api.w.org\/{rel}","templated":true}]}}