{"id":36268,"date":"2025-05-21T17:37:54","date_gmt":"2025-05-21T20:37:54","guid":{"rendered":"https:\/\/portalmf.com.br\/?p=36268"},"modified":"2025-05-21T17:37:56","modified_gmt":"2025-05-21T20:37:56","slug":"prefeitura-vai-abrir-concurso-publico-para-mais-mil-professores","status":"publish","type":"post","link":"https:\/\/portalmf.com.br\/index.php\/2025\/05\/21\/prefeitura-vai-abrir-concurso-publico-para-mais-mil-professores\/","title":{"rendered":"Prefeitura vai abrir concurso p\u00fablico para mais mil professores"},"content":{"rendered":"\n<p>A Prefeitura de Feira de Santana vai abrir concurso p\u00fablico para contrata\u00e7\u00e3o efetiva de mais mil professores ainda este ano. A decis\u00e3o foi anunciada pelo prefeito Jos\u00e9 Ronaldo, na tarde de&nbsp;segunda-feira (19), durante coletiva \u00e0 imprensa para anunciar investimentos na Educa\u00e7\u00e3o do Munic\u00edpio da ordem de mais de R$ 58 milh\u00f5es somente este ano.<\/p>\n\n\n\n<p>Ao anunciar a abertura do concurso p\u00fablico, o prefeito Jos\u00e9 Ronaldo ressaltou a determina\u00e7\u00e3o de substituir os professores contratados atrav\u00e9s do Regime Especial de Direito Administrativo (REDA), que s\u00e3o tempor\u00e1rios, por professores do quadro efetivo.<\/p>\n\n\n\n<p>Para viabilizar o novo concurso p\u00fablico, o prefeito Jos\u00e9 Ronaldo despachou of\u00edcio \u00e0 Procuradoria Geral do Munic\u00edpio para an\u00e1lise e viabilidade ainda este ano. A determina\u00e7\u00e3o \u00e9 contratar os concursados para estarem em sala de aula j\u00e1 no pr\u00f3ximo ano.<\/p>\n\n\n\n<p>Jos\u00e9 Ronaldo ressaltou a import\u00e2ncia dos investimentos para melhorar os \u00edndices da educa\u00e7\u00e3o p\u00fablica no munic\u00edpio. <em>\u201cEsses R$ 58 milh\u00f5es s\u00e3o um investimento que est\u00e1 sendo acrescentado agora em 2025 e n\u00e3o t\u00eam nada a ver com aquisi\u00e7\u00e3o de kit escolar, mochilas e fardamentos. Esta \u00e9 outra quest\u00e3o\u201d, <\/em>observou.<\/p>\n\n\n\n<p>Com informa\u00e7\u00f5es da Secom<\/p>\n","protected":false},"excerpt":{"rendered":"<p>A Prefeitura de Feira de Santana vai abrir concurso p\u00fablico para contrata\u00e7\u00e3o efetiva de mais mil professores ainda este ano. A decis\u00e3o foi anunciada pelo prefeito Jos\u00e9 Ronaldo, na tarde de&nbsp;segunda-feira (19), durante coletiva \u00e0 imprensa para anunciar investimentos na Educa\u00e7\u00e3o do Munic\u00edpio da ordem de mais de R$ 58 milh\u00f5es somente este ano. Ao [&hellip;]<\/p>\n","protected":false},"author":3,"featured_media":36270,"comment_status":"open","ping_status":"open","sticky":false,"template":"","format":"standard","meta":{"_monsterinsights_skip_tracking":false,"_monsterinsights_sitenote_active":false,"_monsterinsights_sitenote_note":"","_monsterinsights_sitenote_category":0,"footnotes":""},"categories":[34],"tags":[],"yoast_head":"<!-- This site is optimized with the Yoast SEO plugin v22.9 - https:\/\/yoast.com\/wordpress\/plugins\/seo\/ -->\n<title>Prefeitura vai abrir concurso p\u00fablico para mais mil professores - Portal MF<\/title>\n<meta name=\"robots\" content=\"index, follow, max-snippet:-1, max-image-preview:large, max-video-preview:-1\" \/>\n<link rel=\"canonical\" href=\"https:\/\/portalmf.com.br\/index.php\/2025\/05\/21\/prefeitura-vai-abrir-concurso-publico-para-mais-mil-professores\/\" \/>\n<meta property=\"og:locale\" content=\"pt_BR\" \/>\n<meta property=\"og:type\" content=\"article\" \/>\n<meta property=\"og:title\" content=\"Prefeitura vai abrir concurso p\u00fablico para mais mil professores - Portal MF\" \/>\n<meta property=\"og:description\" content=\"A Prefeitura de Feira de Santana vai abrir concurso p\u00fablico para contrata\u00e7\u00e3o efetiva de mais mil professores ainda este ano. A decis\u00e3o foi anunciada pelo prefeito Jos\u00e9 Ronaldo, na tarde de&nbsp;segunda-feira (19), durante coletiva \u00e0 imprensa para anunciar investimentos na Educa\u00e7\u00e3o do Munic\u00edpio da ordem de mais de R$ 58 milh\u00f5es somente este ano. Ao [&hellip;]\" \/>\n<meta property=\"og:url\" content=\"https:\/\/portalmf.com.br\/index.php\/2025\/05\/21\/prefeitura-vai-abrir-concurso-publico-para-mais-mil-professores\/\" \/>\n<meta property=\"og:site_name\" content=\"Portal MF\" \/>\n<meta property=\"article:author\" content=\"https:\/\/www.facebook.com\/portalmfoficial\" \/>\n<meta property=\"article:published_time\" content=\"2025-05-21T20:37:54+00:00\" \/>\n<meta property=\"article:modified_time\" content=\"2025-05-21T20:37:56+00:00\" \/>\n<meta property=\"og:image\" content=\"https:\/\/portalmf.com.br\/wp-content\/uploads\/2025\/05\/Sede-da-SEDUC-Foto-Jorge-Magalhaes-3.jpeg\" \/>\n\t<meta property=\"og:image:width\" content=\"1299\" \/>\n\t<meta property=\"og:image:height\" content=\"866\" \/>\n\t<meta property=\"og:image:type\" content=\"image\/jpeg\" \/>\n<meta name=\"author\" content=\"Reda\u00e7\u00e3o Portal MF\" \/>\n<meta name=\"twitter:card\" content=\"summary_large_image\" \/>\n<meta name=\"twitter:creator\" content=\"@https:\/\/x.com\/portalmfoficial\" \/>\n<meta name=\"twitter:label1\" content=\"Escrito por\" \/>\n\t<meta name=\"twitter:data1\" content=\"Reda\u00e7\u00e3o Portal MF\" \/>\n\t<meta name=\"twitter:label2\" content=\"Est. tempo de leitura\" \/>\n\t<meta name=\"twitter:data2\" content=\"2 minutos\" \/>\n<script type=\"application\/ld+json\" class=\"yoast-schema-graph\">{\"@context\":\"https:\/\/schema.org\",\"@graph\":[{\"@type\":\"WebPage\",\"@id\":\"https:\/\/portalmf.com.br\/index.php\/2025\/05\/21\/prefeitura-vai-abrir-concurso-publico-para-mais-mil-professores\/\",\"url\":\"https:\/\/portalmf.com.br\/index.php\/2025\/05\/21\/prefeitura-vai-abrir-concurso-publico-para-mais-mil-professores\/\",\"name\":\"Prefeitura vai abrir concurso p\u00fablico para mais mil professores - Portal MF\",\"isPartOf\":{\"@id\":\"https:\/\/portalmf.com.br\/#website\"},\"primaryImageOfPage\":{\"@id\":\"https:\/\/portalmf.com.br\/index.php\/2025\/05\/21\/prefeitura-vai-abrir-concurso-publico-para-mais-mil-professores\/#primaryimage\"},\"image\":{\"@id\":\"https:\/\/portalmf.com.br\/index.php\/2025\/05\/21\/prefeitura-vai-abrir-concurso-publico-para-mais-mil-professores\/#primaryimage\"},\"thumbnailUrl\":\"https:\/\/portalmf.com.br\/wp-content\/uploads\/2025\/05\/Sede-da-SEDUC-Foto-Jorge-Magalhaes-3.jpeg\",\"datePublished\":\"2025-05-21T20:37:54+00:00\",\"dateModified\":\"2025-05-21T20:37:56+00:00\",\"author\":{\"@id\":\"https:\/\/portalmf.com.br\/#\/schema\/person\/9ec101baf56233e53520c26de5d6f6f0\"},\"breadcrumb\":{\"@id\":\"https:\/\/portalmf.com.br\/index.php\/2025\/05\/21\/prefeitura-vai-abrir-concurso-publico-para-mais-mil-professores\/#breadcrumb\"},\"inLanguage\":\"pt-BR\",\"potentialAction\":[{\"@type\":\"ReadAction\",\"target\":[\"https:\/\/portalmf.com.br\/index.php\/2025\/05\/21\/prefeitura-vai-abrir-concurso-publico-para-mais-mil-professores\/\"]}]},{\"@type\":\"ImageObject\",\"inLanguage\":\"pt-BR\",\"@id\":\"https:\/\/portalmf.com.br\/index.php\/2025\/05\/21\/prefeitura-vai-abrir-concurso-publico-para-mais-mil-professores\/#primaryimage\",\"url\":\"https:\/\/portalmf.com.br\/wp-content\/uploads\/2025\/05\/Sede-da-SEDUC-Foto-Jorge-Magalhaes-3.jpeg\",\"contentUrl\":\"https:\/\/portalmf.com.br\/wp-content\/uploads\/2025\/05\/Sede-da-SEDUC-Foto-Jorge-Magalhaes-3.jpeg\",\"width\":1299,\"height\":866},{\"@type\":\"BreadcrumbList\",\"@id\":\"https:\/\/portalmf.com.br\/index.php\/2025\/05\/21\/prefeitura-vai-abrir-concurso-publico-para-mais-mil-professores\/#breadcrumb\",\"itemListElement\":[{\"@type\":\"ListItem\",\"position\":1,\"name\":\"In\u00edcio\",\"item\":\"https:\/\/portalmf.com.br\/\"},{\"@type\":\"ListItem\",\"position\":2,\"name\":\"Prefeitura vai abrir concurso p\u00fablico para mais mil professores\"}]},{\"@type\":\"WebSite\",\"@id\":\"https:\/\/portalmf.com.br\/#website\",\"url\":\"https:\/\/portalmf.com.br\/\",\"name\":\"Portal MF\",\"description\":\"Voc\u00ea conectado com a informa\u00e7\u00e3o\",\"potentialAction\":[{\"@type\":\"SearchAction\",\"target\":{\"@type\":\"EntryPoint\",\"urlTemplate\":\"https:\/\/portalmf.com.br\/?s={search_term_string}\"},\"query-input\":\"required name=search_term_string\"}],\"inLanguage\":\"pt-BR\"},{\"@type\":\"Person\",\"@id\":\"https:\/\/portalmf.com.br\/#\/schema\/person\/9ec101baf56233e53520c26de5d6f6f0\",\"name\":\"Reda\u00e7\u00e3o Portal MF\",\"image\":{\"@type\":\"ImageObject\",\"inLanguage\":\"pt-BR\",\"@id\":\"https:\/\/portalmf.com.br\/#\/schema\/person\/image\/\",\"url\":\"https:\/\/secure.gravatar.com\/avatar\/41b9aaeb2100835f7c64362330f74c7f?s=96&d=mm&r=g\",\"contentUrl\":\"https:\/\/secure.gravatar.com\/avatar\/41b9aaeb2100835f7c64362330f74c7f?s=96&d=mm&r=g\",\"caption\":\"Reda\u00e7\u00e3o Portal MF\"},\"description\":\"Sejam bem-vindos o portal de informa\u00e7\u00f5es de entretenimento de Feira de Santana, desde 2006 realiza coberturas dos principais eventos com entrevistas exclusivas com as principais personalidades mundiais. Fique conectado tamb\u00e9m nas redes sociais.\",\"sameAs\":[\"http:\/\/www.portalmf.com.br\/\",\"https:\/\/www.facebook.com\/portalmfoficial\",\"https:\/\/www.instagram.com\/portalmf\/\",\"https:\/\/x.com\/https:\/\/x.com\/portalmfoficial\",\"https:\/\/www.youtube.com\/@portalmfoficial\"],\"url\":\"https:\/\/portalmf.com.br\/index.php\/author\/junior\/\"}]}<\/script>\n<!-- \/ Yoast SEO plugin. -->","yoast_head_json":{"title":"Prefeitura vai abrir concurso p\u00fablico para mais mil professores - Portal MF","robots":{"index":"index","follow":"follow","max-snippet":"max-snippet:-1","max-image-preview":"max-image-preview:large","max-video-preview":"max-video-preview:-1"},"canonical":"https:\/\/portalmf.com.br\/index.php\/2025\/05\/21\/prefeitura-vai-abrir-concurso-publico-para-mais-mil-professores\/","og_locale":"pt_BR","og_type":"article","og_title":"Prefeitura vai abrir concurso p\u00fablico para mais mil professores - Portal MF","og_description":"A Prefeitura de Feira de Santana vai abrir concurso p\u00fablico para contrata\u00e7\u00e3o efetiva de mais mil professores ainda este ano. A decis\u00e3o foi anunciada pelo prefeito Jos\u00e9 Ronaldo, na tarde de&nbsp;segunda-feira (19), durante coletiva \u00e0 imprensa para anunciar investimentos na Educa\u00e7\u00e3o do Munic\u00edpio da ordem de mais de R$ 58 milh\u00f5es somente este ano. Ao [&hellip;]","og_url":"https:\/\/portalmf.com.br\/index.php\/2025\/05\/21\/prefeitura-vai-abrir-concurso-publico-para-mais-mil-professores\/","og_site_name":"Portal MF","article_author":"https:\/\/www.facebook.com\/portalmfoficial","article_published_time":"2025-05-21T20:37:54+00:00","article_modified_time":"2025-05-21T20:37:56+00:00","og_image":[{"width":1299,"height":866,"url":"https:\/\/portalmf.com.br\/wp-content\/uploads\/2025\/05\/Sede-da-SEDUC-Foto-Jorge-Magalhaes-3.jpeg","type":"image\/jpeg"}],"author":"Reda\u00e7\u00e3o Portal MF","twitter_card":"summary_large_image","twitter_creator":"@https:\/\/x.com\/portalmfoficial","twitter_misc":{"Escrito por":"Reda\u00e7\u00e3o Portal MF","Est. tempo de leitura":"2 minutos"},"schema":{"@context":"https:\/\/schema.org","@graph":[{"@type":"WebPage","@id":"https:\/\/portalmf.com.br\/index.php\/2025\/05\/21\/prefeitura-vai-abrir-concurso-publico-para-mais-mil-professores\/","url":"https:\/\/portalmf.com.br\/index.php\/2025\/05\/21\/prefeitura-vai-abrir-concurso-publico-para-mais-mil-professores\/","name":"Prefeitura vai abrir concurso p\u00fablico para mais mil professores - Portal MF","isPartOf":{"@id":"https:\/\/portalmf.com.br\/#website"},"primaryImageOfPage":{"@id":"https:\/\/portalmf.com.br\/index.php\/2025\/05\/21\/prefeitura-vai-abrir-concurso-publico-para-mais-mil-professores\/#primaryimage"},"image":{"@id":"https:\/\/portalmf.com.br\/index.php\/2025\/05\/21\/prefeitura-vai-abrir-concurso-publico-para-mais-mil-professores\/#primaryimage"},"thumbnailUrl":"https:\/\/portalmf.com.br\/wp-content\/uploads\/2025\/05\/Sede-da-SEDUC-Foto-Jorge-Magalhaes-3.jpeg","datePublished":"2025-05-21T20:37:54+00:00","dateModified":"2025-05-21T20:37:56+00:00","author":{"@id":"https:\/\/portalmf.com.br\/#\/schema\/person\/9ec101baf56233e53520c26de5d6f6f0"},"breadcrumb":{"@id":"https:\/\/portalmf.com.br\/index.php\/2025\/05\/21\/prefeitura-vai-abrir-concurso-publico-para-mais-mil-professores\/#breadcrumb"},"inLanguage":"pt-BR","potentialAction":[{"@type":"ReadAction","target":["https:\/\/portalmf.com.br\/index.php\/2025\/05\/21\/prefeitura-vai-abrir-concurso-publico-para-mais-mil-professores\/"]}]},{"@type":"ImageObject","inLanguage":"pt-BR","@id":"https:\/\/portalmf.com.br\/index.php\/2025\/05\/21\/prefeitura-vai-abrir-concurso-publico-para-mais-mil-professores\/#primaryimage","url":"https:\/\/portalmf.com.br\/wp-content\/uploads\/2025\/05\/Sede-da-SEDUC-Foto-Jorge-Magalhaes-3.jpeg","contentUrl":"https:\/\/portalmf.com.br\/wp-content\/uploads\/2025\/05\/Sede-da-SEDUC-Foto-Jorge-Magalhaes-3.jpeg","width":1299,"height":866},{"@type":"BreadcrumbList","@id":"https:\/\/portalmf.com.br\/index.php\/2025\/05\/21\/prefeitura-vai-abrir-concurso-publico-para-mais-mil-professores\/#breadcrumb","itemListElement":[{"@type":"ListItem","position":1,"name":"In\u00edcio","item":"https:\/\/portalmf.com.br\/"},{"@type":"ListItem","position":2,"name":"Prefeitura vai abrir concurso p\u00fablico para mais mil professores"}]},{"@type":"WebSite","@id":"https:\/\/portalmf.com.br\/#website","url":"https:\/\/portalmf.com.br\/","name":"Portal MF","description":"Voc\u00ea conectado com a informa\u00e7\u00e3o","potentialAction":[{"@type":"SearchAction","target":{"@type":"EntryPoint","urlTemplate":"https:\/\/portalmf.com.br\/?s={search_term_string}"},"query-input":"required name=search_term_string"}],"inLanguage":"pt-BR"},{"@type":"Person","@id":"https:\/\/portalmf.com.br\/#\/schema\/person\/9ec101baf56233e53520c26de5d6f6f0","name":"Reda\u00e7\u00e3o Portal MF","image":{"@type":"ImageObject","inLanguage":"pt-BR","@id":"https:\/\/portalmf.com.br\/#\/schema\/person\/image\/","url":"https:\/\/secure.gravatar.com\/avatar\/41b9aaeb2100835f7c64362330f74c7f?s=96&d=mm&r=g","contentUrl":"https:\/\/secure.gravatar.com\/avatar\/41b9aaeb2100835f7c64362330f74c7f?s=96&d=mm&r=g","caption":"Reda\u00e7\u00e3o Portal MF"},"description":"Sejam bem-vindos o portal de informa\u00e7\u00f5es de entretenimento de Feira de Santana, desde 2006 realiza coberturas dos principais eventos com entrevistas exclusivas com as principais personalidades mundiais. Fique conectado tamb\u00e9m nas redes sociais.","sameAs":["http:\/\/www.portalmf.com.br\/","https:\/\/www.facebook.com\/portalmfoficial","https:\/\/www.instagram.com\/portalmf\/","https:\/\/x.com\/https:\/\/x.com\/portalmfoficial","https:\/\/www.youtube.com\/@portalmfoficial"],"url":"https:\/\/portalmf.com.br\/index.php\/author\/junior\/"}]}},"_links":{"self":[{"href":"https:\/\/portalmf.com.br\/index.php\/wp-json\/wp\/v2\/posts\/36268"}],"collection":[{"href":"https:\/\/portalmf.com.br\/index.php\/wp-json\/wp\/v2\/posts"}],"about":[{"href":"https:\/\/portalmf.com.br\/index.php\/wp-json\/wp\/v2\/types\/post"}],"author":[{"embeddable":true,"href":"https:\/\/portalmf.com.br\/index.php\/wp-json\/wp\/v2\/users\/3"}],"replies":[{"embeddable":true,"href":"https:\/\/portalmf.com.br\/index.php\/wp-json\/wp\/v2\/comments?post=36268"}],"version-history":[{"count":1,"href":"https:\/\/portalmf.com.br\/index.php\/wp-json\/wp\/v2\/posts\/36268\/revisions"}],"predecessor-version":[{"id":36271,"href":"https:\/\/portalmf.com.br\/index.php\/wp-json\/wp\/v2\/posts\/36268\/revisions\/36271"}],"wp:featuredmedia":[{"embeddable":true,"href":"https:\/\/portalmf.com.br\/index.php\/wp-json\/wp\/v2\/media\/36270"}],"wp:attachment":[{"href":"https:\/\/portalmf.com.br\/index.php\/wp-json\/wp\/v2\/media?parent=36268"}],"wp:term":[{"taxonomy":"category","embeddable":true,"href":"https:\/\/portalmf.com.br\/index.php\/wp-json\/wp\/v2\/categories?post=36268"},{"taxonomy":"post_tag","embeddable":true,"href":"https:\/\/portalmf.com.br\/index.php\/wp-json\/wp\/v2\/tags?post=36268"}],"curies":[{"name":"wp","href":"https:\/\/api.w.org\/{rel}","templated":true}]}}