{"id":3624,"date":"2022-08-26T14:47:34","date_gmt":"2022-08-26T17:47:34","guid":{"rendered":"http:\/\/portalmf.com.br\/?p=3624"},"modified":"2022-08-26T14:47:35","modified_gmt":"2022-08-26T17:47:35","slug":"anvisa-aprova-importacao-de-vacina-contra-variola-dos-macacos","status":"publish","type":"post","link":"https:\/\/portalmf.com.br\/index.php\/2022\/08\/26\/anvisa-aprova-importacao-de-vacina-contra-variola-dos-macacos\/","title":{"rendered":"Anvisa aprova importa\u00e7\u00e3o de vacina contra var\u00edola dos macacos"},"content":{"rendered":"\n<p>A Ag\u00eancia Nacional de Vigil\u00e2ncia Sanit\u00e1ria (Anvisa) aprovou hoje (25) &#8211; por unanimidade -, em Bras\u00edlia, a dispensa de registro para que o Minist\u00e9rio da Sa\u00fade (MS) importe e utilize no Brasil a vacina Jynneos\/Imvanexcontra a var\u00edola dos macacos.<\/p>\n\n\n\n<p>Em outra decis\u00e3o un\u00e2nime, a Anvisa autorizou a dispensa de registro para que o Minist\u00e9rio da Sa\u00fade importe e use no Brasil o medicamento Tecovirimat, para tratamento da mesma doen\u00e7a.<\/p>\n\n\n\n<p><strong>Vacina<\/strong><\/p>\n\n\n\n<p>No caso da vacina, a autoriza\u00e7\u00e3o se aplica \u00e0 Jynneos (EUA) ouImvanex (EMA) \u2013 vacina contra var\u00edola e&nbsp;<em>monkeypox<\/em>, v\u00edrus vacc\u00ednia modificado, cepa Ankara. Apesar de ser o mesmo produto, o imunizante possui nomes diferentes nos Estados Unidos e na Europa. A vacina da empresa Bavarian Nordic A\/S \u00e9 fabricada na Dinamarca e na Alemanha.<\/p>\n\n\n\n<p>\u201cO imunizante \u00e9 destinado a adultos com idade igual ou superior a 18 anos e possui prazo de at\u00e9 60 meses de validade, quando conservado entre -60\u00b0C e&nbsp;-40\u00b0C. A dispensa tempor\u00e1ria e excepcional se aplica somente ao Minist\u00e9rio da Sa\u00fade e ter\u00e1 validade de seis meses, desde que n\u00e3o seja expressamente revogada pela Anvisa\u201d, explicou a ag\u00eancia.<\/p>\n\n\n\n<p>Em seu voto, a diretora relatora Meiruze Freitas destacou que a var\u00edola dos macacos \u00e9 causada por um v\u00edrus semelhante ao da var\u00edola e que, portanto, \u00e9 esperado que a vacina previna ou reduza a gravidade da infec\u00e7\u00e3o pela doen\u00e7a. Apesar disso, ela ressaltou a necessidade de estudos de monitoramento para a confirma\u00e7\u00e3o da efetividade do produto.&nbsp;<\/p>\n\n\n\n<p>A decis\u00e3o da Anvisa teve como base o relat\u00f3rio de avalia\u00e7\u00e3o da ag\u00eancia americanaFood and Drug Administration (FDA) para a vacina Jynneos, as informa\u00e7\u00f5es p\u00fablicas emitidas pela Ag\u00eancia Europeia de Medicamentos (European Medicines Agency\u2013 EMA) e pela ag\u00eancia do Reino Unido (National Health Service \u2013 NHS), al\u00e9m da bula, dizeres de rotulagem e demais documentos apresentados pelo Minist\u00e9rio da Sa\u00fade.<\/p>\n\n\n\n<p>\u201cA documenta\u00e7\u00e3o encaminhada pelo Minist\u00e9rio da Sa\u00fade \u00e9 a mesma disponibilizada pela FDA, sendo que o produto importado dever\u00e1 corresponder \u00e0s mesmas caracter\u00edsticas do pedido avaliado pela Anvisa\u201d, explicou a ag\u00eancia.<\/p>\n\n\n\n<p>Acrescentou que no Brasil, at\u00e9 o momento, n\u00e3o h\u00e1 submiss\u00e3o de protocolo de ensaio cl\u00ednico em vacinas para ser conduzido nacionalmente, e tamb\u00e9m n\u00e3o existe protocolo submetido ou mesmo vacina j\u00e1 registrada pela Anvisa com a indica\u00e7\u00e3o de imuniza\u00e7\u00e3o contra a var\u00edola dos macacos.<\/p>\n\n\n\n<p><strong>Antiviral<\/strong><\/p>\n\n\n\n<p>Sobre a autoriza\u00e7\u00e3o do antiviral, a Anvisa destacou que ela se aplica ao medicamento Tecovirimat, concentra\u00e7\u00e3o de 200 mg, na forma farmac\u00eautica c\u00e1psula dura, uso oral, prazo de validade de 84 meses e indicado para o tratamento de doen\u00e7as causadas pelo&nbsp;Orthopoxvirus&nbsp;em adultos, adolescentes e crian\u00e7as com peso m\u00ednimo de 13 kg.<\/p>\n\n\n\n<p>\u201cO produto a ser importado \u00e9 o mesmo autorizado nos Estados Unidos para a empresa Siga Technologies, fabricado pela Catalent Pharma Solutions, localizada em Winchester, Kentucky, nos Estados Unidos\u201d, disse a Anvisa.<\/p>\n\n\n\n<p>A dispensa tempor\u00e1ria e excepcional se aplica somente ao Minist\u00e9rio da Sa\u00fade e ter\u00e1 validade de seis meses, desde que n\u00e3o seja expressamente revogada pela Anvisa. A diretora Meiruze Freitas destacou, em seu voto, que o conhecimento pr\u00e9vio da ag\u00eancia sobre o medicamento, resultado da comunica\u00e7\u00e3o e da intera\u00e7\u00e3o com as autoridades que avaliaram o produto, permitiu a r\u00e1pida conclus\u00e3o do processo.<\/p>\n\n\n\n<p>Ela disse, ainda, que o acesso ao medicamento pode salvar vidas e controlar os danos da var\u00edola dos macacos, especialmente para os pacientes com maiores riscos.&nbsp;Assim como no caso da vacina contra a doen\u00e7a, no Brasil, at\u00e9 o momento, n\u00e3o h\u00e1 submiss\u00e3o de protocolo de ensaio cl\u00ednico em medicamento para ser conduzido nacionalmente, nem existe protocolo submetido ou mesmo rem\u00e9dio j\u00e1 registrado pela Anvisa com a indica\u00e7\u00e3o de tratamento da var\u00edola dos macacos.<\/p>\n\n\n\n<p>Com informa\u00e7\u00f5es da Ag\u00eancia Brasil<\/p>\n","protected":false},"excerpt":{"rendered":"<p>A Ag\u00eancia Nacional de Vigil\u00e2ncia Sanit\u00e1ria (Anvisa) aprovou hoje (25) &#8211; por unanimidade -, em Bras\u00edlia, a dispensa de registro para que o Minist\u00e9rio da Sa\u00fade (MS) importe e utilize no Brasil a vacina Jynneos\/Imvanexcontra a var\u00edola dos macacos. Em outra decis\u00e3o un\u00e2nime, a Anvisa autorizou a dispensa de registro para que o Minist\u00e9rio da [&hellip;]<\/p>\n","protected":false},"author":2,"featured_media":3625,"comment_status":"open","ping_status":"open","sticky":false,"template":"","format":"standard","meta":{"_monsterinsights_skip_tracking":false,"_monsterinsights_sitenote_active":false,"_monsterinsights_sitenote_note":"","_monsterinsights_sitenote_category":0,"footnotes":""},"categories":[34],"tags":[],"yoast_head":"<!-- This site is optimized with the Yoast SEO plugin v22.9 - https:\/\/yoast.com\/wordpress\/plugins\/seo\/ -->\n<title>Anvisa aprova importa\u00e7\u00e3o de vacina contra var\u00edola dos macacos - Portal MF<\/title>\n<meta name=\"robots\" content=\"index, follow, max-snippet:-1, max-image-preview:large, max-video-preview:-1\" \/>\n<link rel=\"canonical\" href=\"https:\/\/portalmf.com.br\/index.php\/2022\/08\/26\/anvisa-aprova-importacao-de-vacina-contra-variola-dos-macacos\/\" \/>\n<meta property=\"og:locale\" content=\"pt_BR\" \/>\n<meta property=\"og:type\" content=\"article\" \/>\n<meta property=\"og:title\" content=\"Anvisa aprova importa\u00e7\u00e3o de vacina contra var\u00edola dos macacos - Portal MF\" \/>\n<meta property=\"og:description\" content=\"A Ag\u00eancia Nacional de Vigil\u00e2ncia Sanit\u00e1ria (Anvisa) aprovou hoje (25) &#8211; por unanimidade -, em Bras\u00edlia, a dispensa de registro para que o Minist\u00e9rio da Sa\u00fade (MS) importe e utilize no Brasil a vacina Jynneos\/Imvanexcontra a var\u00edola dos macacos. Em outra decis\u00e3o un\u00e2nime, a Anvisa autorizou a dispensa de registro para que o Minist\u00e9rio da [&hellip;]\" \/>\n<meta property=\"og:url\" content=\"https:\/\/portalmf.com.br\/index.php\/2022\/08\/26\/anvisa-aprova-importacao-de-vacina-contra-variola-dos-macacos\/\" \/>\n<meta property=\"og:site_name\" content=\"Portal MF\" \/>\n<meta property=\"article:author\" content=\"reginaldojrfsa\" \/>\n<meta property=\"article:published_time\" content=\"2022-08-26T17:47:34+00:00\" \/>\n<meta property=\"article:modified_time\" content=\"2022-08-26T17:47:35+00:00\" \/>\n<meta property=\"og:image\" content=\"https:\/\/portalmf.com.br\/wp-content\/uploads\/2022\/08\/11-11-2020_sede_anvisa-4_0.jpg\" \/>\n\t<meta property=\"og:image:width\" content=\"1170\" \/>\n\t<meta property=\"og:image:height\" content=\"700\" \/>\n\t<meta property=\"og:image:type\" content=\"image\/jpeg\" \/>\n<meta name=\"author\" content=\"Reginaldo J\u00fanior\" \/>\n<meta name=\"twitter:card\" content=\"summary_large_image\" \/>\n<meta name=\"twitter:creator\" content=\"@reginaldojrmf\" \/>\n<meta name=\"twitter:label1\" content=\"Escrito por\" \/>\n\t<meta name=\"twitter:data1\" content=\"Reginaldo J\u00fanior\" \/>\n\t<meta name=\"twitter:label2\" content=\"Est. tempo de leitura\" \/>\n\t<meta name=\"twitter:data2\" content=\"4 minutos\" \/>\n<script type=\"application\/ld+json\" class=\"yoast-schema-graph\">{\"@context\":\"https:\/\/schema.org\",\"@graph\":[{\"@type\":\"WebPage\",\"@id\":\"https:\/\/portalmf.com.br\/index.php\/2022\/08\/26\/anvisa-aprova-importacao-de-vacina-contra-variola-dos-macacos\/\",\"url\":\"https:\/\/portalmf.com.br\/index.php\/2022\/08\/26\/anvisa-aprova-importacao-de-vacina-contra-variola-dos-macacos\/\",\"name\":\"Anvisa aprova importa\u00e7\u00e3o de vacina contra var\u00edola dos macacos - Portal MF\",\"isPartOf\":{\"@id\":\"https:\/\/portalmf.com.br\/#website\"},\"primaryImageOfPage\":{\"@id\":\"https:\/\/portalmf.com.br\/index.php\/2022\/08\/26\/anvisa-aprova-importacao-de-vacina-contra-variola-dos-macacos\/#primaryimage\"},\"image\":{\"@id\":\"https:\/\/portalmf.com.br\/index.php\/2022\/08\/26\/anvisa-aprova-importacao-de-vacina-contra-variola-dos-macacos\/#primaryimage\"},\"thumbnailUrl\":\"https:\/\/portalmf.com.br\/wp-content\/uploads\/2022\/08\/11-11-2020_sede_anvisa-4_0.jpg\",\"datePublished\":\"2022-08-26T17:47:34+00:00\",\"dateModified\":\"2022-08-26T17:47:35+00:00\",\"author\":{\"@id\":\"https:\/\/portalmf.com.br\/#\/schema\/person\/11c82086fe8abc05a19147e964587285\"},\"breadcrumb\":{\"@id\":\"https:\/\/portalmf.com.br\/index.php\/2022\/08\/26\/anvisa-aprova-importacao-de-vacina-contra-variola-dos-macacos\/#breadcrumb\"},\"inLanguage\":\"pt-BR\",\"potentialAction\":[{\"@type\":\"ReadAction\",\"target\":[\"https:\/\/portalmf.com.br\/index.php\/2022\/08\/26\/anvisa-aprova-importacao-de-vacina-contra-variola-dos-macacos\/\"]}]},{\"@type\":\"ImageObject\",\"inLanguage\":\"pt-BR\",\"@id\":\"https:\/\/portalmf.com.br\/index.php\/2022\/08\/26\/anvisa-aprova-importacao-de-vacina-contra-variola-dos-macacos\/#primaryimage\",\"url\":\"https:\/\/portalmf.com.br\/wp-content\/uploads\/2022\/08\/11-11-2020_sede_anvisa-4_0.jpg\",\"contentUrl\":\"https:\/\/portalmf.com.br\/wp-content\/uploads\/2022\/08\/11-11-2020_sede_anvisa-4_0.jpg\",\"width\":1170,\"height\":700,\"caption\":\"Fachada do edif\u00edcio sede da Ag\u00eancia Nacional de Vigil\u00e2ncia Sanit\u00e1ria (Anvisa).\"},{\"@type\":\"BreadcrumbList\",\"@id\":\"https:\/\/portalmf.com.br\/index.php\/2022\/08\/26\/anvisa-aprova-importacao-de-vacina-contra-variola-dos-macacos\/#breadcrumb\",\"itemListElement\":[{\"@type\":\"ListItem\",\"position\":1,\"name\":\"In\u00edcio\",\"item\":\"https:\/\/portalmf.com.br\/\"},{\"@type\":\"ListItem\",\"position\":2,\"name\":\"Anvisa aprova importa\u00e7\u00e3o de vacina contra var\u00edola dos macacos\"}]},{\"@type\":\"WebSite\",\"@id\":\"https:\/\/portalmf.com.br\/#website\",\"url\":\"https:\/\/portalmf.com.br\/\",\"name\":\"Portal MF\",\"description\":\"Voc\u00ea conectado com a informa\u00e7\u00e3o\",\"potentialAction\":[{\"@type\":\"SearchAction\",\"target\":{\"@type\":\"EntryPoint\",\"urlTemplate\":\"https:\/\/portalmf.com.br\/?s={search_term_string}\"},\"query-input\":\"required name=search_term_string\"}],\"inLanguage\":\"pt-BR\"},{\"@type\":\"Person\",\"@id\":\"https:\/\/portalmf.com.br\/#\/schema\/person\/11c82086fe8abc05a19147e964587285\",\"name\":\"Reginaldo J\u00fanior\",\"image\":{\"@type\":\"ImageObject\",\"inLanguage\":\"pt-BR\",\"@id\":\"https:\/\/portalmf.com.br\/#\/schema\/person\/image\/\",\"url\":\"https:\/\/secure.gravatar.com\/avatar\/32a3c797cd0ac47cc53b8644c62776f9?s=96&d=mm&r=g\",\"contentUrl\":\"https:\/\/secure.gravatar.com\/avatar\/32a3c797cd0ac47cc53b8644c62776f9?s=96&d=mm&r=g\",\"caption\":\"Reginaldo J\u00fanior\"},\"description\":\"Jornalista e idealizador Portal MF\",\"sameAs\":[\"https:\/\/portalmf.com.br\/index.php\/author\/reginaldojr\/\",\"reginaldojrfsa\",\"reginaldojuniormf\",\"https:\/\/x.com\/reginaldojrmf\"],\"url\":\"https:\/\/portalmf.com.br\/index.php\/author\/reginaldojr\/\"}]}<\/script>\n<!-- \/ Yoast SEO plugin. -->","yoast_head_json":{"title":"Anvisa aprova importa\u00e7\u00e3o de vacina contra var\u00edola dos macacos - Portal MF","robots":{"index":"index","follow":"follow","max-snippet":"max-snippet:-1","max-image-preview":"max-image-preview:large","max-video-preview":"max-video-preview:-1"},"canonical":"https:\/\/portalmf.com.br\/index.php\/2022\/08\/26\/anvisa-aprova-importacao-de-vacina-contra-variola-dos-macacos\/","og_locale":"pt_BR","og_type":"article","og_title":"Anvisa aprova importa\u00e7\u00e3o de vacina contra var\u00edola dos macacos - Portal MF","og_description":"A Ag\u00eancia Nacional de Vigil\u00e2ncia Sanit\u00e1ria (Anvisa) aprovou hoje (25) &#8211; por unanimidade -, em Bras\u00edlia, a dispensa de registro para que o Minist\u00e9rio da Sa\u00fade (MS) importe e utilize no Brasil a vacina Jynneos\/Imvanexcontra a var\u00edola dos macacos. Em outra decis\u00e3o un\u00e2nime, a Anvisa autorizou a dispensa de registro para que o Minist\u00e9rio da [&hellip;]","og_url":"https:\/\/portalmf.com.br\/index.php\/2022\/08\/26\/anvisa-aprova-importacao-de-vacina-contra-variola-dos-macacos\/","og_site_name":"Portal MF","article_author":"reginaldojrfsa","article_published_time":"2022-08-26T17:47:34+00:00","article_modified_time":"2022-08-26T17:47:35+00:00","og_image":[{"width":1170,"height":700,"url":"https:\/\/portalmf.com.br\/wp-content\/uploads\/2022\/08\/11-11-2020_sede_anvisa-4_0.jpg","type":"image\/jpeg"}],"author":"Reginaldo J\u00fanior","twitter_card":"summary_large_image","twitter_creator":"@reginaldojrmf","twitter_misc":{"Escrito por":"Reginaldo J\u00fanior","Est. tempo de leitura":"4 minutos"},"schema":{"@context":"https:\/\/schema.org","@graph":[{"@type":"WebPage","@id":"https:\/\/portalmf.com.br\/index.php\/2022\/08\/26\/anvisa-aprova-importacao-de-vacina-contra-variola-dos-macacos\/","url":"https:\/\/portalmf.com.br\/index.php\/2022\/08\/26\/anvisa-aprova-importacao-de-vacina-contra-variola-dos-macacos\/","name":"Anvisa aprova importa\u00e7\u00e3o de vacina contra var\u00edola dos macacos - Portal MF","isPartOf":{"@id":"https:\/\/portalmf.com.br\/#website"},"primaryImageOfPage":{"@id":"https:\/\/portalmf.com.br\/index.php\/2022\/08\/26\/anvisa-aprova-importacao-de-vacina-contra-variola-dos-macacos\/#primaryimage"},"image":{"@id":"https:\/\/portalmf.com.br\/index.php\/2022\/08\/26\/anvisa-aprova-importacao-de-vacina-contra-variola-dos-macacos\/#primaryimage"},"thumbnailUrl":"https:\/\/portalmf.com.br\/wp-content\/uploads\/2022\/08\/11-11-2020_sede_anvisa-4_0.jpg","datePublished":"2022-08-26T17:47:34+00:00","dateModified":"2022-08-26T17:47:35+00:00","author":{"@id":"https:\/\/portalmf.com.br\/#\/schema\/person\/11c82086fe8abc05a19147e964587285"},"breadcrumb":{"@id":"https:\/\/portalmf.com.br\/index.php\/2022\/08\/26\/anvisa-aprova-importacao-de-vacina-contra-variola-dos-macacos\/#breadcrumb"},"inLanguage":"pt-BR","potentialAction":[{"@type":"ReadAction","target":["https:\/\/portalmf.com.br\/index.php\/2022\/08\/26\/anvisa-aprova-importacao-de-vacina-contra-variola-dos-macacos\/"]}]},{"@type":"ImageObject","inLanguage":"pt-BR","@id":"https:\/\/portalmf.com.br\/index.php\/2022\/08\/26\/anvisa-aprova-importacao-de-vacina-contra-variola-dos-macacos\/#primaryimage","url":"https:\/\/portalmf.com.br\/wp-content\/uploads\/2022\/08\/11-11-2020_sede_anvisa-4_0.jpg","contentUrl":"https:\/\/portalmf.com.br\/wp-content\/uploads\/2022\/08\/11-11-2020_sede_anvisa-4_0.jpg","width":1170,"height":700,"caption":"Fachada do edif\u00edcio sede da Ag\u00eancia Nacional de Vigil\u00e2ncia Sanit\u00e1ria (Anvisa)."},{"@type":"BreadcrumbList","@id":"https:\/\/portalmf.com.br\/index.php\/2022\/08\/26\/anvisa-aprova-importacao-de-vacina-contra-variola-dos-macacos\/#breadcrumb","itemListElement":[{"@type":"ListItem","position":1,"name":"In\u00edcio","item":"https:\/\/portalmf.com.br\/"},{"@type":"ListItem","position":2,"name":"Anvisa aprova importa\u00e7\u00e3o de vacina contra var\u00edola dos macacos"}]},{"@type":"WebSite","@id":"https:\/\/portalmf.com.br\/#website","url":"https:\/\/portalmf.com.br\/","name":"Portal MF","description":"Voc\u00ea conectado com a informa\u00e7\u00e3o","potentialAction":[{"@type":"SearchAction","target":{"@type":"EntryPoint","urlTemplate":"https:\/\/portalmf.com.br\/?s={search_term_string}"},"query-input":"required name=search_term_string"}],"inLanguage":"pt-BR"},{"@type":"Person","@id":"https:\/\/portalmf.com.br\/#\/schema\/person\/11c82086fe8abc05a19147e964587285","name":"Reginaldo J\u00fanior","image":{"@type":"ImageObject","inLanguage":"pt-BR","@id":"https:\/\/portalmf.com.br\/#\/schema\/person\/image\/","url":"https:\/\/secure.gravatar.com\/avatar\/32a3c797cd0ac47cc53b8644c62776f9?s=96&d=mm&r=g","contentUrl":"https:\/\/secure.gravatar.com\/avatar\/32a3c797cd0ac47cc53b8644c62776f9?s=96&d=mm&r=g","caption":"Reginaldo J\u00fanior"},"description":"Jornalista e idealizador Portal MF","sameAs":["https:\/\/portalmf.com.br\/index.php\/author\/reginaldojr\/","reginaldojrfsa","reginaldojuniormf","https:\/\/x.com\/reginaldojrmf"],"url":"https:\/\/portalmf.com.br\/index.php\/author\/reginaldojr\/"}]}},"_links":{"self":[{"href":"https:\/\/portalmf.com.br\/index.php\/wp-json\/wp\/v2\/posts\/3624"}],"collection":[{"href":"https:\/\/portalmf.com.br\/index.php\/wp-json\/wp\/v2\/posts"}],"about":[{"href":"https:\/\/portalmf.com.br\/index.php\/wp-json\/wp\/v2\/types\/post"}],"author":[{"embeddable":true,"href":"https:\/\/portalmf.com.br\/index.php\/wp-json\/wp\/v2\/users\/2"}],"replies":[{"embeddable":true,"href":"https:\/\/portalmf.com.br\/index.php\/wp-json\/wp\/v2\/comments?post=3624"}],"version-history":[{"count":1,"href":"https:\/\/portalmf.com.br\/index.php\/wp-json\/wp\/v2\/posts\/3624\/revisions"}],"predecessor-version":[{"id":3626,"href":"https:\/\/portalmf.com.br\/index.php\/wp-json\/wp\/v2\/posts\/3624\/revisions\/3626"}],"wp:featuredmedia":[{"embeddable":true,"href":"https:\/\/portalmf.com.br\/index.php\/wp-json\/wp\/v2\/media\/3625"}],"wp:attachment":[{"href":"https:\/\/portalmf.com.br\/index.php\/wp-json\/wp\/v2\/media?parent=3624"}],"wp:term":[{"taxonomy":"category","embeddable":true,"href":"https:\/\/portalmf.com.br\/index.php\/wp-json\/wp\/v2\/categories?post=3624"},{"taxonomy":"post_tag","embeddable":true,"href":"https:\/\/portalmf.com.br\/index.php\/wp-json\/wp\/v2\/tags?post=3624"}],"curies":[{"name":"wp","href":"https:\/\/api.w.org\/{rel}","templated":true}]}}