{"id":36138,"date":"2025-05-13T18:18:58","date_gmt":"2025-05-13T21:18:58","guid":{"rendered":"https:\/\/portalmf.com.br\/?p=36138"},"modified":"2025-05-13T18:18:59","modified_gmt":"2025-05-13T21:18:59","slug":"afropunk-brasil-anuncia-mc-luanna-e-os-garotin-para-a-programacao-de-sua-quinta-edicao","status":"publish","type":"post","link":"https:\/\/portalmf.com.br\/index.php\/2025\/05\/13\/afropunk-brasil-anuncia-mc-luanna-e-os-garotin-para-a-programacao-de-sua-quinta-edicao\/","title":{"rendered":"AFROPUNK Brasil anuncia MC Luanna e Os Garotin para a programa\u00e7\u00e3o de sua quinta edi\u00e7\u00e3o"},"content":{"rendered":"\n<p>Como prometido, o&nbsp;AFROPUNK Brasil&nbsp;segue expandindo seu line-up com a for\u00e7a, a diversidade e a inova\u00e7\u00e3o que marcam sua hist\u00f3ria. Nos dias&nbsp;08 e 09 de novembro de 2025, o&nbsp;Parque de Exposi\u00e7\u00f5es de Salvador&nbsp;volta a ser ponto de encontro de quem vive e celebra a b\u00fassola da m\u00fasica negra, com um line-up calibrado, que acaba de receber dois novos integrantes:&nbsp;MC Luanna, um dos nomes mais promissores da nova gera\u00e7\u00e3o \u2013 recentemente indicada ao BET Awards \u2013, com seu funk afiado; e a mistura do groove e o swing com uma est\u00e9tica nost\u00e1lgica que s\u00f3&nbsp;Os Garotin&nbsp;consegue entregar.<\/p>\n\n\n\n<p>Na programa\u00e7\u00e3o tamb\u00e9m est\u00e3o confirmados Jorja Smith, BK\u2019, P\u00e9ricles, Liniker, BaianaSystem, \u00c0TT\u00d8\u00d8XX\u00c1, Budah, N\u00fabia convida Muzenza \u2013 e os DJs Boneka e Umiranda.&nbsp;<a href=\"https:\/\/afropunk.byinti.com\/#\/event\/Y1FqmNTqJKLnmntZovOp\" target=\"_blank\" rel=\"noreferrer noopener\">Os ingressos est\u00e3o dispon\u00edveis aqui<\/a>.&nbsp;<\/p>\n\n\n\n<p>Adicionando novas camadas \u00e0 experi\u00eancia musical de sua quinta edi\u00e7\u00e3o, o festival convida uma das vozes mais aut\u00eanticas do funk brasileiro. MC Luanna chega ao palco do AFROPUNK Brasil com sua performance explosiva, lirismo direto e atitude transgressora, ocupando um lugar central entre os novos nomes que desafiam conven\u00e7\u00f5es e ampliam o alcance do g\u00eanero. J\u00e1 Os Garotin, que conquistou o pa\u00eds com o \u00e1lbum de estreia&nbsp;<em>Os Garotin de S\u00e3o Gon\u00e7alo&nbsp;<\/em>\u2013 vencedor do Grammy Latino 2024 \u2013, estreia no AFROPUNK com sua sonoridade nost\u00e1lgica, mesclando R&amp;B, Soul Music, MPB e Pop. Direto de S\u00e3o Gon\u00e7alo, o elogiado trio prepara um show caloroso.&nbsp;<\/p>\n\n\n\n<p>Com um time de peso j\u00e1 anunciado, o festival segue mostrando por que \u00e9 um dos palcos mais importantes da m\u00fasica negra brasileira.<\/p>\n\n\n\n<p><strong>Confira o line-up confirmado at\u00e9 agora:<br><\/strong>Jorja Smith<br>BK\u2019<br>P\u00e9ricles<br>Liniker<br>BaianaSystem<br>\u00c0TT\u00d8\u00d8XX\u00c1<br>Budah<br>N\u00fabia convida Muzenza<br>MC Luanna<br>Os Garotin<br>DJ Boneka<br>DJ Umiranda<\/p>\n","protected":false},"excerpt":{"rendered":"<p>Como prometido, o&nbsp;AFROPUNK Brasil&nbsp;segue expandindo seu line-up com a for\u00e7a, a diversidade e a inova\u00e7\u00e3o que marcam sua hist\u00f3ria. Nos dias&nbsp;08 e 09 de novembro de 2025, o&nbsp;Parque de Exposi\u00e7\u00f5es de Salvador&nbsp;volta a ser ponto de encontro de quem vive e celebra a b\u00fassola da m\u00fasica negra, com um line-up calibrado, que acaba de receber [&hellip;]<\/p>\n","protected":false},"author":3,"featured_media":19598,"comment_status":"open","ping_status":"open","sticky":false,"template":"","format":"standard","meta":{"_monsterinsights_skip_tracking":false,"_monsterinsights_sitenote_active":false,"_monsterinsights_sitenote_note":"","_monsterinsights_sitenote_category":0,"footnotes":""},"categories":[48,45],"tags":[],"yoast_head":"<!-- This site is optimized with the Yoast SEO plugin v22.9 - https:\/\/yoast.com\/wordpress\/plugins\/seo\/ -->\n<title>AFROPUNK Brasil anuncia MC Luanna e Os Garotin para a programa\u00e7\u00e3o de sua quinta edi\u00e7\u00e3o - Portal MF<\/title>\n<meta name=\"robots\" content=\"index, follow, max-snippet:-1, max-image-preview:large, max-video-preview:-1\" \/>\n<link rel=\"canonical\" href=\"https:\/\/portalmf.com.br\/index.php\/2025\/05\/13\/afropunk-brasil-anuncia-mc-luanna-e-os-garotin-para-a-programacao-de-sua-quinta-edicao\/\" \/>\n<meta property=\"og:locale\" content=\"pt_BR\" \/>\n<meta property=\"og:type\" content=\"article\" \/>\n<meta property=\"og:title\" content=\"AFROPUNK Brasil anuncia MC Luanna e Os Garotin para a programa\u00e7\u00e3o de sua quinta edi\u00e7\u00e3o - Portal MF\" \/>\n<meta property=\"og:description\" content=\"Como prometido, o&nbsp;AFROPUNK Brasil&nbsp;segue expandindo seu line-up com a for\u00e7a, a diversidade e a inova\u00e7\u00e3o que marcam sua hist\u00f3ria. Nos dias&nbsp;08 e 09 de novembro de 2025, o&nbsp;Parque de Exposi\u00e7\u00f5es de Salvador&nbsp;volta a ser ponto de encontro de quem vive e celebra a b\u00fassola da m\u00fasica negra, com um line-up calibrado, que acaba de receber [&hellip;]\" \/>\n<meta property=\"og:url\" content=\"https:\/\/portalmf.com.br\/index.php\/2025\/05\/13\/afropunk-brasil-anuncia-mc-luanna-e-os-garotin-para-a-programacao-de-sua-quinta-edicao\/\" \/>\n<meta property=\"og:site_name\" content=\"Portal MF\" \/>\n<meta property=\"article:author\" content=\"https:\/\/www.facebook.com\/portalmfoficial\" \/>\n<meta property=\"article:published_time\" content=\"2025-05-13T21:18:58+00:00\" \/>\n<meta property=\"article:modified_time\" content=\"2025-05-13T21:18:59+00:00\" \/>\n<meta property=\"og:image\" content=\"https:\/\/portalmf.com.br\/wp-content\/uploads\/2023\/11\/Afropunk_Foto-de-Camila-Oliveira.jpg\" \/>\n\t<meta property=\"og:image:width\" content=\"2048\" \/>\n\t<meta property=\"og:image:height\" content=\"1365\" \/>\n\t<meta property=\"og:image:type\" content=\"image\/jpeg\" \/>\n<meta name=\"author\" content=\"Reda\u00e7\u00e3o Portal MF\" \/>\n<meta name=\"twitter:card\" content=\"summary_large_image\" \/>\n<meta name=\"twitter:creator\" content=\"@https:\/\/x.com\/portalmfoficial\" \/>\n<meta name=\"twitter:label1\" content=\"Escrito por\" \/>\n\t<meta name=\"twitter:data1\" content=\"Reda\u00e7\u00e3o Portal MF\" \/>\n\t<meta name=\"twitter:label2\" content=\"Est. tempo de leitura\" \/>\n\t<meta name=\"twitter:data2\" content=\"2 minutos\" \/>\n<script type=\"application\/ld+json\" class=\"yoast-schema-graph\">{\"@context\":\"https:\/\/schema.org\",\"@graph\":[{\"@type\":\"WebPage\",\"@id\":\"https:\/\/portalmf.com.br\/index.php\/2025\/05\/13\/afropunk-brasil-anuncia-mc-luanna-e-os-garotin-para-a-programacao-de-sua-quinta-edicao\/\",\"url\":\"https:\/\/portalmf.com.br\/index.php\/2025\/05\/13\/afropunk-brasil-anuncia-mc-luanna-e-os-garotin-para-a-programacao-de-sua-quinta-edicao\/\",\"name\":\"AFROPUNK Brasil anuncia MC Luanna e Os Garotin para a programa\u00e7\u00e3o de sua quinta edi\u00e7\u00e3o - Portal MF\",\"isPartOf\":{\"@id\":\"https:\/\/portalmf.com.br\/#website\"},\"primaryImageOfPage\":{\"@id\":\"https:\/\/portalmf.com.br\/index.php\/2025\/05\/13\/afropunk-brasil-anuncia-mc-luanna-e-os-garotin-para-a-programacao-de-sua-quinta-edicao\/#primaryimage\"},\"image\":{\"@id\":\"https:\/\/portalmf.com.br\/index.php\/2025\/05\/13\/afropunk-brasil-anuncia-mc-luanna-e-os-garotin-para-a-programacao-de-sua-quinta-edicao\/#primaryimage\"},\"thumbnailUrl\":\"https:\/\/portalmf.com.br\/wp-content\/uploads\/2023\/11\/Afropunk_Foto-de-Camila-Oliveira.jpg\",\"datePublished\":\"2025-05-13T21:18:58+00:00\",\"dateModified\":\"2025-05-13T21:18:59+00:00\",\"author\":{\"@id\":\"https:\/\/portalmf.com.br\/#\/schema\/person\/9ec101baf56233e53520c26de5d6f6f0\"},\"breadcrumb\":{\"@id\":\"https:\/\/portalmf.com.br\/index.php\/2025\/05\/13\/afropunk-brasil-anuncia-mc-luanna-e-os-garotin-para-a-programacao-de-sua-quinta-edicao\/#breadcrumb\"},\"inLanguage\":\"pt-BR\",\"potentialAction\":[{\"@type\":\"ReadAction\",\"target\":[\"https:\/\/portalmf.com.br\/index.php\/2025\/05\/13\/afropunk-brasil-anuncia-mc-luanna-e-os-garotin-para-a-programacao-de-sua-quinta-edicao\/\"]}]},{\"@type\":\"ImageObject\",\"inLanguage\":\"pt-BR\",\"@id\":\"https:\/\/portalmf.com.br\/index.php\/2025\/05\/13\/afropunk-brasil-anuncia-mc-luanna-e-os-garotin-para-a-programacao-de-sua-quinta-edicao\/#primaryimage\",\"url\":\"https:\/\/portalmf.com.br\/wp-content\/uploads\/2023\/11\/Afropunk_Foto-de-Camila-Oliveira.jpg\",\"contentUrl\":\"https:\/\/portalmf.com.br\/wp-content\/uploads\/2023\/11\/Afropunk_Foto-de-Camila-Oliveira.jpg\",\"width\":2048,\"height\":1365},{\"@type\":\"BreadcrumbList\",\"@id\":\"https:\/\/portalmf.com.br\/index.php\/2025\/05\/13\/afropunk-brasil-anuncia-mc-luanna-e-os-garotin-para-a-programacao-de-sua-quinta-edicao\/#breadcrumb\",\"itemListElement\":[{\"@type\":\"ListItem\",\"position\":1,\"name\":\"In\u00edcio\",\"item\":\"https:\/\/portalmf.com.br\/\"},{\"@type\":\"ListItem\",\"position\":2,\"name\":\"AFROPUNK Brasil anuncia MC Luanna e Os Garotin para a programa\u00e7\u00e3o de sua quinta edi\u00e7\u00e3o\"}]},{\"@type\":\"WebSite\",\"@id\":\"https:\/\/portalmf.com.br\/#website\",\"url\":\"https:\/\/portalmf.com.br\/\",\"name\":\"Portal MF\",\"description\":\"Voc\u00ea conectado com a informa\u00e7\u00e3o\",\"potentialAction\":[{\"@type\":\"SearchAction\",\"target\":{\"@type\":\"EntryPoint\",\"urlTemplate\":\"https:\/\/portalmf.com.br\/?s={search_term_string}\"},\"query-input\":\"required name=search_term_string\"}],\"inLanguage\":\"pt-BR\"},{\"@type\":\"Person\",\"@id\":\"https:\/\/portalmf.com.br\/#\/schema\/person\/9ec101baf56233e53520c26de5d6f6f0\",\"name\":\"Reda\u00e7\u00e3o Portal MF\",\"image\":{\"@type\":\"ImageObject\",\"inLanguage\":\"pt-BR\",\"@id\":\"https:\/\/portalmf.com.br\/#\/schema\/person\/image\/\",\"url\":\"https:\/\/secure.gravatar.com\/avatar\/41b9aaeb2100835f7c64362330f74c7f?s=96&d=mm&r=g\",\"contentUrl\":\"https:\/\/secure.gravatar.com\/avatar\/41b9aaeb2100835f7c64362330f74c7f?s=96&d=mm&r=g\",\"caption\":\"Reda\u00e7\u00e3o Portal MF\"},\"description\":\"Sejam bem-vindos o portal de informa\u00e7\u00f5es de entretenimento de Feira de Santana, desde 2006 realiza coberturas dos principais eventos com entrevistas exclusivas com as principais personalidades mundiais. Fique conectado tamb\u00e9m nas redes sociais.\",\"sameAs\":[\"http:\/\/www.portalmf.com.br\/\",\"https:\/\/www.facebook.com\/portalmfoficial\",\"https:\/\/www.instagram.com\/portalmf\/\",\"https:\/\/x.com\/https:\/\/x.com\/portalmfoficial\",\"https:\/\/www.youtube.com\/@portalmfoficial\"],\"url\":\"https:\/\/portalmf.com.br\/index.php\/author\/junior\/\"}]}<\/script>\n<!-- \/ Yoast SEO plugin. -->","yoast_head_json":{"title":"AFROPUNK Brasil anuncia MC Luanna e Os Garotin para a programa\u00e7\u00e3o de sua quinta edi\u00e7\u00e3o - Portal MF","robots":{"index":"index","follow":"follow","max-snippet":"max-snippet:-1","max-image-preview":"max-image-preview:large","max-video-preview":"max-video-preview:-1"},"canonical":"https:\/\/portalmf.com.br\/index.php\/2025\/05\/13\/afropunk-brasil-anuncia-mc-luanna-e-os-garotin-para-a-programacao-de-sua-quinta-edicao\/","og_locale":"pt_BR","og_type":"article","og_title":"AFROPUNK Brasil anuncia MC Luanna e Os Garotin para a programa\u00e7\u00e3o de sua quinta edi\u00e7\u00e3o - Portal MF","og_description":"Como prometido, o&nbsp;AFROPUNK Brasil&nbsp;segue expandindo seu line-up com a for\u00e7a, a diversidade e a inova\u00e7\u00e3o que marcam sua hist\u00f3ria. Nos dias&nbsp;08 e 09 de novembro de 2025, o&nbsp;Parque de Exposi\u00e7\u00f5es de Salvador&nbsp;volta a ser ponto de encontro de quem vive e celebra a b\u00fassola da m\u00fasica negra, com um line-up calibrado, que acaba de receber [&hellip;]","og_url":"https:\/\/portalmf.com.br\/index.php\/2025\/05\/13\/afropunk-brasil-anuncia-mc-luanna-e-os-garotin-para-a-programacao-de-sua-quinta-edicao\/","og_site_name":"Portal MF","article_author":"https:\/\/www.facebook.com\/portalmfoficial","article_published_time":"2025-05-13T21:18:58+00:00","article_modified_time":"2025-05-13T21:18:59+00:00","og_image":[{"width":2048,"height":1365,"url":"https:\/\/portalmf.com.br\/wp-content\/uploads\/2023\/11\/Afropunk_Foto-de-Camila-Oliveira.jpg","type":"image\/jpeg"}],"author":"Reda\u00e7\u00e3o Portal MF","twitter_card":"summary_large_image","twitter_creator":"@https:\/\/x.com\/portalmfoficial","twitter_misc":{"Escrito por":"Reda\u00e7\u00e3o Portal MF","Est. tempo de leitura":"2 minutos"},"schema":{"@context":"https:\/\/schema.org","@graph":[{"@type":"WebPage","@id":"https:\/\/portalmf.com.br\/index.php\/2025\/05\/13\/afropunk-brasil-anuncia-mc-luanna-e-os-garotin-para-a-programacao-de-sua-quinta-edicao\/","url":"https:\/\/portalmf.com.br\/index.php\/2025\/05\/13\/afropunk-brasil-anuncia-mc-luanna-e-os-garotin-para-a-programacao-de-sua-quinta-edicao\/","name":"AFROPUNK Brasil anuncia MC Luanna e Os Garotin para a programa\u00e7\u00e3o de sua quinta edi\u00e7\u00e3o - Portal MF","isPartOf":{"@id":"https:\/\/portalmf.com.br\/#website"},"primaryImageOfPage":{"@id":"https:\/\/portalmf.com.br\/index.php\/2025\/05\/13\/afropunk-brasil-anuncia-mc-luanna-e-os-garotin-para-a-programacao-de-sua-quinta-edicao\/#primaryimage"},"image":{"@id":"https:\/\/portalmf.com.br\/index.php\/2025\/05\/13\/afropunk-brasil-anuncia-mc-luanna-e-os-garotin-para-a-programacao-de-sua-quinta-edicao\/#primaryimage"},"thumbnailUrl":"https:\/\/portalmf.com.br\/wp-content\/uploads\/2023\/11\/Afropunk_Foto-de-Camila-Oliveira.jpg","datePublished":"2025-05-13T21:18:58+00:00","dateModified":"2025-05-13T21:18:59+00:00","author":{"@id":"https:\/\/portalmf.com.br\/#\/schema\/person\/9ec101baf56233e53520c26de5d6f6f0"},"breadcrumb":{"@id":"https:\/\/portalmf.com.br\/index.php\/2025\/05\/13\/afropunk-brasil-anuncia-mc-luanna-e-os-garotin-para-a-programacao-de-sua-quinta-edicao\/#breadcrumb"},"inLanguage":"pt-BR","potentialAction":[{"@type":"ReadAction","target":["https:\/\/portalmf.com.br\/index.php\/2025\/05\/13\/afropunk-brasil-anuncia-mc-luanna-e-os-garotin-para-a-programacao-de-sua-quinta-edicao\/"]}]},{"@type":"ImageObject","inLanguage":"pt-BR","@id":"https:\/\/portalmf.com.br\/index.php\/2025\/05\/13\/afropunk-brasil-anuncia-mc-luanna-e-os-garotin-para-a-programacao-de-sua-quinta-edicao\/#primaryimage","url":"https:\/\/portalmf.com.br\/wp-content\/uploads\/2023\/11\/Afropunk_Foto-de-Camila-Oliveira.jpg","contentUrl":"https:\/\/portalmf.com.br\/wp-content\/uploads\/2023\/11\/Afropunk_Foto-de-Camila-Oliveira.jpg","width":2048,"height":1365},{"@type":"BreadcrumbList","@id":"https:\/\/portalmf.com.br\/index.php\/2025\/05\/13\/afropunk-brasil-anuncia-mc-luanna-e-os-garotin-para-a-programacao-de-sua-quinta-edicao\/#breadcrumb","itemListElement":[{"@type":"ListItem","position":1,"name":"In\u00edcio","item":"https:\/\/portalmf.com.br\/"},{"@type":"ListItem","position":2,"name":"AFROPUNK Brasil anuncia MC Luanna e Os Garotin para a programa\u00e7\u00e3o de sua quinta edi\u00e7\u00e3o"}]},{"@type":"WebSite","@id":"https:\/\/portalmf.com.br\/#website","url":"https:\/\/portalmf.com.br\/","name":"Portal MF","description":"Voc\u00ea conectado com a informa\u00e7\u00e3o","potentialAction":[{"@type":"SearchAction","target":{"@type":"EntryPoint","urlTemplate":"https:\/\/portalmf.com.br\/?s={search_term_string}"},"query-input":"required name=search_term_string"}],"inLanguage":"pt-BR"},{"@type":"Person","@id":"https:\/\/portalmf.com.br\/#\/schema\/person\/9ec101baf56233e53520c26de5d6f6f0","name":"Reda\u00e7\u00e3o Portal MF","image":{"@type":"ImageObject","inLanguage":"pt-BR","@id":"https:\/\/portalmf.com.br\/#\/schema\/person\/image\/","url":"https:\/\/secure.gravatar.com\/avatar\/41b9aaeb2100835f7c64362330f74c7f?s=96&d=mm&r=g","contentUrl":"https:\/\/secure.gravatar.com\/avatar\/41b9aaeb2100835f7c64362330f74c7f?s=96&d=mm&r=g","caption":"Reda\u00e7\u00e3o Portal MF"},"description":"Sejam bem-vindos o portal de informa\u00e7\u00f5es de entretenimento de Feira de Santana, desde 2006 realiza coberturas dos principais eventos com entrevistas exclusivas com as principais personalidades mundiais. Fique conectado tamb\u00e9m nas redes sociais.","sameAs":["http:\/\/www.portalmf.com.br\/","https:\/\/www.facebook.com\/portalmfoficial","https:\/\/www.instagram.com\/portalmf\/","https:\/\/x.com\/https:\/\/x.com\/portalmfoficial","https:\/\/www.youtube.com\/@portalmfoficial"],"url":"https:\/\/portalmf.com.br\/index.php\/author\/junior\/"}]}},"_links":{"self":[{"href":"https:\/\/portalmf.com.br\/index.php\/wp-json\/wp\/v2\/posts\/36138"}],"collection":[{"href":"https:\/\/portalmf.com.br\/index.php\/wp-json\/wp\/v2\/posts"}],"about":[{"href":"https:\/\/portalmf.com.br\/index.php\/wp-json\/wp\/v2\/types\/post"}],"author":[{"embeddable":true,"href":"https:\/\/portalmf.com.br\/index.php\/wp-json\/wp\/v2\/users\/3"}],"replies":[{"embeddable":true,"href":"https:\/\/portalmf.com.br\/index.php\/wp-json\/wp\/v2\/comments?post=36138"}],"version-history":[{"count":1,"href":"https:\/\/portalmf.com.br\/index.php\/wp-json\/wp\/v2\/posts\/36138\/revisions"}],"predecessor-version":[{"id":36139,"href":"https:\/\/portalmf.com.br\/index.php\/wp-json\/wp\/v2\/posts\/36138\/revisions\/36139"}],"wp:featuredmedia":[{"embeddable":true,"href":"https:\/\/portalmf.com.br\/index.php\/wp-json\/wp\/v2\/media\/19598"}],"wp:attachment":[{"href":"https:\/\/portalmf.com.br\/index.php\/wp-json\/wp\/v2\/media?parent=36138"}],"wp:term":[{"taxonomy":"category","embeddable":true,"href":"https:\/\/portalmf.com.br\/index.php\/wp-json\/wp\/v2\/categories?post=36138"},{"taxonomy":"post_tag","embeddable":true,"href":"https:\/\/portalmf.com.br\/index.php\/wp-json\/wp\/v2\/tags?post=36138"}],"curies":[{"name":"wp","href":"https:\/\/api.w.org\/{rel}","templated":true}]}}