{"id":36037,"date":"2025-05-08T16:40:39","date_gmt":"2025-05-08T19:40:39","guid":{"rendered":"https:\/\/portalmf.com.br\/?p=36037"},"modified":"2025-05-08T16:40:40","modified_gmt":"2025-05-08T19:40:40","slug":"bloco-do-bg-reune-um-grande-numero-criancas-na-micareta-2025","status":"publish","type":"post","link":"https:\/\/portalmf.com.br\/index.php\/2025\/05\/08\/bloco-do-bg-reune-um-grande-numero-criancas-na-micareta-2025\/","title":{"rendered":"Bloco do BG re\u00fane um grande n\u00famero crian\u00e7as na Micareta 2025"},"content":{"rendered":"\n<p>Primeiro ano na Avenida, o bloco Infantil do BG, foi s\u00f3 festa no circuito Maneca Ferreira, domingo (04), no in\u00edcio da tarde. <\/p>\n\n\n\n<p>Com mais de 1 mil crian\u00e7as acompanhado dos seus pais ou respons\u00e1veis foi s\u00f3 alegria na Micareta 2025. Voltado para as crian\u00e7as dos bairros e zona rural de Feira de Santana, o evento cumpriu seu objetivo: trazer alegria para as crian\u00e7as que n\u00e3o dispunham de condi\u00e7\u00f5es de pagar uma camisa e brincar no circuito. Totalmente gratuito, teve pipoca, algod\u00e3o doce, bolhas de sab\u00e3o, bal\u00f5es coloridos, \u00e1gua, e acordes musicais com fanfarra, voltado para o p\u00fablico infantil. Tamb\u00e9m foi elogiado as acomoda\u00e7\u00f5es e seguran\u00e7a para os participantes da festa. <\/p>\n\n\n\n<p>Presente o deputado estadual Binho Galinha elogiou a festa e disse que estava satisfeito em ver a presen\u00e7a de tantas crian\u00e7as brincando na micareta e que n\u00e3o teriam essa oportunidade se n\u00e3o fosse o bloco do BG. <\/p>\n\n\n\n<p><em>\u201cEstou feliz em ver essas crian\u00e7as alegres. Satisfeitas com esse bloco micaretesco. Aqui est\u00e3o o p\u00fablico infantil que eu tanto gosto, admiro e tem o meu amor. S\u00e3o eles a raz\u00e3o da nossa exist\u00eancia\u201d,<\/em> declarou Binho Galinha que aproveitou para parabenizar os organizadores do Bloco Infantil do BG pela iniciativa e o sucesso.<\/p>\n","protected":false},"excerpt":{"rendered":"<p>Primeiro ano na Avenida, o bloco Infantil do BG, foi s\u00f3 festa no circuito Maneca Ferreira, domingo (04), no in\u00edcio da tarde. Com mais de 1 mil crian\u00e7as acompanhado dos seus pais ou respons\u00e1veis foi s\u00f3 alegria na Micareta 2025. Voltado para as crian\u00e7as dos bairros e zona rural de Feira de Santana, o evento [&hellip;]<\/p>\n","protected":false},"author":3,"featured_media":36038,"comment_status":"open","ping_status":"open","sticky":false,"template":"","format":"standard","meta":{"_monsterinsights_skip_tracking":false,"_monsterinsights_sitenote_active":false,"_monsterinsights_sitenote_note":"","_monsterinsights_sitenote_category":0,"footnotes":""},"categories":[39],"tags":[],"yoast_head":"<!-- This site is optimized with the Yoast SEO plugin v22.9 - https:\/\/yoast.com\/wordpress\/plugins\/seo\/ -->\n<title>Bloco do BG re\u00fane um grande n\u00famero crian\u00e7as na Micareta 2025 - Portal MF<\/title>\n<meta name=\"robots\" content=\"index, follow, max-snippet:-1, max-image-preview:large, max-video-preview:-1\" \/>\n<link rel=\"canonical\" href=\"https:\/\/portalmf.com.br\/index.php\/2025\/05\/08\/bloco-do-bg-reune-um-grande-numero-criancas-na-micareta-2025\/\" \/>\n<meta property=\"og:locale\" content=\"pt_BR\" \/>\n<meta property=\"og:type\" content=\"article\" \/>\n<meta property=\"og:title\" content=\"Bloco do BG re\u00fane um grande n\u00famero crian\u00e7as na Micareta 2025 - Portal MF\" \/>\n<meta property=\"og:description\" content=\"Primeiro ano na Avenida, o bloco Infantil do BG, foi s\u00f3 festa no circuito Maneca Ferreira, domingo (04), no in\u00edcio da tarde. Com mais de 1 mil crian\u00e7as acompanhado dos seus pais ou respons\u00e1veis foi s\u00f3 alegria na Micareta 2025. Voltado para as crian\u00e7as dos bairros e zona rural de Feira de Santana, o evento [&hellip;]\" \/>\n<meta property=\"og:url\" content=\"https:\/\/portalmf.com.br\/index.php\/2025\/05\/08\/bloco-do-bg-reune-um-grande-numero-criancas-na-micareta-2025\/\" \/>\n<meta property=\"og:site_name\" content=\"Portal MF\" \/>\n<meta property=\"article:author\" content=\"https:\/\/www.facebook.com\/portalmfoficial\" \/>\n<meta property=\"article:published_time\" content=\"2025-05-08T19:40:39+00:00\" \/>\n<meta property=\"article:modified_time\" content=\"2025-05-08T19:40:40+00:00\" \/>\n<meta property=\"og:image\" content=\"https:\/\/portalmf.com.br\/wp-content\/uploads\/2025\/05\/Bloco-do-BG.jpg\" \/>\n\t<meta property=\"og:image:width\" content=\"1080\" \/>\n\t<meta property=\"og:image:height\" content=\"947\" \/>\n\t<meta property=\"og:image:type\" content=\"image\/jpeg\" \/>\n<meta name=\"author\" content=\"Reda\u00e7\u00e3o Portal MF\" \/>\n<meta name=\"twitter:card\" content=\"summary_large_image\" \/>\n<meta name=\"twitter:creator\" content=\"@https:\/\/x.com\/portalmfoficial\" \/>\n<meta name=\"twitter:label1\" content=\"Escrito por\" \/>\n\t<meta name=\"twitter:data1\" content=\"Reda\u00e7\u00e3o Portal MF\" \/>\n\t<meta name=\"twitter:label2\" content=\"Est. tempo de leitura\" \/>\n\t<meta name=\"twitter:data2\" content=\"2 minutos\" \/>\n<script type=\"application\/ld+json\" class=\"yoast-schema-graph\">{\"@context\":\"https:\/\/schema.org\",\"@graph\":[{\"@type\":\"WebPage\",\"@id\":\"https:\/\/portalmf.com.br\/index.php\/2025\/05\/08\/bloco-do-bg-reune-um-grande-numero-criancas-na-micareta-2025\/\",\"url\":\"https:\/\/portalmf.com.br\/index.php\/2025\/05\/08\/bloco-do-bg-reune-um-grande-numero-criancas-na-micareta-2025\/\",\"name\":\"Bloco do BG re\u00fane um grande n\u00famero crian\u00e7as na Micareta 2025 - Portal MF\",\"isPartOf\":{\"@id\":\"https:\/\/portalmf.com.br\/#website\"},\"primaryImageOfPage\":{\"@id\":\"https:\/\/portalmf.com.br\/index.php\/2025\/05\/08\/bloco-do-bg-reune-um-grande-numero-criancas-na-micareta-2025\/#primaryimage\"},\"image\":{\"@id\":\"https:\/\/portalmf.com.br\/index.php\/2025\/05\/08\/bloco-do-bg-reune-um-grande-numero-criancas-na-micareta-2025\/#primaryimage\"},\"thumbnailUrl\":\"https:\/\/portalmf.com.br\/wp-content\/uploads\/2025\/05\/Bloco-do-BG.jpg\",\"datePublished\":\"2025-05-08T19:40:39+00:00\",\"dateModified\":\"2025-05-08T19:40:40+00:00\",\"author\":{\"@id\":\"https:\/\/portalmf.com.br\/#\/schema\/person\/9ec101baf56233e53520c26de5d6f6f0\"},\"breadcrumb\":{\"@id\":\"https:\/\/portalmf.com.br\/index.php\/2025\/05\/08\/bloco-do-bg-reune-um-grande-numero-criancas-na-micareta-2025\/#breadcrumb\"},\"inLanguage\":\"pt-BR\",\"potentialAction\":[{\"@type\":\"ReadAction\",\"target\":[\"https:\/\/portalmf.com.br\/index.php\/2025\/05\/08\/bloco-do-bg-reune-um-grande-numero-criancas-na-micareta-2025\/\"]}]},{\"@type\":\"ImageObject\",\"inLanguage\":\"pt-BR\",\"@id\":\"https:\/\/portalmf.com.br\/index.php\/2025\/05\/08\/bloco-do-bg-reune-um-grande-numero-criancas-na-micareta-2025\/#primaryimage\",\"url\":\"https:\/\/portalmf.com.br\/wp-content\/uploads\/2025\/05\/Bloco-do-BG.jpg\",\"contentUrl\":\"https:\/\/portalmf.com.br\/wp-content\/uploads\/2025\/05\/Bloco-do-BG.jpg\",\"width\":1080,\"height\":947},{\"@type\":\"BreadcrumbList\",\"@id\":\"https:\/\/portalmf.com.br\/index.php\/2025\/05\/08\/bloco-do-bg-reune-um-grande-numero-criancas-na-micareta-2025\/#breadcrumb\",\"itemListElement\":[{\"@type\":\"ListItem\",\"position\":1,\"name\":\"In\u00edcio\",\"item\":\"https:\/\/portalmf.com.br\/\"},{\"@type\":\"ListItem\",\"position\":2,\"name\":\"Bloco do BG re\u00fane um grande n\u00famero crian\u00e7as na Micareta 2025\"}]},{\"@type\":\"WebSite\",\"@id\":\"https:\/\/portalmf.com.br\/#website\",\"url\":\"https:\/\/portalmf.com.br\/\",\"name\":\"Portal MF\",\"description\":\"Voc\u00ea conectado com a informa\u00e7\u00e3o\",\"potentialAction\":[{\"@type\":\"SearchAction\",\"target\":{\"@type\":\"EntryPoint\",\"urlTemplate\":\"https:\/\/portalmf.com.br\/?s={search_term_string}\"},\"query-input\":\"required name=search_term_string\"}],\"inLanguage\":\"pt-BR\"},{\"@type\":\"Person\",\"@id\":\"https:\/\/portalmf.com.br\/#\/schema\/person\/9ec101baf56233e53520c26de5d6f6f0\",\"name\":\"Reda\u00e7\u00e3o Portal MF\",\"image\":{\"@type\":\"ImageObject\",\"inLanguage\":\"pt-BR\",\"@id\":\"https:\/\/portalmf.com.br\/#\/schema\/person\/image\/\",\"url\":\"https:\/\/secure.gravatar.com\/avatar\/41b9aaeb2100835f7c64362330f74c7f?s=96&d=mm&r=g\",\"contentUrl\":\"https:\/\/secure.gravatar.com\/avatar\/41b9aaeb2100835f7c64362330f74c7f?s=96&d=mm&r=g\",\"caption\":\"Reda\u00e7\u00e3o Portal MF\"},\"description\":\"Sejam bem-vindos o portal de informa\u00e7\u00f5es de entretenimento de Feira de Santana, desde 2006 realiza coberturas dos principais eventos com entrevistas exclusivas com as principais personalidades mundiais. Fique conectado tamb\u00e9m nas redes sociais.\",\"sameAs\":[\"http:\/\/www.portalmf.com.br\/\",\"https:\/\/www.facebook.com\/portalmfoficial\",\"https:\/\/www.instagram.com\/portalmf\/\",\"https:\/\/x.com\/https:\/\/x.com\/portalmfoficial\",\"https:\/\/www.youtube.com\/@portalmfoficial\"],\"url\":\"https:\/\/portalmf.com.br\/index.php\/author\/junior\/\"}]}<\/script>\n<!-- \/ Yoast SEO plugin. -->","yoast_head_json":{"title":"Bloco do BG re\u00fane um grande n\u00famero crian\u00e7as na Micareta 2025 - Portal MF","robots":{"index":"index","follow":"follow","max-snippet":"max-snippet:-1","max-image-preview":"max-image-preview:large","max-video-preview":"max-video-preview:-1"},"canonical":"https:\/\/portalmf.com.br\/index.php\/2025\/05\/08\/bloco-do-bg-reune-um-grande-numero-criancas-na-micareta-2025\/","og_locale":"pt_BR","og_type":"article","og_title":"Bloco do BG re\u00fane um grande n\u00famero crian\u00e7as na Micareta 2025 - Portal MF","og_description":"Primeiro ano na Avenida, o bloco Infantil do BG, foi s\u00f3 festa no circuito Maneca Ferreira, domingo (04), no in\u00edcio da tarde. Com mais de 1 mil crian\u00e7as acompanhado dos seus pais ou respons\u00e1veis foi s\u00f3 alegria na Micareta 2025. Voltado para as crian\u00e7as dos bairros e zona rural de Feira de Santana, o evento [&hellip;]","og_url":"https:\/\/portalmf.com.br\/index.php\/2025\/05\/08\/bloco-do-bg-reune-um-grande-numero-criancas-na-micareta-2025\/","og_site_name":"Portal MF","article_author":"https:\/\/www.facebook.com\/portalmfoficial","article_published_time":"2025-05-08T19:40:39+00:00","article_modified_time":"2025-05-08T19:40:40+00:00","og_image":[{"width":1080,"height":947,"url":"https:\/\/portalmf.com.br\/wp-content\/uploads\/2025\/05\/Bloco-do-BG.jpg","type":"image\/jpeg"}],"author":"Reda\u00e7\u00e3o Portal MF","twitter_card":"summary_large_image","twitter_creator":"@https:\/\/x.com\/portalmfoficial","twitter_misc":{"Escrito por":"Reda\u00e7\u00e3o Portal MF","Est. tempo de leitura":"2 minutos"},"schema":{"@context":"https:\/\/schema.org","@graph":[{"@type":"WebPage","@id":"https:\/\/portalmf.com.br\/index.php\/2025\/05\/08\/bloco-do-bg-reune-um-grande-numero-criancas-na-micareta-2025\/","url":"https:\/\/portalmf.com.br\/index.php\/2025\/05\/08\/bloco-do-bg-reune-um-grande-numero-criancas-na-micareta-2025\/","name":"Bloco do BG re\u00fane um grande n\u00famero crian\u00e7as na Micareta 2025 - Portal MF","isPartOf":{"@id":"https:\/\/portalmf.com.br\/#website"},"primaryImageOfPage":{"@id":"https:\/\/portalmf.com.br\/index.php\/2025\/05\/08\/bloco-do-bg-reune-um-grande-numero-criancas-na-micareta-2025\/#primaryimage"},"image":{"@id":"https:\/\/portalmf.com.br\/index.php\/2025\/05\/08\/bloco-do-bg-reune-um-grande-numero-criancas-na-micareta-2025\/#primaryimage"},"thumbnailUrl":"https:\/\/portalmf.com.br\/wp-content\/uploads\/2025\/05\/Bloco-do-BG.jpg","datePublished":"2025-05-08T19:40:39+00:00","dateModified":"2025-05-08T19:40:40+00:00","author":{"@id":"https:\/\/portalmf.com.br\/#\/schema\/person\/9ec101baf56233e53520c26de5d6f6f0"},"breadcrumb":{"@id":"https:\/\/portalmf.com.br\/index.php\/2025\/05\/08\/bloco-do-bg-reune-um-grande-numero-criancas-na-micareta-2025\/#breadcrumb"},"inLanguage":"pt-BR","potentialAction":[{"@type":"ReadAction","target":["https:\/\/portalmf.com.br\/index.php\/2025\/05\/08\/bloco-do-bg-reune-um-grande-numero-criancas-na-micareta-2025\/"]}]},{"@type":"ImageObject","inLanguage":"pt-BR","@id":"https:\/\/portalmf.com.br\/index.php\/2025\/05\/08\/bloco-do-bg-reune-um-grande-numero-criancas-na-micareta-2025\/#primaryimage","url":"https:\/\/portalmf.com.br\/wp-content\/uploads\/2025\/05\/Bloco-do-BG.jpg","contentUrl":"https:\/\/portalmf.com.br\/wp-content\/uploads\/2025\/05\/Bloco-do-BG.jpg","width":1080,"height":947},{"@type":"BreadcrumbList","@id":"https:\/\/portalmf.com.br\/index.php\/2025\/05\/08\/bloco-do-bg-reune-um-grande-numero-criancas-na-micareta-2025\/#breadcrumb","itemListElement":[{"@type":"ListItem","position":1,"name":"In\u00edcio","item":"https:\/\/portalmf.com.br\/"},{"@type":"ListItem","position":2,"name":"Bloco do BG re\u00fane um grande n\u00famero crian\u00e7as na Micareta 2025"}]},{"@type":"WebSite","@id":"https:\/\/portalmf.com.br\/#website","url":"https:\/\/portalmf.com.br\/","name":"Portal MF","description":"Voc\u00ea conectado com a informa\u00e7\u00e3o","potentialAction":[{"@type":"SearchAction","target":{"@type":"EntryPoint","urlTemplate":"https:\/\/portalmf.com.br\/?s={search_term_string}"},"query-input":"required name=search_term_string"}],"inLanguage":"pt-BR"},{"@type":"Person","@id":"https:\/\/portalmf.com.br\/#\/schema\/person\/9ec101baf56233e53520c26de5d6f6f0","name":"Reda\u00e7\u00e3o Portal MF","image":{"@type":"ImageObject","inLanguage":"pt-BR","@id":"https:\/\/portalmf.com.br\/#\/schema\/person\/image\/","url":"https:\/\/secure.gravatar.com\/avatar\/41b9aaeb2100835f7c64362330f74c7f?s=96&d=mm&r=g","contentUrl":"https:\/\/secure.gravatar.com\/avatar\/41b9aaeb2100835f7c64362330f74c7f?s=96&d=mm&r=g","caption":"Reda\u00e7\u00e3o Portal MF"},"description":"Sejam bem-vindos o portal de informa\u00e7\u00f5es de entretenimento de Feira de Santana, desde 2006 realiza coberturas dos principais eventos com entrevistas exclusivas com as principais personalidades mundiais. Fique conectado tamb\u00e9m nas redes sociais.","sameAs":["http:\/\/www.portalmf.com.br\/","https:\/\/www.facebook.com\/portalmfoficial","https:\/\/www.instagram.com\/portalmf\/","https:\/\/x.com\/https:\/\/x.com\/portalmfoficial","https:\/\/www.youtube.com\/@portalmfoficial"],"url":"https:\/\/portalmf.com.br\/index.php\/author\/junior\/"}]}},"_links":{"self":[{"href":"https:\/\/portalmf.com.br\/index.php\/wp-json\/wp\/v2\/posts\/36037"}],"collection":[{"href":"https:\/\/portalmf.com.br\/index.php\/wp-json\/wp\/v2\/posts"}],"about":[{"href":"https:\/\/portalmf.com.br\/index.php\/wp-json\/wp\/v2\/types\/post"}],"author":[{"embeddable":true,"href":"https:\/\/portalmf.com.br\/index.php\/wp-json\/wp\/v2\/users\/3"}],"replies":[{"embeddable":true,"href":"https:\/\/portalmf.com.br\/index.php\/wp-json\/wp\/v2\/comments?post=36037"}],"version-history":[{"count":1,"href":"https:\/\/portalmf.com.br\/index.php\/wp-json\/wp\/v2\/posts\/36037\/revisions"}],"predecessor-version":[{"id":36039,"href":"https:\/\/portalmf.com.br\/index.php\/wp-json\/wp\/v2\/posts\/36037\/revisions\/36039"}],"wp:featuredmedia":[{"embeddable":true,"href":"https:\/\/portalmf.com.br\/index.php\/wp-json\/wp\/v2\/media\/36038"}],"wp:attachment":[{"href":"https:\/\/portalmf.com.br\/index.php\/wp-json\/wp\/v2\/media?parent=36037"}],"wp:term":[{"taxonomy":"category","embeddable":true,"href":"https:\/\/portalmf.com.br\/index.php\/wp-json\/wp\/v2\/categories?post=36037"},{"taxonomy":"post_tag","embeddable":true,"href":"https:\/\/portalmf.com.br\/index.php\/wp-json\/wp\/v2\/tags?post=36037"}],"curies":[{"name":"wp","href":"https:\/\/api.w.org\/{rel}","templated":true}]}}