{"id":36034,"date":"2025-05-08T16:38:45","date_gmt":"2025-05-08T19:38:45","guid":{"rendered":"https:\/\/portalmf.com.br\/?p=36034"},"modified":"2025-05-08T16:38:47","modified_gmt":"2025-05-08T19:38:47","slug":"micareta-de-feira-2026-podera-acontece-em-novembro","status":"publish","type":"post","link":"https:\/\/portalmf.com.br\/index.php\/2025\/05\/08\/micareta-de-feira-2026-podera-acontece-em-novembro\/","title":{"rendered":"Micareta de Feira 2026 poder\u00e1 acontece em novembro"},"content":{"rendered":"\n<p>Depois da edi\u00e7\u00e3o de 2025, a Micareta de Feira poder\u00e1 ser realizada no m\u00eas de novembro, a partir de 2026. A possibilidade de mudan\u00e7a de data foi levantada pelo prefeito Jos\u00e9 Ronaldo na manh\u00e3 desta quinta-feira (08) durante entrevista coletiva de apresenta\u00e7\u00e3o dos dados do evento, a proposta ser\u00e1 discutida nos pr\u00f3ximos dias com os diversos segmentos envolvidos com a festa.<\/p>\n\n\n\n<p>Segundo o prefeito Jos\u00e9 Ronaldo, a proposta de mudan\u00e7a da data se baseia na frequ\u00eancia de chuvas e na possibilidade de garantir maior organiza\u00e7\u00e3o financeira e administrativa para o evento.<\/p>\n\n\n\n<p><em>\u201cColoquei novembro como um ponto de partida. Acho uma boa data, mas n\u00e3o escolho essa data sozinho, vamos debater. Em novembro, h\u00e1 tempo da prefeitura respirar um pouco, continuar realizando outras festas, como o S\u00e3o Jo\u00e3o e o S\u00e3o Pedro, por exemplo, mas com capacidade de planejar e realizar uma festa cada vez melhor\u201d,<\/em> pontuou.<\/p>\n\n\n\n<p>O prefeito ainda destacou que a decis\u00e3o final sobre a nova data deve ser tomada at\u00e9 julho deste ano.<\/p>\n\n\n\n<p><em>\u201cEu preciso ter uma empresa contratada pela prefeitura para buscar patroc\u00ednios para 2026, 2027 e 2028. N\u00e3o podemos mais fazer isso faltando 30 dias para uma festa\u201d,<\/em> disse.<\/p>\n","protected":false},"excerpt":{"rendered":"<p>Depois da edi\u00e7\u00e3o de 2025, a Micareta de Feira poder\u00e1 ser realizada no m\u00eas de novembro, a partir de 2026. A possibilidade de mudan\u00e7a de data foi levantada pelo prefeito Jos\u00e9 Ronaldo na manh\u00e3 desta quinta-feira (08) durante entrevista coletiva de apresenta\u00e7\u00e3o dos dados do evento, a proposta ser\u00e1 discutida nos pr\u00f3ximos dias com os [&hellip;]<\/p>\n","protected":false},"author":2,"featured_media":36035,"comment_status":"open","ping_status":"open","sticky":false,"template":"","format":"standard","meta":{"_monsterinsights_skip_tracking":false,"_monsterinsights_sitenote_active":false,"_monsterinsights_sitenote_note":"","_monsterinsights_sitenote_category":0,"footnotes":""},"categories":[48,39],"tags":[],"yoast_head":"<!-- This site is optimized with the Yoast SEO plugin v22.9 - https:\/\/yoast.com\/wordpress\/plugins\/seo\/ -->\n<title>Micareta de Feira 2026 poder\u00e1 acontece em novembro - Portal MF<\/title>\n<meta name=\"robots\" content=\"index, follow, max-snippet:-1, max-image-preview:large, max-video-preview:-1\" \/>\n<link rel=\"canonical\" href=\"https:\/\/portalmf.com.br\/index.php\/2025\/05\/08\/micareta-de-feira-2026-podera-acontece-em-novembro\/\" \/>\n<meta property=\"og:locale\" content=\"pt_BR\" \/>\n<meta property=\"og:type\" content=\"article\" \/>\n<meta property=\"og:title\" content=\"Micareta de Feira 2026 poder\u00e1 acontece em novembro - Portal MF\" \/>\n<meta property=\"og:description\" content=\"Depois da edi\u00e7\u00e3o de 2025, a Micareta de Feira poder\u00e1 ser realizada no m\u00eas de novembro, a partir de 2026. A possibilidade de mudan\u00e7a de data foi levantada pelo prefeito Jos\u00e9 Ronaldo na manh\u00e3 desta quinta-feira (08) durante entrevista coletiva de apresenta\u00e7\u00e3o dos dados do evento, a proposta ser\u00e1 discutida nos pr\u00f3ximos dias com os [&hellip;]\" \/>\n<meta property=\"og:url\" content=\"https:\/\/portalmf.com.br\/index.php\/2025\/05\/08\/micareta-de-feira-2026-podera-acontece-em-novembro\/\" \/>\n<meta property=\"og:site_name\" content=\"Portal MF\" \/>\n<meta property=\"article:author\" content=\"reginaldojrfsa\" \/>\n<meta property=\"article:published_time\" content=\"2025-05-08T19:38:45+00:00\" \/>\n<meta property=\"article:modified_time\" content=\"2025-05-08T19:38:47+00:00\" \/>\n<meta property=\"og:image\" content=\"https:\/\/portalmf.com.br\/wp-content\/uploads\/2025\/05\/Micareta_de_feira_2025-e1746732867840.jpg\" \/>\n\t<meta property=\"og:image:width\" content=\"1200\" \/>\n\t<meta property=\"og:image:height\" content=\"746\" \/>\n\t<meta property=\"og:image:type\" content=\"image\/jpeg\" \/>\n<meta name=\"author\" content=\"Reginaldo J\u00fanior\" \/>\n<meta name=\"twitter:card\" content=\"summary_large_image\" \/>\n<meta name=\"twitter:creator\" content=\"@reginaldojrmf\" \/>\n<meta name=\"twitter:label1\" content=\"Escrito por\" \/>\n\t<meta name=\"twitter:data1\" content=\"Reginaldo J\u00fanior\" \/>\n\t<meta name=\"twitter:label2\" content=\"Est. tempo de leitura\" \/>\n\t<meta name=\"twitter:data2\" content=\"2 minutos\" \/>\n<script type=\"application\/ld+json\" class=\"yoast-schema-graph\">{\"@context\":\"https:\/\/schema.org\",\"@graph\":[{\"@type\":\"WebPage\",\"@id\":\"https:\/\/portalmf.com.br\/index.php\/2025\/05\/08\/micareta-de-feira-2026-podera-acontece-em-novembro\/\",\"url\":\"https:\/\/portalmf.com.br\/index.php\/2025\/05\/08\/micareta-de-feira-2026-podera-acontece-em-novembro\/\",\"name\":\"Micareta de Feira 2026 poder\u00e1 acontece em novembro - Portal MF\",\"isPartOf\":{\"@id\":\"https:\/\/portalmf.com.br\/#website\"},\"primaryImageOfPage\":{\"@id\":\"https:\/\/portalmf.com.br\/index.php\/2025\/05\/08\/micareta-de-feira-2026-podera-acontece-em-novembro\/#primaryimage\"},\"image\":{\"@id\":\"https:\/\/portalmf.com.br\/index.php\/2025\/05\/08\/micareta-de-feira-2026-podera-acontece-em-novembro\/#primaryimage\"},\"thumbnailUrl\":\"https:\/\/portalmf.com.br\/wp-content\/uploads\/2025\/05\/Micareta_de_feira_2025-e1746732867840.jpg\",\"datePublished\":\"2025-05-08T19:38:45+00:00\",\"dateModified\":\"2025-05-08T19:38:47+00:00\",\"author\":{\"@id\":\"https:\/\/portalmf.com.br\/#\/schema\/person\/11c82086fe8abc05a19147e964587285\"},\"breadcrumb\":{\"@id\":\"https:\/\/portalmf.com.br\/index.php\/2025\/05\/08\/micareta-de-feira-2026-podera-acontece-em-novembro\/#breadcrumb\"},\"inLanguage\":\"pt-BR\",\"potentialAction\":[{\"@type\":\"ReadAction\",\"target\":[\"https:\/\/portalmf.com.br\/index.php\/2025\/05\/08\/micareta-de-feira-2026-podera-acontece-em-novembro\/\"]}]},{\"@type\":\"ImageObject\",\"inLanguage\":\"pt-BR\",\"@id\":\"https:\/\/portalmf.com.br\/index.php\/2025\/05\/08\/micareta-de-feira-2026-podera-acontece-em-novembro\/#primaryimage\",\"url\":\"https:\/\/portalmf.com.br\/wp-content\/uploads\/2025\/05\/Micareta_de_feira_2025-e1746732867840.jpg\",\"contentUrl\":\"https:\/\/portalmf.com.br\/wp-content\/uploads\/2025\/05\/Micareta_de_feira_2025-e1746732867840.jpg\",\"width\":1200,\"height\":746,\"caption\":\"Foto: Reginaldo Junior \/ Portal MF\"},{\"@type\":\"BreadcrumbList\",\"@id\":\"https:\/\/portalmf.com.br\/index.php\/2025\/05\/08\/micareta-de-feira-2026-podera-acontece-em-novembro\/#breadcrumb\",\"itemListElement\":[{\"@type\":\"ListItem\",\"position\":1,\"name\":\"In\u00edcio\",\"item\":\"https:\/\/portalmf.com.br\/\"},{\"@type\":\"ListItem\",\"position\":2,\"name\":\"Micareta de Feira 2026 poder\u00e1 acontece em novembro\"}]},{\"@type\":\"WebSite\",\"@id\":\"https:\/\/portalmf.com.br\/#website\",\"url\":\"https:\/\/portalmf.com.br\/\",\"name\":\"Portal MF\",\"description\":\"Voc\u00ea conectado com a informa\u00e7\u00e3o\",\"potentialAction\":[{\"@type\":\"SearchAction\",\"target\":{\"@type\":\"EntryPoint\",\"urlTemplate\":\"https:\/\/portalmf.com.br\/?s={search_term_string}\"},\"query-input\":\"required name=search_term_string\"}],\"inLanguage\":\"pt-BR\"},{\"@type\":\"Person\",\"@id\":\"https:\/\/portalmf.com.br\/#\/schema\/person\/11c82086fe8abc05a19147e964587285\",\"name\":\"Reginaldo J\u00fanior\",\"image\":{\"@type\":\"ImageObject\",\"inLanguage\":\"pt-BR\",\"@id\":\"https:\/\/portalmf.com.br\/#\/schema\/person\/image\/\",\"url\":\"https:\/\/secure.gravatar.com\/avatar\/32a3c797cd0ac47cc53b8644c62776f9?s=96&d=mm&r=g\",\"contentUrl\":\"https:\/\/secure.gravatar.com\/avatar\/32a3c797cd0ac47cc53b8644c62776f9?s=96&d=mm&r=g\",\"caption\":\"Reginaldo J\u00fanior\"},\"description\":\"Jornalista e idealizador Portal MF\",\"sameAs\":[\"https:\/\/portalmf.com.br\/index.php\/author\/reginaldojr\/\",\"reginaldojrfsa\",\"reginaldojuniormf\",\"https:\/\/x.com\/reginaldojrmf\"],\"url\":\"https:\/\/portalmf.com.br\/index.php\/author\/reginaldojr\/\"}]}<\/script>\n<!-- \/ Yoast SEO plugin. -->","yoast_head_json":{"title":"Micareta de Feira 2026 poder\u00e1 acontece em novembro - Portal MF","robots":{"index":"index","follow":"follow","max-snippet":"max-snippet:-1","max-image-preview":"max-image-preview:large","max-video-preview":"max-video-preview:-1"},"canonical":"https:\/\/portalmf.com.br\/index.php\/2025\/05\/08\/micareta-de-feira-2026-podera-acontece-em-novembro\/","og_locale":"pt_BR","og_type":"article","og_title":"Micareta de Feira 2026 poder\u00e1 acontece em novembro - Portal MF","og_description":"Depois da edi\u00e7\u00e3o de 2025, a Micareta de Feira poder\u00e1 ser realizada no m\u00eas de novembro, a partir de 2026. A possibilidade de mudan\u00e7a de data foi levantada pelo prefeito Jos\u00e9 Ronaldo na manh\u00e3 desta quinta-feira (08) durante entrevista coletiva de apresenta\u00e7\u00e3o dos dados do evento, a proposta ser\u00e1 discutida nos pr\u00f3ximos dias com os [&hellip;]","og_url":"https:\/\/portalmf.com.br\/index.php\/2025\/05\/08\/micareta-de-feira-2026-podera-acontece-em-novembro\/","og_site_name":"Portal MF","article_author":"reginaldojrfsa","article_published_time":"2025-05-08T19:38:45+00:00","article_modified_time":"2025-05-08T19:38:47+00:00","og_image":[{"width":1200,"height":746,"url":"https:\/\/portalmf.com.br\/wp-content\/uploads\/2025\/05\/Micareta_de_feira_2025-e1746732867840.jpg","type":"image\/jpeg"}],"author":"Reginaldo J\u00fanior","twitter_card":"summary_large_image","twitter_creator":"@reginaldojrmf","twitter_misc":{"Escrito por":"Reginaldo J\u00fanior","Est. tempo de leitura":"2 minutos"},"schema":{"@context":"https:\/\/schema.org","@graph":[{"@type":"WebPage","@id":"https:\/\/portalmf.com.br\/index.php\/2025\/05\/08\/micareta-de-feira-2026-podera-acontece-em-novembro\/","url":"https:\/\/portalmf.com.br\/index.php\/2025\/05\/08\/micareta-de-feira-2026-podera-acontece-em-novembro\/","name":"Micareta de Feira 2026 poder\u00e1 acontece em novembro - Portal MF","isPartOf":{"@id":"https:\/\/portalmf.com.br\/#website"},"primaryImageOfPage":{"@id":"https:\/\/portalmf.com.br\/index.php\/2025\/05\/08\/micareta-de-feira-2026-podera-acontece-em-novembro\/#primaryimage"},"image":{"@id":"https:\/\/portalmf.com.br\/index.php\/2025\/05\/08\/micareta-de-feira-2026-podera-acontece-em-novembro\/#primaryimage"},"thumbnailUrl":"https:\/\/portalmf.com.br\/wp-content\/uploads\/2025\/05\/Micareta_de_feira_2025-e1746732867840.jpg","datePublished":"2025-05-08T19:38:45+00:00","dateModified":"2025-05-08T19:38:47+00:00","author":{"@id":"https:\/\/portalmf.com.br\/#\/schema\/person\/11c82086fe8abc05a19147e964587285"},"breadcrumb":{"@id":"https:\/\/portalmf.com.br\/index.php\/2025\/05\/08\/micareta-de-feira-2026-podera-acontece-em-novembro\/#breadcrumb"},"inLanguage":"pt-BR","potentialAction":[{"@type":"ReadAction","target":["https:\/\/portalmf.com.br\/index.php\/2025\/05\/08\/micareta-de-feira-2026-podera-acontece-em-novembro\/"]}]},{"@type":"ImageObject","inLanguage":"pt-BR","@id":"https:\/\/portalmf.com.br\/index.php\/2025\/05\/08\/micareta-de-feira-2026-podera-acontece-em-novembro\/#primaryimage","url":"https:\/\/portalmf.com.br\/wp-content\/uploads\/2025\/05\/Micareta_de_feira_2025-e1746732867840.jpg","contentUrl":"https:\/\/portalmf.com.br\/wp-content\/uploads\/2025\/05\/Micareta_de_feira_2025-e1746732867840.jpg","width":1200,"height":746,"caption":"Foto: Reginaldo Junior \/ Portal MF"},{"@type":"BreadcrumbList","@id":"https:\/\/portalmf.com.br\/index.php\/2025\/05\/08\/micareta-de-feira-2026-podera-acontece-em-novembro\/#breadcrumb","itemListElement":[{"@type":"ListItem","position":1,"name":"In\u00edcio","item":"https:\/\/portalmf.com.br\/"},{"@type":"ListItem","position":2,"name":"Micareta de Feira 2026 poder\u00e1 acontece em novembro"}]},{"@type":"WebSite","@id":"https:\/\/portalmf.com.br\/#website","url":"https:\/\/portalmf.com.br\/","name":"Portal MF","description":"Voc\u00ea conectado com a informa\u00e7\u00e3o","potentialAction":[{"@type":"SearchAction","target":{"@type":"EntryPoint","urlTemplate":"https:\/\/portalmf.com.br\/?s={search_term_string}"},"query-input":"required name=search_term_string"}],"inLanguage":"pt-BR"},{"@type":"Person","@id":"https:\/\/portalmf.com.br\/#\/schema\/person\/11c82086fe8abc05a19147e964587285","name":"Reginaldo J\u00fanior","image":{"@type":"ImageObject","inLanguage":"pt-BR","@id":"https:\/\/portalmf.com.br\/#\/schema\/person\/image\/","url":"https:\/\/secure.gravatar.com\/avatar\/32a3c797cd0ac47cc53b8644c62776f9?s=96&d=mm&r=g","contentUrl":"https:\/\/secure.gravatar.com\/avatar\/32a3c797cd0ac47cc53b8644c62776f9?s=96&d=mm&r=g","caption":"Reginaldo J\u00fanior"},"description":"Jornalista e idealizador Portal MF","sameAs":["https:\/\/portalmf.com.br\/index.php\/author\/reginaldojr\/","reginaldojrfsa","reginaldojuniormf","https:\/\/x.com\/reginaldojrmf"],"url":"https:\/\/portalmf.com.br\/index.php\/author\/reginaldojr\/"}]}},"_links":{"self":[{"href":"https:\/\/portalmf.com.br\/index.php\/wp-json\/wp\/v2\/posts\/36034"}],"collection":[{"href":"https:\/\/portalmf.com.br\/index.php\/wp-json\/wp\/v2\/posts"}],"about":[{"href":"https:\/\/portalmf.com.br\/index.php\/wp-json\/wp\/v2\/types\/post"}],"author":[{"embeddable":true,"href":"https:\/\/portalmf.com.br\/index.php\/wp-json\/wp\/v2\/users\/2"}],"replies":[{"embeddable":true,"href":"https:\/\/portalmf.com.br\/index.php\/wp-json\/wp\/v2\/comments?post=36034"}],"version-history":[{"count":1,"href":"https:\/\/portalmf.com.br\/index.php\/wp-json\/wp\/v2\/posts\/36034\/revisions"}],"predecessor-version":[{"id":36036,"href":"https:\/\/portalmf.com.br\/index.php\/wp-json\/wp\/v2\/posts\/36034\/revisions\/36036"}],"wp:featuredmedia":[{"embeddable":true,"href":"https:\/\/portalmf.com.br\/index.php\/wp-json\/wp\/v2\/media\/36035"}],"wp:attachment":[{"href":"https:\/\/portalmf.com.br\/index.php\/wp-json\/wp\/v2\/media?parent=36034"}],"wp:term":[{"taxonomy":"category","embeddable":true,"href":"https:\/\/portalmf.com.br\/index.php\/wp-json\/wp\/v2\/categories?post=36034"},{"taxonomy":"post_tag","embeddable":true,"href":"https:\/\/portalmf.com.br\/index.php\/wp-json\/wp\/v2\/tags?post=36034"}],"curies":[{"name":"wp","href":"https:\/\/api.w.org\/{rel}","templated":true}]}}