{"id":35990,"date":"2025-05-06T18:22:12","date_gmt":"2025-05-06T21:22:12","guid":{"rendered":"https:\/\/portalmf.com.br\/?p=35990"},"modified":"2025-05-06T18:23:33","modified_gmt":"2025-05-06T21:23:33","slug":"adelmario-coelho-leva-seu-forro-para-lauro-de-freitas-e-feira-de-santana-neste-final-de-semana","status":"publish","type":"post","link":"https:\/\/portalmf.com.br\/index.php\/2025\/05\/06\/adelmario-coelho-leva-seu-forro-para-lauro-de-freitas-e-feira-de-santana-neste-final-de-semana\/","title":{"rendered":"Adelmario Coelho leva seu forr\u00f3 para Lauro de Freitas e Feira de Santana neste final de semana"},"content":{"rendered":"\n<p>Uma das maiores refer\u00eancias do aut\u00eantico forr\u00f3, o cantor Adelmario Coelho, ser\u00e1 atra\u00e7\u00e3o em grandes eventos nesse final de semana. Na sexta-feira, dia 09 de maio, tem mais uma edi\u00e7\u00e3o do evento \u201cTri\u00e2ngulo do Forr\u00f3\u201d, que ser\u00e1 realizado no Armaz\u00e9m Convention, em Lauro de Freitas. O evento, al\u00e9m do show de Adelmario, conta ainda com Fl\u00e1vio Jos\u00e9 e Dorgival Dantas.<\/p>\n\n\n\n<p>Os forrozeiros ir\u00e3o promover uma grande festa em homenagem ao mais nordestino dos ritmos. J\u00e1 no s\u00e1bado, dia 10 de maio, Adelmario se apresenta em Feira de Santana, quando o projeto \u201cTri\u00e2ngulo do Forr\u00f3\u201d desembarca na Princesa do Sert\u00e3o. O evento ser\u00e1 no \u00c1ria Hall, a partir das 21 horas. Um dos destaques nos shows tem sido a nova m\u00fasica \u201cSaudades B\u00ea\u201d, rec\u00e9m-lan\u00e7ada.<\/p>\n\n\n\n<p>Ap\u00f3s tr\u00eas edi\u00e7\u00f5es de casa cheio e muito sucesso do projeto \u201cTri\u00e2ngulo do Forr\u00f3\u201d (Aracaju, Lauro de Freitas e Feira de Santana), Adelmario Coelho segue com a turn\u00ea junina \u201cSaudades B\u00ea\u201d a todo vapor. Em breve, o artista vai divulgar a agenda completa de shows. Quem quiser acompanhar o dia a dia, basta seguir atrav\u00e9s das redes sociais @adelmariocoelhooficial.<\/p>\n","protected":false},"excerpt":{"rendered":"<p>Uma das maiores refer\u00eancias do aut\u00eantico forr\u00f3, o cantor Adelmario Coelho, ser\u00e1 atra\u00e7\u00e3o em grandes eventos nesse final de semana. Na sexta-feira, dia 09 de maio, tem mais uma edi\u00e7\u00e3o do evento \u201cTri\u00e2ngulo do Forr\u00f3\u201d, que ser\u00e1 realizado no Armaz\u00e9m Convention, em Lauro de Freitas. O evento, al\u00e9m do show de Adelmario, conta ainda com [&hellip;]<\/p>\n","protected":false},"author":3,"featured_media":35991,"comment_status":"open","ping_status":"open","sticky":false,"template":"","format":"standard","meta":{"_monsterinsights_skip_tracking":false,"_monsterinsights_sitenote_active":false,"_monsterinsights_sitenote_note":"","_monsterinsights_sitenote_category":0,"footnotes":""},"categories":[47,36],"tags":[],"yoast_head":"<!-- This site is optimized with the Yoast SEO plugin v22.9 - https:\/\/yoast.com\/wordpress\/plugins\/seo\/ -->\n<title>Adelmario Coelho leva seu forr\u00f3 para Lauro de Freitas e Feira de Santana neste final de semana - Portal MF<\/title>\n<meta name=\"robots\" content=\"index, follow, max-snippet:-1, max-image-preview:large, max-video-preview:-1\" \/>\n<link rel=\"canonical\" href=\"https:\/\/portalmf.com.br\/index.php\/2025\/05\/06\/adelmario-coelho-leva-seu-forro-para-lauro-de-freitas-e-feira-de-santana-neste-final-de-semana\/\" \/>\n<meta property=\"og:locale\" content=\"pt_BR\" \/>\n<meta property=\"og:type\" content=\"article\" \/>\n<meta property=\"og:title\" content=\"Adelmario Coelho leva seu forr\u00f3 para Lauro de Freitas e Feira de Santana neste final de semana - Portal MF\" \/>\n<meta property=\"og:description\" content=\"Uma das maiores refer\u00eancias do aut\u00eantico forr\u00f3, o cantor Adelmario Coelho, ser\u00e1 atra\u00e7\u00e3o em grandes eventos nesse final de semana. Na sexta-feira, dia 09 de maio, tem mais uma edi\u00e7\u00e3o do evento \u201cTri\u00e2ngulo do Forr\u00f3\u201d, que ser\u00e1 realizado no Armaz\u00e9m Convention, em Lauro de Freitas. O evento, al\u00e9m do show de Adelmario, conta ainda com [&hellip;]\" \/>\n<meta property=\"og:url\" content=\"https:\/\/portalmf.com.br\/index.php\/2025\/05\/06\/adelmario-coelho-leva-seu-forro-para-lauro-de-freitas-e-feira-de-santana-neste-final-de-semana\/\" \/>\n<meta property=\"og:site_name\" content=\"Portal MF\" \/>\n<meta property=\"article:author\" content=\"https:\/\/www.facebook.com\/portalmfoficial\" \/>\n<meta property=\"article:published_time\" content=\"2025-05-06T21:22:12+00:00\" \/>\n<meta property=\"article:modified_time\" content=\"2025-05-06T21:23:33+00:00\" \/>\n<meta property=\"og:image\" content=\"https:\/\/portalmf.com.br\/wp-content\/uploads\/2025\/05\/Adelmario-Coelho-leva-seu-forro-para-Lauro-de-Freitas-e-Feira-de-Santana-neste-final-de-semana-e1746566522405.jpg\" \/>\n\t<meta property=\"og:image:width\" content=\"1066\" \/>\n\t<meta property=\"og:image:height\" content=\"632\" \/>\n\t<meta property=\"og:image:type\" content=\"image\/jpeg\" \/>\n<meta name=\"author\" content=\"Reda\u00e7\u00e3o Portal MF\" \/>\n<meta name=\"twitter:card\" content=\"summary_large_image\" \/>\n<meta name=\"twitter:creator\" content=\"@https:\/\/x.com\/portalmfoficial\" \/>\n<meta name=\"twitter:label1\" content=\"Escrito por\" \/>\n\t<meta name=\"twitter:data1\" content=\"Reda\u00e7\u00e3o Portal MF\" \/>\n\t<meta name=\"twitter:label2\" content=\"Est. tempo de leitura\" \/>\n\t<meta name=\"twitter:data2\" content=\"2 minutos\" \/>\n<script type=\"application\/ld+json\" class=\"yoast-schema-graph\">{\"@context\":\"https:\/\/schema.org\",\"@graph\":[{\"@type\":\"WebPage\",\"@id\":\"https:\/\/portalmf.com.br\/index.php\/2025\/05\/06\/adelmario-coelho-leva-seu-forro-para-lauro-de-freitas-e-feira-de-santana-neste-final-de-semana\/\",\"url\":\"https:\/\/portalmf.com.br\/index.php\/2025\/05\/06\/adelmario-coelho-leva-seu-forro-para-lauro-de-freitas-e-feira-de-santana-neste-final-de-semana\/\",\"name\":\"Adelmario Coelho leva seu forr\u00f3 para Lauro de Freitas e Feira de Santana neste final de semana - Portal MF\",\"isPartOf\":{\"@id\":\"https:\/\/portalmf.com.br\/#website\"},\"primaryImageOfPage\":{\"@id\":\"https:\/\/portalmf.com.br\/index.php\/2025\/05\/06\/adelmario-coelho-leva-seu-forro-para-lauro-de-freitas-e-feira-de-santana-neste-final-de-semana\/#primaryimage\"},\"image\":{\"@id\":\"https:\/\/portalmf.com.br\/index.php\/2025\/05\/06\/adelmario-coelho-leva-seu-forro-para-lauro-de-freitas-e-feira-de-santana-neste-final-de-semana\/#primaryimage\"},\"thumbnailUrl\":\"https:\/\/portalmf.com.br\/wp-content\/uploads\/2025\/05\/Adelmario-Coelho-leva-seu-forro-para-Lauro-de-Freitas-e-Feira-de-Santana-neste-final-de-semana-e1746566522405.jpg\",\"datePublished\":\"2025-05-06T21:22:12+00:00\",\"dateModified\":\"2025-05-06T21:23:33+00:00\",\"author\":{\"@id\":\"https:\/\/portalmf.com.br\/#\/schema\/person\/9ec101baf56233e53520c26de5d6f6f0\"},\"breadcrumb\":{\"@id\":\"https:\/\/portalmf.com.br\/index.php\/2025\/05\/06\/adelmario-coelho-leva-seu-forro-para-lauro-de-freitas-e-feira-de-santana-neste-final-de-semana\/#breadcrumb\"},\"inLanguage\":\"pt-BR\",\"potentialAction\":[{\"@type\":\"ReadAction\",\"target\":[\"https:\/\/portalmf.com.br\/index.php\/2025\/05\/06\/adelmario-coelho-leva-seu-forro-para-lauro-de-freitas-e-feira-de-santana-neste-final-de-semana\/\"]}]},{\"@type\":\"ImageObject\",\"inLanguage\":\"pt-BR\",\"@id\":\"https:\/\/portalmf.com.br\/index.php\/2025\/05\/06\/adelmario-coelho-leva-seu-forro-para-lauro-de-freitas-e-feira-de-santana-neste-final-de-semana\/#primaryimage\",\"url\":\"https:\/\/portalmf.com.br\/wp-content\/uploads\/2025\/05\/Adelmario-Coelho-leva-seu-forro-para-Lauro-de-Freitas-e-Feira-de-Santana-neste-final-de-semana-e1746566522405.jpg\",\"contentUrl\":\"https:\/\/portalmf.com.br\/wp-content\/uploads\/2025\/05\/Adelmario-Coelho-leva-seu-forro-para-Lauro-de-Freitas-e-Feira-de-Santana-neste-final-de-semana-e1746566522405.jpg\",\"width\":1066,\"height\":632},{\"@type\":\"BreadcrumbList\",\"@id\":\"https:\/\/portalmf.com.br\/index.php\/2025\/05\/06\/adelmario-coelho-leva-seu-forro-para-lauro-de-freitas-e-feira-de-santana-neste-final-de-semana\/#breadcrumb\",\"itemListElement\":[{\"@type\":\"ListItem\",\"position\":1,\"name\":\"In\u00edcio\",\"item\":\"https:\/\/portalmf.com.br\/\"},{\"@type\":\"ListItem\",\"position\":2,\"name\":\"Adelmario Coelho leva seu forr\u00f3 para Lauro de Freitas e Feira de Santana neste final de semana\"}]},{\"@type\":\"WebSite\",\"@id\":\"https:\/\/portalmf.com.br\/#website\",\"url\":\"https:\/\/portalmf.com.br\/\",\"name\":\"Portal MF\",\"description\":\"Voc\u00ea conectado com a informa\u00e7\u00e3o\",\"potentialAction\":[{\"@type\":\"SearchAction\",\"target\":{\"@type\":\"EntryPoint\",\"urlTemplate\":\"https:\/\/portalmf.com.br\/?s={search_term_string}\"},\"query-input\":\"required name=search_term_string\"}],\"inLanguage\":\"pt-BR\"},{\"@type\":\"Person\",\"@id\":\"https:\/\/portalmf.com.br\/#\/schema\/person\/9ec101baf56233e53520c26de5d6f6f0\",\"name\":\"Reda\u00e7\u00e3o Portal MF\",\"image\":{\"@type\":\"ImageObject\",\"inLanguage\":\"pt-BR\",\"@id\":\"https:\/\/portalmf.com.br\/#\/schema\/person\/image\/\",\"url\":\"https:\/\/secure.gravatar.com\/avatar\/41b9aaeb2100835f7c64362330f74c7f?s=96&d=mm&r=g\",\"contentUrl\":\"https:\/\/secure.gravatar.com\/avatar\/41b9aaeb2100835f7c64362330f74c7f?s=96&d=mm&r=g\",\"caption\":\"Reda\u00e7\u00e3o Portal MF\"},\"description\":\"Sejam bem-vindos o portal de informa\u00e7\u00f5es de entretenimento de Feira de Santana, desde 2006 realiza coberturas dos principais eventos com entrevistas exclusivas com as principais personalidades mundiais. Fique conectado tamb\u00e9m nas redes sociais.\",\"sameAs\":[\"http:\/\/www.portalmf.com.br\/\",\"https:\/\/www.facebook.com\/portalmfoficial\",\"https:\/\/www.instagram.com\/portalmf\/\",\"https:\/\/x.com\/https:\/\/x.com\/portalmfoficial\",\"https:\/\/www.youtube.com\/@portalmfoficial\"],\"url\":\"https:\/\/portalmf.com.br\/index.php\/author\/junior\/\"}]}<\/script>\n<!-- \/ Yoast SEO plugin. -->","yoast_head_json":{"title":"Adelmario Coelho leva seu forr\u00f3 para Lauro de Freitas e Feira de Santana neste final de semana - Portal MF","robots":{"index":"index","follow":"follow","max-snippet":"max-snippet:-1","max-image-preview":"max-image-preview:large","max-video-preview":"max-video-preview:-1"},"canonical":"https:\/\/portalmf.com.br\/index.php\/2025\/05\/06\/adelmario-coelho-leva-seu-forro-para-lauro-de-freitas-e-feira-de-santana-neste-final-de-semana\/","og_locale":"pt_BR","og_type":"article","og_title":"Adelmario Coelho leva seu forr\u00f3 para Lauro de Freitas e Feira de Santana neste final de semana - Portal MF","og_description":"Uma das maiores refer\u00eancias do aut\u00eantico forr\u00f3, o cantor Adelmario Coelho, ser\u00e1 atra\u00e7\u00e3o em grandes eventos nesse final de semana. Na sexta-feira, dia 09 de maio, tem mais uma edi\u00e7\u00e3o do evento \u201cTri\u00e2ngulo do Forr\u00f3\u201d, que ser\u00e1 realizado no Armaz\u00e9m Convention, em Lauro de Freitas. O evento, al\u00e9m do show de Adelmario, conta ainda com [&hellip;]","og_url":"https:\/\/portalmf.com.br\/index.php\/2025\/05\/06\/adelmario-coelho-leva-seu-forro-para-lauro-de-freitas-e-feira-de-santana-neste-final-de-semana\/","og_site_name":"Portal MF","article_author":"https:\/\/www.facebook.com\/portalmfoficial","article_published_time":"2025-05-06T21:22:12+00:00","article_modified_time":"2025-05-06T21:23:33+00:00","og_image":[{"width":1066,"height":632,"url":"https:\/\/portalmf.com.br\/wp-content\/uploads\/2025\/05\/Adelmario-Coelho-leva-seu-forro-para-Lauro-de-Freitas-e-Feira-de-Santana-neste-final-de-semana-e1746566522405.jpg","type":"image\/jpeg"}],"author":"Reda\u00e7\u00e3o Portal MF","twitter_card":"summary_large_image","twitter_creator":"@https:\/\/x.com\/portalmfoficial","twitter_misc":{"Escrito por":"Reda\u00e7\u00e3o Portal MF","Est. tempo de leitura":"2 minutos"},"schema":{"@context":"https:\/\/schema.org","@graph":[{"@type":"WebPage","@id":"https:\/\/portalmf.com.br\/index.php\/2025\/05\/06\/adelmario-coelho-leva-seu-forro-para-lauro-de-freitas-e-feira-de-santana-neste-final-de-semana\/","url":"https:\/\/portalmf.com.br\/index.php\/2025\/05\/06\/adelmario-coelho-leva-seu-forro-para-lauro-de-freitas-e-feira-de-santana-neste-final-de-semana\/","name":"Adelmario Coelho leva seu forr\u00f3 para Lauro de Freitas e Feira de Santana neste final de semana - Portal MF","isPartOf":{"@id":"https:\/\/portalmf.com.br\/#website"},"primaryImageOfPage":{"@id":"https:\/\/portalmf.com.br\/index.php\/2025\/05\/06\/adelmario-coelho-leva-seu-forro-para-lauro-de-freitas-e-feira-de-santana-neste-final-de-semana\/#primaryimage"},"image":{"@id":"https:\/\/portalmf.com.br\/index.php\/2025\/05\/06\/adelmario-coelho-leva-seu-forro-para-lauro-de-freitas-e-feira-de-santana-neste-final-de-semana\/#primaryimage"},"thumbnailUrl":"https:\/\/portalmf.com.br\/wp-content\/uploads\/2025\/05\/Adelmario-Coelho-leva-seu-forro-para-Lauro-de-Freitas-e-Feira-de-Santana-neste-final-de-semana-e1746566522405.jpg","datePublished":"2025-05-06T21:22:12+00:00","dateModified":"2025-05-06T21:23:33+00:00","author":{"@id":"https:\/\/portalmf.com.br\/#\/schema\/person\/9ec101baf56233e53520c26de5d6f6f0"},"breadcrumb":{"@id":"https:\/\/portalmf.com.br\/index.php\/2025\/05\/06\/adelmario-coelho-leva-seu-forro-para-lauro-de-freitas-e-feira-de-santana-neste-final-de-semana\/#breadcrumb"},"inLanguage":"pt-BR","potentialAction":[{"@type":"ReadAction","target":["https:\/\/portalmf.com.br\/index.php\/2025\/05\/06\/adelmario-coelho-leva-seu-forro-para-lauro-de-freitas-e-feira-de-santana-neste-final-de-semana\/"]}]},{"@type":"ImageObject","inLanguage":"pt-BR","@id":"https:\/\/portalmf.com.br\/index.php\/2025\/05\/06\/adelmario-coelho-leva-seu-forro-para-lauro-de-freitas-e-feira-de-santana-neste-final-de-semana\/#primaryimage","url":"https:\/\/portalmf.com.br\/wp-content\/uploads\/2025\/05\/Adelmario-Coelho-leva-seu-forro-para-Lauro-de-Freitas-e-Feira-de-Santana-neste-final-de-semana-e1746566522405.jpg","contentUrl":"https:\/\/portalmf.com.br\/wp-content\/uploads\/2025\/05\/Adelmario-Coelho-leva-seu-forro-para-Lauro-de-Freitas-e-Feira-de-Santana-neste-final-de-semana-e1746566522405.jpg","width":1066,"height":632},{"@type":"BreadcrumbList","@id":"https:\/\/portalmf.com.br\/index.php\/2025\/05\/06\/adelmario-coelho-leva-seu-forro-para-lauro-de-freitas-e-feira-de-santana-neste-final-de-semana\/#breadcrumb","itemListElement":[{"@type":"ListItem","position":1,"name":"In\u00edcio","item":"https:\/\/portalmf.com.br\/"},{"@type":"ListItem","position":2,"name":"Adelmario Coelho leva seu forr\u00f3 para Lauro de Freitas e Feira de Santana neste final de semana"}]},{"@type":"WebSite","@id":"https:\/\/portalmf.com.br\/#website","url":"https:\/\/portalmf.com.br\/","name":"Portal MF","description":"Voc\u00ea conectado com a informa\u00e7\u00e3o","potentialAction":[{"@type":"SearchAction","target":{"@type":"EntryPoint","urlTemplate":"https:\/\/portalmf.com.br\/?s={search_term_string}"},"query-input":"required name=search_term_string"}],"inLanguage":"pt-BR"},{"@type":"Person","@id":"https:\/\/portalmf.com.br\/#\/schema\/person\/9ec101baf56233e53520c26de5d6f6f0","name":"Reda\u00e7\u00e3o Portal MF","image":{"@type":"ImageObject","inLanguage":"pt-BR","@id":"https:\/\/portalmf.com.br\/#\/schema\/person\/image\/","url":"https:\/\/secure.gravatar.com\/avatar\/41b9aaeb2100835f7c64362330f74c7f?s=96&d=mm&r=g","contentUrl":"https:\/\/secure.gravatar.com\/avatar\/41b9aaeb2100835f7c64362330f74c7f?s=96&d=mm&r=g","caption":"Reda\u00e7\u00e3o Portal MF"},"description":"Sejam bem-vindos o portal de informa\u00e7\u00f5es de entretenimento de Feira de Santana, desde 2006 realiza coberturas dos principais eventos com entrevistas exclusivas com as principais personalidades mundiais. Fique conectado tamb\u00e9m nas redes sociais.","sameAs":["http:\/\/www.portalmf.com.br\/","https:\/\/www.facebook.com\/portalmfoficial","https:\/\/www.instagram.com\/portalmf\/","https:\/\/x.com\/https:\/\/x.com\/portalmfoficial","https:\/\/www.youtube.com\/@portalmfoficial"],"url":"https:\/\/portalmf.com.br\/index.php\/author\/junior\/"}]}},"_links":{"self":[{"href":"https:\/\/portalmf.com.br\/index.php\/wp-json\/wp\/v2\/posts\/35990"}],"collection":[{"href":"https:\/\/portalmf.com.br\/index.php\/wp-json\/wp\/v2\/posts"}],"about":[{"href":"https:\/\/portalmf.com.br\/index.php\/wp-json\/wp\/v2\/types\/post"}],"author":[{"embeddable":true,"href":"https:\/\/portalmf.com.br\/index.php\/wp-json\/wp\/v2\/users\/3"}],"replies":[{"embeddable":true,"href":"https:\/\/portalmf.com.br\/index.php\/wp-json\/wp\/v2\/comments?post=35990"}],"version-history":[{"count":1,"href":"https:\/\/portalmf.com.br\/index.php\/wp-json\/wp\/v2\/posts\/35990\/revisions"}],"predecessor-version":[{"id":35992,"href":"https:\/\/portalmf.com.br\/index.php\/wp-json\/wp\/v2\/posts\/35990\/revisions\/35992"}],"wp:featuredmedia":[{"embeddable":true,"href":"https:\/\/portalmf.com.br\/index.php\/wp-json\/wp\/v2\/media\/35991"}],"wp:attachment":[{"href":"https:\/\/portalmf.com.br\/index.php\/wp-json\/wp\/v2\/media?parent=35990"}],"wp:term":[{"taxonomy":"category","embeddable":true,"href":"https:\/\/portalmf.com.br\/index.php\/wp-json\/wp\/v2\/categories?post=35990"},{"taxonomy":"post_tag","embeddable":true,"href":"https:\/\/portalmf.com.br\/index.php\/wp-json\/wp\/v2\/tags?post=35990"}],"curies":[{"name":"wp","href":"https:\/\/api.w.org\/{rel}","templated":true}]}}