{"id":35964,"date":"2025-05-05T17:39:45","date_gmt":"2025-05-05T20:39:45","guid":{"rendered":"https:\/\/portalmf.com.br\/?p=35964"},"modified":"2025-05-05T17:39:46","modified_gmt":"2025-05-05T20:39:46","slug":"timbalada-leva-percussao-ancestralidade-e-axe-ao-arrastao-da-micareta-de-feira","status":"publish","type":"post","link":"https:\/\/portalmf.com.br\/index.php\/2025\/05\/05\/timbalada-leva-percussao-ancestralidade-e-axe-ao-arrastao-da-micareta-de-feira\/","title":{"rendered":"Timbalada leva percuss\u00e3o, ancestralidade e ax\u00e9 ao arrast\u00e3o da Micareta de Feira"},"content":{"rendered":"\n<p>Com seus tambores inconfund\u00edveis e a energia contagiante da Bahia, a Timbalada foi uma das atra\u00e7\u00f5es de destaque no arrast\u00e3o que marcou a despedida da Micareta de Feira de Santana, nesta segunda-feira (5). Mesmo ap\u00f3s o encerramento oficial da festa no domingo, a multid\u00e3o voltou \u00e0s ruas para viver mais um momento de celebra\u00e7\u00e3o, desta vez ao som da batida \u00fanica da banda.<\/p>\n\n\n\n<p>Sob chuva, os timbaleiros transformaram a avenida em uma verdadeira festa. O trio trouxe sucessos que marcaram gera\u00e7\u00f5es, como Beija-Flor, \u00c1gua Mineral e Margarida Perfumada, al\u00e9m de homenagens \u00e0 cultura afro-baiana e momentos de pura vibra\u00e7\u00e3o coletiva.<\/p>\n\n\n\n<p>O p\u00fablico correspondeu \u00e0 altura. Milhares de foli\u00f5es seguiram o trio com entusiasmo, muitos pintados com as tradicionais tintas corporais que remetem \u00e0 origem do grupo no Candeal.&nbsp;<\/p>\n\n\n\n<p>Para quem viveu o momento de perto, como a foli\u00e3 Camila Rocha, foi uma experi\u00eancia inesquec\u00edvel. \u201cA vibra\u00e7\u00e3o da Timbalada \u00e9 diferente. A batida entra no corpo e na alma. Foi uma catarse coletiva. Eu me arrepiei do come\u00e7o ao fim\u201d, afirmou.<\/p>\n\n\n\n<p>O arrast\u00e3o foi um fechamento simb\u00f3lico para a Micareta de Feira, refor\u00e7ando a diversidade musical e cultural do evento, com uma verdadeira mistura de ritmos.<\/p>\n","protected":false},"excerpt":{"rendered":"<p>Com seus tambores inconfund\u00edveis e a energia contagiante da Bahia, a Timbalada foi uma das atra\u00e7\u00f5es de destaque no arrast\u00e3o que marcou a despedida da Micareta de Feira de Santana, nesta segunda-feira (5). Mesmo ap\u00f3s o encerramento oficial da festa no domingo, a multid\u00e3o voltou \u00e0s ruas para viver mais um momento de celebra\u00e7\u00e3o, desta [&hellip;]<\/p>\n","protected":false},"author":3,"featured_media":35966,"comment_status":"open","ping_status":"open","sticky":false,"template":"","format":"standard","meta":{"_monsterinsights_skip_tracking":false,"_monsterinsights_sitenote_active":false,"_monsterinsights_sitenote_note":"","_monsterinsights_sitenote_category":0,"footnotes":""},"categories":[47,39],"tags":[],"yoast_head":"<!-- This site is optimized with the Yoast SEO plugin v22.9 - https:\/\/yoast.com\/wordpress\/plugins\/seo\/ -->\n<title>Timbalada leva percuss\u00e3o, ancestralidade e ax\u00e9 ao arrast\u00e3o da Micareta de Feira - Portal MF<\/title>\n<meta name=\"robots\" content=\"index, follow, max-snippet:-1, max-image-preview:large, max-video-preview:-1\" \/>\n<link rel=\"canonical\" href=\"https:\/\/portalmf.com.br\/index.php\/2025\/05\/05\/timbalada-leva-percussao-ancestralidade-e-axe-ao-arrastao-da-micareta-de-feira\/\" \/>\n<meta property=\"og:locale\" content=\"pt_BR\" \/>\n<meta property=\"og:type\" content=\"article\" \/>\n<meta property=\"og:title\" content=\"Timbalada leva percuss\u00e3o, ancestralidade e ax\u00e9 ao arrast\u00e3o da Micareta de Feira - Portal MF\" \/>\n<meta property=\"og:description\" content=\"Com seus tambores inconfund\u00edveis e a energia contagiante da Bahia, a Timbalada foi uma das atra\u00e7\u00f5es de destaque no arrast\u00e3o que marcou a despedida da Micareta de Feira de Santana, nesta segunda-feira (5). Mesmo ap\u00f3s o encerramento oficial da festa no domingo, a multid\u00e3o voltou \u00e0s ruas para viver mais um momento de celebra\u00e7\u00e3o, desta [&hellip;]\" \/>\n<meta property=\"og:url\" content=\"https:\/\/portalmf.com.br\/index.php\/2025\/05\/05\/timbalada-leva-percussao-ancestralidade-e-axe-ao-arrastao-da-micareta-de-feira\/\" \/>\n<meta property=\"og:site_name\" content=\"Portal MF\" \/>\n<meta property=\"article:author\" content=\"https:\/\/www.facebook.com\/portalmfoficial\" \/>\n<meta property=\"article:published_time\" content=\"2025-05-05T20:39:45+00:00\" \/>\n<meta property=\"article:modified_time\" content=\"2025-05-05T20:39:46+00:00\" \/>\n<meta property=\"og:image\" content=\"https:\/\/portalmf.com.br\/wp-content\/uploads\/2025\/05\/Timbalada_arrastao_micareta_reginaldo_junior.jpg\" \/>\n\t<meta property=\"og:image:width\" content=\"1600\" \/>\n\t<meta property=\"og:image:height\" content=\"1200\" \/>\n\t<meta property=\"og:image:type\" content=\"image\/jpeg\" \/>\n<meta name=\"author\" content=\"Reda\u00e7\u00e3o Portal MF\" \/>\n<meta name=\"twitter:card\" content=\"summary_large_image\" \/>\n<meta name=\"twitter:creator\" content=\"@https:\/\/x.com\/portalmfoficial\" \/>\n<meta name=\"twitter:label1\" content=\"Escrito por\" \/>\n\t<meta name=\"twitter:data1\" content=\"Reda\u00e7\u00e3o Portal MF\" \/>\n\t<meta name=\"twitter:label2\" content=\"Est. tempo de leitura\" \/>\n\t<meta name=\"twitter:data2\" content=\"2 minutos\" \/>\n<script type=\"application\/ld+json\" class=\"yoast-schema-graph\">{\"@context\":\"https:\/\/schema.org\",\"@graph\":[{\"@type\":\"WebPage\",\"@id\":\"https:\/\/portalmf.com.br\/index.php\/2025\/05\/05\/timbalada-leva-percussao-ancestralidade-e-axe-ao-arrastao-da-micareta-de-feira\/\",\"url\":\"https:\/\/portalmf.com.br\/index.php\/2025\/05\/05\/timbalada-leva-percussao-ancestralidade-e-axe-ao-arrastao-da-micareta-de-feira\/\",\"name\":\"Timbalada leva percuss\u00e3o, ancestralidade e ax\u00e9 ao arrast\u00e3o da Micareta de Feira - Portal MF\",\"isPartOf\":{\"@id\":\"https:\/\/portalmf.com.br\/#website\"},\"primaryImageOfPage\":{\"@id\":\"https:\/\/portalmf.com.br\/index.php\/2025\/05\/05\/timbalada-leva-percussao-ancestralidade-e-axe-ao-arrastao-da-micareta-de-feira\/#primaryimage\"},\"image\":{\"@id\":\"https:\/\/portalmf.com.br\/index.php\/2025\/05\/05\/timbalada-leva-percussao-ancestralidade-e-axe-ao-arrastao-da-micareta-de-feira\/#primaryimage\"},\"thumbnailUrl\":\"https:\/\/portalmf.com.br\/wp-content\/uploads\/2025\/05\/Timbalada_arrastao_micareta_reginaldo_junior.jpg\",\"datePublished\":\"2025-05-05T20:39:45+00:00\",\"dateModified\":\"2025-05-05T20:39:46+00:00\",\"author\":{\"@id\":\"https:\/\/portalmf.com.br\/#\/schema\/person\/9ec101baf56233e53520c26de5d6f6f0\"},\"breadcrumb\":{\"@id\":\"https:\/\/portalmf.com.br\/index.php\/2025\/05\/05\/timbalada-leva-percussao-ancestralidade-e-axe-ao-arrastao-da-micareta-de-feira\/#breadcrumb\"},\"inLanguage\":\"pt-BR\",\"potentialAction\":[{\"@type\":\"ReadAction\",\"target\":[\"https:\/\/portalmf.com.br\/index.php\/2025\/05\/05\/timbalada-leva-percussao-ancestralidade-e-axe-ao-arrastao-da-micareta-de-feira\/\"]}]},{\"@type\":\"ImageObject\",\"inLanguage\":\"pt-BR\",\"@id\":\"https:\/\/portalmf.com.br\/index.php\/2025\/05\/05\/timbalada-leva-percussao-ancestralidade-e-axe-ao-arrastao-da-micareta-de-feira\/#primaryimage\",\"url\":\"https:\/\/portalmf.com.br\/wp-content\/uploads\/2025\/05\/Timbalada_arrastao_micareta_reginaldo_junior.jpg\",\"contentUrl\":\"https:\/\/portalmf.com.br\/wp-content\/uploads\/2025\/05\/Timbalada_arrastao_micareta_reginaldo_junior.jpg\",\"width\":1600,\"height\":1200},{\"@type\":\"BreadcrumbList\",\"@id\":\"https:\/\/portalmf.com.br\/index.php\/2025\/05\/05\/timbalada-leva-percussao-ancestralidade-e-axe-ao-arrastao-da-micareta-de-feira\/#breadcrumb\",\"itemListElement\":[{\"@type\":\"ListItem\",\"position\":1,\"name\":\"In\u00edcio\",\"item\":\"https:\/\/portalmf.com.br\/\"},{\"@type\":\"ListItem\",\"position\":2,\"name\":\"Timbalada leva percuss\u00e3o, ancestralidade e ax\u00e9 ao arrast\u00e3o da Micareta de Feira\"}]},{\"@type\":\"WebSite\",\"@id\":\"https:\/\/portalmf.com.br\/#website\",\"url\":\"https:\/\/portalmf.com.br\/\",\"name\":\"Portal MF\",\"description\":\"Voc\u00ea conectado com a informa\u00e7\u00e3o\",\"potentialAction\":[{\"@type\":\"SearchAction\",\"target\":{\"@type\":\"EntryPoint\",\"urlTemplate\":\"https:\/\/portalmf.com.br\/?s={search_term_string}\"},\"query-input\":\"required name=search_term_string\"}],\"inLanguage\":\"pt-BR\"},{\"@type\":\"Person\",\"@id\":\"https:\/\/portalmf.com.br\/#\/schema\/person\/9ec101baf56233e53520c26de5d6f6f0\",\"name\":\"Reda\u00e7\u00e3o Portal MF\",\"image\":{\"@type\":\"ImageObject\",\"inLanguage\":\"pt-BR\",\"@id\":\"https:\/\/portalmf.com.br\/#\/schema\/person\/image\/\",\"url\":\"https:\/\/secure.gravatar.com\/avatar\/41b9aaeb2100835f7c64362330f74c7f?s=96&d=mm&r=g\",\"contentUrl\":\"https:\/\/secure.gravatar.com\/avatar\/41b9aaeb2100835f7c64362330f74c7f?s=96&d=mm&r=g\",\"caption\":\"Reda\u00e7\u00e3o Portal MF\"},\"description\":\"Sejam bem-vindos o portal de informa\u00e7\u00f5es de entretenimento de Feira de Santana, desde 2006 realiza coberturas dos principais eventos com entrevistas exclusivas com as principais personalidades mundiais. Fique conectado tamb\u00e9m nas redes sociais.\",\"sameAs\":[\"http:\/\/www.portalmf.com.br\/\",\"https:\/\/www.facebook.com\/portalmfoficial\",\"https:\/\/www.instagram.com\/portalmf\/\",\"https:\/\/x.com\/https:\/\/x.com\/portalmfoficial\",\"https:\/\/www.youtube.com\/@portalmfoficial\"],\"url\":\"https:\/\/portalmf.com.br\/index.php\/author\/junior\/\"}]}<\/script>\n<!-- \/ Yoast SEO plugin. -->","yoast_head_json":{"title":"Timbalada leva percuss\u00e3o, ancestralidade e ax\u00e9 ao arrast\u00e3o da Micareta de Feira - Portal MF","robots":{"index":"index","follow":"follow","max-snippet":"max-snippet:-1","max-image-preview":"max-image-preview:large","max-video-preview":"max-video-preview:-1"},"canonical":"https:\/\/portalmf.com.br\/index.php\/2025\/05\/05\/timbalada-leva-percussao-ancestralidade-e-axe-ao-arrastao-da-micareta-de-feira\/","og_locale":"pt_BR","og_type":"article","og_title":"Timbalada leva percuss\u00e3o, ancestralidade e ax\u00e9 ao arrast\u00e3o da Micareta de Feira - Portal MF","og_description":"Com seus tambores inconfund\u00edveis e a energia contagiante da Bahia, a Timbalada foi uma das atra\u00e7\u00f5es de destaque no arrast\u00e3o que marcou a despedida da Micareta de Feira de Santana, nesta segunda-feira (5). Mesmo ap\u00f3s o encerramento oficial da festa no domingo, a multid\u00e3o voltou \u00e0s ruas para viver mais um momento de celebra\u00e7\u00e3o, desta [&hellip;]","og_url":"https:\/\/portalmf.com.br\/index.php\/2025\/05\/05\/timbalada-leva-percussao-ancestralidade-e-axe-ao-arrastao-da-micareta-de-feira\/","og_site_name":"Portal MF","article_author":"https:\/\/www.facebook.com\/portalmfoficial","article_published_time":"2025-05-05T20:39:45+00:00","article_modified_time":"2025-05-05T20:39:46+00:00","og_image":[{"width":1600,"height":1200,"url":"https:\/\/portalmf.com.br\/wp-content\/uploads\/2025\/05\/Timbalada_arrastao_micareta_reginaldo_junior.jpg","type":"image\/jpeg"}],"author":"Reda\u00e7\u00e3o Portal MF","twitter_card":"summary_large_image","twitter_creator":"@https:\/\/x.com\/portalmfoficial","twitter_misc":{"Escrito por":"Reda\u00e7\u00e3o Portal MF","Est. tempo de leitura":"2 minutos"},"schema":{"@context":"https:\/\/schema.org","@graph":[{"@type":"WebPage","@id":"https:\/\/portalmf.com.br\/index.php\/2025\/05\/05\/timbalada-leva-percussao-ancestralidade-e-axe-ao-arrastao-da-micareta-de-feira\/","url":"https:\/\/portalmf.com.br\/index.php\/2025\/05\/05\/timbalada-leva-percussao-ancestralidade-e-axe-ao-arrastao-da-micareta-de-feira\/","name":"Timbalada leva percuss\u00e3o, ancestralidade e ax\u00e9 ao arrast\u00e3o da Micareta de Feira - Portal MF","isPartOf":{"@id":"https:\/\/portalmf.com.br\/#website"},"primaryImageOfPage":{"@id":"https:\/\/portalmf.com.br\/index.php\/2025\/05\/05\/timbalada-leva-percussao-ancestralidade-e-axe-ao-arrastao-da-micareta-de-feira\/#primaryimage"},"image":{"@id":"https:\/\/portalmf.com.br\/index.php\/2025\/05\/05\/timbalada-leva-percussao-ancestralidade-e-axe-ao-arrastao-da-micareta-de-feira\/#primaryimage"},"thumbnailUrl":"https:\/\/portalmf.com.br\/wp-content\/uploads\/2025\/05\/Timbalada_arrastao_micareta_reginaldo_junior.jpg","datePublished":"2025-05-05T20:39:45+00:00","dateModified":"2025-05-05T20:39:46+00:00","author":{"@id":"https:\/\/portalmf.com.br\/#\/schema\/person\/9ec101baf56233e53520c26de5d6f6f0"},"breadcrumb":{"@id":"https:\/\/portalmf.com.br\/index.php\/2025\/05\/05\/timbalada-leva-percussao-ancestralidade-e-axe-ao-arrastao-da-micareta-de-feira\/#breadcrumb"},"inLanguage":"pt-BR","potentialAction":[{"@type":"ReadAction","target":["https:\/\/portalmf.com.br\/index.php\/2025\/05\/05\/timbalada-leva-percussao-ancestralidade-e-axe-ao-arrastao-da-micareta-de-feira\/"]}]},{"@type":"ImageObject","inLanguage":"pt-BR","@id":"https:\/\/portalmf.com.br\/index.php\/2025\/05\/05\/timbalada-leva-percussao-ancestralidade-e-axe-ao-arrastao-da-micareta-de-feira\/#primaryimage","url":"https:\/\/portalmf.com.br\/wp-content\/uploads\/2025\/05\/Timbalada_arrastao_micareta_reginaldo_junior.jpg","contentUrl":"https:\/\/portalmf.com.br\/wp-content\/uploads\/2025\/05\/Timbalada_arrastao_micareta_reginaldo_junior.jpg","width":1600,"height":1200},{"@type":"BreadcrumbList","@id":"https:\/\/portalmf.com.br\/index.php\/2025\/05\/05\/timbalada-leva-percussao-ancestralidade-e-axe-ao-arrastao-da-micareta-de-feira\/#breadcrumb","itemListElement":[{"@type":"ListItem","position":1,"name":"In\u00edcio","item":"https:\/\/portalmf.com.br\/"},{"@type":"ListItem","position":2,"name":"Timbalada leva percuss\u00e3o, ancestralidade e ax\u00e9 ao arrast\u00e3o da Micareta de Feira"}]},{"@type":"WebSite","@id":"https:\/\/portalmf.com.br\/#website","url":"https:\/\/portalmf.com.br\/","name":"Portal MF","description":"Voc\u00ea conectado com a informa\u00e7\u00e3o","potentialAction":[{"@type":"SearchAction","target":{"@type":"EntryPoint","urlTemplate":"https:\/\/portalmf.com.br\/?s={search_term_string}"},"query-input":"required name=search_term_string"}],"inLanguage":"pt-BR"},{"@type":"Person","@id":"https:\/\/portalmf.com.br\/#\/schema\/person\/9ec101baf56233e53520c26de5d6f6f0","name":"Reda\u00e7\u00e3o Portal MF","image":{"@type":"ImageObject","inLanguage":"pt-BR","@id":"https:\/\/portalmf.com.br\/#\/schema\/person\/image\/","url":"https:\/\/secure.gravatar.com\/avatar\/41b9aaeb2100835f7c64362330f74c7f?s=96&d=mm&r=g","contentUrl":"https:\/\/secure.gravatar.com\/avatar\/41b9aaeb2100835f7c64362330f74c7f?s=96&d=mm&r=g","caption":"Reda\u00e7\u00e3o Portal MF"},"description":"Sejam bem-vindos o portal de informa\u00e7\u00f5es de entretenimento de Feira de Santana, desde 2006 realiza coberturas dos principais eventos com entrevistas exclusivas com as principais personalidades mundiais. Fique conectado tamb\u00e9m nas redes sociais.","sameAs":["http:\/\/www.portalmf.com.br\/","https:\/\/www.facebook.com\/portalmfoficial","https:\/\/www.instagram.com\/portalmf\/","https:\/\/x.com\/https:\/\/x.com\/portalmfoficial","https:\/\/www.youtube.com\/@portalmfoficial"],"url":"https:\/\/portalmf.com.br\/index.php\/author\/junior\/"}]}},"_links":{"self":[{"href":"https:\/\/portalmf.com.br\/index.php\/wp-json\/wp\/v2\/posts\/35964"}],"collection":[{"href":"https:\/\/portalmf.com.br\/index.php\/wp-json\/wp\/v2\/posts"}],"about":[{"href":"https:\/\/portalmf.com.br\/index.php\/wp-json\/wp\/v2\/types\/post"}],"author":[{"embeddable":true,"href":"https:\/\/portalmf.com.br\/index.php\/wp-json\/wp\/v2\/users\/3"}],"replies":[{"embeddable":true,"href":"https:\/\/portalmf.com.br\/index.php\/wp-json\/wp\/v2\/comments?post=35964"}],"version-history":[{"count":1,"href":"https:\/\/portalmf.com.br\/index.php\/wp-json\/wp\/v2\/posts\/35964\/revisions"}],"predecessor-version":[{"id":35967,"href":"https:\/\/portalmf.com.br\/index.php\/wp-json\/wp\/v2\/posts\/35964\/revisions\/35967"}],"wp:featuredmedia":[{"embeddable":true,"href":"https:\/\/portalmf.com.br\/index.php\/wp-json\/wp\/v2\/media\/35966"}],"wp:attachment":[{"href":"https:\/\/portalmf.com.br\/index.php\/wp-json\/wp\/v2\/media?parent=35964"}],"wp:term":[{"taxonomy":"category","embeddable":true,"href":"https:\/\/portalmf.com.br\/index.php\/wp-json\/wp\/v2\/categories?post=35964"},{"taxonomy":"post_tag","embeddable":true,"href":"https:\/\/portalmf.com.br\/index.php\/wp-json\/wp\/v2\/tags?post=35964"}],"curies":[{"name":"wp","href":"https:\/\/api.w.org\/{rel}","templated":true}]}}