{"id":35939,"date":"2025-05-04T19:35:19","date_gmt":"2025-05-04T22:35:19","guid":{"rendered":"https:\/\/portalmf.com.br\/?p=35939"},"modified":"2025-05-04T19:35:21","modified_gmt":"2025-05-04T22:35:21","slug":"miss-e-mister-quilombola-da-matinha-ressaltam-importancia-do-samba-de-roda-na-micareta","status":"publish","type":"post","link":"https:\/\/portalmf.com.br\/index.php\/2025\/05\/04\/miss-e-mister-quilombola-da-matinha-ressaltam-importancia-do-samba-de-roda-na-micareta\/","title":{"rendered":"Miss e Mister Quilombola da Matinha ressaltam import\u00e2ncia do Samba de Roda na Micareta"},"content":{"rendered":"\n<p><strong>Por: Walace Almeida<\/strong><\/p>\n\n\n\n<p>A Miss Quilombola da Matinha, Leandra, e o Mister Quilombola da Matinha, Gustavo, que foram convidados pela Quixabeira da Matinha a desfilarem com o trio da banda, no \u00faltimo dia da Micareta 2025, se mostraram honrados com a homenagem da banda.<\/p>\n\n\n\n<p>Gustavo comenta sobre a import\u00e2ncia do Samba de Roda ser valorizado numa festa t\u00e3o grande. \u201cA import\u00e2ncia do Samba de Roda na Micareta \u00e9 de grande valor, pois traz a nossa cultura para essa grande festa. O samba \u00e9 vida para n\u00f3s, com certeza nos alimenta. Mostrar isso na Micareta \u00e9 relembrar os que vieram antes de n\u00f3s, nossos ancestrais\u201d, disse.<\/p>\n\n\n\n<p>A Miss, Leandra, ainda falou sobre o trabalho feito pela Quixabeira da Matinha para representar a mem\u00f3ria dos seus ancestrais, atrav\u00e9s do Samba de Roda.<\/p>\n\n\n\n<p>\u201cO Samba de Roda traz a continuidade da resist\u00eancia de uma cultura muito forte, que vem se acabando, mas a Quixabeira da Matinha ajuda, levando adiante. \u00c9 motivo de muito orgulho estar no trio da Quixabeira da Matinha no domingo de Micareta\u201d, concluiu.<\/p>\n","protected":false},"excerpt":{"rendered":"<p>Por: Walace Almeida A Miss Quilombola da Matinha, Leandra, e o Mister Quilombola da Matinha, Gustavo, que foram convidados pela Quixabeira da Matinha a desfilarem com o trio da banda, no \u00faltimo dia da Micareta 2025, se mostraram honrados com a homenagem da banda. Gustavo comenta sobre a import\u00e2ncia do Samba de Roda ser valorizado [&hellip;]<\/p>\n","protected":false},"author":3,"featured_media":35940,"comment_status":"open","ping_status":"open","sticky":false,"template":"","format":"standard","meta":{"_monsterinsights_skip_tracking":false,"_monsterinsights_sitenote_active":false,"_monsterinsights_sitenote_note":"","_monsterinsights_sitenote_category":0,"footnotes":""},"categories":[48,39],"tags":[],"yoast_head":"<!-- This site is optimized with the Yoast SEO plugin v22.9 - https:\/\/yoast.com\/wordpress\/plugins\/seo\/ -->\n<title>Miss e Mister Quilombola da Matinha ressaltam import\u00e2ncia do Samba de Roda na Micareta - Portal MF<\/title>\n<meta name=\"robots\" content=\"index, follow, max-snippet:-1, max-image-preview:large, max-video-preview:-1\" \/>\n<link rel=\"canonical\" href=\"https:\/\/portalmf.com.br\/index.php\/2025\/05\/04\/miss-e-mister-quilombola-da-matinha-ressaltam-importancia-do-samba-de-roda-na-micareta\/\" \/>\n<meta property=\"og:locale\" content=\"pt_BR\" \/>\n<meta property=\"og:type\" content=\"article\" \/>\n<meta property=\"og:title\" content=\"Miss e Mister Quilombola da Matinha ressaltam import\u00e2ncia do Samba de Roda na Micareta - Portal MF\" \/>\n<meta property=\"og:description\" content=\"Por: Walace Almeida A Miss Quilombola da Matinha, Leandra, e o Mister Quilombola da Matinha, Gustavo, que foram convidados pela Quixabeira da Matinha a desfilarem com o trio da banda, no \u00faltimo dia da Micareta 2025, se mostraram honrados com a homenagem da banda. Gustavo comenta sobre a import\u00e2ncia do Samba de Roda ser valorizado [&hellip;]\" \/>\n<meta property=\"og:url\" content=\"https:\/\/portalmf.com.br\/index.php\/2025\/05\/04\/miss-e-mister-quilombola-da-matinha-ressaltam-importancia-do-samba-de-roda-na-micareta\/\" \/>\n<meta property=\"og:site_name\" content=\"Portal MF\" \/>\n<meta property=\"article:author\" content=\"https:\/\/www.facebook.com\/portalmfoficial\" \/>\n<meta property=\"article:published_time\" content=\"2025-05-04T22:35:19+00:00\" \/>\n<meta property=\"article:modified_time\" content=\"2025-05-04T22:35:21+00:00\" \/>\n<meta property=\"og:image\" content=\"https:\/\/portalmf.com.br\/wp-content\/uploads\/2025\/05\/Miss-e-Mister-Quilombola-da-Matinha-Micareta-2025-e1746398115616.jpg\" \/>\n\t<meta property=\"og:image:width\" content=\"1200\" \/>\n\t<meta property=\"og:image:height\" content=\"912\" \/>\n\t<meta property=\"og:image:type\" content=\"image\/jpeg\" \/>\n<meta name=\"author\" content=\"Reda\u00e7\u00e3o Portal MF\" \/>\n<meta name=\"twitter:card\" content=\"summary_large_image\" \/>\n<meta name=\"twitter:creator\" content=\"@https:\/\/x.com\/portalmfoficial\" \/>\n<meta name=\"twitter:label1\" content=\"Escrito por\" \/>\n\t<meta name=\"twitter:data1\" content=\"Reda\u00e7\u00e3o Portal MF\" \/>\n\t<meta name=\"twitter:label2\" content=\"Est. tempo de leitura\" \/>\n\t<meta name=\"twitter:data2\" content=\"2 minutos\" \/>\n<script type=\"application\/ld+json\" class=\"yoast-schema-graph\">{\"@context\":\"https:\/\/schema.org\",\"@graph\":[{\"@type\":\"WebPage\",\"@id\":\"https:\/\/portalmf.com.br\/index.php\/2025\/05\/04\/miss-e-mister-quilombola-da-matinha-ressaltam-importancia-do-samba-de-roda-na-micareta\/\",\"url\":\"https:\/\/portalmf.com.br\/index.php\/2025\/05\/04\/miss-e-mister-quilombola-da-matinha-ressaltam-importancia-do-samba-de-roda-na-micareta\/\",\"name\":\"Miss e Mister Quilombola da Matinha ressaltam import\u00e2ncia do Samba de Roda na Micareta - Portal MF\",\"isPartOf\":{\"@id\":\"https:\/\/portalmf.com.br\/#website\"},\"primaryImageOfPage\":{\"@id\":\"https:\/\/portalmf.com.br\/index.php\/2025\/05\/04\/miss-e-mister-quilombola-da-matinha-ressaltam-importancia-do-samba-de-roda-na-micareta\/#primaryimage\"},\"image\":{\"@id\":\"https:\/\/portalmf.com.br\/index.php\/2025\/05\/04\/miss-e-mister-quilombola-da-matinha-ressaltam-importancia-do-samba-de-roda-na-micareta\/#primaryimage\"},\"thumbnailUrl\":\"https:\/\/portalmf.com.br\/wp-content\/uploads\/2025\/05\/Miss-e-Mister-Quilombola-da-Matinha-Micareta-2025-e1746398115616.jpg\",\"datePublished\":\"2025-05-04T22:35:19+00:00\",\"dateModified\":\"2025-05-04T22:35:21+00:00\",\"author\":{\"@id\":\"https:\/\/portalmf.com.br\/#\/schema\/person\/9ec101baf56233e53520c26de5d6f6f0\"},\"breadcrumb\":{\"@id\":\"https:\/\/portalmf.com.br\/index.php\/2025\/05\/04\/miss-e-mister-quilombola-da-matinha-ressaltam-importancia-do-samba-de-roda-na-micareta\/#breadcrumb\"},\"inLanguage\":\"pt-BR\",\"potentialAction\":[{\"@type\":\"ReadAction\",\"target\":[\"https:\/\/portalmf.com.br\/index.php\/2025\/05\/04\/miss-e-mister-quilombola-da-matinha-ressaltam-importancia-do-samba-de-roda-na-micareta\/\"]}]},{\"@type\":\"ImageObject\",\"inLanguage\":\"pt-BR\",\"@id\":\"https:\/\/portalmf.com.br\/index.php\/2025\/05\/04\/miss-e-mister-quilombola-da-matinha-ressaltam-importancia-do-samba-de-roda-na-micareta\/#primaryimage\",\"url\":\"https:\/\/portalmf.com.br\/wp-content\/uploads\/2025\/05\/Miss-e-Mister-Quilombola-da-Matinha-Micareta-2025-e1746398115616.jpg\",\"contentUrl\":\"https:\/\/portalmf.com.br\/wp-content\/uploads\/2025\/05\/Miss-e-Mister-Quilombola-da-Matinha-Micareta-2025-e1746398115616.jpg\",\"width\":1200,\"height\":912},{\"@type\":\"BreadcrumbList\",\"@id\":\"https:\/\/portalmf.com.br\/index.php\/2025\/05\/04\/miss-e-mister-quilombola-da-matinha-ressaltam-importancia-do-samba-de-roda-na-micareta\/#breadcrumb\",\"itemListElement\":[{\"@type\":\"ListItem\",\"position\":1,\"name\":\"In\u00edcio\",\"item\":\"https:\/\/portalmf.com.br\/\"},{\"@type\":\"ListItem\",\"position\":2,\"name\":\"Miss e Mister Quilombola da Matinha ressaltam import\u00e2ncia do Samba de Roda na Micareta\"}]},{\"@type\":\"WebSite\",\"@id\":\"https:\/\/portalmf.com.br\/#website\",\"url\":\"https:\/\/portalmf.com.br\/\",\"name\":\"Portal MF\",\"description\":\"Voc\u00ea conectado com a informa\u00e7\u00e3o\",\"potentialAction\":[{\"@type\":\"SearchAction\",\"target\":{\"@type\":\"EntryPoint\",\"urlTemplate\":\"https:\/\/portalmf.com.br\/?s={search_term_string}\"},\"query-input\":\"required name=search_term_string\"}],\"inLanguage\":\"pt-BR\"},{\"@type\":\"Person\",\"@id\":\"https:\/\/portalmf.com.br\/#\/schema\/person\/9ec101baf56233e53520c26de5d6f6f0\",\"name\":\"Reda\u00e7\u00e3o Portal MF\",\"image\":{\"@type\":\"ImageObject\",\"inLanguage\":\"pt-BR\",\"@id\":\"https:\/\/portalmf.com.br\/#\/schema\/person\/image\/\",\"url\":\"https:\/\/secure.gravatar.com\/avatar\/41b9aaeb2100835f7c64362330f74c7f?s=96&d=mm&r=g\",\"contentUrl\":\"https:\/\/secure.gravatar.com\/avatar\/41b9aaeb2100835f7c64362330f74c7f?s=96&d=mm&r=g\",\"caption\":\"Reda\u00e7\u00e3o Portal MF\"},\"description\":\"Sejam bem-vindos o portal de informa\u00e7\u00f5es de entretenimento de Feira de Santana, desde 2006 realiza coberturas dos principais eventos com entrevistas exclusivas com as principais personalidades mundiais. Fique conectado tamb\u00e9m nas redes sociais.\",\"sameAs\":[\"http:\/\/www.portalmf.com.br\/\",\"https:\/\/www.facebook.com\/portalmfoficial\",\"https:\/\/www.instagram.com\/portalmf\/\",\"https:\/\/x.com\/https:\/\/x.com\/portalmfoficial\",\"https:\/\/www.youtube.com\/@portalmfoficial\"],\"url\":\"https:\/\/portalmf.com.br\/index.php\/author\/junior\/\"}]}<\/script>\n<!-- \/ Yoast SEO plugin. -->","yoast_head_json":{"title":"Miss e Mister Quilombola da Matinha ressaltam import\u00e2ncia do Samba de Roda na Micareta - Portal MF","robots":{"index":"index","follow":"follow","max-snippet":"max-snippet:-1","max-image-preview":"max-image-preview:large","max-video-preview":"max-video-preview:-1"},"canonical":"https:\/\/portalmf.com.br\/index.php\/2025\/05\/04\/miss-e-mister-quilombola-da-matinha-ressaltam-importancia-do-samba-de-roda-na-micareta\/","og_locale":"pt_BR","og_type":"article","og_title":"Miss e Mister Quilombola da Matinha ressaltam import\u00e2ncia do Samba de Roda na Micareta - Portal MF","og_description":"Por: Walace Almeida A Miss Quilombola da Matinha, Leandra, e o Mister Quilombola da Matinha, Gustavo, que foram convidados pela Quixabeira da Matinha a desfilarem com o trio da banda, no \u00faltimo dia da Micareta 2025, se mostraram honrados com a homenagem da banda. Gustavo comenta sobre a import\u00e2ncia do Samba de Roda ser valorizado [&hellip;]","og_url":"https:\/\/portalmf.com.br\/index.php\/2025\/05\/04\/miss-e-mister-quilombola-da-matinha-ressaltam-importancia-do-samba-de-roda-na-micareta\/","og_site_name":"Portal MF","article_author":"https:\/\/www.facebook.com\/portalmfoficial","article_published_time":"2025-05-04T22:35:19+00:00","article_modified_time":"2025-05-04T22:35:21+00:00","og_image":[{"width":1200,"height":912,"url":"https:\/\/portalmf.com.br\/wp-content\/uploads\/2025\/05\/Miss-e-Mister-Quilombola-da-Matinha-Micareta-2025-e1746398115616.jpg","type":"image\/jpeg"}],"author":"Reda\u00e7\u00e3o Portal MF","twitter_card":"summary_large_image","twitter_creator":"@https:\/\/x.com\/portalmfoficial","twitter_misc":{"Escrito por":"Reda\u00e7\u00e3o Portal MF","Est. tempo de leitura":"2 minutos"},"schema":{"@context":"https:\/\/schema.org","@graph":[{"@type":"WebPage","@id":"https:\/\/portalmf.com.br\/index.php\/2025\/05\/04\/miss-e-mister-quilombola-da-matinha-ressaltam-importancia-do-samba-de-roda-na-micareta\/","url":"https:\/\/portalmf.com.br\/index.php\/2025\/05\/04\/miss-e-mister-quilombola-da-matinha-ressaltam-importancia-do-samba-de-roda-na-micareta\/","name":"Miss e Mister Quilombola da Matinha ressaltam import\u00e2ncia do Samba de Roda na Micareta - Portal MF","isPartOf":{"@id":"https:\/\/portalmf.com.br\/#website"},"primaryImageOfPage":{"@id":"https:\/\/portalmf.com.br\/index.php\/2025\/05\/04\/miss-e-mister-quilombola-da-matinha-ressaltam-importancia-do-samba-de-roda-na-micareta\/#primaryimage"},"image":{"@id":"https:\/\/portalmf.com.br\/index.php\/2025\/05\/04\/miss-e-mister-quilombola-da-matinha-ressaltam-importancia-do-samba-de-roda-na-micareta\/#primaryimage"},"thumbnailUrl":"https:\/\/portalmf.com.br\/wp-content\/uploads\/2025\/05\/Miss-e-Mister-Quilombola-da-Matinha-Micareta-2025-e1746398115616.jpg","datePublished":"2025-05-04T22:35:19+00:00","dateModified":"2025-05-04T22:35:21+00:00","author":{"@id":"https:\/\/portalmf.com.br\/#\/schema\/person\/9ec101baf56233e53520c26de5d6f6f0"},"breadcrumb":{"@id":"https:\/\/portalmf.com.br\/index.php\/2025\/05\/04\/miss-e-mister-quilombola-da-matinha-ressaltam-importancia-do-samba-de-roda-na-micareta\/#breadcrumb"},"inLanguage":"pt-BR","potentialAction":[{"@type":"ReadAction","target":["https:\/\/portalmf.com.br\/index.php\/2025\/05\/04\/miss-e-mister-quilombola-da-matinha-ressaltam-importancia-do-samba-de-roda-na-micareta\/"]}]},{"@type":"ImageObject","inLanguage":"pt-BR","@id":"https:\/\/portalmf.com.br\/index.php\/2025\/05\/04\/miss-e-mister-quilombola-da-matinha-ressaltam-importancia-do-samba-de-roda-na-micareta\/#primaryimage","url":"https:\/\/portalmf.com.br\/wp-content\/uploads\/2025\/05\/Miss-e-Mister-Quilombola-da-Matinha-Micareta-2025-e1746398115616.jpg","contentUrl":"https:\/\/portalmf.com.br\/wp-content\/uploads\/2025\/05\/Miss-e-Mister-Quilombola-da-Matinha-Micareta-2025-e1746398115616.jpg","width":1200,"height":912},{"@type":"BreadcrumbList","@id":"https:\/\/portalmf.com.br\/index.php\/2025\/05\/04\/miss-e-mister-quilombola-da-matinha-ressaltam-importancia-do-samba-de-roda-na-micareta\/#breadcrumb","itemListElement":[{"@type":"ListItem","position":1,"name":"In\u00edcio","item":"https:\/\/portalmf.com.br\/"},{"@type":"ListItem","position":2,"name":"Miss e Mister Quilombola da Matinha ressaltam import\u00e2ncia do Samba de Roda na Micareta"}]},{"@type":"WebSite","@id":"https:\/\/portalmf.com.br\/#website","url":"https:\/\/portalmf.com.br\/","name":"Portal MF","description":"Voc\u00ea conectado com a informa\u00e7\u00e3o","potentialAction":[{"@type":"SearchAction","target":{"@type":"EntryPoint","urlTemplate":"https:\/\/portalmf.com.br\/?s={search_term_string}"},"query-input":"required name=search_term_string"}],"inLanguage":"pt-BR"},{"@type":"Person","@id":"https:\/\/portalmf.com.br\/#\/schema\/person\/9ec101baf56233e53520c26de5d6f6f0","name":"Reda\u00e7\u00e3o Portal MF","image":{"@type":"ImageObject","inLanguage":"pt-BR","@id":"https:\/\/portalmf.com.br\/#\/schema\/person\/image\/","url":"https:\/\/secure.gravatar.com\/avatar\/41b9aaeb2100835f7c64362330f74c7f?s=96&d=mm&r=g","contentUrl":"https:\/\/secure.gravatar.com\/avatar\/41b9aaeb2100835f7c64362330f74c7f?s=96&d=mm&r=g","caption":"Reda\u00e7\u00e3o Portal MF"},"description":"Sejam bem-vindos o portal de informa\u00e7\u00f5es de entretenimento de Feira de Santana, desde 2006 realiza coberturas dos principais eventos com entrevistas exclusivas com as principais personalidades mundiais. Fique conectado tamb\u00e9m nas redes sociais.","sameAs":["http:\/\/www.portalmf.com.br\/","https:\/\/www.facebook.com\/portalmfoficial","https:\/\/www.instagram.com\/portalmf\/","https:\/\/x.com\/https:\/\/x.com\/portalmfoficial","https:\/\/www.youtube.com\/@portalmfoficial"],"url":"https:\/\/portalmf.com.br\/index.php\/author\/junior\/"}]}},"_links":{"self":[{"href":"https:\/\/portalmf.com.br\/index.php\/wp-json\/wp\/v2\/posts\/35939"}],"collection":[{"href":"https:\/\/portalmf.com.br\/index.php\/wp-json\/wp\/v2\/posts"}],"about":[{"href":"https:\/\/portalmf.com.br\/index.php\/wp-json\/wp\/v2\/types\/post"}],"author":[{"embeddable":true,"href":"https:\/\/portalmf.com.br\/index.php\/wp-json\/wp\/v2\/users\/3"}],"replies":[{"embeddable":true,"href":"https:\/\/portalmf.com.br\/index.php\/wp-json\/wp\/v2\/comments?post=35939"}],"version-history":[{"count":1,"href":"https:\/\/portalmf.com.br\/index.php\/wp-json\/wp\/v2\/posts\/35939\/revisions"}],"predecessor-version":[{"id":35941,"href":"https:\/\/portalmf.com.br\/index.php\/wp-json\/wp\/v2\/posts\/35939\/revisions\/35941"}],"wp:featuredmedia":[{"embeddable":true,"href":"https:\/\/portalmf.com.br\/index.php\/wp-json\/wp\/v2\/media\/35940"}],"wp:attachment":[{"href":"https:\/\/portalmf.com.br\/index.php\/wp-json\/wp\/v2\/media?parent=35939"}],"wp:term":[{"taxonomy":"category","embeddable":true,"href":"https:\/\/portalmf.com.br\/index.php\/wp-json\/wp\/v2\/categories?post=35939"},{"taxonomy":"post_tag","embeddable":true,"href":"https:\/\/portalmf.com.br\/index.php\/wp-json\/wp\/v2\/tags?post=35939"}],"curies":[{"name":"wp","href":"https:\/\/api.w.org\/{rel}","templated":true}]}}