{"id":35935,"date":"2025-05-04T19:23:45","date_gmt":"2025-05-04T22:23:45","guid":{"rendered":"https:\/\/portalmf.com.br\/?p=35935"},"modified":"2025-05-04T19:23:47","modified_gmt":"2025-05-04T22:23:47","slug":"vinny-nogueira-elogia-animacao-do-publico-de-feira-de-santana","status":"publish","type":"post","link":"https:\/\/portalmf.com.br\/index.php\/2025\/05\/04\/vinny-nogueira-elogia-animacao-do-publico-de-feira-de-santana\/","title":{"rendered":"Vinny Nogueira elogia anima\u00e7\u00e3o do p\u00fablico de Feira de Santana"},"content":{"rendered":"\n<p><strong>Por: Walace Almeida<\/strong><\/p>\n\n\n\n<p>O cantor Vinny Nogueira, que se apresenta no Circuito Maneca Ferreira na noite deste domingo (4), \u00faltimo dia da Micareta 2025, foi sincero ao revelar o seu entusiasmo por fazer um grande show em Feira de Santana.<\/p>\n\n\n\n<p>\u201c\u00c9 a primeira vez que eu participo da Micareta de Feira. Sabe aquela vontade de mostrar servi\u00e7o, mostrar tudo que aprendemos ao longo do tempo? \u00c9 assim que eu estou, muito feliz de estar aqui e muito feliz com o sucesso que estamos fazendo\u201d, contou.<\/p>\n\n\n\n<p>Ele fez quest\u00e3o de elogiar o p\u00fablico da Princesa do Sert\u00e3o, cidade que considera especial. \u201cO p\u00fablico de Feira \u00e9 muito acolhedor, aqui eu me sinto em casa. \u00c9 muito diferente de tocar em outros lugares. Chegamos aqui cientes da responsabilidade de fazer um grande show\u201d, findou.<\/p>\n","protected":false},"excerpt":{"rendered":"<p>Por: Walace Almeida O cantor Vinny Nogueira, que se apresenta no Circuito Maneca Ferreira na noite deste domingo (4), \u00faltimo dia da Micareta 2025, foi sincero ao revelar o seu entusiasmo por fazer um grande show em Feira de Santana. \u201c\u00c9 a primeira vez que eu participo da Micareta de Feira. Sabe aquela vontade de [&hellip;]<\/p>\n","protected":false},"author":3,"featured_media":35937,"comment_status":"open","ping_status":"open","sticky":false,"template":"","format":"standard","meta":{"_monsterinsights_skip_tracking":false,"_monsterinsights_sitenote_active":false,"_monsterinsights_sitenote_note":"","_monsterinsights_sitenote_category":0,"footnotes":""},"categories":[48,39],"tags":[],"yoast_head":"<!-- This site is optimized with the Yoast SEO plugin v22.9 - https:\/\/yoast.com\/wordpress\/plugins\/seo\/ -->\n<title>Vinny Nogueira elogia anima\u00e7\u00e3o do p\u00fablico de Feira de Santana - Portal MF<\/title>\n<meta name=\"robots\" content=\"index, follow, max-snippet:-1, max-image-preview:large, max-video-preview:-1\" \/>\n<link rel=\"canonical\" href=\"https:\/\/portalmf.com.br\/index.php\/2025\/05\/04\/vinny-nogueira-elogia-animacao-do-publico-de-feira-de-santana\/\" \/>\n<meta property=\"og:locale\" content=\"pt_BR\" \/>\n<meta property=\"og:type\" content=\"article\" \/>\n<meta property=\"og:title\" content=\"Vinny Nogueira elogia anima\u00e7\u00e3o do p\u00fablico de Feira de Santana - Portal MF\" \/>\n<meta property=\"og:description\" content=\"Por: Walace Almeida O cantor Vinny Nogueira, que se apresenta no Circuito Maneca Ferreira na noite deste domingo (4), \u00faltimo dia da Micareta 2025, foi sincero ao revelar o seu entusiasmo por fazer um grande show em Feira de Santana. \u201c\u00c9 a primeira vez que eu participo da Micareta de Feira. Sabe aquela vontade de [&hellip;]\" \/>\n<meta property=\"og:url\" content=\"https:\/\/portalmf.com.br\/index.php\/2025\/05\/04\/vinny-nogueira-elogia-animacao-do-publico-de-feira-de-santana\/\" \/>\n<meta property=\"og:site_name\" content=\"Portal MF\" \/>\n<meta property=\"article:author\" content=\"https:\/\/www.facebook.com\/portalmfoficial\" \/>\n<meta property=\"article:published_time\" content=\"2025-05-04T22:23:45+00:00\" \/>\n<meta property=\"article:modified_time\" content=\"2025-05-04T22:23:47+00:00\" \/>\n<meta property=\"og:image\" content=\"https:\/\/portalmf.com.br\/wp-content\/uploads\/2025\/05\/Vinny-Nogueira-Micareta-2025-e1746397419255.jpg\" \/>\n\t<meta property=\"og:image:width\" content=\"1200\" \/>\n\t<meta property=\"og:image:height\" content=\"853\" \/>\n\t<meta property=\"og:image:type\" content=\"image\/jpeg\" \/>\n<meta name=\"author\" content=\"Reda\u00e7\u00e3o Portal MF\" \/>\n<meta name=\"twitter:card\" content=\"summary_large_image\" \/>\n<meta name=\"twitter:creator\" content=\"@https:\/\/x.com\/portalmfoficial\" \/>\n<meta name=\"twitter:label1\" content=\"Escrito por\" \/>\n\t<meta name=\"twitter:data1\" content=\"Reda\u00e7\u00e3o Portal MF\" \/>\n\t<meta name=\"twitter:label2\" content=\"Est. tempo de leitura\" \/>\n\t<meta name=\"twitter:data2\" content=\"1 minuto\" \/>\n<script type=\"application\/ld+json\" class=\"yoast-schema-graph\">{\"@context\":\"https:\/\/schema.org\",\"@graph\":[{\"@type\":\"WebPage\",\"@id\":\"https:\/\/portalmf.com.br\/index.php\/2025\/05\/04\/vinny-nogueira-elogia-animacao-do-publico-de-feira-de-santana\/\",\"url\":\"https:\/\/portalmf.com.br\/index.php\/2025\/05\/04\/vinny-nogueira-elogia-animacao-do-publico-de-feira-de-santana\/\",\"name\":\"Vinny Nogueira elogia anima\u00e7\u00e3o do p\u00fablico de Feira de Santana - Portal MF\",\"isPartOf\":{\"@id\":\"https:\/\/portalmf.com.br\/#website\"},\"primaryImageOfPage\":{\"@id\":\"https:\/\/portalmf.com.br\/index.php\/2025\/05\/04\/vinny-nogueira-elogia-animacao-do-publico-de-feira-de-santana\/#primaryimage\"},\"image\":{\"@id\":\"https:\/\/portalmf.com.br\/index.php\/2025\/05\/04\/vinny-nogueira-elogia-animacao-do-publico-de-feira-de-santana\/#primaryimage\"},\"thumbnailUrl\":\"https:\/\/portalmf.com.br\/wp-content\/uploads\/2025\/05\/Vinny-Nogueira-Micareta-2025-e1746397419255.jpg\",\"datePublished\":\"2025-05-04T22:23:45+00:00\",\"dateModified\":\"2025-05-04T22:23:47+00:00\",\"author\":{\"@id\":\"https:\/\/portalmf.com.br\/#\/schema\/person\/9ec101baf56233e53520c26de5d6f6f0\"},\"breadcrumb\":{\"@id\":\"https:\/\/portalmf.com.br\/index.php\/2025\/05\/04\/vinny-nogueira-elogia-animacao-do-publico-de-feira-de-santana\/#breadcrumb\"},\"inLanguage\":\"pt-BR\",\"potentialAction\":[{\"@type\":\"ReadAction\",\"target\":[\"https:\/\/portalmf.com.br\/index.php\/2025\/05\/04\/vinny-nogueira-elogia-animacao-do-publico-de-feira-de-santana\/\"]}]},{\"@type\":\"ImageObject\",\"inLanguage\":\"pt-BR\",\"@id\":\"https:\/\/portalmf.com.br\/index.php\/2025\/05\/04\/vinny-nogueira-elogia-animacao-do-publico-de-feira-de-santana\/#primaryimage\",\"url\":\"https:\/\/portalmf.com.br\/wp-content\/uploads\/2025\/05\/Vinny-Nogueira-Micareta-2025-e1746397419255.jpg\",\"contentUrl\":\"https:\/\/portalmf.com.br\/wp-content\/uploads\/2025\/05\/Vinny-Nogueira-Micareta-2025-e1746397419255.jpg\",\"width\":1200,\"height\":853},{\"@type\":\"BreadcrumbList\",\"@id\":\"https:\/\/portalmf.com.br\/index.php\/2025\/05\/04\/vinny-nogueira-elogia-animacao-do-publico-de-feira-de-santana\/#breadcrumb\",\"itemListElement\":[{\"@type\":\"ListItem\",\"position\":1,\"name\":\"In\u00edcio\",\"item\":\"https:\/\/portalmf.com.br\/\"},{\"@type\":\"ListItem\",\"position\":2,\"name\":\"Vinny Nogueira elogia anima\u00e7\u00e3o do p\u00fablico de Feira de Santana\"}]},{\"@type\":\"WebSite\",\"@id\":\"https:\/\/portalmf.com.br\/#website\",\"url\":\"https:\/\/portalmf.com.br\/\",\"name\":\"Portal MF\",\"description\":\"Voc\u00ea conectado com a informa\u00e7\u00e3o\",\"potentialAction\":[{\"@type\":\"SearchAction\",\"target\":{\"@type\":\"EntryPoint\",\"urlTemplate\":\"https:\/\/portalmf.com.br\/?s={search_term_string}\"},\"query-input\":\"required name=search_term_string\"}],\"inLanguage\":\"pt-BR\"},{\"@type\":\"Person\",\"@id\":\"https:\/\/portalmf.com.br\/#\/schema\/person\/9ec101baf56233e53520c26de5d6f6f0\",\"name\":\"Reda\u00e7\u00e3o Portal MF\",\"image\":{\"@type\":\"ImageObject\",\"inLanguage\":\"pt-BR\",\"@id\":\"https:\/\/portalmf.com.br\/#\/schema\/person\/image\/\",\"url\":\"https:\/\/secure.gravatar.com\/avatar\/41b9aaeb2100835f7c64362330f74c7f?s=96&d=mm&r=g\",\"contentUrl\":\"https:\/\/secure.gravatar.com\/avatar\/41b9aaeb2100835f7c64362330f74c7f?s=96&d=mm&r=g\",\"caption\":\"Reda\u00e7\u00e3o Portal MF\"},\"description\":\"Sejam bem-vindos o portal de informa\u00e7\u00f5es de entretenimento de Feira de Santana, desde 2006 realiza coberturas dos principais eventos com entrevistas exclusivas com as principais personalidades mundiais. Fique conectado tamb\u00e9m nas redes sociais.\",\"sameAs\":[\"http:\/\/www.portalmf.com.br\/\",\"https:\/\/www.facebook.com\/portalmfoficial\",\"https:\/\/www.instagram.com\/portalmf\/\",\"https:\/\/x.com\/https:\/\/x.com\/portalmfoficial\",\"https:\/\/www.youtube.com\/@portalmfoficial\"],\"url\":\"https:\/\/portalmf.com.br\/index.php\/author\/junior\/\"}]}<\/script>\n<!-- \/ Yoast SEO plugin. -->","yoast_head_json":{"title":"Vinny Nogueira elogia anima\u00e7\u00e3o do p\u00fablico de Feira de Santana - Portal MF","robots":{"index":"index","follow":"follow","max-snippet":"max-snippet:-1","max-image-preview":"max-image-preview:large","max-video-preview":"max-video-preview:-1"},"canonical":"https:\/\/portalmf.com.br\/index.php\/2025\/05\/04\/vinny-nogueira-elogia-animacao-do-publico-de-feira-de-santana\/","og_locale":"pt_BR","og_type":"article","og_title":"Vinny Nogueira elogia anima\u00e7\u00e3o do p\u00fablico de Feira de Santana - Portal MF","og_description":"Por: Walace Almeida O cantor Vinny Nogueira, que se apresenta no Circuito Maneca Ferreira na noite deste domingo (4), \u00faltimo dia da Micareta 2025, foi sincero ao revelar o seu entusiasmo por fazer um grande show em Feira de Santana. \u201c\u00c9 a primeira vez que eu participo da Micareta de Feira. Sabe aquela vontade de [&hellip;]","og_url":"https:\/\/portalmf.com.br\/index.php\/2025\/05\/04\/vinny-nogueira-elogia-animacao-do-publico-de-feira-de-santana\/","og_site_name":"Portal MF","article_author":"https:\/\/www.facebook.com\/portalmfoficial","article_published_time":"2025-05-04T22:23:45+00:00","article_modified_time":"2025-05-04T22:23:47+00:00","og_image":[{"width":1200,"height":853,"url":"https:\/\/portalmf.com.br\/wp-content\/uploads\/2025\/05\/Vinny-Nogueira-Micareta-2025-e1746397419255.jpg","type":"image\/jpeg"}],"author":"Reda\u00e7\u00e3o Portal MF","twitter_card":"summary_large_image","twitter_creator":"@https:\/\/x.com\/portalmfoficial","twitter_misc":{"Escrito por":"Reda\u00e7\u00e3o Portal MF","Est. tempo de leitura":"1 minuto"},"schema":{"@context":"https:\/\/schema.org","@graph":[{"@type":"WebPage","@id":"https:\/\/portalmf.com.br\/index.php\/2025\/05\/04\/vinny-nogueira-elogia-animacao-do-publico-de-feira-de-santana\/","url":"https:\/\/portalmf.com.br\/index.php\/2025\/05\/04\/vinny-nogueira-elogia-animacao-do-publico-de-feira-de-santana\/","name":"Vinny Nogueira elogia anima\u00e7\u00e3o do p\u00fablico de Feira de Santana - Portal MF","isPartOf":{"@id":"https:\/\/portalmf.com.br\/#website"},"primaryImageOfPage":{"@id":"https:\/\/portalmf.com.br\/index.php\/2025\/05\/04\/vinny-nogueira-elogia-animacao-do-publico-de-feira-de-santana\/#primaryimage"},"image":{"@id":"https:\/\/portalmf.com.br\/index.php\/2025\/05\/04\/vinny-nogueira-elogia-animacao-do-publico-de-feira-de-santana\/#primaryimage"},"thumbnailUrl":"https:\/\/portalmf.com.br\/wp-content\/uploads\/2025\/05\/Vinny-Nogueira-Micareta-2025-e1746397419255.jpg","datePublished":"2025-05-04T22:23:45+00:00","dateModified":"2025-05-04T22:23:47+00:00","author":{"@id":"https:\/\/portalmf.com.br\/#\/schema\/person\/9ec101baf56233e53520c26de5d6f6f0"},"breadcrumb":{"@id":"https:\/\/portalmf.com.br\/index.php\/2025\/05\/04\/vinny-nogueira-elogia-animacao-do-publico-de-feira-de-santana\/#breadcrumb"},"inLanguage":"pt-BR","potentialAction":[{"@type":"ReadAction","target":["https:\/\/portalmf.com.br\/index.php\/2025\/05\/04\/vinny-nogueira-elogia-animacao-do-publico-de-feira-de-santana\/"]}]},{"@type":"ImageObject","inLanguage":"pt-BR","@id":"https:\/\/portalmf.com.br\/index.php\/2025\/05\/04\/vinny-nogueira-elogia-animacao-do-publico-de-feira-de-santana\/#primaryimage","url":"https:\/\/portalmf.com.br\/wp-content\/uploads\/2025\/05\/Vinny-Nogueira-Micareta-2025-e1746397419255.jpg","contentUrl":"https:\/\/portalmf.com.br\/wp-content\/uploads\/2025\/05\/Vinny-Nogueira-Micareta-2025-e1746397419255.jpg","width":1200,"height":853},{"@type":"BreadcrumbList","@id":"https:\/\/portalmf.com.br\/index.php\/2025\/05\/04\/vinny-nogueira-elogia-animacao-do-publico-de-feira-de-santana\/#breadcrumb","itemListElement":[{"@type":"ListItem","position":1,"name":"In\u00edcio","item":"https:\/\/portalmf.com.br\/"},{"@type":"ListItem","position":2,"name":"Vinny Nogueira elogia anima\u00e7\u00e3o do p\u00fablico de Feira de Santana"}]},{"@type":"WebSite","@id":"https:\/\/portalmf.com.br\/#website","url":"https:\/\/portalmf.com.br\/","name":"Portal MF","description":"Voc\u00ea conectado com a informa\u00e7\u00e3o","potentialAction":[{"@type":"SearchAction","target":{"@type":"EntryPoint","urlTemplate":"https:\/\/portalmf.com.br\/?s={search_term_string}"},"query-input":"required name=search_term_string"}],"inLanguage":"pt-BR"},{"@type":"Person","@id":"https:\/\/portalmf.com.br\/#\/schema\/person\/9ec101baf56233e53520c26de5d6f6f0","name":"Reda\u00e7\u00e3o Portal MF","image":{"@type":"ImageObject","inLanguage":"pt-BR","@id":"https:\/\/portalmf.com.br\/#\/schema\/person\/image\/","url":"https:\/\/secure.gravatar.com\/avatar\/41b9aaeb2100835f7c64362330f74c7f?s=96&d=mm&r=g","contentUrl":"https:\/\/secure.gravatar.com\/avatar\/41b9aaeb2100835f7c64362330f74c7f?s=96&d=mm&r=g","caption":"Reda\u00e7\u00e3o Portal MF"},"description":"Sejam bem-vindos o portal de informa\u00e7\u00f5es de entretenimento de Feira de Santana, desde 2006 realiza coberturas dos principais eventos com entrevistas exclusivas com as principais personalidades mundiais. Fique conectado tamb\u00e9m nas redes sociais.","sameAs":["http:\/\/www.portalmf.com.br\/","https:\/\/www.facebook.com\/portalmfoficial","https:\/\/www.instagram.com\/portalmf\/","https:\/\/x.com\/https:\/\/x.com\/portalmfoficial","https:\/\/www.youtube.com\/@portalmfoficial"],"url":"https:\/\/portalmf.com.br\/index.php\/author\/junior\/"}]}},"_links":{"self":[{"href":"https:\/\/portalmf.com.br\/index.php\/wp-json\/wp\/v2\/posts\/35935"}],"collection":[{"href":"https:\/\/portalmf.com.br\/index.php\/wp-json\/wp\/v2\/posts"}],"about":[{"href":"https:\/\/portalmf.com.br\/index.php\/wp-json\/wp\/v2\/types\/post"}],"author":[{"embeddable":true,"href":"https:\/\/portalmf.com.br\/index.php\/wp-json\/wp\/v2\/users\/3"}],"replies":[{"embeddable":true,"href":"https:\/\/portalmf.com.br\/index.php\/wp-json\/wp\/v2\/comments?post=35935"}],"version-history":[{"count":1,"href":"https:\/\/portalmf.com.br\/index.php\/wp-json\/wp\/v2\/posts\/35935\/revisions"}],"predecessor-version":[{"id":35938,"href":"https:\/\/portalmf.com.br\/index.php\/wp-json\/wp\/v2\/posts\/35935\/revisions\/35938"}],"wp:featuredmedia":[{"embeddable":true,"href":"https:\/\/portalmf.com.br\/index.php\/wp-json\/wp\/v2\/media\/35937"}],"wp:attachment":[{"href":"https:\/\/portalmf.com.br\/index.php\/wp-json\/wp\/v2\/media?parent=35935"}],"wp:term":[{"taxonomy":"category","embeddable":true,"href":"https:\/\/portalmf.com.br\/index.php\/wp-json\/wp\/v2\/categories?post=35935"},{"taxonomy":"post_tag","embeddable":true,"href":"https:\/\/portalmf.com.br\/index.php\/wp-json\/wp\/v2\/tags?post=35935"}],"curies":[{"name":"wp","href":"https:\/\/api.w.org\/{rel}","templated":true}]}}