{"id":35923,"date":"2025-05-04T14:07:16","date_gmt":"2025-05-04T17:07:16","guid":{"rendered":"https:\/\/portalmf.com.br\/?p=35923"},"modified":"2025-05-04T14:07:18","modified_gmt":"2025-05-04T17:07:18","slug":"tonho-materia-brilha-no-bloco-odunge-na-micareta-de-feira","status":"publish","type":"post","link":"https:\/\/portalmf.com.br\/index.php\/2025\/05\/04\/tonho-materia-brilha-no-bloco-odunge-na-micareta-de-feira\/","title":{"rendered":"Tonho Mat\u00e9ria brilha no Bloco Odung\u00ea na Micareta de Feira"},"content":{"rendered":"\n<p><strong>Por: Walace Almeida<\/strong><\/p>\n\n\n\n<p>Natural de Salvador, mas com fortes ra\u00edzes em Feira de Santana, o cantor e compositor Tonho Mat\u00e9ria desfilou com muito brilho no Circuito Maneca Ferreira, ontem (3), ao comando do Bloco Odung\u00ea.<\/p>\n\n\n\n<p>Tonho Mat\u00e9ria, que \u00e9 Embaixador ONU e filho de feirense, al\u00e9m de, desde 2023, ser agraciado com o t\u00edtulo de Cidad\u00e3o Feirense pela C\u00e2mara Municipal da cidade, comenta sobre sua participa\u00e7\u00e3o na Micareta de Feira, e explica o projeto Odung\u00ea, que deu origem ao bloco que ele puxou.<\/p>\n\n\n\n<p>\u201c\u00c9 a 3\u00aa vez que venho nessa parceria com Odung\u00ea, um projeto muito voltado ao cultural e ao social, que \u00e9 uma coisa que eu gosto muito, de cuidar das pessoas. \u00c9 uma parceria com o governo da Bahia e com a Prefeitura de Feira de Santana, e estou muito feliz de fazer a alegria dos foli\u00f5es. Tem uma m\u00fasica na capoeira que diz \u201cchova ou fa\u00e7a sol, minha capoeira eu vou jogar\u201d, ent\u00e3o, com chuva ou com sol, cantoria n\u00e3o faltou\u201d, e completou, ainda explicando Projeto Odung\u00ea e todos os seus benef\u00edcios \u00e0 sociedade.<\/p>\n\n\n\n<p>\u201cOdung\u00ea \u00e9 um projeto organizado por Lourdes Santana, e a Mangang\u00e1 \u00e9 um dos parceiros desse projeto. A Mangang\u00e1 tem um projeto social muito grande, j\u00e1 presente em seis pa\u00edses, no Brasil s\u00e3o v\u00e1rios estados. \u00c9 uma associa\u00e7\u00e3o de capoeira que nasce n\u00e3o s\u00f3 com o intuito da sua pr\u00e1tica, mas com um cunho de formar cidad\u00e3os, transformar os jovens em pessoas influentes na sociedade, como advogados, gestores, engenheiros. J\u00e1 s\u00e3o 37 jovens dentro da universidade, tudo isso \u00e9 muito importante para o desenvolvimento da nossa sociedade, da nossa comunidade\u201d, disse.<\/p>\n\n\n\n<p>Ele ressalta a import\u00e2ncia de fomentar o trabalho social numa festa do porte da Micareta. \u201cTrazer esse embasamento para Feira de Santana, para dentro de uma festa que pensa na alegria, na m\u00fasica, \u00e9 muito importante, pois podemos mostrar um lado social, sobre como dialogar com a comunidade. A ideia \u00e9 sempre fazer um show lindo, mas sem deixar de apoiar quem precisa, visitar quem est\u00e1 necessitado. Temos esse pensamento muito forte\u201d, contou.<\/p>\n\n\n\n<p>O cantor de samba-reggae gostaria, ainda, que mais artistas incentivassem o cuidado com o social. Dessa forma, segundo ele, \u201cter\u00edamos um mundo melhor\u201d, pois a coletividade \u00e9 fundamental para toda e qualquer rela\u00e7\u00e3o humana.<\/p>\n\n\n\n<p>\u201cSe todos os artistas pensassem dessa maneira, conseguir\u00edamos transformar o mundo num lugar melhor. Sozinho ningu\u00e9m consegue fazer nada, \u00e9 necess\u00e1rio pensar coletivamente. A m\u00fasica, inclusive, \u00e9 um processo coletivo. O artista precisa do suporte da banda, da equipe, de todos os componentes\u201d, pontuou.<\/p>\n\n\n\n<p><strong>Carinho por Feira de Santana<\/strong><\/p>\n\n\n\n<p>Como j\u00e1 dito nesta mat\u00e9ria, Tonho Mat\u00e9ria tem pai nascido em Feira de Santana, o que, naturalmente, sempre lhe deixou pr\u00f3ximo \u00e0 cidade Princesa. Por\u00e9m, as caracter\u00edsticas musicais da terra s\u00e3o uma forte aliada do cantor. <\/p>\n\n\n\n<p>\u201cFeira de Santana \u00e9 uma cidade muito especial para mim. \u00c9 a terra do meu pai, al\u00e9m disso, sou cidad\u00e3o feirense, e tamb\u00e9m, \u00e9 a primeira cidade do interior a produzir um Carnaval fora de \u00e9poca. \u00c9 refer\u00eancia nesse quesito, j\u00e1 que v\u00e1rias cidades passaram a fazer isso depois. Tenho muitos amigos capoeiristas na cidade, o samba est\u00e1 muito presente aqui, tem muito do Rec\u00f4ncavo baiano. Isso faz com que eu me sinta em casa aqui\u201d, concluiu.<\/p>\n\n\n\n<p>Reportagem: Onildo Rodrigues\/R\u00e1dio Sociedade News<\/p>\n","protected":false},"excerpt":{"rendered":"<p>Por: Walace Almeida Natural de Salvador, mas com fortes ra\u00edzes em Feira de Santana, o cantor e compositor Tonho Mat\u00e9ria desfilou com muito brilho no Circuito Maneca Ferreira, ontem (3), ao comando do Bloco Odung\u00ea. Tonho Mat\u00e9ria, que \u00e9 Embaixador ONU e filho de feirense, al\u00e9m de, desde 2023, ser agraciado com o t\u00edtulo de [&hellip;]<\/p>\n","protected":false},"author":3,"featured_media":35924,"comment_status":"open","ping_status":"open","sticky":false,"template":"","format":"standard","meta":{"_monsterinsights_skip_tracking":false,"_monsterinsights_sitenote_active":false,"_monsterinsights_sitenote_note":"","_monsterinsights_sitenote_category":0,"footnotes":""},"categories":[48,39],"tags":[],"yoast_head":"<!-- This site is optimized with the Yoast SEO plugin v22.9 - https:\/\/yoast.com\/wordpress\/plugins\/seo\/ -->\n<title>Tonho Mat\u00e9ria brilha no Bloco Odung\u00ea na Micareta de Feira - Portal MF<\/title>\n<meta name=\"robots\" content=\"index, follow, max-snippet:-1, max-image-preview:large, max-video-preview:-1\" \/>\n<link rel=\"canonical\" href=\"https:\/\/portalmf.com.br\/index.php\/2025\/05\/04\/tonho-materia-brilha-no-bloco-odunge-na-micareta-de-feira\/\" \/>\n<meta property=\"og:locale\" content=\"pt_BR\" \/>\n<meta property=\"og:type\" content=\"article\" \/>\n<meta property=\"og:title\" content=\"Tonho Mat\u00e9ria brilha no Bloco Odung\u00ea na Micareta de Feira - Portal MF\" \/>\n<meta property=\"og:description\" content=\"Por: Walace Almeida Natural de Salvador, mas com fortes ra\u00edzes em Feira de Santana, o cantor e compositor Tonho Mat\u00e9ria desfilou com muito brilho no Circuito Maneca Ferreira, ontem (3), ao comando do Bloco Odung\u00ea. Tonho Mat\u00e9ria, que \u00e9 Embaixador ONU e filho de feirense, al\u00e9m de, desde 2023, ser agraciado com o t\u00edtulo de [&hellip;]\" \/>\n<meta property=\"og:url\" content=\"https:\/\/portalmf.com.br\/index.php\/2025\/05\/04\/tonho-materia-brilha-no-bloco-odunge-na-micareta-de-feira\/\" \/>\n<meta property=\"og:site_name\" content=\"Portal MF\" \/>\n<meta property=\"article:author\" content=\"https:\/\/www.facebook.com\/portalmfoficial\" \/>\n<meta property=\"article:published_time\" content=\"2025-05-04T17:07:16+00:00\" \/>\n<meta property=\"article:modified_time\" content=\"2025-05-04T17:07:18+00:00\" \/>\n<meta property=\"og:image\" content=\"https:\/\/portalmf.com.br\/wp-content\/uploads\/2025\/05\/Tonho-Materia-Micareta-2025.jpg\" \/>\n\t<meta property=\"og:image:width\" content=\"1600\" \/>\n\t<meta property=\"og:image:height\" content=\"910\" \/>\n\t<meta property=\"og:image:type\" content=\"image\/jpeg\" \/>\n<meta name=\"author\" content=\"Reda\u00e7\u00e3o Portal MF\" \/>\n<meta name=\"twitter:card\" content=\"summary_large_image\" \/>\n<meta name=\"twitter:creator\" content=\"@https:\/\/x.com\/portalmfoficial\" \/>\n<meta name=\"twitter:label1\" content=\"Escrito por\" \/>\n\t<meta name=\"twitter:data1\" content=\"Reda\u00e7\u00e3o Portal MF\" \/>\n\t<meta name=\"twitter:label2\" content=\"Est. tempo de leitura\" \/>\n\t<meta name=\"twitter:data2\" content=\"4 minutos\" \/>\n<script type=\"application\/ld+json\" class=\"yoast-schema-graph\">{\"@context\":\"https:\/\/schema.org\",\"@graph\":[{\"@type\":\"WebPage\",\"@id\":\"https:\/\/portalmf.com.br\/index.php\/2025\/05\/04\/tonho-materia-brilha-no-bloco-odunge-na-micareta-de-feira\/\",\"url\":\"https:\/\/portalmf.com.br\/index.php\/2025\/05\/04\/tonho-materia-brilha-no-bloco-odunge-na-micareta-de-feira\/\",\"name\":\"Tonho Mat\u00e9ria brilha no Bloco Odung\u00ea na Micareta de Feira - Portal MF\",\"isPartOf\":{\"@id\":\"https:\/\/portalmf.com.br\/#website\"},\"primaryImageOfPage\":{\"@id\":\"https:\/\/portalmf.com.br\/index.php\/2025\/05\/04\/tonho-materia-brilha-no-bloco-odunge-na-micareta-de-feira\/#primaryimage\"},\"image\":{\"@id\":\"https:\/\/portalmf.com.br\/index.php\/2025\/05\/04\/tonho-materia-brilha-no-bloco-odunge-na-micareta-de-feira\/#primaryimage\"},\"thumbnailUrl\":\"https:\/\/portalmf.com.br\/wp-content\/uploads\/2025\/05\/Tonho-Materia-Micareta-2025.jpg\",\"datePublished\":\"2025-05-04T17:07:16+00:00\",\"dateModified\":\"2025-05-04T17:07:18+00:00\",\"author\":{\"@id\":\"https:\/\/portalmf.com.br\/#\/schema\/person\/9ec101baf56233e53520c26de5d6f6f0\"},\"breadcrumb\":{\"@id\":\"https:\/\/portalmf.com.br\/index.php\/2025\/05\/04\/tonho-materia-brilha-no-bloco-odunge-na-micareta-de-feira\/#breadcrumb\"},\"inLanguage\":\"pt-BR\",\"potentialAction\":[{\"@type\":\"ReadAction\",\"target\":[\"https:\/\/portalmf.com.br\/index.php\/2025\/05\/04\/tonho-materia-brilha-no-bloco-odunge-na-micareta-de-feira\/\"]}]},{\"@type\":\"ImageObject\",\"inLanguage\":\"pt-BR\",\"@id\":\"https:\/\/portalmf.com.br\/index.php\/2025\/05\/04\/tonho-materia-brilha-no-bloco-odunge-na-micareta-de-feira\/#primaryimage\",\"url\":\"https:\/\/portalmf.com.br\/wp-content\/uploads\/2025\/05\/Tonho-Materia-Micareta-2025.jpg\",\"contentUrl\":\"https:\/\/portalmf.com.br\/wp-content\/uploads\/2025\/05\/Tonho-Materia-Micareta-2025.jpg\",\"width\":1600,\"height\":910},{\"@type\":\"BreadcrumbList\",\"@id\":\"https:\/\/portalmf.com.br\/index.php\/2025\/05\/04\/tonho-materia-brilha-no-bloco-odunge-na-micareta-de-feira\/#breadcrumb\",\"itemListElement\":[{\"@type\":\"ListItem\",\"position\":1,\"name\":\"In\u00edcio\",\"item\":\"https:\/\/portalmf.com.br\/\"},{\"@type\":\"ListItem\",\"position\":2,\"name\":\"Tonho Mat\u00e9ria brilha no Bloco Odung\u00ea na Micareta de Feira\"}]},{\"@type\":\"WebSite\",\"@id\":\"https:\/\/portalmf.com.br\/#website\",\"url\":\"https:\/\/portalmf.com.br\/\",\"name\":\"Portal MF\",\"description\":\"Voc\u00ea conectado com a informa\u00e7\u00e3o\",\"potentialAction\":[{\"@type\":\"SearchAction\",\"target\":{\"@type\":\"EntryPoint\",\"urlTemplate\":\"https:\/\/portalmf.com.br\/?s={search_term_string}\"},\"query-input\":\"required name=search_term_string\"}],\"inLanguage\":\"pt-BR\"},{\"@type\":\"Person\",\"@id\":\"https:\/\/portalmf.com.br\/#\/schema\/person\/9ec101baf56233e53520c26de5d6f6f0\",\"name\":\"Reda\u00e7\u00e3o Portal MF\",\"image\":{\"@type\":\"ImageObject\",\"inLanguage\":\"pt-BR\",\"@id\":\"https:\/\/portalmf.com.br\/#\/schema\/person\/image\/\",\"url\":\"https:\/\/secure.gravatar.com\/avatar\/41b9aaeb2100835f7c64362330f74c7f?s=96&d=mm&r=g\",\"contentUrl\":\"https:\/\/secure.gravatar.com\/avatar\/41b9aaeb2100835f7c64362330f74c7f?s=96&d=mm&r=g\",\"caption\":\"Reda\u00e7\u00e3o Portal MF\"},\"description\":\"Sejam bem-vindos o portal de informa\u00e7\u00f5es de entretenimento de Feira de Santana, desde 2006 realiza coberturas dos principais eventos com entrevistas exclusivas com as principais personalidades mundiais. Fique conectado tamb\u00e9m nas redes sociais.\",\"sameAs\":[\"http:\/\/www.portalmf.com.br\/\",\"https:\/\/www.facebook.com\/portalmfoficial\",\"https:\/\/www.instagram.com\/portalmf\/\",\"https:\/\/x.com\/https:\/\/x.com\/portalmfoficial\",\"https:\/\/www.youtube.com\/@portalmfoficial\"],\"url\":\"https:\/\/portalmf.com.br\/index.php\/author\/junior\/\"}]}<\/script>\n<!-- \/ Yoast SEO plugin. -->","yoast_head_json":{"title":"Tonho Mat\u00e9ria brilha no Bloco Odung\u00ea na Micareta de Feira - Portal MF","robots":{"index":"index","follow":"follow","max-snippet":"max-snippet:-1","max-image-preview":"max-image-preview:large","max-video-preview":"max-video-preview:-1"},"canonical":"https:\/\/portalmf.com.br\/index.php\/2025\/05\/04\/tonho-materia-brilha-no-bloco-odunge-na-micareta-de-feira\/","og_locale":"pt_BR","og_type":"article","og_title":"Tonho Mat\u00e9ria brilha no Bloco Odung\u00ea na Micareta de Feira - Portal MF","og_description":"Por: Walace Almeida Natural de Salvador, mas com fortes ra\u00edzes em Feira de Santana, o cantor e compositor Tonho Mat\u00e9ria desfilou com muito brilho no Circuito Maneca Ferreira, ontem (3), ao comando do Bloco Odung\u00ea. Tonho Mat\u00e9ria, que \u00e9 Embaixador ONU e filho de feirense, al\u00e9m de, desde 2023, ser agraciado com o t\u00edtulo de [&hellip;]","og_url":"https:\/\/portalmf.com.br\/index.php\/2025\/05\/04\/tonho-materia-brilha-no-bloco-odunge-na-micareta-de-feira\/","og_site_name":"Portal MF","article_author":"https:\/\/www.facebook.com\/portalmfoficial","article_published_time":"2025-05-04T17:07:16+00:00","article_modified_time":"2025-05-04T17:07:18+00:00","og_image":[{"width":1600,"height":910,"url":"https:\/\/portalmf.com.br\/wp-content\/uploads\/2025\/05\/Tonho-Materia-Micareta-2025.jpg","type":"image\/jpeg"}],"author":"Reda\u00e7\u00e3o Portal MF","twitter_card":"summary_large_image","twitter_creator":"@https:\/\/x.com\/portalmfoficial","twitter_misc":{"Escrito por":"Reda\u00e7\u00e3o Portal MF","Est. tempo de leitura":"4 minutos"},"schema":{"@context":"https:\/\/schema.org","@graph":[{"@type":"WebPage","@id":"https:\/\/portalmf.com.br\/index.php\/2025\/05\/04\/tonho-materia-brilha-no-bloco-odunge-na-micareta-de-feira\/","url":"https:\/\/portalmf.com.br\/index.php\/2025\/05\/04\/tonho-materia-brilha-no-bloco-odunge-na-micareta-de-feira\/","name":"Tonho Mat\u00e9ria brilha no Bloco Odung\u00ea na Micareta de Feira - Portal MF","isPartOf":{"@id":"https:\/\/portalmf.com.br\/#website"},"primaryImageOfPage":{"@id":"https:\/\/portalmf.com.br\/index.php\/2025\/05\/04\/tonho-materia-brilha-no-bloco-odunge-na-micareta-de-feira\/#primaryimage"},"image":{"@id":"https:\/\/portalmf.com.br\/index.php\/2025\/05\/04\/tonho-materia-brilha-no-bloco-odunge-na-micareta-de-feira\/#primaryimage"},"thumbnailUrl":"https:\/\/portalmf.com.br\/wp-content\/uploads\/2025\/05\/Tonho-Materia-Micareta-2025.jpg","datePublished":"2025-05-04T17:07:16+00:00","dateModified":"2025-05-04T17:07:18+00:00","author":{"@id":"https:\/\/portalmf.com.br\/#\/schema\/person\/9ec101baf56233e53520c26de5d6f6f0"},"breadcrumb":{"@id":"https:\/\/portalmf.com.br\/index.php\/2025\/05\/04\/tonho-materia-brilha-no-bloco-odunge-na-micareta-de-feira\/#breadcrumb"},"inLanguage":"pt-BR","potentialAction":[{"@type":"ReadAction","target":["https:\/\/portalmf.com.br\/index.php\/2025\/05\/04\/tonho-materia-brilha-no-bloco-odunge-na-micareta-de-feira\/"]}]},{"@type":"ImageObject","inLanguage":"pt-BR","@id":"https:\/\/portalmf.com.br\/index.php\/2025\/05\/04\/tonho-materia-brilha-no-bloco-odunge-na-micareta-de-feira\/#primaryimage","url":"https:\/\/portalmf.com.br\/wp-content\/uploads\/2025\/05\/Tonho-Materia-Micareta-2025.jpg","contentUrl":"https:\/\/portalmf.com.br\/wp-content\/uploads\/2025\/05\/Tonho-Materia-Micareta-2025.jpg","width":1600,"height":910},{"@type":"BreadcrumbList","@id":"https:\/\/portalmf.com.br\/index.php\/2025\/05\/04\/tonho-materia-brilha-no-bloco-odunge-na-micareta-de-feira\/#breadcrumb","itemListElement":[{"@type":"ListItem","position":1,"name":"In\u00edcio","item":"https:\/\/portalmf.com.br\/"},{"@type":"ListItem","position":2,"name":"Tonho Mat\u00e9ria brilha no Bloco Odung\u00ea na Micareta de Feira"}]},{"@type":"WebSite","@id":"https:\/\/portalmf.com.br\/#website","url":"https:\/\/portalmf.com.br\/","name":"Portal MF","description":"Voc\u00ea conectado com a informa\u00e7\u00e3o","potentialAction":[{"@type":"SearchAction","target":{"@type":"EntryPoint","urlTemplate":"https:\/\/portalmf.com.br\/?s={search_term_string}"},"query-input":"required name=search_term_string"}],"inLanguage":"pt-BR"},{"@type":"Person","@id":"https:\/\/portalmf.com.br\/#\/schema\/person\/9ec101baf56233e53520c26de5d6f6f0","name":"Reda\u00e7\u00e3o Portal MF","image":{"@type":"ImageObject","inLanguage":"pt-BR","@id":"https:\/\/portalmf.com.br\/#\/schema\/person\/image\/","url":"https:\/\/secure.gravatar.com\/avatar\/41b9aaeb2100835f7c64362330f74c7f?s=96&d=mm&r=g","contentUrl":"https:\/\/secure.gravatar.com\/avatar\/41b9aaeb2100835f7c64362330f74c7f?s=96&d=mm&r=g","caption":"Reda\u00e7\u00e3o Portal MF"},"description":"Sejam bem-vindos o portal de informa\u00e7\u00f5es de entretenimento de Feira de Santana, desde 2006 realiza coberturas dos principais eventos com entrevistas exclusivas com as principais personalidades mundiais. Fique conectado tamb\u00e9m nas redes sociais.","sameAs":["http:\/\/www.portalmf.com.br\/","https:\/\/www.facebook.com\/portalmfoficial","https:\/\/www.instagram.com\/portalmf\/","https:\/\/x.com\/https:\/\/x.com\/portalmfoficial","https:\/\/www.youtube.com\/@portalmfoficial"],"url":"https:\/\/portalmf.com.br\/index.php\/author\/junior\/"}]}},"_links":{"self":[{"href":"https:\/\/portalmf.com.br\/index.php\/wp-json\/wp\/v2\/posts\/35923"}],"collection":[{"href":"https:\/\/portalmf.com.br\/index.php\/wp-json\/wp\/v2\/posts"}],"about":[{"href":"https:\/\/portalmf.com.br\/index.php\/wp-json\/wp\/v2\/types\/post"}],"author":[{"embeddable":true,"href":"https:\/\/portalmf.com.br\/index.php\/wp-json\/wp\/v2\/users\/3"}],"replies":[{"embeddable":true,"href":"https:\/\/portalmf.com.br\/index.php\/wp-json\/wp\/v2\/comments?post=35923"}],"version-history":[{"count":1,"href":"https:\/\/portalmf.com.br\/index.php\/wp-json\/wp\/v2\/posts\/35923\/revisions"}],"predecessor-version":[{"id":35925,"href":"https:\/\/portalmf.com.br\/index.php\/wp-json\/wp\/v2\/posts\/35923\/revisions\/35925"}],"wp:featuredmedia":[{"embeddable":true,"href":"https:\/\/portalmf.com.br\/index.php\/wp-json\/wp\/v2\/media\/35924"}],"wp:attachment":[{"href":"https:\/\/portalmf.com.br\/index.php\/wp-json\/wp\/v2\/media?parent=35923"}],"wp:term":[{"taxonomy":"category","embeddable":true,"href":"https:\/\/portalmf.com.br\/index.php\/wp-json\/wp\/v2\/categories?post=35923"},{"taxonomy":"post_tag","embeddable":true,"href":"https:\/\/portalmf.com.br\/index.php\/wp-json\/wp\/v2\/tags?post=35923"}],"curies":[{"name":"wp","href":"https:\/\/api.w.org\/{rel}","templated":true}]}}