{"id":35920,"date":"2025-05-03T23:16:54","date_gmt":"2025-05-04T02:16:54","guid":{"rendered":"https:\/\/portalmf.com.br\/?p=35920"},"modified":"2025-05-03T23:16:55","modified_gmt":"2025-05-04T02:16:55","slug":"rubynho-anuncia-lancamento-do-bau-do-rubynho-em-feira-de-santana","status":"publish","type":"post","link":"https:\/\/portalmf.com.br\/index.php\/2025\/05\/03\/rubynho-anuncia-lancamento-do-bau-do-rubynho-em-feira-de-santana\/","title":{"rendered":"Rubynho anuncia lan\u00e7amento do \u201cBa\u00fa do Rubynho\u201d em Feira de Santana"},"content":{"rendered":"\n<p><strong>Por: Walace Almeida<\/strong><\/p>\n\n\n\n<p>Um dos maiores nomes do pagod\u00e3o baiano, Rubynho se apresenta no s\u00e1bado de Micareta de Feira 2025, revivendo os grandes momentos que j\u00e1 teve na cidade Princesa.<\/p>\n\n\n\n<p>O cantor relembra suas passagens em Feira de Santana, e afirma que, aqui, viveu \u201cexperi\u00eancias inigual\u00e1veis\u201d.<\/p>\n\n\n\n<p>\u201cA gente hoje vai reviver todos os momentos que tivemos aqui em Feira. Tudo que vivemos nesta cidade tem um lugar especial na nossa mem\u00f3ria. Foram experi\u00eancias inigual\u00e1veis, ent\u00e3o cantaremos m\u00fasicas antigas, novas, m\u00fasicas de amigos nossos, m\u00fasicas do \u201cBa\u00fa do Rubynho\u201d. \u00c9 uma viagem no tempo\u201d, contou.<\/p>\n\n\n\n<p>Sem poupar elogios \u00e0 festa, Rubynho revela que, trabalhando ou n\u00e3o, faz quest\u00e3o de sempre estar presente em Feira de Santana.<\/p>\n\n\n\n<p>\u201c\u00c9 a melhor Micareta do Brasil, \u00e9 uma cidade pela qual eu tenho um carinho diferente, sou suspeito para falar, pois existe aqui uma energia diferente. Gosto de estar aqui, trabalhando ou n\u00e3o. Sou apaixonado pela Princesa do Sert\u00e3o\u201d, disse.<\/p>\n\n\n\n<p><strong>Ba\u00fa do Rubynho em Feira de Santana<\/strong><\/p>\n\n\n\n<p>O cantor revelou que j\u00e1 est\u00e1 se movimentando para fazer, em Feira de Santana, o lan\u00e7amento do \u201cBa\u00fa do Rubynho\u201d, projeto audiovisual que tem feito sucesso pelo Brasil.<\/p>\n\n\n\n<p>\u201cVou lan\u00e7ar a terceira parte do \u201cBa\u00fa do Rubynho\u201d no pr\u00f3ximo m\u00eas, e quero dizer que estamos trabalhando para lan\u00e7ar o \u201cBa\u00fa do Rubynho\u201d aqui em Feira de Santana, com participa\u00e7\u00f5es incr\u00edveis, num grande evento, com a mesma estrutura do show\u201d, prometeu, e continuou explicando como funciona o projeto.<\/p>\n\n\n\n<p>\u201cO \u201cBa\u00fa do Rubynho\u201d \u00e9 muito especial, pois canto, al\u00e9m dos meus sucessos, as melhores m\u00fasicas de L\u00e9o Santana, Igor Kannario, M\u00e1rcio Vitor, Xanddy, Flavinho, meus filhos tamb\u00e9m cantam comigo, e o Brasil t\u00e1 abra\u00e7ando\u201d, concluiu.<\/p>\n","protected":false},"excerpt":{"rendered":"<p>Por: Walace Almeida Um dos maiores nomes do pagod\u00e3o baiano, Rubynho se apresenta no s\u00e1bado de Micareta de Feira 2025, revivendo os grandes momentos que j\u00e1 teve na cidade Princesa. O cantor relembra suas passagens em Feira de Santana, e afirma que, aqui, viveu \u201cexperi\u00eancias inigual\u00e1veis\u201d. \u201cA gente hoje vai reviver todos os momentos que [&hellip;]<\/p>\n","protected":false},"author":3,"featured_media":35921,"comment_status":"open","ping_status":"open","sticky":false,"template":"","format":"standard","meta":{"_monsterinsights_skip_tracking":false,"_monsterinsights_sitenote_active":false,"_monsterinsights_sitenote_note":"","_monsterinsights_sitenote_category":0,"footnotes":""},"categories":[48,39],"tags":[],"yoast_head":"<!-- This site is optimized with the Yoast SEO plugin v22.9 - https:\/\/yoast.com\/wordpress\/plugins\/seo\/ -->\n<title>Rubynho anuncia lan\u00e7amento do \u201cBa\u00fa do Rubynho\u201d em Feira de Santana - Portal MF<\/title>\n<meta name=\"robots\" content=\"index, follow, max-snippet:-1, max-image-preview:large, max-video-preview:-1\" \/>\n<link rel=\"canonical\" href=\"https:\/\/portalmf.com.br\/index.php\/2025\/05\/03\/rubynho-anuncia-lancamento-do-bau-do-rubynho-em-feira-de-santana\/\" \/>\n<meta property=\"og:locale\" content=\"pt_BR\" \/>\n<meta property=\"og:type\" content=\"article\" \/>\n<meta property=\"og:title\" content=\"Rubynho anuncia lan\u00e7amento do \u201cBa\u00fa do Rubynho\u201d em Feira de Santana - Portal MF\" \/>\n<meta property=\"og:description\" content=\"Por: Walace Almeida Um dos maiores nomes do pagod\u00e3o baiano, Rubynho se apresenta no s\u00e1bado de Micareta de Feira 2025, revivendo os grandes momentos que j\u00e1 teve na cidade Princesa. O cantor relembra suas passagens em Feira de Santana, e afirma que, aqui, viveu \u201cexperi\u00eancias inigual\u00e1veis\u201d. \u201cA gente hoje vai reviver todos os momentos que [&hellip;]\" \/>\n<meta property=\"og:url\" content=\"https:\/\/portalmf.com.br\/index.php\/2025\/05\/03\/rubynho-anuncia-lancamento-do-bau-do-rubynho-em-feira-de-santana\/\" \/>\n<meta property=\"og:site_name\" content=\"Portal MF\" \/>\n<meta property=\"article:author\" content=\"https:\/\/www.facebook.com\/portalmfoficial\" \/>\n<meta property=\"article:published_time\" content=\"2025-05-04T02:16:54+00:00\" \/>\n<meta property=\"article:modified_time\" content=\"2025-05-04T02:16:55+00:00\" \/>\n<meta property=\"og:image\" content=\"https:\/\/portalmf.com.br\/wp-content\/uploads\/2025\/05\/Rubynho-Micareta-2025-e1746325008781.jpg\" \/>\n\t<meta property=\"og:image:width\" content=\"1200\" \/>\n\t<meta property=\"og:image:height\" content=\"866\" \/>\n\t<meta property=\"og:image:type\" content=\"image\/jpeg\" \/>\n<meta name=\"author\" content=\"Reda\u00e7\u00e3o Portal MF\" \/>\n<meta name=\"twitter:card\" content=\"summary_large_image\" \/>\n<meta name=\"twitter:creator\" content=\"@https:\/\/x.com\/portalmfoficial\" \/>\n<meta name=\"twitter:label1\" content=\"Escrito por\" \/>\n\t<meta name=\"twitter:data1\" content=\"Reda\u00e7\u00e3o Portal MF\" \/>\n\t<meta name=\"twitter:label2\" content=\"Est. tempo de leitura\" \/>\n\t<meta name=\"twitter:data2\" content=\"2 minutos\" \/>\n<script type=\"application\/ld+json\" class=\"yoast-schema-graph\">{\"@context\":\"https:\/\/schema.org\",\"@graph\":[{\"@type\":\"WebPage\",\"@id\":\"https:\/\/portalmf.com.br\/index.php\/2025\/05\/03\/rubynho-anuncia-lancamento-do-bau-do-rubynho-em-feira-de-santana\/\",\"url\":\"https:\/\/portalmf.com.br\/index.php\/2025\/05\/03\/rubynho-anuncia-lancamento-do-bau-do-rubynho-em-feira-de-santana\/\",\"name\":\"Rubynho anuncia lan\u00e7amento do \u201cBa\u00fa do Rubynho\u201d em Feira de Santana - Portal MF\",\"isPartOf\":{\"@id\":\"https:\/\/portalmf.com.br\/#website\"},\"primaryImageOfPage\":{\"@id\":\"https:\/\/portalmf.com.br\/index.php\/2025\/05\/03\/rubynho-anuncia-lancamento-do-bau-do-rubynho-em-feira-de-santana\/#primaryimage\"},\"image\":{\"@id\":\"https:\/\/portalmf.com.br\/index.php\/2025\/05\/03\/rubynho-anuncia-lancamento-do-bau-do-rubynho-em-feira-de-santana\/#primaryimage\"},\"thumbnailUrl\":\"https:\/\/portalmf.com.br\/wp-content\/uploads\/2025\/05\/Rubynho-Micareta-2025-e1746325008781.jpg\",\"datePublished\":\"2025-05-04T02:16:54+00:00\",\"dateModified\":\"2025-05-04T02:16:55+00:00\",\"author\":{\"@id\":\"https:\/\/portalmf.com.br\/#\/schema\/person\/9ec101baf56233e53520c26de5d6f6f0\"},\"breadcrumb\":{\"@id\":\"https:\/\/portalmf.com.br\/index.php\/2025\/05\/03\/rubynho-anuncia-lancamento-do-bau-do-rubynho-em-feira-de-santana\/#breadcrumb\"},\"inLanguage\":\"pt-BR\",\"potentialAction\":[{\"@type\":\"ReadAction\",\"target\":[\"https:\/\/portalmf.com.br\/index.php\/2025\/05\/03\/rubynho-anuncia-lancamento-do-bau-do-rubynho-em-feira-de-santana\/\"]}]},{\"@type\":\"ImageObject\",\"inLanguage\":\"pt-BR\",\"@id\":\"https:\/\/portalmf.com.br\/index.php\/2025\/05\/03\/rubynho-anuncia-lancamento-do-bau-do-rubynho-em-feira-de-santana\/#primaryimage\",\"url\":\"https:\/\/portalmf.com.br\/wp-content\/uploads\/2025\/05\/Rubynho-Micareta-2025-e1746325008781.jpg\",\"contentUrl\":\"https:\/\/portalmf.com.br\/wp-content\/uploads\/2025\/05\/Rubynho-Micareta-2025-e1746325008781.jpg\",\"width\":1200,\"height\":866},{\"@type\":\"BreadcrumbList\",\"@id\":\"https:\/\/portalmf.com.br\/index.php\/2025\/05\/03\/rubynho-anuncia-lancamento-do-bau-do-rubynho-em-feira-de-santana\/#breadcrumb\",\"itemListElement\":[{\"@type\":\"ListItem\",\"position\":1,\"name\":\"In\u00edcio\",\"item\":\"https:\/\/portalmf.com.br\/\"},{\"@type\":\"ListItem\",\"position\":2,\"name\":\"Rubynho anuncia lan\u00e7amento do \u201cBa\u00fa do Rubynho\u201d em Feira de Santana\"}]},{\"@type\":\"WebSite\",\"@id\":\"https:\/\/portalmf.com.br\/#website\",\"url\":\"https:\/\/portalmf.com.br\/\",\"name\":\"Portal MF\",\"description\":\"Voc\u00ea conectado com a informa\u00e7\u00e3o\",\"potentialAction\":[{\"@type\":\"SearchAction\",\"target\":{\"@type\":\"EntryPoint\",\"urlTemplate\":\"https:\/\/portalmf.com.br\/?s={search_term_string}\"},\"query-input\":\"required name=search_term_string\"}],\"inLanguage\":\"pt-BR\"},{\"@type\":\"Person\",\"@id\":\"https:\/\/portalmf.com.br\/#\/schema\/person\/9ec101baf56233e53520c26de5d6f6f0\",\"name\":\"Reda\u00e7\u00e3o Portal MF\",\"image\":{\"@type\":\"ImageObject\",\"inLanguage\":\"pt-BR\",\"@id\":\"https:\/\/portalmf.com.br\/#\/schema\/person\/image\/\",\"url\":\"https:\/\/secure.gravatar.com\/avatar\/41b9aaeb2100835f7c64362330f74c7f?s=96&d=mm&r=g\",\"contentUrl\":\"https:\/\/secure.gravatar.com\/avatar\/41b9aaeb2100835f7c64362330f74c7f?s=96&d=mm&r=g\",\"caption\":\"Reda\u00e7\u00e3o Portal MF\"},\"description\":\"Sejam bem-vindos o portal de informa\u00e7\u00f5es de entretenimento de Feira de Santana, desde 2006 realiza coberturas dos principais eventos com entrevistas exclusivas com as principais personalidades mundiais. Fique conectado tamb\u00e9m nas redes sociais.\",\"sameAs\":[\"http:\/\/www.portalmf.com.br\/\",\"https:\/\/www.facebook.com\/portalmfoficial\",\"https:\/\/www.instagram.com\/portalmf\/\",\"https:\/\/x.com\/https:\/\/x.com\/portalmfoficial\",\"https:\/\/www.youtube.com\/@portalmfoficial\"],\"url\":\"https:\/\/portalmf.com.br\/index.php\/author\/junior\/\"}]}<\/script>\n<!-- \/ Yoast SEO plugin. -->","yoast_head_json":{"title":"Rubynho anuncia lan\u00e7amento do \u201cBa\u00fa do Rubynho\u201d em Feira de Santana - Portal MF","robots":{"index":"index","follow":"follow","max-snippet":"max-snippet:-1","max-image-preview":"max-image-preview:large","max-video-preview":"max-video-preview:-1"},"canonical":"https:\/\/portalmf.com.br\/index.php\/2025\/05\/03\/rubynho-anuncia-lancamento-do-bau-do-rubynho-em-feira-de-santana\/","og_locale":"pt_BR","og_type":"article","og_title":"Rubynho anuncia lan\u00e7amento do \u201cBa\u00fa do Rubynho\u201d em Feira de Santana - Portal MF","og_description":"Por: Walace Almeida Um dos maiores nomes do pagod\u00e3o baiano, Rubynho se apresenta no s\u00e1bado de Micareta de Feira 2025, revivendo os grandes momentos que j\u00e1 teve na cidade Princesa. O cantor relembra suas passagens em Feira de Santana, e afirma que, aqui, viveu \u201cexperi\u00eancias inigual\u00e1veis\u201d. \u201cA gente hoje vai reviver todos os momentos que [&hellip;]","og_url":"https:\/\/portalmf.com.br\/index.php\/2025\/05\/03\/rubynho-anuncia-lancamento-do-bau-do-rubynho-em-feira-de-santana\/","og_site_name":"Portal MF","article_author":"https:\/\/www.facebook.com\/portalmfoficial","article_published_time":"2025-05-04T02:16:54+00:00","article_modified_time":"2025-05-04T02:16:55+00:00","og_image":[{"width":1200,"height":866,"url":"https:\/\/portalmf.com.br\/wp-content\/uploads\/2025\/05\/Rubynho-Micareta-2025-e1746325008781.jpg","type":"image\/jpeg"}],"author":"Reda\u00e7\u00e3o Portal MF","twitter_card":"summary_large_image","twitter_creator":"@https:\/\/x.com\/portalmfoficial","twitter_misc":{"Escrito por":"Reda\u00e7\u00e3o Portal MF","Est. tempo de leitura":"2 minutos"},"schema":{"@context":"https:\/\/schema.org","@graph":[{"@type":"WebPage","@id":"https:\/\/portalmf.com.br\/index.php\/2025\/05\/03\/rubynho-anuncia-lancamento-do-bau-do-rubynho-em-feira-de-santana\/","url":"https:\/\/portalmf.com.br\/index.php\/2025\/05\/03\/rubynho-anuncia-lancamento-do-bau-do-rubynho-em-feira-de-santana\/","name":"Rubynho anuncia lan\u00e7amento do \u201cBa\u00fa do Rubynho\u201d em Feira de Santana - Portal MF","isPartOf":{"@id":"https:\/\/portalmf.com.br\/#website"},"primaryImageOfPage":{"@id":"https:\/\/portalmf.com.br\/index.php\/2025\/05\/03\/rubynho-anuncia-lancamento-do-bau-do-rubynho-em-feira-de-santana\/#primaryimage"},"image":{"@id":"https:\/\/portalmf.com.br\/index.php\/2025\/05\/03\/rubynho-anuncia-lancamento-do-bau-do-rubynho-em-feira-de-santana\/#primaryimage"},"thumbnailUrl":"https:\/\/portalmf.com.br\/wp-content\/uploads\/2025\/05\/Rubynho-Micareta-2025-e1746325008781.jpg","datePublished":"2025-05-04T02:16:54+00:00","dateModified":"2025-05-04T02:16:55+00:00","author":{"@id":"https:\/\/portalmf.com.br\/#\/schema\/person\/9ec101baf56233e53520c26de5d6f6f0"},"breadcrumb":{"@id":"https:\/\/portalmf.com.br\/index.php\/2025\/05\/03\/rubynho-anuncia-lancamento-do-bau-do-rubynho-em-feira-de-santana\/#breadcrumb"},"inLanguage":"pt-BR","potentialAction":[{"@type":"ReadAction","target":["https:\/\/portalmf.com.br\/index.php\/2025\/05\/03\/rubynho-anuncia-lancamento-do-bau-do-rubynho-em-feira-de-santana\/"]}]},{"@type":"ImageObject","inLanguage":"pt-BR","@id":"https:\/\/portalmf.com.br\/index.php\/2025\/05\/03\/rubynho-anuncia-lancamento-do-bau-do-rubynho-em-feira-de-santana\/#primaryimage","url":"https:\/\/portalmf.com.br\/wp-content\/uploads\/2025\/05\/Rubynho-Micareta-2025-e1746325008781.jpg","contentUrl":"https:\/\/portalmf.com.br\/wp-content\/uploads\/2025\/05\/Rubynho-Micareta-2025-e1746325008781.jpg","width":1200,"height":866},{"@type":"BreadcrumbList","@id":"https:\/\/portalmf.com.br\/index.php\/2025\/05\/03\/rubynho-anuncia-lancamento-do-bau-do-rubynho-em-feira-de-santana\/#breadcrumb","itemListElement":[{"@type":"ListItem","position":1,"name":"In\u00edcio","item":"https:\/\/portalmf.com.br\/"},{"@type":"ListItem","position":2,"name":"Rubynho anuncia lan\u00e7amento do \u201cBa\u00fa do Rubynho\u201d em Feira de Santana"}]},{"@type":"WebSite","@id":"https:\/\/portalmf.com.br\/#website","url":"https:\/\/portalmf.com.br\/","name":"Portal MF","description":"Voc\u00ea conectado com a informa\u00e7\u00e3o","potentialAction":[{"@type":"SearchAction","target":{"@type":"EntryPoint","urlTemplate":"https:\/\/portalmf.com.br\/?s={search_term_string}"},"query-input":"required name=search_term_string"}],"inLanguage":"pt-BR"},{"@type":"Person","@id":"https:\/\/portalmf.com.br\/#\/schema\/person\/9ec101baf56233e53520c26de5d6f6f0","name":"Reda\u00e7\u00e3o Portal MF","image":{"@type":"ImageObject","inLanguage":"pt-BR","@id":"https:\/\/portalmf.com.br\/#\/schema\/person\/image\/","url":"https:\/\/secure.gravatar.com\/avatar\/41b9aaeb2100835f7c64362330f74c7f?s=96&d=mm&r=g","contentUrl":"https:\/\/secure.gravatar.com\/avatar\/41b9aaeb2100835f7c64362330f74c7f?s=96&d=mm&r=g","caption":"Reda\u00e7\u00e3o Portal MF"},"description":"Sejam bem-vindos o portal de informa\u00e7\u00f5es de entretenimento de Feira de Santana, desde 2006 realiza coberturas dos principais eventos com entrevistas exclusivas com as principais personalidades mundiais. Fique conectado tamb\u00e9m nas redes sociais.","sameAs":["http:\/\/www.portalmf.com.br\/","https:\/\/www.facebook.com\/portalmfoficial","https:\/\/www.instagram.com\/portalmf\/","https:\/\/x.com\/https:\/\/x.com\/portalmfoficial","https:\/\/www.youtube.com\/@portalmfoficial"],"url":"https:\/\/portalmf.com.br\/index.php\/author\/junior\/"}]}},"_links":{"self":[{"href":"https:\/\/portalmf.com.br\/index.php\/wp-json\/wp\/v2\/posts\/35920"}],"collection":[{"href":"https:\/\/portalmf.com.br\/index.php\/wp-json\/wp\/v2\/posts"}],"about":[{"href":"https:\/\/portalmf.com.br\/index.php\/wp-json\/wp\/v2\/types\/post"}],"author":[{"embeddable":true,"href":"https:\/\/portalmf.com.br\/index.php\/wp-json\/wp\/v2\/users\/3"}],"replies":[{"embeddable":true,"href":"https:\/\/portalmf.com.br\/index.php\/wp-json\/wp\/v2\/comments?post=35920"}],"version-history":[{"count":1,"href":"https:\/\/portalmf.com.br\/index.php\/wp-json\/wp\/v2\/posts\/35920\/revisions"}],"predecessor-version":[{"id":35922,"href":"https:\/\/portalmf.com.br\/index.php\/wp-json\/wp\/v2\/posts\/35920\/revisions\/35922"}],"wp:featuredmedia":[{"embeddable":true,"href":"https:\/\/portalmf.com.br\/index.php\/wp-json\/wp\/v2\/media\/35921"}],"wp:attachment":[{"href":"https:\/\/portalmf.com.br\/index.php\/wp-json\/wp\/v2\/media?parent=35920"}],"wp:term":[{"taxonomy":"category","embeddable":true,"href":"https:\/\/portalmf.com.br\/index.php\/wp-json\/wp\/v2\/categories?post=35920"},{"taxonomy":"post_tag","embeddable":true,"href":"https:\/\/portalmf.com.br\/index.php\/wp-json\/wp\/v2\/tags?post=35920"}],"curies":[{"name":"wp","href":"https:\/\/api.w.org\/{rel}","templated":true}]}}