{"id":35916,"date":"2025-05-03T22:53:38","date_gmt":"2025-05-04T01:53:38","guid":{"rendered":"https:\/\/portalmf.com.br\/?p=35916"},"modified":"2025-05-03T22:56:50","modified_gmt":"2025-05-04T01:56:50","slug":"sensacao-incrivel-diz-netto-brito-sobre-cantar-na-micareta-de-feira","status":"publish","type":"post","link":"https:\/\/portalmf.com.br\/index.php\/2025\/05\/03\/sensacao-incrivel-diz-netto-brito-sobre-cantar-na-micareta-de-feira\/","title":{"rendered":"\u201cSensa\u00e7\u00e3o incr\u00edvel\u201d, diz Netto Brito sobre cantar na Micareta de Feira"},"content":{"rendered":"\n<p><strong>Por: Walace Almeida<\/strong><\/p>\n\n\n\n<p>Nova sensa\u00e7\u00e3o do Arrocha, o cantor Netto Brito chega para a Micareta com uma grande expectativa do p\u00fablico. Ele se apresenta na noite deste s\u00e1bado (3), no Circuito Maneca Ferreira, garantindo muita sofr\u00eancia para os foli\u00f5es.<\/p>\n\n\n\n<p>Ele define a sensa\u00e7\u00e3o de participar da festa como \u201cindescrit\u00edvel\u201d. &#8220;Estar na Micareta de Feira pela primeira vez \u00e9 uma sensa\u00e7\u00e3o incr\u00edvel, com certeza ser\u00e1 com muita divers\u00e3o, principalmente depois da nossa participa\u00e7\u00e3o no Carnaval de Salvador. S\u00e3o coisas maravilhosas que tem acontecido na minha vida, como dividir uma apresenta\u00e7\u00e3o com Pablo, recentemente. S\u00f3 gratid\u00e3o\u201d, comentou.<\/p>\n\n\n\n<p>O que deixa a ocasi\u00e3o ainda mais especial \u00e9 ter lan\u00e7ado recentemente o seu novo projeto audiovisual. \u201cEu chego na Micareta de Feira com um projeto rec\u00e9m-lan\u00e7ado, que \u00e9 o \u201cPra encher e derramar 5.0\u201d, que j\u00e1 est\u00e1 dispon\u00edvel em todas as plataformas digitais\u201d, findou.<\/p>\n","protected":false},"excerpt":{"rendered":"<p>Por: Walace Almeida Nova sensa\u00e7\u00e3o do Arrocha, o cantor Netto Brito chega para a Micareta com uma grande expectativa do p\u00fablico. Ele se apresenta na noite deste s\u00e1bado (3), no Circuito Maneca Ferreira, garantindo muita sofr\u00eancia para os foli\u00f5es. Ele define a sensa\u00e7\u00e3o de participar da festa como \u201cindescrit\u00edvel\u201d. &#8220;Estar na Micareta de Feira pela [&hellip;]<\/p>\n","protected":false},"author":3,"featured_media":35917,"comment_status":"open","ping_status":"open","sticky":false,"template":"","format":"standard","meta":{"_monsterinsights_skip_tracking":false,"_monsterinsights_sitenote_active":false,"_monsterinsights_sitenote_note":"","_monsterinsights_sitenote_category":0,"footnotes":""},"categories":[48,39],"tags":[],"yoast_head":"<!-- This site is optimized with the Yoast SEO plugin v22.9 - https:\/\/yoast.com\/wordpress\/plugins\/seo\/ -->\n<title>\u201cSensa\u00e7\u00e3o incr\u00edvel\u201d, diz Netto Brito sobre cantar na Micareta de Feira - Portal MF<\/title>\n<meta name=\"robots\" content=\"index, follow, max-snippet:-1, max-image-preview:large, max-video-preview:-1\" \/>\n<link rel=\"canonical\" href=\"https:\/\/portalmf.com.br\/index.php\/2025\/05\/03\/sensacao-incrivel-diz-netto-brito-sobre-cantar-na-micareta-de-feira\/\" \/>\n<meta property=\"og:locale\" content=\"pt_BR\" \/>\n<meta property=\"og:type\" content=\"article\" \/>\n<meta property=\"og:title\" content=\"\u201cSensa\u00e7\u00e3o incr\u00edvel\u201d, diz Netto Brito sobre cantar na Micareta de Feira - Portal MF\" \/>\n<meta property=\"og:description\" content=\"Por: Walace Almeida Nova sensa\u00e7\u00e3o do Arrocha, o cantor Netto Brito chega para a Micareta com uma grande expectativa do p\u00fablico. Ele se apresenta na noite deste s\u00e1bado (3), no Circuito Maneca Ferreira, garantindo muita sofr\u00eancia para os foli\u00f5es. Ele define a sensa\u00e7\u00e3o de participar da festa como \u201cindescrit\u00edvel\u201d. &#8220;Estar na Micareta de Feira pela [&hellip;]\" \/>\n<meta property=\"og:url\" content=\"https:\/\/portalmf.com.br\/index.php\/2025\/05\/03\/sensacao-incrivel-diz-netto-brito-sobre-cantar-na-micareta-de-feira\/\" \/>\n<meta property=\"og:site_name\" content=\"Portal MF\" \/>\n<meta property=\"article:author\" content=\"https:\/\/www.facebook.com\/portalmfoficial\" \/>\n<meta property=\"article:published_time\" content=\"2025-05-04T01:53:38+00:00\" \/>\n<meta property=\"article:modified_time\" content=\"2025-05-04T01:56:50+00:00\" \/>\n<meta property=\"og:image\" content=\"https:\/\/portalmf.com.br\/wp-content\/uploads\/2025\/05\/Netto-Brito-Micareta-2025-e1746323613584.jpg\" \/>\n\t<meta property=\"og:image:width\" content=\"1200\" \/>\n\t<meta property=\"og:image:height\" content=\"789\" \/>\n\t<meta property=\"og:image:type\" content=\"image\/jpeg\" \/>\n<meta name=\"author\" content=\"Reda\u00e7\u00e3o Portal MF\" \/>\n<meta name=\"twitter:card\" content=\"summary_large_image\" \/>\n<meta name=\"twitter:creator\" content=\"@https:\/\/x.com\/portalmfoficial\" \/>\n<meta name=\"twitter:label1\" content=\"Escrito por\" \/>\n\t<meta name=\"twitter:data1\" content=\"Reda\u00e7\u00e3o Portal MF\" \/>\n\t<meta name=\"twitter:label2\" content=\"Est. tempo de leitura\" \/>\n\t<meta name=\"twitter:data2\" content=\"1 minuto\" \/>\n<script type=\"application\/ld+json\" class=\"yoast-schema-graph\">{\"@context\":\"https:\/\/schema.org\",\"@graph\":[{\"@type\":\"WebPage\",\"@id\":\"https:\/\/portalmf.com.br\/index.php\/2025\/05\/03\/sensacao-incrivel-diz-netto-brito-sobre-cantar-na-micareta-de-feira\/\",\"url\":\"https:\/\/portalmf.com.br\/index.php\/2025\/05\/03\/sensacao-incrivel-diz-netto-brito-sobre-cantar-na-micareta-de-feira\/\",\"name\":\"\u201cSensa\u00e7\u00e3o incr\u00edvel\u201d, diz Netto Brito sobre cantar na Micareta de Feira - Portal MF\",\"isPartOf\":{\"@id\":\"https:\/\/portalmf.com.br\/#website\"},\"primaryImageOfPage\":{\"@id\":\"https:\/\/portalmf.com.br\/index.php\/2025\/05\/03\/sensacao-incrivel-diz-netto-brito-sobre-cantar-na-micareta-de-feira\/#primaryimage\"},\"image\":{\"@id\":\"https:\/\/portalmf.com.br\/index.php\/2025\/05\/03\/sensacao-incrivel-diz-netto-brito-sobre-cantar-na-micareta-de-feira\/#primaryimage\"},\"thumbnailUrl\":\"https:\/\/portalmf.com.br\/wp-content\/uploads\/2025\/05\/Netto-Brito-Micareta-2025-e1746323613584.jpg\",\"datePublished\":\"2025-05-04T01:53:38+00:00\",\"dateModified\":\"2025-05-04T01:56:50+00:00\",\"author\":{\"@id\":\"https:\/\/portalmf.com.br\/#\/schema\/person\/9ec101baf56233e53520c26de5d6f6f0\"},\"breadcrumb\":{\"@id\":\"https:\/\/portalmf.com.br\/index.php\/2025\/05\/03\/sensacao-incrivel-diz-netto-brito-sobre-cantar-na-micareta-de-feira\/#breadcrumb\"},\"inLanguage\":\"pt-BR\",\"potentialAction\":[{\"@type\":\"ReadAction\",\"target\":[\"https:\/\/portalmf.com.br\/index.php\/2025\/05\/03\/sensacao-incrivel-diz-netto-brito-sobre-cantar-na-micareta-de-feira\/\"]}]},{\"@type\":\"ImageObject\",\"inLanguage\":\"pt-BR\",\"@id\":\"https:\/\/portalmf.com.br\/index.php\/2025\/05\/03\/sensacao-incrivel-diz-netto-brito-sobre-cantar-na-micareta-de-feira\/#primaryimage\",\"url\":\"https:\/\/portalmf.com.br\/wp-content\/uploads\/2025\/05\/Netto-Brito-Micareta-2025-e1746323613584.jpg\",\"contentUrl\":\"https:\/\/portalmf.com.br\/wp-content\/uploads\/2025\/05\/Netto-Brito-Micareta-2025-e1746323613584.jpg\",\"width\":1200,\"height\":789},{\"@type\":\"BreadcrumbList\",\"@id\":\"https:\/\/portalmf.com.br\/index.php\/2025\/05\/03\/sensacao-incrivel-diz-netto-brito-sobre-cantar-na-micareta-de-feira\/#breadcrumb\",\"itemListElement\":[{\"@type\":\"ListItem\",\"position\":1,\"name\":\"In\u00edcio\",\"item\":\"https:\/\/portalmf.com.br\/\"},{\"@type\":\"ListItem\",\"position\":2,\"name\":\"\u201cSensa\u00e7\u00e3o incr\u00edvel\u201d, diz Netto Brito sobre cantar na Micareta de Feira\"}]},{\"@type\":\"WebSite\",\"@id\":\"https:\/\/portalmf.com.br\/#website\",\"url\":\"https:\/\/portalmf.com.br\/\",\"name\":\"Portal MF\",\"description\":\"Voc\u00ea conectado com a informa\u00e7\u00e3o\",\"potentialAction\":[{\"@type\":\"SearchAction\",\"target\":{\"@type\":\"EntryPoint\",\"urlTemplate\":\"https:\/\/portalmf.com.br\/?s={search_term_string}\"},\"query-input\":\"required name=search_term_string\"}],\"inLanguage\":\"pt-BR\"},{\"@type\":\"Person\",\"@id\":\"https:\/\/portalmf.com.br\/#\/schema\/person\/9ec101baf56233e53520c26de5d6f6f0\",\"name\":\"Reda\u00e7\u00e3o Portal MF\",\"image\":{\"@type\":\"ImageObject\",\"inLanguage\":\"pt-BR\",\"@id\":\"https:\/\/portalmf.com.br\/#\/schema\/person\/image\/\",\"url\":\"https:\/\/secure.gravatar.com\/avatar\/41b9aaeb2100835f7c64362330f74c7f?s=96&d=mm&r=g\",\"contentUrl\":\"https:\/\/secure.gravatar.com\/avatar\/41b9aaeb2100835f7c64362330f74c7f?s=96&d=mm&r=g\",\"caption\":\"Reda\u00e7\u00e3o Portal MF\"},\"description\":\"Sejam bem-vindos o portal de informa\u00e7\u00f5es de entretenimento de Feira de Santana, desde 2006 realiza coberturas dos principais eventos com entrevistas exclusivas com as principais personalidades mundiais. Fique conectado tamb\u00e9m nas redes sociais.\",\"sameAs\":[\"http:\/\/www.portalmf.com.br\/\",\"https:\/\/www.facebook.com\/portalmfoficial\",\"https:\/\/www.instagram.com\/portalmf\/\",\"https:\/\/x.com\/https:\/\/x.com\/portalmfoficial\",\"https:\/\/www.youtube.com\/@portalmfoficial\"],\"url\":\"https:\/\/portalmf.com.br\/index.php\/author\/junior\/\"}]}<\/script>\n<!-- \/ Yoast SEO plugin. -->","yoast_head_json":{"title":"\u201cSensa\u00e7\u00e3o incr\u00edvel\u201d, diz Netto Brito sobre cantar na Micareta de Feira - Portal MF","robots":{"index":"index","follow":"follow","max-snippet":"max-snippet:-1","max-image-preview":"max-image-preview:large","max-video-preview":"max-video-preview:-1"},"canonical":"https:\/\/portalmf.com.br\/index.php\/2025\/05\/03\/sensacao-incrivel-diz-netto-brito-sobre-cantar-na-micareta-de-feira\/","og_locale":"pt_BR","og_type":"article","og_title":"\u201cSensa\u00e7\u00e3o incr\u00edvel\u201d, diz Netto Brito sobre cantar na Micareta de Feira - Portal MF","og_description":"Por: Walace Almeida Nova sensa\u00e7\u00e3o do Arrocha, o cantor Netto Brito chega para a Micareta com uma grande expectativa do p\u00fablico. Ele se apresenta na noite deste s\u00e1bado (3), no Circuito Maneca Ferreira, garantindo muita sofr\u00eancia para os foli\u00f5es. Ele define a sensa\u00e7\u00e3o de participar da festa como \u201cindescrit\u00edvel\u201d. &#8220;Estar na Micareta de Feira pela [&hellip;]","og_url":"https:\/\/portalmf.com.br\/index.php\/2025\/05\/03\/sensacao-incrivel-diz-netto-brito-sobre-cantar-na-micareta-de-feira\/","og_site_name":"Portal MF","article_author":"https:\/\/www.facebook.com\/portalmfoficial","article_published_time":"2025-05-04T01:53:38+00:00","article_modified_time":"2025-05-04T01:56:50+00:00","og_image":[{"width":1200,"height":789,"url":"https:\/\/portalmf.com.br\/wp-content\/uploads\/2025\/05\/Netto-Brito-Micareta-2025-e1746323613584.jpg","type":"image\/jpeg"}],"author":"Reda\u00e7\u00e3o Portal MF","twitter_card":"summary_large_image","twitter_creator":"@https:\/\/x.com\/portalmfoficial","twitter_misc":{"Escrito por":"Reda\u00e7\u00e3o Portal MF","Est. tempo de leitura":"1 minuto"},"schema":{"@context":"https:\/\/schema.org","@graph":[{"@type":"WebPage","@id":"https:\/\/portalmf.com.br\/index.php\/2025\/05\/03\/sensacao-incrivel-diz-netto-brito-sobre-cantar-na-micareta-de-feira\/","url":"https:\/\/portalmf.com.br\/index.php\/2025\/05\/03\/sensacao-incrivel-diz-netto-brito-sobre-cantar-na-micareta-de-feira\/","name":"\u201cSensa\u00e7\u00e3o incr\u00edvel\u201d, diz Netto Brito sobre cantar na Micareta de Feira - Portal MF","isPartOf":{"@id":"https:\/\/portalmf.com.br\/#website"},"primaryImageOfPage":{"@id":"https:\/\/portalmf.com.br\/index.php\/2025\/05\/03\/sensacao-incrivel-diz-netto-brito-sobre-cantar-na-micareta-de-feira\/#primaryimage"},"image":{"@id":"https:\/\/portalmf.com.br\/index.php\/2025\/05\/03\/sensacao-incrivel-diz-netto-brito-sobre-cantar-na-micareta-de-feira\/#primaryimage"},"thumbnailUrl":"https:\/\/portalmf.com.br\/wp-content\/uploads\/2025\/05\/Netto-Brito-Micareta-2025-e1746323613584.jpg","datePublished":"2025-05-04T01:53:38+00:00","dateModified":"2025-05-04T01:56:50+00:00","author":{"@id":"https:\/\/portalmf.com.br\/#\/schema\/person\/9ec101baf56233e53520c26de5d6f6f0"},"breadcrumb":{"@id":"https:\/\/portalmf.com.br\/index.php\/2025\/05\/03\/sensacao-incrivel-diz-netto-brito-sobre-cantar-na-micareta-de-feira\/#breadcrumb"},"inLanguage":"pt-BR","potentialAction":[{"@type":"ReadAction","target":["https:\/\/portalmf.com.br\/index.php\/2025\/05\/03\/sensacao-incrivel-diz-netto-brito-sobre-cantar-na-micareta-de-feira\/"]}]},{"@type":"ImageObject","inLanguage":"pt-BR","@id":"https:\/\/portalmf.com.br\/index.php\/2025\/05\/03\/sensacao-incrivel-diz-netto-brito-sobre-cantar-na-micareta-de-feira\/#primaryimage","url":"https:\/\/portalmf.com.br\/wp-content\/uploads\/2025\/05\/Netto-Brito-Micareta-2025-e1746323613584.jpg","contentUrl":"https:\/\/portalmf.com.br\/wp-content\/uploads\/2025\/05\/Netto-Brito-Micareta-2025-e1746323613584.jpg","width":1200,"height":789},{"@type":"BreadcrumbList","@id":"https:\/\/portalmf.com.br\/index.php\/2025\/05\/03\/sensacao-incrivel-diz-netto-brito-sobre-cantar-na-micareta-de-feira\/#breadcrumb","itemListElement":[{"@type":"ListItem","position":1,"name":"In\u00edcio","item":"https:\/\/portalmf.com.br\/"},{"@type":"ListItem","position":2,"name":"\u201cSensa\u00e7\u00e3o incr\u00edvel\u201d, diz Netto Brito sobre cantar na Micareta de Feira"}]},{"@type":"WebSite","@id":"https:\/\/portalmf.com.br\/#website","url":"https:\/\/portalmf.com.br\/","name":"Portal MF","description":"Voc\u00ea conectado com a informa\u00e7\u00e3o","potentialAction":[{"@type":"SearchAction","target":{"@type":"EntryPoint","urlTemplate":"https:\/\/portalmf.com.br\/?s={search_term_string}"},"query-input":"required name=search_term_string"}],"inLanguage":"pt-BR"},{"@type":"Person","@id":"https:\/\/portalmf.com.br\/#\/schema\/person\/9ec101baf56233e53520c26de5d6f6f0","name":"Reda\u00e7\u00e3o Portal MF","image":{"@type":"ImageObject","inLanguage":"pt-BR","@id":"https:\/\/portalmf.com.br\/#\/schema\/person\/image\/","url":"https:\/\/secure.gravatar.com\/avatar\/41b9aaeb2100835f7c64362330f74c7f?s=96&d=mm&r=g","contentUrl":"https:\/\/secure.gravatar.com\/avatar\/41b9aaeb2100835f7c64362330f74c7f?s=96&d=mm&r=g","caption":"Reda\u00e7\u00e3o Portal MF"},"description":"Sejam bem-vindos o portal de informa\u00e7\u00f5es de entretenimento de Feira de Santana, desde 2006 realiza coberturas dos principais eventos com entrevistas exclusivas com as principais personalidades mundiais. Fique conectado tamb\u00e9m nas redes sociais.","sameAs":["http:\/\/www.portalmf.com.br\/","https:\/\/www.facebook.com\/portalmfoficial","https:\/\/www.instagram.com\/portalmf\/","https:\/\/x.com\/https:\/\/x.com\/portalmfoficial","https:\/\/www.youtube.com\/@portalmfoficial"],"url":"https:\/\/portalmf.com.br\/index.php\/author\/junior\/"}]}},"_links":{"self":[{"href":"https:\/\/portalmf.com.br\/index.php\/wp-json\/wp\/v2\/posts\/35916"}],"collection":[{"href":"https:\/\/portalmf.com.br\/index.php\/wp-json\/wp\/v2\/posts"}],"about":[{"href":"https:\/\/portalmf.com.br\/index.php\/wp-json\/wp\/v2\/types\/post"}],"author":[{"embeddable":true,"href":"https:\/\/portalmf.com.br\/index.php\/wp-json\/wp\/v2\/users\/3"}],"replies":[{"embeddable":true,"href":"https:\/\/portalmf.com.br\/index.php\/wp-json\/wp\/v2\/comments?post=35916"}],"version-history":[{"count":2,"href":"https:\/\/portalmf.com.br\/index.php\/wp-json\/wp\/v2\/posts\/35916\/revisions"}],"predecessor-version":[{"id":35919,"href":"https:\/\/portalmf.com.br\/index.php\/wp-json\/wp\/v2\/posts\/35916\/revisions\/35919"}],"wp:featuredmedia":[{"embeddable":true,"href":"https:\/\/portalmf.com.br\/index.php\/wp-json\/wp\/v2\/media\/35917"}],"wp:attachment":[{"href":"https:\/\/portalmf.com.br\/index.php\/wp-json\/wp\/v2\/media?parent=35916"}],"wp:term":[{"taxonomy":"category","embeddable":true,"href":"https:\/\/portalmf.com.br\/index.php\/wp-json\/wp\/v2\/categories?post=35916"},{"taxonomy":"post_tag","embeddable":true,"href":"https:\/\/portalmf.com.br\/index.php\/wp-json\/wp\/v2\/tags?post=35916"}],"curies":[{"name":"wp","href":"https:\/\/api.w.org\/{rel}","templated":true}]}}