{"id":35913,"date":"2025-05-03T22:41:16","date_gmt":"2025-05-04T01:41:16","guid":{"rendered":"https:\/\/portalmf.com.br\/?p=35913"},"modified":"2025-05-03T22:41:18","modified_gmt":"2025-05-04T01:41:18","slug":"dinao-comemora-1a-vez-na-micareta-de-feira-com-a-chica-fe","status":"publish","type":"post","link":"https:\/\/portalmf.com.br\/index.php\/2025\/05\/03\/dinao-comemora-1a-vez-na-micareta-de-feira-com-a-chica-fe\/","title":{"rendered":"Din\u00e3o comemora 1\u00aa vez na Micareta de Feira com a Chica F\u00e9"},"content":{"rendered":"\n<p><strong>Por: Walace Almeida<\/strong><\/p>\n\n\n\n<p>O cantor Din\u00e3o far\u00e1 a sua estreia na Micareta de Feira, na noite deste s\u00e1bado (3), ao comando da banda Chica F\u00e9, que j\u00e1 \u00e9 marca registrada na festa da Princesa do Sert\u00e3o.<\/p>\n\n\n\n<p>Ele cita alguns projetos que ser\u00e3o lan\u00e7ados pela banda em 2025. \u201c\u00c9 a minha primeira vez aqui com a Chica F\u00e9, ent\u00e3o estou muito feliz, e a promessa \u00e9 de um grande show. Estamos com o nosso ac\u00fastico lan\u00e7ado, temos o projeto de 30 anos de Chica F\u00e9 para ser lan\u00e7ado, 2025 \u00e9 s\u00f3 alegria\u201d, disse.<\/p>\n\n\n\n<p>Din\u00e3o comemora o sucesso do Ax\u00e9 Music por todos os cantos do pa\u00eds, se considerando um dos mais novos nomes do estilo.<\/p>\n\n\n\n<p>\u201cEstamos rodando o Brasil inteiro com a Chica F\u00e9, posso dizer que sou um dos ca\u00e7ulas do Ax\u00e9 Music. \u00c9 uma alegria imensa ver o Ax\u00e9 retornando aos grandes centros. \u00c9 muito bom fazer parte da nova gera\u00e7\u00e3o desse ritmo\u201d, finalizou.<\/p>\n","protected":false},"excerpt":{"rendered":"<p>Por: Walace Almeida O cantor Din\u00e3o far\u00e1 a sua estreia na Micareta de Feira, na noite deste s\u00e1bado (3), ao comando da banda Chica F\u00e9, que j\u00e1 \u00e9 marca registrada na festa da Princesa do Sert\u00e3o. Ele cita alguns projetos que ser\u00e3o lan\u00e7ados pela banda em 2025. \u201c\u00c9 a minha primeira vez aqui com a [&hellip;]<\/p>\n","protected":false},"author":3,"featured_media":35914,"comment_status":"open","ping_status":"open","sticky":false,"template":"","format":"standard","meta":{"_monsterinsights_skip_tracking":false,"_monsterinsights_sitenote_active":false,"_monsterinsights_sitenote_note":"","_monsterinsights_sitenote_category":0,"footnotes":""},"categories":[48,39],"tags":[],"yoast_head":"<!-- This site is optimized with the Yoast SEO plugin v22.9 - https:\/\/yoast.com\/wordpress\/plugins\/seo\/ -->\n<title>Din\u00e3o comemora 1\u00aa vez na Micareta de Feira com a Chica F\u00e9 - Portal MF<\/title>\n<meta name=\"robots\" content=\"index, follow, max-snippet:-1, max-image-preview:large, max-video-preview:-1\" \/>\n<link rel=\"canonical\" href=\"https:\/\/portalmf.com.br\/index.php\/2025\/05\/03\/dinao-comemora-1a-vez-na-micareta-de-feira-com-a-chica-fe\/\" \/>\n<meta property=\"og:locale\" content=\"pt_BR\" \/>\n<meta property=\"og:type\" content=\"article\" \/>\n<meta property=\"og:title\" content=\"Din\u00e3o comemora 1\u00aa vez na Micareta de Feira com a Chica F\u00e9 - Portal MF\" \/>\n<meta property=\"og:description\" content=\"Por: Walace Almeida O cantor Din\u00e3o far\u00e1 a sua estreia na Micareta de Feira, na noite deste s\u00e1bado (3), ao comando da banda Chica F\u00e9, que j\u00e1 \u00e9 marca registrada na festa da Princesa do Sert\u00e3o. Ele cita alguns projetos que ser\u00e3o lan\u00e7ados pela banda em 2025. \u201c\u00c9 a minha primeira vez aqui com a [&hellip;]\" \/>\n<meta property=\"og:url\" content=\"https:\/\/portalmf.com.br\/index.php\/2025\/05\/03\/dinao-comemora-1a-vez-na-micareta-de-feira-com-a-chica-fe\/\" \/>\n<meta property=\"og:site_name\" content=\"Portal MF\" \/>\n<meta property=\"article:author\" content=\"https:\/\/www.facebook.com\/portalmfoficial\" \/>\n<meta property=\"article:published_time\" content=\"2025-05-04T01:41:16+00:00\" \/>\n<meta property=\"article:modified_time\" content=\"2025-05-04T01:41:18+00:00\" \/>\n<meta property=\"og:image\" content=\"https:\/\/portalmf.com.br\/wp-content\/uploads\/2025\/05\/Dinao-Micareta-2025-e1746322870437.jpg\" \/>\n\t<meta property=\"og:image:width\" content=\"1200\" \/>\n\t<meta property=\"og:image:height\" content=\"917\" \/>\n\t<meta property=\"og:image:type\" content=\"image\/jpeg\" \/>\n<meta name=\"author\" content=\"Reda\u00e7\u00e3o Portal MF\" \/>\n<meta name=\"twitter:card\" content=\"summary_large_image\" \/>\n<meta name=\"twitter:creator\" content=\"@https:\/\/x.com\/portalmfoficial\" \/>\n<meta name=\"twitter:label1\" content=\"Escrito por\" \/>\n\t<meta name=\"twitter:data1\" content=\"Reda\u00e7\u00e3o Portal MF\" \/>\n\t<meta name=\"twitter:label2\" content=\"Est. tempo de leitura\" \/>\n\t<meta name=\"twitter:data2\" content=\"2 minutos\" \/>\n<script type=\"application\/ld+json\" class=\"yoast-schema-graph\">{\"@context\":\"https:\/\/schema.org\",\"@graph\":[{\"@type\":\"WebPage\",\"@id\":\"https:\/\/portalmf.com.br\/index.php\/2025\/05\/03\/dinao-comemora-1a-vez-na-micareta-de-feira-com-a-chica-fe\/\",\"url\":\"https:\/\/portalmf.com.br\/index.php\/2025\/05\/03\/dinao-comemora-1a-vez-na-micareta-de-feira-com-a-chica-fe\/\",\"name\":\"Din\u00e3o comemora 1\u00aa vez na Micareta de Feira com a Chica F\u00e9 - Portal MF\",\"isPartOf\":{\"@id\":\"https:\/\/portalmf.com.br\/#website\"},\"primaryImageOfPage\":{\"@id\":\"https:\/\/portalmf.com.br\/index.php\/2025\/05\/03\/dinao-comemora-1a-vez-na-micareta-de-feira-com-a-chica-fe\/#primaryimage\"},\"image\":{\"@id\":\"https:\/\/portalmf.com.br\/index.php\/2025\/05\/03\/dinao-comemora-1a-vez-na-micareta-de-feira-com-a-chica-fe\/#primaryimage\"},\"thumbnailUrl\":\"https:\/\/portalmf.com.br\/wp-content\/uploads\/2025\/05\/Dinao-Micareta-2025-e1746322870437.jpg\",\"datePublished\":\"2025-05-04T01:41:16+00:00\",\"dateModified\":\"2025-05-04T01:41:18+00:00\",\"author\":{\"@id\":\"https:\/\/portalmf.com.br\/#\/schema\/person\/9ec101baf56233e53520c26de5d6f6f0\"},\"breadcrumb\":{\"@id\":\"https:\/\/portalmf.com.br\/index.php\/2025\/05\/03\/dinao-comemora-1a-vez-na-micareta-de-feira-com-a-chica-fe\/#breadcrumb\"},\"inLanguage\":\"pt-BR\",\"potentialAction\":[{\"@type\":\"ReadAction\",\"target\":[\"https:\/\/portalmf.com.br\/index.php\/2025\/05\/03\/dinao-comemora-1a-vez-na-micareta-de-feira-com-a-chica-fe\/\"]}]},{\"@type\":\"ImageObject\",\"inLanguage\":\"pt-BR\",\"@id\":\"https:\/\/portalmf.com.br\/index.php\/2025\/05\/03\/dinao-comemora-1a-vez-na-micareta-de-feira-com-a-chica-fe\/#primaryimage\",\"url\":\"https:\/\/portalmf.com.br\/wp-content\/uploads\/2025\/05\/Dinao-Micareta-2025-e1746322870437.jpg\",\"contentUrl\":\"https:\/\/portalmf.com.br\/wp-content\/uploads\/2025\/05\/Dinao-Micareta-2025-e1746322870437.jpg\",\"width\":1200,\"height\":917},{\"@type\":\"BreadcrumbList\",\"@id\":\"https:\/\/portalmf.com.br\/index.php\/2025\/05\/03\/dinao-comemora-1a-vez-na-micareta-de-feira-com-a-chica-fe\/#breadcrumb\",\"itemListElement\":[{\"@type\":\"ListItem\",\"position\":1,\"name\":\"In\u00edcio\",\"item\":\"https:\/\/portalmf.com.br\/\"},{\"@type\":\"ListItem\",\"position\":2,\"name\":\"Din\u00e3o comemora 1\u00aa vez na Micareta de Feira com a Chica F\u00e9\"}]},{\"@type\":\"WebSite\",\"@id\":\"https:\/\/portalmf.com.br\/#website\",\"url\":\"https:\/\/portalmf.com.br\/\",\"name\":\"Portal MF\",\"description\":\"Voc\u00ea conectado com a informa\u00e7\u00e3o\",\"potentialAction\":[{\"@type\":\"SearchAction\",\"target\":{\"@type\":\"EntryPoint\",\"urlTemplate\":\"https:\/\/portalmf.com.br\/?s={search_term_string}\"},\"query-input\":\"required name=search_term_string\"}],\"inLanguage\":\"pt-BR\"},{\"@type\":\"Person\",\"@id\":\"https:\/\/portalmf.com.br\/#\/schema\/person\/9ec101baf56233e53520c26de5d6f6f0\",\"name\":\"Reda\u00e7\u00e3o Portal MF\",\"image\":{\"@type\":\"ImageObject\",\"inLanguage\":\"pt-BR\",\"@id\":\"https:\/\/portalmf.com.br\/#\/schema\/person\/image\/\",\"url\":\"https:\/\/secure.gravatar.com\/avatar\/41b9aaeb2100835f7c64362330f74c7f?s=96&d=mm&r=g\",\"contentUrl\":\"https:\/\/secure.gravatar.com\/avatar\/41b9aaeb2100835f7c64362330f74c7f?s=96&d=mm&r=g\",\"caption\":\"Reda\u00e7\u00e3o Portal MF\"},\"description\":\"Sejam bem-vindos o portal de informa\u00e7\u00f5es de entretenimento de Feira de Santana, desde 2006 realiza coberturas dos principais eventos com entrevistas exclusivas com as principais personalidades mundiais. Fique conectado tamb\u00e9m nas redes sociais.\",\"sameAs\":[\"http:\/\/www.portalmf.com.br\/\",\"https:\/\/www.facebook.com\/portalmfoficial\",\"https:\/\/www.instagram.com\/portalmf\/\",\"https:\/\/x.com\/https:\/\/x.com\/portalmfoficial\",\"https:\/\/www.youtube.com\/@portalmfoficial\"],\"url\":\"https:\/\/portalmf.com.br\/index.php\/author\/junior\/\"}]}<\/script>\n<!-- \/ Yoast SEO plugin. -->","yoast_head_json":{"title":"Din\u00e3o comemora 1\u00aa vez na Micareta de Feira com a Chica F\u00e9 - Portal MF","robots":{"index":"index","follow":"follow","max-snippet":"max-snippet:-1","max-image-preview":"max-image-preview:large","max-video-preview":"max-video-preview:-1"},"canonical":"https:\/\/portalmf.com.br\/index.php\/2025\/05\/03\/dinao-comemora-1a-vez-na-micareta-de-feira-com-a-chica-fe\/","og_locale":"pt_BR","og_type":"article","og_title":"Din\u00e3o comemora 1\u00aa vez na Micareta de Feira com a Chica F\u00e9 - Portal MF","og_description":"Por: Walace Almeida O cantor Din\u00e3o far\u00e1 a sua estreia na Micareta de Feira, na noite deste s\u00e1bado (3), ao comando da banda Chica F\u00e9, que j\u00e1 \u00e9 marca registrada na festa da Princesa do Sert\u00e3o. Ele cita alguns projetos que ser\u00e3o lan\u00e7ados pela banda em 2025. \u201c\u00c9 a minha primeira vez aqui com a [&hellip;]","og_url":"https:\/\/portalmf.com.br\/index.php\/2025\/05\/03\/dinao-comemora-1a-vez-na-micareta-de-feira-com-a-chica-fe\/","og_site_name":"Portal MF","article_author":"https:\/\/www.facebook.com\/portalmfoficial","article_published_time":"2025-05-04T01:41:16+00:00","article_modified_time":"2025-05-04T01:41:18+00:00","og_image":[{"width":1200,"height":917,"url":"https:\/\/portalmf.com.br\/wp-content\/uploads\/2025\/05\/Dinao-Micareta-2025-e1746322870437.jpg","type":"image\/jpeg"}],"author":"Reda\u00e7\u00e3o Portal MF","twitter_card":"summary_large_image","twitter_creator":"@https:\/\/x.com\/portalmfoficial","twitter_misc":{"Escrito por":"Reda\u00e7\u00e3o Portal MF","Est. tempo de leitura":"2 minutos"},"schema":{"@context":"https:\/\/schema.org","@graph":[{"@type":"WebPage","@id":"https:\/\/portalmf.com.br\/index.php\/2025\/05\/03\/dinao-comemora-1a-vez-na-micareta-de-feira-com-a-chica-fe\/","url":"https:\/\/portalmf.com.br\/index.php\/2025\/05\/03\/dinao-comemora-1a-vez-na-micareta-de-feira-com-a-chica-fe\/","name":"Din\u00e3o comemora 1\u00aa vez na Micareta de Feira com a Chica F\u00e9 - Portal MF","isPartOf":{"@id":"https:\/\/portalmf.com.br\/#website"},"primaryImageOfPage":{"@id":"https:\/\/portalmf.com.br\/index.php\/2025\/05\/03\/dinao-comemora-1a-vez-na-micareta-de-feira-com-a-chica-fe\/#primaryimage"},"image":{"@id":"https:\/\/portalmf.com.br\/index.php\/2025\/05\/03\/dinao-comemora-1a-vez-na-micareta-de-feira-com-a-chica-fe\/#primaryimage"},"thumbnailUrl":"https:\/\/portalmf.com.br\/wp-content\/uploads\/2025\/05\/Dinao-Micareta-2025-e1746322870437.jpg","datePublished":"2025-05-04T01:41:16+00:00","dateModified":"2025-05-04T01:41:18+00:00","author":{"@id":"https:\/\/portalmf.com.br\/#\/schema\/person\/9ec101baf56233e53520c26de5d6f6f0"},"breadcrumb":{"@id":"https:\/\/portalmf.com.br\/index.php\/2025\/05\/03\/dinao-comemora-1a-vez-na-micareta-de-feira-com-a-chica-fe\/#breadcrumb"},"inLanguage":"pt-BR","potentialAction":[{"@type":"ReadAction","target":["https:\/\/portalmf.com.br\/index.php\/2025\/05\/03\/dinao-comemora-1a-vez-na-micareta-de-feira-com-a-chica-fe\/"]}]},{"@type":"ImageObject","inLanguage":"pt-BR","@id":"https:\/\/portalmf.com.br\/index.php\/2025\/05\/03\/dinao-comemora-1a-vez-na-micareta-de-feira-com-a-chica-fe\/#primaryimage","url":"https:\/\/portalmf.com.br\/wp-content\/uploads\/2025\/05\/Dinao-Micareta-2025-e1746322870437.jpg","contentUrl":"https:\/\/portalmf.com.br\/wp-content\/uploads\/2025\/05\/Dinao-Micareta-2025-e1746322870437.jpg","width":1200,"height":917},{"@type":"BreadcrumbList","@id":"https:\/\/portalmf.com.br\/index.php\/2025\/05\/03\/dinao-comemora-1a-vez-na-micareta-de-feira-com-a-chica-fe\/#breadcrumb","itemListElement":[{"@type":"ListItem","position":1,"name":"In\u00edcio","item":"https:\/\/portalmf.com.br\/"},{"@type":"ListItem","position":2,"name":"Din\u00e3o comemora 1\u00aa vez na Micareta de Feira com a Chica F\u00e9"}]},{"@type":"WebSite","@id":"https:\/\/portalmf.com.br\/#website","url":"https:\/\/portalmf.com.br\/","name":"Portal MF","description":"Voc\u00ea conectado com a informa\u00e7\u00e3o","potentialAction":[{"@type":"SearchAction","target":{"@type":"EntryPoint","urlTemplate":"https:\/\/portalmf.com.br\/?s={search_term_string}"},"query-input":"required name=search_term_string"}],"inLanguage":"pt-BR"},{"@type":"Person","@id":"https:\/\/portalmf.com.br\/#\/schema\/person\/9ec101baf56233e53520c26de5d6f6f0","name":"Reda\u00e7\u00e3o Portal MF","image":{"@type":"ImageObject","inLanguage":"pt-BR","@id":"https:\/\/portalmf.com.br\/#\/schema\/person\/image\/","url":"https:\/\/secure.gravatar.com\/avatar\/41b9aaeb2100835f7c64362330f74c7f?s=96&d=mm&r=g","contentUrl":"https:\/\/secure.gravatar.com\/avatar\/41b9aaeb2100835f7c64362330f74c7f?s=96&d=mm&r=g","caption":"Reda\u00e7\u00e3o Portal MF"},"description":"Sejam bem-vindos o portal de informa\u00e7\u00f5es de entretenimento de Feira de Santana, desde 2006 realiza coberturas dos principais eventos com entrevistas exclusivas com as principais personalidades mundiais. Fique conectado tamb\u00e9m nas redes sociais.","sameAs":["http:\/\/www.portalmf.com.br\/","https:\/\/www.facebook.com\/portalmfoficial","https:\/\/www.instagram.com\/portalmf\/","https:\/\/x.com\/https:\/\/x.com\/portalmfoficial","https:\/\/www.youtube.com\/@portalmfoficial"],"url":"https:\/\/portalmf.com.br\/index.php\/author\/junior\/"}]}},"_links":{"self":[{"href":"https:\/\/portalmf.com.br\/index.php\/wp-json\/wp\/v2\/posts\/35913"}],"collection":[{"href":"https:\/\/portalmf.com.br\/index.php\/wp-json\/wp\/v2\/posts"}],"about":[{"href":"https:\/\/portalmf.com.br\/index.php\/wp-json\/wp\/v2\/types\/post"}],"author":[{"embeddable":true,"href":"https:\/\/portalmf.com.br\/index.php\/wp-json\/wp\/v2\/users\/3"}],"replies":[{"embeddable":true,"href":"https:\/\/portalmf.com.br\/index.php\/wp-json\/wp\/v2\/comments?post=35913"}],"version-history":[{"count":1,"href":"https:\/\/portalmf.com.br\/index.php\/wp-json\/wp\/v2\/posts\/35913\/revisions"}],"predecessor-version":[{"id":35915,"href":"https:\/\/portalmf.com.br\/index.php\/wp-json\/wp\/v2\/posts\/35913\/revisions\/35915"}],"wp:featuredmedia":[{"embeddable":true,"href":"https:\/\/portalmf.com.br\/index.php\/wp-json\/wp\/v2\/media\/35914"}],"wp:attachment":[{"href":"https:\/\/portalmf.com.br\/index.php\/wp-json\/wp\/v2\/media?parent=35913"}],"wp:term":[{"taxonomy":"category","embeddable":true,"href":"https:\/\/portalmf.com.br\/index.php\/wp-json\/wp\/v2\/categories?post=35913"},{"taxonomy":"post_tag","embeddable":true,"href":"https:\/\/portalmf.com.br\/index.php\/wp-json\/wp\/v2\/tags?post=35913"}],"curies":[{"name":"wp","href":"https:\/\/api.w.org\/{rel}","templated":true}]}}