{"id":35905,"date":"2025-05-03T13:58:14","date_gmt":"2025-05-03T16:58:14","guid":{"rendered":"https:\/\/portalmf.com.br\/?p=35905"},"modified":"2025-05-03T13:58:17","modified_gmt":"2025-05-03T16:58:17","slug":"pagodart-agita-o-segundo-dia-da-micareta-de-feira-com-show-na-pipoca-e-recebe-homenagem-da-imprensa-local","status":"publish","type":"post","link":"https:\/\/portalmf.com.br\/index.php\/2025\/05\/03\/pagodart-agita-o-segundo-dia-da-micareta-de-feira-com-show-na-pipoca-e-recebe-homenagem-da-imprensa-local\/","title":{"rendered":"Pagod\u2019art agita o segundo dia da Micareta de Feira com show na Pipoca e recebe homenagem da imprensa local"},"content":{"rendered":"\n<p>O primeiro dia de apresenta\u00e7\u00f5es da banda Pagod\u2019art na Micareta de Feira foi marcado por muita anima\u00e7\u00e3o e reconhecimento. Na noite desta sexta-feira (2), segundo dia oficial da folia, o grupo levou sua energia contagiante para o Circuito Maneca Ferreira puxando a tradicional Pipoca, com um repert\u00f3rio que celebrou o melhor do pagode baiano.<\/p>\n\n\n\n<p>Comandada por Flavinho, a banda apresentou uma sele\u00e7\u00e3o especial de sucessos, incluindo cl\u00e1ssicos do pagode dos anos 2000, samba de roda, m\u00fasicas antigas do grupo e os hits recentes \u201cMexer, Mexer\u201d \u2014 em parceria com L\u00e9o Santana \u2014 e \u201cBit do Cavaquinho\u201d, que seguem fazendo sucesso nas redes sociais e festas pelo pa\u00eds.<\/p>\n\n\n\n<p>Durante a passagem pela cidade, o grupo foi homenageado por portais de imprensa locais, que destacaram a forte liga\u00e7\u00e3o do Pagod\u2019art com o p\u00fablico feirense e sua contribui\u00e7\u00e3o para a m\u00fasica baiana.<\/p>\n\n\n\n<p>\u201c\u00c9 sempre muito bom tocar em Feira de Santana. A gente reencontra pessoas queridas, sente de perto o carinho dessa cidade que sempre recebeu o Pagod\u2019art de bra\u00e7os abertos. Voltar \u00e0 Micareta \u00e9 sempre especial\u201d, afirmou Flavinho.<\/p>\n\n\n\n<p>A banda volta \u00e0 avenida neste s\u00e1bado (3), desta vez \u00e0 frente do Bloco \u2018L\u00e1 V\u00eam Eles\u2019, prometendo mais um show inesquec\u00edvel<\/p>\n\n\n\n<figure class=\"wp-block-image size-large\"><img fetchpriority=\"high\" decoding=\"async\" width=\"1024\" height=\"982\" src=\"https:\/\/portalmf.com.br\/wp-content\/uploads\/2025\/05\/1001423448-1024x982.jpg\" alt=\"\" class=\"wp-image-35908\" srcset=\"https:\/\/portalmf.com.br\/wp-content\/uploads\/2025\/05\/1001423448-1024x982.jpg 1024w, https:\/\/portalmf.com.br\/wp-content\/uploads\/2025\/05\/1001423448-300x288.jpg 300w, https:\/\/portalmf.com.br\/wp-content\/uploads\/2025\/05\/1001423448-768x736.jpg 768w, https:\/\/portalmf.com.br\/wp-content\/uploads\/2025\/05\/1001423448-1536x1472.jpg 1536w, https:\/\/portalmf.com.br\/wp-content\/uploads\/2025\/05\/1001423448-2048x1963.jpg 2048w, https:\/\/portalmf.com.br\/wp-content\/uploads\/2025\/05\/1001423448-696x667.jpg 696w, https:\/\/portalmf.com.br\/wp-content\/uploads\/2025\/05\/1001423448-1068x1024.jpg 1068w, https:\/\/portalmf.com.br\/wp-content\/uploads\/2025\/05\/1001423448-1920x1840.jpg 1920w\" sizes=\"(max-width: 1024px) 100vw, 1024px\" \/><\/figure>\n\n\n\n<p><\/p>\n","protected":false},"excerpt":{"rendered":"<p>O primeiro dia de apresenta\u00e7\u00f5es da banda Pagod\u2019art na Micareta de Feira foi marcado por muita anima\u00e7\u00e3o e reconhecimento. Na noite desta sexta-feira (2), segundo dia oficial da folia, o grupo levou sua energia contagiante para o Circuito Maneca Ferreira puxando a tradicional Pipoca, com um repert\u00f3rio que celebrou o melhor do pagode baiano. Comandada [&hellip;]<\/p>\n","protected":false},"author":3,"featured_media":35907,"comment_status":"open","ping_status":"open","sticky":false,"template":"","format":"standard","meta":{"_monsterinsights_skip_tracking":false,"_monsterinsights_sitenote_active":false,"_monsterinsights_sitenote_note":"","_monsterinsights_sitenote_category":0,"footnotes":""},"categories":[47,39],"tags":[],"yoast_head":"<!-- This site is optimized with the Yoast SEO plugin v22.9 - https:\/\/yoast.com\/wordpress\/plugins\/seo\/ -->\n<title>Pagod\u2019art agita o segundo dia da Micareta de Feira com show na Pipoca e recebe homenagem da imprensa local - Portal MF<\/title>\n<meta name=\"robots\" content=\"index, follow, max-snippet:-1, max-image-preview:large, max-video-preview:-1\" \/>\n<link rel=\"canonical\" href=\"https:\/\/portalmf.com.br\/index.php\/2025\/05\/03\/pagodart-agita-o-segundo-dia-da-micareta-de-feira-com-show-na-pipoca-e-recebe-homenagem-da-imprensa-local\/\" \/>\n<meta property=\"og:locale\" content=\"pt_BR\" \/>\n<meta property=\"og:type\" content=\"article\" \/>\n<meta property=\"og:title\" content=\"Pagod\u2019art agita o segundo dia da Micareta de Feira com show na Pipoca e recebe homenagem da imprensa local - Portal MF\" \/>\n<meta property=\"og:description\" content=\"O primeiro dia de apresenta\u00e7\u00f5es da banda Pagod\u2019art na Micareta de Feira foi marcado por muita anima\u00e7\u00e3o e reconhecimento. Na noite desta sexta-feira (2), segundo dia oficial da folia, o grupo levou sua energia contagiante para o Circuito Maneca Ferreira puxando a tradicional Pipoca, com um repert\u00f3rio que celebrou o melhor do pagode baiano. Comandada [&hellip;]\" \/>\n<meta property=\"og:url\" content=\"https:\/\/portalmf.com.br\/index.php\/2025\/05\/03\/pagodart-agita-o-segundo-dia-da-micareta-de-feira-com-show-na-pipoca-e-recebe-homenagem-da-imprensa-local\/\" \/>\n<meta property=\"og:site_name\" content=\"Portal MF\" \/>\n<meta property=\"article:author\" content=\"https:\/\/www.facebook.com\/portalmfoficial\" \/>\n<meta property=\"article:published_time\" content=\"2025-05-03T16:58:14+00:00\" \/>\n<meta property=\"article:modified_time\" content=\"2025-05-03T16:58:17+00:00\" \/>\n<meta property=\"og:image\" content=\"https:\/\/portalmf.com.br\/wp-content\/uploads\/2025\/05\/IMG_20250503_135544.jpg\" \/>\n\t<meta property=\"og:image:width\" content=\"2268\" \/>\n\t<meta property=\"og:image:height\" content=\"2281\" \/>\n\t<meta property=\"og:image:type\" content=\"image\/jpeg\" \/>\n<meta name=\"author\" content=\"Reda\u00e7\u00e3o Portal MF\" \/>\n<meta name=\"twitter:card\" content=\"summary_large_image\" \/>\n<meta name=\"twitter:creator\" content=\"@https:\/\/x.com\/portalmfoficial\" \/>\n<meta name=\"twitter:label1\" content=\"Escrito por\" \/>\n\t<meta name=\"twitter:data1\" content=\"Reda\u00e7\u00e3o Portal MF\" \/>\n\t<meta name=\"twitter:label2\" content=\"Est. tempo de leitura\" \/>\n\t<meta name=\"twitter:data2\" content=\"2 minutos\" \/>\n<script type=\"application\/ld+json\" class=\"yoast-schema-graph\">{\"@context\":\"https:\/\/schema.org\",\"@graph\":[{\"@type\":\"WebPage\",\"@id\":\"https:\/\/portalmf.com.br\/index.php\/2025\/05\/03\/pagodart-agita-o-segundo-dia-da-micareta-de-feira-com-show-na-pipoca-e-recebe-homenagem-da-imprensa-local\/\",\"url\":\"https:\/\/portalmf.com.br\/index.php\/2025\/05\/03\/pagodart-agita-o-segundo-dia-da-micareta-de-feira-com-show-na-pipoca-e-recebe-homenagem-da-imprensa-local\/\",\"name\":\"Pagod\u2019art agita o segundo dia da Micareta de Feira com show na Pipoca e recebe homenagem da imprensa local - Portal MF\",\"isPartOf\":{\"@id\":\"https:\/\/portalmf.com.br\/#website\"},\"primaryImageOfPage\":{\"@id\":\"https:\/\/portalmf.com.br\/index.php\/2025\/05\/03\/pagodart-agita-o-segundo-dia-da-micareta-de-feira-com-show-na-pipoca-e-recebe-homenagem-da-imprensa-local\/#primaryimage\"},\"image\":{\"@id\":\"https:\/\/portalmf.com.br\/index.php\/2025\/05\/03\/pagodart-agita-o-segundo-dia-da-micareta-de-feira-com-show-na-pipoca-e-recebe-homenagem-da-imprensa-local\/#primaryimage\"},\"thumbnailUrl\":\"https:\/\/portalmf.com.br\/wp-content\/uploads\/2025\/05\/IMG_20250503_135544.jpg\",\"datePublished\":\"2025-05-03T16:58:14+00:00\",\"dateModified\":\"2025-05-03T16:58:17+00:00\",\"author\":{\"@id\":\"https:\/\/portalmf.com.br\/#\/schema\/person\/9ec101baf56233e53520c26de5d6f6f0\"},\"breadcrumb\":{\"@id\":\"https:\/\/portalmf.com.br\/index.php\/2025\/05\/03\/pagodart-agita-o-segundo-dia-da-micareta-de-feira-com-show-na-pipoca-e-recebe-homenagem-da-imprensa-local\/#breadcrumb\"},\"inLanguage\":\"pt-BR\",\"potentialAction\":[{\"@type\":\"ReadAction\",\"target\":[\"https:\/\/portalmf.com.br\/index.php\/2025\/05\/03\/pagodart-agita-o-segundo-dia-da-micareta-de-feira-com-show-na-pipoca-e-recebe-homenagem-da-imprensa-local\/\"]}]},{\"@type\":\"ImageObject\",\"inLanguage\":\"pt-BR\",\"@id\":\"https:\/\/portalmf.com.br\/index.php\/2025\/05\/03\/pagodart-agita-o-segundo-dia-da-micareta-de-feira-com-show-na-pipoca-e-recebe-homenagem-da-imprensa-local\/#primaryimage\",\"url\":\"https:\/\/portalmf.com.br\/wp-content\/uploads\/2025\/05\/IMG_20250503_135544.jpg\",\"contentUrl\":\"https:\/\/portalmf.com.br\/wp-content\/uploads\/2025\/05\/IMG_20250503_135544.jpg\",\"width\":2268,\"height\":2281},{\"@type\":\"BreadcrumbList\",\"@id\":\"https:\/\/portalmf.com.br\/index.php\/2025\/05\/03\/pagodart-agita-o-segundo-dia-da-micareta-de-feira-com-show-na-pipoca-e-recebe-homenagem-da-imprensa-local\/#breadcrumb\",\"itemListElement\":[{\"@type\":\"ListItem\",\"position\":1,\"name\":\"In\u00edcio\",\"item\":\"https:\/\/portalmf.com.br\/\"},{\"@type\":\"ListItem\",\"position\":2,\"name\":\"Pagod\u2019art agita o segundo dia da Micareta de Feira com show na Pipoca e recebe homenagem da imprensa local\"}]},{\"@type\":\"WebSite\",\"@id\":\"https:\/\/portalmf.com.br\/#website\",\"url\":\"https:\/\/portalmf.com.br\/\",\"name\":\"Portal MF\",\"description\":\"Voc\u00ea conectado com a informa\u00e7\u00e3o\",\"potentialAction\":[{\"@type\":\"SearchAction\",\"target\":{\"@type\":\"EntryPoint\",\"urlTemplate\":\"https:\/\/portalmf.com.br\/?s={search_term_string}\"},\"query-input\":\"required name=search_term_string\"}],\"inLanguage\":\"pt-BR\"},{\"@type\":\"Person\",\"@id\":\"https:\/\/portalmf.com.br\/#\/schema\/person\/9ec101baf56233e53520c26de5d6f6f0\",\"name\":\"Reda\u00e7\u00e3o Portal MF\",\"image\":{\"@type\":\"ImageObject\",\"inLanguage\":\"pt-BR\",\"@id\":\"https:\/\/portalmf.com.br\/#\/schema\/person\/image\/\",\"url\":\"https:\/\/secure.gravatar.com\/avatar\/41b9aaeb2100835f7c64362330f74c7f?s=96&d=mm&r=g\",\"contentUrl\":\"https:\/\/secure.gravatar.com\/avatar\/41b9aaeb2100835f7c64362330f74c7f?s=96&d=mm&r=g\",\"caption\":\"Reda\u00e7\u00e3o Portal MF\"},\"description\":\"Sejam bem-vindos o portal de informa\u00e7\u00f5es de entretenimento de Feira de Santana, desde 2006 realiza coberturas dos principais eventos com entrevistas exclusivas com as principais personalidades mundiais. Fique conectado tamb\u00e9m nas redes sociais.\",\"sameAs\":[\"http:\/\/www.portalmf.com.br\/\",\"https:\/\/www.facebook.com\/portalmfoficial\",\"https:\/\/www.instagram.com\/portalmf\/\",\"https:\/\/x.com\/https:\/\/x.com\/portalmfoficial\",\"https:\/\/www.youtube.com\/@portalmfoficial\"],\"url\":\"https:\/\/portalmf.com.br\/index.php\/author\/junior\/\"}]}<\/script>\n<!-- \/ Yoast SEO plugin. -->","yoast_head_json":{"title":"Pagod\u2019art agita o segundo dia da Micareta de Feira com show na Pipoca e recebe homenagem da imprensa local - Portal MF","robots":{"index":"index","follow":"follow","max-snippet":"max-snippet:-1","max-image-preview":"max-image-preview:large","max-video-preview":"max-video-preview:-1"},"canonical":"https:\/\/portalmf.com.br\/index.php\/2025\/05\/03\/pagodart-agita-o-segundo-dia-da-micareta-de-feira-com-show-na-pipoca-e-recebe-homenagem-da-imprensa-local\/","og_locale":"pt_BR","og_type":"article","og_title":"Pagod\u2019art agita o segundo dia da Micareta de Feira com show na Pipoca e recebe homenagem da imprensa local - Portal MF","og_description":"O primeiro dia de apresenta\u00e7\u00f5es da banda Pagod\u2019art na Micareta de Feira foi marcado por muita anima\u00e7\u00e3o e reconhecimento. Na noite desta sexta-feira (2), segundo dia oficial da folia, o grupo levou sua energia contagiante para o Circuito Maneca Ferreira puxando a tradicional Pipoca, com um repert\u00f3rio que celebrou o melhor do pagode baiano. Comandada [&hellip;]","og_url":"https:\/\/portalmf.com.br\/index.php\/2025\/05\/03\/pagodart-agita-o-segundo-dia-da-micareta-de-feira-com-show-na-pipoca-e-recebe-homenagem-da-imprensa-local\/","og_site_name":"Portal MF","article_author":"https:\/\/www.facebook.com\/portalmfoficial","article_published_time":"2025-05-03T16:58:14+00:00","article_modified_time":"2025-05-03T16:58:17+00:00","og_image":[{"width":2268,"height":2281,"url":"https:\/\/portalmf.com.br\/wp-content\/uploads\/2025\/05\/IMG_20250503_135544.jpg","type":"image\/jpeg"}],"author":"Reda\u00e7\u00e3o Portal MF","twitter_card":"summary_large_image","twitter_creator":"@https:\/\/x.com\/portalmfoficial","twitter_misc":{"Escrito por":"Reda\u00e7\u00e3o Portal MF","Est. tempo de leitura":"2 minutos"},"schema":{"@context":"https:\/\/schema.org","@graph":[{"@type":"WebPage","@id":"https:\/\/portalmf.com.br\/index.php\/2025\/05\/03\/pagodart-agita-o-segundo-dia-da-micareta-de-feira-com-show-na-pipoca-e-recebe-homenagem-da-imprensa-local\/","url":"https:\/\/portalmf.com.br\/index.php\/2025\/05\/03\/pagodart-agita-o-segundo-dia-da-micareta-de-feira-com-show-na-pipoca-e-recebe-homenagem-da-imprensa-local\/","name":"Pagod\u2019art agita o segundo dia da Micareta de Feira com show na Pipoca e recebe homenagem da imprensa local - Portal MF","isPartOf":{"@id":"https:\/\/portalmf.com.br\/#website"},"primaryImageOfPage":{"@id":"https:\/\/portalmf.com.br\/index.php\/2025\/05\/03\/pagodart-agita-o-segundo-dia-da-micareta-de-feira-com-show-na-pipoca-e-recebe-homenagem-da-imprensa-local\/#primaryimage"},"image":{"@id":"https:\/\/portalmf.com.br\/index.php\/2025\/05\/03\/pagodart-agita-o-segundo-dia-da-micareta-de-feira-com-show-na-pipoca-e-recebe-homenagem-da-imprensa-local\/#primaryimage"},"thumbnailUrl":"https:\/\/portalmf.com.br\/wp-content\/uploads\/2025\/05\/IMG_20250503_135544.jpg","datePublished":"2025-05-03T16:58:14+00:00","dateModified":"2025-05-03T16:58:17+00:00","author":{"@id":"https:\/\/portalmf.com.br\/#\/schema\/person\/9ec101baf56233e53520c26de5d6f6f0"},"breadcrumb":{"@id":"https:\/\/portalmf.com.br\/index.php\/2025\/05\/03\/pagodart-agita-o-segundo-dia-da-micareta-de-feira-com-show-na-pipoca-e-recebe-homenagem-da-imprensa-local\/#breadcrumb"},"inLanguage":"pt-BR","potentialAction":[{"@type":"ReadAction","target":["https:\/\/portalmf.com.br\/index.php\/2025\/05\/03\/pagodart-agita-o-segundo-dia-da-micareta-de-feira-com-show-na-pipoca-e-recebe-homenagem-da-imprensa-local\/"]}]},{"@type":"ImageObject","inLanguage":"pt-BR","@id":"https:\/\/portalmf.com.br\/index.php\/2025\/05\/03\/pagodart-agita-o-segundo-dia-da-micareta-de-feira-com-show-na-pipoca-e-recebe-homenagem-da-imprensa-local\/#primaryimage","url":"https:\/\/portalmf.com.br\/wp-content\/uploads\/2025\/05\/IMG_20250503_135544.jpg","contentUrl":"https:\/\/portalmf.com.br\/wp-content\/uploads\/2025\/05\/IMG_20250503_135544.jpg","width":2268,"height":2281},{"@type":"BreadcrumbList","@id":"https:\/\/portalmf.com.br\/index.php\/2025\/05\/03\/pagodart-agita-o-segundo-dia-da-micareta-de-feira-com-show-na-pipoca-e-recebe-homenagem-da-imprensa-local\/#breadcrumb","itemListElement":[{"@type":"ListItem","position":1,"name":"In\u00edcio","item":"https:\/\/portalmf.com.br\/"},{"@type":"ListItem","position":2,"name":"Pagod\u2019art agita o segundo dia da Micareta de Feira com show na Pipoca e recebe homenagem da imprensa local"}]},{"@type":"WebSite","@id":"https:\/\/portalmf.com.br\/#website","url":"https:\/\/portalmf.com.br\/","name":"Portal MF","description":"Voc\u00ea conectado com a informa\u00e7\u00e3o","potentialAction":[{"@type":"SearchAction","target":{"@type":"EntryPoint","urlTemplate":"https:\/\/portalmf.com.br\/?s={search_term_string}"},"query-input":"required name=search_term_string"}],"inLanguage":"pt-BR"},{"@type":"Person","@id":"https:\/\/portalmf.com.br\/#\/schema\/person\/9ec101baf56233e53520c26de5d6f6f0","name":"Reda\u00e7\u00e3o Portal MF","image":{"@type":"ImageObject","inLanguage":"pt-BR","@id":"https:\/\/portalmf.com.br\/#\/schema\/person\/image\/","url":"https:\/\/secure.gravatar.com\/avatar\/41b9aaeb2100835f7c64362330f74c7f?s=96&d=mm&r=g","contentUrl":"https:\/\/secure.gravatar.com\/avatar\/41b9aaeb2100835f7c64362330f74c7f?s=96&d=mm&r=g","caption":"Reda\u00e7\u00e3o Portal MF"},"description":"Sejam bem-vindos o portal de informa\u00e7\u00f5es de entretenimento de Feira de Santana, desde 2006 realiza coberturas dos principais eventos com entrevistas exclusivas com as principais personalidades mundiais. Fique conectado tamb\u00e9m nas redes sociais.","sameAs":["http:\/\/www.portalmf.com.br\/","https:\/\/www.facebook.com\/portalmfoficial","https:\/\/www.instagram.com\/portalmf\/","https:\/\/x.com\/https:\/\/x.com\/portalmfoficial","https:\/\/www.youtube.com\/@portalmfoficial"],"url":"https:\/\/portalmf.com.br\/index.php\/author\/junior\/"}]}},"_links":{"self":[{"href":"https:\/\/portalmf.com.br\/index.php\/wp-json\/wp\/v2\/posts\/35905"}],"collection":[{"href":"https:\/\/portalmf.com.br\/index.php\/wp-json\/wp\/v2\/posts"}],"about":[{"href":"https:\/\/portalmf.com.br\/index.php\/wp-json\/wp\/v2\/types\/post"}],"author":[{"embeddable":true,"href":"https:\/\/portalmf.com.br\/index.php\/wp-json\/wp\/v2\/users\/3"}],"replies":[{"embeddable":true,"href":"https:\/\/portalmf.com.br\/index.php\/wp-json\/wp\/v2\/comments?post=35905"}],"version-history":[{"count":1,"href":"https:\/\/portalmf.com.br\/index.php\/wp-json\/wp\/v2\/posts\/35905\/revisions"}],"predecessor-version":[{"id":35909,"href":"https:\/\/portalmf.com.br\/index.php\/wp-json\/wp\/v2\/posts\/35905\/revisions\/35909"}],"wp:featuredmedia":[{"embeddable":true,"href":"https:\/\/portalmf.com.br\/index.php\/wp-json\/wp\/v2\/media\/35907"}],"wp:attachment":[{"href":"https:\/\/portalmf.com.br\/index.php\/wp-json\/wp\/v2\/media?parent=35905"}],"wp:term":[{"taxonomy":"category","embeddable":true,"href":"https:\/\/portalmf.com.br\/index.php\/wp-json\/wp\/v2\/categories?post=35905"},{"taxonomy":"post_tag","embeddable":true,"href":"https:\/\/portalmf.com.br\/index.php\/wp-json\/wp\/v2\/tags?post=35905"}],"curies":[{"name":"wp","href":"https:\/\/api.w.org\/{rel}","templated":true}]}}