{"id":35902,"date":"2025-05-03T13:43:26","date_gmt":"2025-05-03T16:43:26","guid":{"rendered":"https:\/\/portalmf.com.br\/?p=35902"},"modified":"2025-05-03T13:43:28","modified_gmt":"2025-05-03T16:43:28","slug":"secretario-de-saude-faz-balanco-de-atendimentos-na-micareta-de-feira","status":"publish","type":"post","link":"https:\/\/portalmf.com.br\/index.php\/2025\/05\/03\/secretario-de-saude-faz-balanco-de-atendimentos-na-micareta-de-feira\/","title":{"rendered":"Secret\u00e1rio de Sa\u00fade faz balan\u00e7o de atendimentos na Micareta de Feira"},"content":{"rendered":"\n<p><strong>Por: Walace Almeida<\/strong><\/p>\n\n\n\n<p>O secret\u00e1rio Municipal de Sa\u00fade, Rodrigo Matos, avaliou positivamente o in\u00edcio do trabalho das unidades de sa\u00fade da Micareta de Feira 2025. De acordo com o chefe da pasta do munic\u00edpio, embora o equipamento este ano seja robusto e completamente apto, nenhuma ocorr\u00eancia grave foi atendida.<\/p>\n\n\n\n<p>\u201cA avalia\u00e7\u00e3o \u00e9 muito positiva, gra\u00e7as a Deus, sem nenhuma ocorr\u00eancia grave, com as duas unidades de sa\u00fade que temos resolvendo as demandas, sem sobrecarregar a retaguarda, o que \u00e9 importante. Nosso equipamento est\u00e1 robusto e apto para reverter uma eventual parada card\u00edaca, camas para gestantes em trabalho de parto, enfermeiros, obstetr\u00edcias, m\u00e9dicos respons\u00e1veis por isso. S\u00e3o 30 leitos, juntando as duas unidades, ent\u00e3o estamos preparados\u201d, explicou.<\/p>\n\n\n\n<p>Rodrigo Matos ainda fez um balan\u00e7o dos atendimentos m\u00e9dicos no primeiro dia da festa, um n\u00famero relativamente baixo, segundo ele, nas duas unidades dispon\u00edveis na Avenida.<\/p>\n\n\n\n<p>\u201cNo primeiro dia atendemos 90 pessoas, 19 no posto menor, localizada no estacionamento da Par\u00f3quia Santo Ant\u00f4nio, e 71 no posto maior, no cruzamento das Avenidas Jo\u00e3o Durval e Presidente Dutra, na Igreja do bispo Bruno Leonardo. No segundo dia, o movimento j\u00e1 foi menor, por\u00e9m a organiza\u00e7\u00e3o da festa, principalmente no quesito seguran\u00e7a, tem contribu\u00eddo positivamente para a nossa atua\u00e7\u00e3o. Isso facilita\u201d, afirmou.<\/p>\n","protected":false},"excerpt":{"rendered":"<p>Por: Walace Almeida O secret\u00e1rio Municipal de Sa\u00fade, Rodrigo Matos, avaliou positivamente o in\u00edcio do trabalho das unidades de sa\u00fade da Micareta de Feira 2025. De acordo com o chefe da pasta do munic\u00edpio, embora o equipamento este ano seja robusto e completamente apto, nenhuma ocorr\u00eancia grave foi atendida. \u201cA avalia\u00e7\u00e3o \u00e9 muito positiva, gra\u00e7as [&hellip;]<\/p>\n","protected":false},"author":3,"featured_media":35903,"comment_status":"open","ping_status":"open","sticky":false,"template":"","format":"standard","meta":{"_monsterinsights_skip_tracking":false,"_monsterinsights_sitenote_active":false,"_monsterinsights_sitenote_note":"","_monsterinsights_sitenote_category":0,"footnotes":""},"categories":[48,39],"tags":[],"yoast_head":"<!-- This site is optimized with the Yoast SEO plugin v22.9 - https:\/\/yoast.com\/wordpress\/plugins\/seo\/ -->\n<title>Secret\u00e1rio de Sa\u00fade faz balan\u00e7o de atendimentos na Micareta de Feira - Portal MF<\/title>\n<meta name=\"robots\" content=\"index, follow, max-snippet:-1, max-image-preview:large, max-video-preview:-1\" \/>\n<link rel=\"canonical\" href=\"https:\/\/portalmf.com.br\/index.php\/2025\/05\/03\/secretario-de-saude-faz-balanco-de-atendimentos-na-micareta-de-feira\/\" \/>\n<meta property=\"og:locale\" content=\"pt_BR\" \/>\n<meta property=\"og:type\" content=\"article\" \/>\n<meta property=\"og:title\" content=\"Secret\u00e1rio de Sa\u00fade faz balan\u00e7o de atendimentos na Micareta de Feira - Portal MF\" \/>\n<meta property=\"og:description\" content=\"Por: Walace Almeida O secret\u00e1rio Municipal de Sa\u00fade, Rodrigo Matos, avaliou positivamente o in\u00edcio do trabalho das unidades de sa\u00fade da Micareta de Feira 2025. De acordo com o chefe da pasta do munic\u00edpio, embora o equipamento este ano seja robusto e completamente apto, nenhuma ocorr\u00eancia grave foi atendida. \u201cA avalia\u00e7\u00e3o \u00e9 muito positiva, gra\u00e7as [&hellip;]\" \/>\n<meta property=\"og:url\" content=\"https:\/\/portalmf.com.br\/index.php\/2025\/05\/03\/secretario-de-saude-faz-balanco-de-atendimentos-na-micareta-de-feira\/\" \/>\n<meta property=\"og:site_name\" content=\"Portal MF\" \/>\n<meta property=\"article:author\" content=\"https:\/\/www.facebook.com\/portalmfoficial\" \/>\n<meta property=\"article:published_time\" content=\"2025-05-03T16:43:26+00:00\" \/>\n<meta property=\"article:modified_time\" content=\"2025-05-03T16:43:28+00:00\" \/>\n<meta property=\"og:image\" content=\"https:\/\/portalmf.com.br\/wp-content\/uploads\/2025\/05\/Rodrigo-Matos-Micareta-2025-e1746290597344.jpg\" \/>\n\t<meta property=\"og:image:width\" content=\"1200\" \/>\n\t<meta property=\"og:image:height\" content=\"869\" \/>\n\t<meta property=\"og:image:type\" content=\"image\/jpeg\" \/>\n<meta name=\"author\" content=\"Reda\u00e7\u00e3o Portal MF\" \/>\n<meta name=\"twitter:card\" content=\"summary_large_image\" \/>\n<meta name=\"twitter:creator\" content=\"@https:\/\/x.com\/portalmfoficial\" \/>\n<meta name=\"twitter:label1\" content=\"Escrito por\" \/>\n\t<meta name=\"twitter:data1\" content=\"Reda\u00e7\u00e3o Portal MF\" \/>\n\t<meta name=\"twitter:label2\" content=\"Est. tempo de leitura\" \/>\n\t<meta name=\"twitter:data2\" content=\"2 minutos\" \/>\n<script type=\"application\/ld+json\" class=\"yoast-schema-graph\">{\"@context\":\"https:\/\/schema.org\",\"@graph\":[{\"@type\":\"WebPage\",\"@id\":\"https:\/\/portalmf.com.br\/index.php\/2025\/05\/03\/secretario-de-saude-faz-balanco-de-atendimentos-na-micareta-de-feira\/\",\"url\":\"https:\/\/portalmf.com.br\/index.php\/2025\/05\/03\/secretario-de-saude-faz-balanco-de-atendimentos-na-micareta-de-feira\/\",\"name\":\"Secret\u00e1rio de Sa\u00fade faz balan\u00e7o de atendimentos na Micareta de Feira - Portal MF\",\"isPartOf\":{\"@id\":\"https:\/\/portalmf.com.br\/#website\"},\"primaryImageOfPage\":{\"@id\":\"https:\/\/portalmf.com.br\/index.php\/2025\/05\/03\/secretario-de-saude-faz-balanco-de-atendimentos-na-micareta-de-feira\/#primaryimage\"},\"image\":{\"@id\":\"https:\/\/portalmf.com.br\/index.php\/2025\/05\/03\/secretario-de-saude-faz-balanco-de-atendimentos-na-micareta-de-feira\/#primaryimage\"},\"thumbnailUrl\":\"https:\/\/portalmf.com.br\/wp-content\/uploads\/2025\/05\/Rodrigo-Matos-Micareta-2025-e1746290597344.jpg\",\"datePublished\":\"2025-05-03T16:43:26+00:00\",\"dateModified\":\"2025-05-03T16:43:28+00:00\",\"author\":{\"@id\":\"https:\/\/portalmf.com.br\/#\/schema\/person\/9ec101baf56233e53520c26de5d6f6f0\"},\"breadcrumb\":{\"@id\":\"https:\/\/portalmf.com.br\/index.php\/2025\/05\/03\/secretario-de-saude-faz-balanco-de-atendimentos-na-micareta-de-feira\/#breadcrumb\"},\"inLanguage\":\"pt-BR\",\"potentialAction\":[{\"@type\":\"ReadAction\",\"target\":[\"https:\/\/portalmf.com.br\/index.php\/2025\/05\/03\/secretario-de-saude-faz-balanco-de-atendimentos-na-micareta-de-feira\/\"]}]},{\"@type\":\"ImageObject\",\"inLanguage\":\"pt-BR\",\"@id\":\"https:\/\/portalmf.com.br\/index.php\/2025\/05\/03\/secretario-de-saude-faz-balanco-de-atendimentos-na-micareta-de-feira\/#primaryimage\",\"url\":\"https:\/\/portalmf.com.br\/wp-content\/uploads\/2025\/05\/Rodrigo-Matos-Micareta-2025-e1746290597344.jpg\",\"contentUrl\":\"https:\/\/portalmf.com.br\/wp-content\/uploads\/2025\/05\/Rodrigo-Matos-Micareta-2025-e1746290597344.jpg\",\"width\":1200,\"height\":869},{\"@type\":\"BreadcrumbList\",\"@id\":\"https:\/\/portalmf.com.br\/index.php\/2025\/05\/03\/secretario-de-saude-faz-balanco-de-atendimentos-na-micareta-de-feira\/#breadcrumb\",\"itemListElement\":[{\"@type\":\"ListItem\",\"position\":1,\"name\":\"In\u00edcio\",\"item\":\"https:\/\/portalmf.com.br\/\"},{\"@type\":\"ListItem\",\"position\":2,\"name\":\"Secret\u00e1rio de Sa\u00fade faz balan\u00e7o de atendimentos na Micareta de Feira\"}]},{\"@type\":\"WebSite\",\"@id\":\"https:\/\/portalmf.com.br\/#website\",\"url\":\"https:\/\/portalmf.com.br\/\",\"name\":\"Portal MF\",\"description\":\"Voc\u00ea conectado com a informa\u00e7\u00e3o\",\"potentialAction\":[{\"@type\":\"SearchAction\",\"target\":{\"@type\":\"EntryPoint\",\"urlTemplate\":\"https:\/\/portalmf.com.br\/?s={search_term_string}\"},\"query-input\":\"required name=search_term_string\"}],\"inLanguage\":\"pt-BR\"},{\"@type\":\"Person\",\"@id\":\"https:\/\/portalmf.com.br\/#\/schema\/person\/9ec101baf56233e53520c26de5d6f6f0\",\"name\":\"Reda\u00e7\u00e3o Portal MF\",\"image\":{\"@type\":\"ImageObject\",\"inLanguage\":\"pt-BR\",\"@id\":\"https:\/\/portalmf.com.br\/#\/schema\/person\/image\/\",\"url\":\"https:\/\/secure.gravatar.com\/avatar\/41b9aaeb2100835f7c64362330f74c7f?s=96&d=mm&r=g\",\"contentUrl\":\"https:\/\/secure.gravatar.com\/avatar\/41b9aaeb2100835f7c64362330f74c7f?s=96&d=mm&r=g\",\"caption\":\"Reda\u00e7\u00e3o Portal MF\"},\"description\":\"Sejam bem-vindos o portal de informa\u00e7\u00f5es de entretenimento de Feira de Santana, desde 2006 realiza coberturas dos principais eventos com entrevistas exclusivas com as principais personalidades mundiais. Fique conectado tamb\u00e9m nas redes sociais.\",\"sameAs\":[\"http:\/\/www.portalmf.com.br\/\",\"https:\/\/www.facebook.com\/portalmfoficial\",\"https:\/\/www.instagram.com\/portalmf\/\",\"https:\/\/x.com\/https:\/\/x.com\/portalmfoficial\",\"https:\/\/www.youtube.com\/@portalmfoficial\"],\"url\":\"https:\/\/portalmf.com.br\/index.php\/author\/junior\/\"}]}<\/script>\n<!-- \/ Yoast SEO plugin. -->","yoast_head_json":{"title":"Secret\u00e1rio de Sa\u00fade faz balan\u00e7o de atendimentos na Micareta de Feira - Portal MF","robots":{"index":"index","follow":"follow","max-snippet":"max-snippet:-1","max-image-preview":"max-image-preview:large","max-video-preview":"max-video-preview:-1"},"canonical":"https:\/\/portalmf.com.br\/index.php\/2025\/05\/03\/secretario-de-saude-faz-balanco-de-atendimentos-na-micareta-de-feira\/","og_locale":"pt_BR","og_type":"article","og_title":"Secret\u00e1rio de Sa\u00fade faz balan\u00e7o de atendimentos na Micareta de Feira - Portal MF","og_description":"Por: Walace Almeida O secret\u00e1rio Municipal de Sa\u00fade, Rodrigo Matos, avaliou positivamente o in\u00edcio do trabalho das unidades de sa\u00fade da Micareta de Feira 2025. De acordo com o chefe da pasta do munic\u00edpio, embora o equipamento este ano seja robusto e completamente apto, nenhuma ocorr\u00eancia grave foi atendida. \u201cA avalia\u00e7\u00e3o \u00e9 muito positiva, gra\u00e7as [&hellip;]","og_url":"https:\/\/portalmf.com.br\/index.php\/2025\/05\/03\/secretario-de-saude-faz-balanco-de-atendimentos-na-micareta-de-feira\/","og_site_name":"Portal MF","article_author":"https:\/\/www.facebook.com\/portalmfoficial","article_published_time":"2025-05-03T16:43:26+00:00","article_modified_time":"2025-05-03T16:43:28+00:00","og_image":[{"width":1200,"height":869,"url":"https:\/\/portalmf.com.br\/wp-content\/uploads\/2025\/05\/Rodrigo-Matos-Micareta-2025-e1746290597344.jpg","type":"image\/jpeg"}],"author":"Reda\u00e7\u00e3o Portal MF","twitter_card":"summary_large_image","twitter_creator":"@https:\/\/x.com\/portalmfoficial","twitter_misc":{"Escrito por":"Reda\u00e7\u00e3o Portal MF","Est. tempo de leitura":"2 minutos"},"schema":{"@context":"https:\/\/schema.org","@graph":[{"@type":"WebPage","@id":"https:\/\/portalmf.com.br\/index.php\/2025\/05\/03\/secretario-de-saude-faz-balanco-de-atendimentos-na-micareta-de-feira\/","url":"https:\/\/portalmf.com.br\/index.php\/2025\/05\/03\/secretario-de-saude-faz-balanco-de-atendimentos-na-micareta-de-feira\/","name":"Secret\u00e1rio de Sa\u00fade faz balan\u00e7o de atendimentos na Micareta de Feira - Portal MF","isPartOf":{"@id":"https:\/\/portalmf.com.br\/#website"},"primaryImageOfPage":{"@id":"https:\/\/portalmf.com.br\/index.php\/2025\/05\/03\/secretario-de-saude-faz-balanco-de-atendimentos-na-micareta-de-feira\/#primaryimage"},"image":{"@id":"https:\/\/portalmf.com.br\/index.php\/2025\/05\/03\/secretario-de-saude-faz-balanco-de-atendimentos-na-micareta-de-feira\/#primaryimage"},"thumbnailUrl":"https:\/\/portalmf.com.br\/wp-content\/uploads\/2025\/05\/Rodrigo-Matos-Micareta-2025-e1746290597344.jpg","datePublished":"2025-05-03T16:43:26+00:00","dateModified":"2025-05-03T16:43:28+00:00","author":{"@id":"https:\/\/portalmf.com.br\/#\/schema\/person\/9ec101baf56233e53520c26de5d6f6f0"},"breadcrumb":{"@id":"https:\/\/portalmf.com.br\/index.php\/2025\/05\/03\/secretario-de-saude-faz-balanco-de-atendimentos-na-micareta-de-feira\/#breadcrumb"},"inLanguage":"pt-BR","potentialAction":[{"@type":"ReadAction","target":["https:\/\/portalmf.com.br\/index.php\/2025\/05\/03\/secretario-de-saude-faz-balanco-de-atendimentos-na-micareta-de-feira\/"]}]},{"@type":"ImageObject","inLanguage":"pt-BR","@id":"https:\/\/portalmf.com.br\/index.php\/2025\/05\/03\/secretario-de-saude-faz-balanco-de-atendimentos-na-micareta-de-feira\/#primaryimage","url":"https:\/\/portalmf.com.br\/wp-content\/uploads\/2025\/05\/Rodrigo-Matos-Micareta-2025-e1746290597344.jpg","contentUrl":"https:\/\/portalmf.com.br\/wp-content\/uploads\/2025\/05\/Rodrigo-Matos-Micareta-2025-e1746290597344.jpg","width":1200,"height":869},{"@type":"BreadcrumbList","@id":"https:\/\/portalmf.com.br\/index.php\/2025\/05\/03\/secretario-de-saude-faz-balanco-de-atendimentos-na-micareta-de-feira\/#breadcrumb","itemListElement":[{"@type":"ListItem","position":1,"name":"In\u00edcio","item":"https:\/\/portalmf.com.br\/"},{"@type":"ListItem","position":2,"name":"Secret\u00e1rio de Sa\u00fade faz balan\u00e7o de atendimentos na Micareta de Feira"}]},{"@type":"WebSite","@id":"https:\/\/portalmf.com.br\/#website","url":"https:\/\/portalmf.com.br\/","name":"Portal MF","description":"Voc\u00ea conectado com a informa\u00e7\u00e3o","potentialAction":[{"@type":"SearchAction","target":{"@type":"EntryPoint","urlTemplate":"https:\/\/portalmf.com.br\/?s={search_term_string}"},"query-input":"required name=search_term_string"}],"inLanguage":"pt-BR"},{"@type":"Person","@id":"https:\/\/portalmf.com.br\/#\/schema\/person\/9ec101baf56233e53520c26de5d6f6f0","name":"Reda\u00e7\u00e3o Portal MF","image":{"@type":"ImageObject","inLanguage":"pt-BR","@id":"https:\/\/portalmf.com.br\/#\/schema\/person\/image\/","url":"https:\/\/secure.gravatar.com\/avatar\/41b9aaeb2100835f7c64362330f74c7f?s=96&d=mm&r=g","contentUrl":"https:\/\/secure.gravatar.com\/avatar\/41b9aaeb2100835f7c64362330f74c7f?s=96&d=mm&r=g","caption":"Reda\u00e7\u00e3o Portal MF"},"description":"Sejam bem-vindos o portal de informa\u00e7\u00f5es de entretenimento de Feira de Santana, desde 2006 realiza coberturas dos principais eventos com entrevistas exclusivas com as principais personalidades mundiais. Fique conectado tamb\u00e9m nas redes sociais.","sameAs":["http:\/\/www.portalmf.com.br\/","https:\/\/www.facebook.com\/portalmfoficial","https:\/\/www.instagram.com\/portalmf\/","https:\/\/x.com\/https:\/\/x.com\/portalmfoficial","https:\/\/www.youtube.com\/@portalmfoficial"],"url":"https:\/\/portalmf.com.br\/index.php\/author\/junior\/"}]}},"_links":{"self":[{"href":"https:\/\/portalmf.com.br\/index.php\/wp-json\/wp\/v2\/posts\/35902"}],"collection":[{"href":"https:\/\/portalmf.com.br\/index.php\/wp-json\/wp\/v2\/posts"}],"about":[{"href":"https:\/\/portalmf.com.br\/index.php\/wp-json\/wp\/v2\/types\/post"}],"author":[{"embeddable":true,"href":"https:\/\/portalmf.com.br\/index.php\/wp-json\/wp\/v2\/users\/3"}],"replies":[{"embeddable":true,"href":"https:\/\/portalmf.com.br\/index.php\/wp-json\/wp\/v2\/comments?post=35902"}],"version-history":[{"count":1,"href":"https:\/\/portalmf.com.br\/index.php\/wp-json\/wp\/v2\/posts\/35902\/revisions"}],"predecessor-version":[{"id":35904,"href":"https:\/\/portalmf.com.br\/index.php\/wp-json\/wp\/v2\/posts\/35902\/revisions\/35904"}],"wp:featuredmedia":[{"embeddable":true,"href":"https:\/\/portalmf.com.br\/index.php\/wp-json\/wp\/v2\/media\/35903"}],"wp:attachment":[{"href":"https:\/\/portalmf.com.br\/index.php\/wp-json\/wp\/v2\/media?parent=35902"}],"wp:term":[{"taxonomy":"category","embeddable":true,"href":"https:\/\/portalmf.com.br\/index.php\/wp-json\/wp\/v2\/categories?post=35902"},{"taxonomy":"post_tag","embeddable":true,"href":"https:\/\/portalmf.com.br\/index.php\/wp-json\/wp\/v2\/tags?post=35902"}],"curies":[{"name":"wp","href":"https:\/\/api.w.org\/{rel}","templated":true}]}}