{"id":3590,"date":"2022-08-25T13:56:34","date_gmt":"2022-08-25T16:56:34","guid":{"rendered":"http:\/\/portalmf.com.br\/?p=3590"},"modified":"2022-08-25T13:56:35","modified_gmt":"2022-08-25T16:56:35","slug":"otto-alencar-tem-32-das-intencoes-de-voto-para-o-senado-na-bahia-diz-pesquisa-datafolha","status":"publish","type":"post","link":"https:\/\/portalmf.com.br\/index.php\/2022\/08\/25\/otto-alencar-tem-32-das-intencoes-de-voto-para-o-senado-na-bahia-diz-pesquisa-datafolha\/","title":{"rendered":"Otto Alencar tem 32% das inten\u00e7\u00f5es de voto para o Senado na Bahia, diz pesquisa Datafolha"},"content":{"rendered":"\n<p>Levantamento do Instituto Datafolha divulgado nesta sexta-feira (24), e encomendado pela R\u00e1dio &#8220;Metr\u00f3pole&#8221;, revela os \u00edndices de inten\u00e7\u00e3o de voto para o cargo de senador pela Bahia.<\/p>\n\n\n\n<p>O candidato do PSD, Otto Alencar, lidera a disputa pelo primeiro turno com 32% das inten\u00e7\u00f5es de voto, seguido por Cac\u00e1 Le\u00e3o (PP), com 10%, e Raissa Soares aparece em terceiro com 7%.<\/p>\n\n\n\n<p>C\u00edcero Ara\u00fajo do PCO tem 6% e T\u00e2mara Azevedo, do PSOL, tem 4%, mesmo percentual de Marcelo Barreto, do PMN. Brancos e nulos s\u00e3o 21% e 16% n\u00e3o sabe.<\/p>\n\n\n\n<p>Foram realizadas 1008 entrevistas no Estado da Bahia, distribu\u00eddas em 63 munic\u00edpios. A margem de erro m\u00e1xima para o total da amostra \u00e9 de 3 pontos percentuais, para mais ou para menos, dentro do n\u00edvel de confian\u00e7a de 95%.<\/p>\n\n\n\n<p>A pesquisa est\u00e1 registrada no Tribunal Superior Eleitoral como os c\u00f3digos BA-01548\/2022 e BR-05675\/2022.<\/p>\n\n\n\n<p><strong>Resposta estimulada de inten\u00e7\u00f5es de voto para o Senado<\/strong><\/p>\n\n\n\n<ul><li>Otto Alencar (PSD) &#8211; 32%<\/li><li>Cac\u00e1 Le\u00e3o (PP) &#8211; 10%<\/li><li>Raissa Soares (PL) &#8211; 7%<\/li><li>C\u00edcero Ara\u00fajo (PCO) &#8211; 6%<\/li><li>T\u00e2mara Azevedo (PSOL) &#8211; 4%<\/li><li>Marcelo Barreto (PMN) &#8211; 4%<\/li><li>Brancos e nulos s\u00e3o &#8211; 21%<\/li><li>N\u00e3o sabe &#8211; 16%<\/li><\/ul>\n\n\n\n<p>Com informa\u00e7\u00f5es do G1 Bahia<\/p>\n","protected":false},"excerpt":{"rendered":"<p>Levantamento do Instituto Datafolha divulgado nesta sexta-feira (24), e encomendado pela R\u00e1dio &#8220;Metr\u00f3pole&#8221;, revela os \u00edndices de inten\u00e7\u00e3o de voto para o cargo de senador pela Bahia. O candidato do PSD, Otto Alencar, lidera a disputa pelo primeiro turno com 32% das inten\u00e7\u00f5es de voto, seguido por Cac\u00e1 Le\u00e3o (PP), com 10%, e Raissa Soares [&hellip;]<\/p>\n","protected":false},"author":2,"featured_media":3591,"comment_status":"open","ping_status":"open","sticky":false,"template":"","format":"standard","meta":{"_monsterinsights_skip_tracking":false,"_monsterinsights_sitenote_active":false,"_monsterinsights_sitenote_note":"","_monsterinsights_sitenote_category":0,"footnotes":""},"categories":[34],"tags":[],"yoast_head":"<!-- This site is optimized with the Yoast SEO plugin v22.9 - https:\/\/yoast.com\/wordpress\/plugins\/seo\/ -->\n<title>Otto Alencar tem 32% das inten\u00e7\u00f5es de voto para o Senado na Bahia, diz pesquisa Datafolha - Portal MF<\/title>\n<meta name=\"robots\" content=\"index, follow, max-snippet:-1, max-image-preview:large, max-video-preview:-1\" \/>\n<link rel=\"canonical\" href=\"https:\/\/portalmf.com.br\/index.php\/2022\/08\/25\/otto-alencar-tem-32-das-intencoes-de-voto-para-o-senado-na-bahia-diz-pesquisa-datafolha\/\" \/>\n<meta property=\"og:locale\" content=\"pt_BR\" \/>\n<meta property=\"og:type\" content=\"article\" \/>\n<meta property=\"og:title\" content=\"Otto Alencar tem 32% das inten\u00e7\u00f5es de voto para o Senado na Bahia, diz pesquisa Datafolha - Portal MF\" \/>\n<meta property=\"og:description\" content=\"Levantamento do Instituto Datafolha divulgado nesta sexta-feira (24), e encomendado pela R\u00e1dio &#8220;Metr\u00f3pole&#8221;, revela os \u00edndices de inten\u00e7\u00e3o de voto para o cargo de senador pela Bahia. O candidato do PSD, Otto Alencar, lidera a disputa pelo primeiro turno com 32% das inten\u00e7\u00f5es de voto, seguido por Cac\u00e1 Le\u00e3o (PP), com 10%, e Raissa Soares [&hellip;]\" \/>\n<meta property=\"og:url\" content=\"https:\/\/portalmf.com.br\/index.php\/2022\/08\/25\/otto-alencar-tem-32-das-intencoes-de-voto-para-o-senado-na-bahia-diz-pesquisa-datafolha\/\" \/>\n<meta property=\"og:site_name\" content=\"Portal MF\" \/>\n<meta property=\"article:author\" content=\"reginaldojrfsa\" \/>\n<meta property=\"article:published_time\" content=\"2022-08-25T16:56:34+00:00\" \/>\n<meta property=\"article:modified_time\" content=\"2022-08-25T16:56:35+00:00\" \/>\n<meta property=\"og:image\" content=\"https:\/\/portalmf.com.br\/wp-content\/uploads\/2022\/08\/otto.jpg\" \/>\n\t<meta property=\"og:image:width\" content=\"1280\" \/>\n\t<meta property=\"og:image:height\" content=\"854\" \/>\n\t<meta property=\"og:image:type\" content=\"image\/jpeg\" \/>\n<meta name=\"author\" content=\"Reginaldo J\u00fanior\" \/>\n<meta name=\"twitter:card\" content=\"summary_large_image\" \/>\n<meta name=\"twitter:creator\" content=\"@reginaldojrmf\" \/>\n<meta name=\"twitter:label1\" content=\"Escrito por\" \/>\n\t<meta name=\"twitter:data1\" content=\"Reginaldo J\u00fanior\" \/>\n\t<meta name=\"twitter:label2\" content=\"Est. tempo de leitura\" \/>\n\t<meta name=\"twitter:data2\" content=\"2 minutos\" \/>\n<script type=\"application\/ld+json\" class=\"yoast-schema-graph\">{\"@context\":\"https:\/\/schema.org\",\"@graph\":[{\"@type\":\"WebPage\",\"@id\":\"https:\/\/portalmf.com.br\/index.php\/2022\/08\/25\/otto-alencar-tem-32-das-intencoes-de-voto-para-o-senado-na-bahia-diz-pesquisa-datafolha\/\",\"url\":\"https:\/\/portalmf.com.br\/index.php\/2022\/08\/25\/otto-alencar-tem-32-das-intencoes-de-voto-para-o-senado-na-bahia-diz-pesquisa-datafolha\/\",\"name\":\"Otto Alencar tem 32% das inten\u00e7\u00f5es de voto para o Senado na Bahia, diz pesquisa Datafolha - Portal MF\",\"isPartOf\":{\"@id\":\"https:\/\/portalmf.com.br\/#website\"},\"primaryImageOfPage\":{\"@id\":\"https:\/\/portalmf.com.br\/index.php\/2022\/08\/25\/otto-alencar-tem-32-das-intencoes-de-voto-para-o-senado-na-bahia-diz-pesquisa-datafolha\/#primaryimage\"},\"image\":{\"@id\":\"https:\/\/portalmf.com.br\/index.php\/2022\/08\/25\/otto-alencar-tem-32-das-intencoes-de-voto-para-o-senado-na-bahia-diz-pesquisa-datafolha\/#primaryimage\"},\"thumbnailUrl\":\"https:\/\/portalmf.com.br\/wp-content\/uploads\/2022\/08\/otto.jpg\",\"datePublished\":\"2022-08-25T16:56:34+00:00\",\"dateModified\":\"2022-08-25T16:56:35+00:00\",\"author\":{\"@id\":\"https:\/\/portalmf.com.br\/#\/schema\/person\/11c82086fe8abc05a19147e964587285\"},\"breadcrumb\":{\"@id\":\"https:\/\/portalmf.com.br\/index.php\/2022\/08\/25\/otto-alencar-tem-32-das-intencoes-de-voto-para-o-senado-na-bahia-diz-pesquisa-datafolha\/#breadcrumb\"},\"inLanguage\":\"pt-BR\",\"potentialAction\":[{\"@type\":\"ReadAction\",\"target\":[\"https:\/\/portalmf.com.br\/index.php\/2022\/08\/25\/otto-alencar-tem-32-das-intencoes-de-voto-para-o-senado-na-bahia-diz-pesquisa-datafolha\/\"]}]},{\"@type\":\"ImageObject\",\"inLanguage\":\"pt-BR\",\"@id\":\"https:\/\/portalmf.com.br\/index.php\/2022\/08\/25\/otto-alencar-tem-32-das-intencoes-de-voto-para-o-senado-na-bahia-diz-pesquisa-datafolha\/#primaryimage\",\"url\":\"https:\/\/portalmf.com.br\/wp-content\/uploads\/2022\/08\/otto.jpg\",\"contentUrl\":\"https:\/\/portalmf.com.br\/wp-content\/uploads\/2022\/08\/otto.jpg\",\"width\":1280,\"height\":854},{\"@type\":\"BreadcrumbList\",\"@id\":\"https:\/\/portalmf.com.br\/index.php\/2022\/08\/25\/otto-alencar-tem-32-das-intencoes-de-voto-para-o-senado-na-bahia-diz-pesquisa-datafolha\/#breadcrumb\",\"itemListElement\":[{\"@type\":\"ListItem\",\"position\":1,\"name\":\"In\u00edcio\",\"item\":\"https:\/\/portalmf.com.br\/\"},{\"@type\":\"ListItem\",\"position\":2,\"name\":\"Otto Alencar tem 32% das inten\u00e7\u00f5es de voto para o Senado na Bahia, diz pesquisa Datafolha\"}]},{\"@type\":\"WebSite\",\"@id\":\"https:\/\/portalmf.com.br\/#website\",\"url\":\"https:\/\/portalmf.com.br\/\",\"name\":\"Portal MF\",\"description\":\"Voc\u00ea conectado com a informa\u00e7\u00e3o\",\"potentialAction\":[{\"@type\":\"SearchAction\",\"target\":{\"@type\":\"EntryPoint\",\"urlTemplate\":\"https:\/\/portalmf.com.br\/?s={search_term_string}\"},\"query-input\":\"required name=search_term_string\"}],\"inLanguage\":\"pt-BR\"},{\"@type\":\"Person\",\"@id\":\"https:\/\/portalmf.com.br\/#\/schema\/person\/11c82086fe8abc05a19147e964587285\",\"name\":\"Reginaldo J\u00fanior\",\"image\":{\"@type\":\"ImageObject\",\"inLanguage\":\"pt-BR\",\"@id\":\"https:\/\/portalmf.com.br\/#\/schema\/person\/image\/\",\"url\":\"https:\/\/secure.gravatar.com\/avatar\/32a3c797cd0ac47cc53b8644c62776f9?s=96&d=mm&r=g\",\"contentUrl\":\"https:\/\/secure.gravatar.com\/avatar\/32a3c797cd0ac47cc53b8644c62776f9?s=96&d=mm&r=g\",\"caption\":\"Reginaldo J\u00fanior\"},\"description\":\"Jornalista e idealizador Portal MF\",\"sameAs\":[\"https:\/\/portalmf.com.br\/index.php\/author\/reginaldojr\/\",\"reginaldojrfsa\",\"reginaldojuniormf\",\"https:\/\/x.com\/reginaldojrmf\"],\"url\":\"https:\/\/portalmf.com.br\/index.php\/author\/reginaldojr\/\"}]}<\/script>\n<!-- \/ Yoast SEO plugin. -->","yoast_head_json":{"title":"Otto Alencar tem 32% das inten\u00e7\u00f5es de voto para o Senado na Bahia, diz pesquisa Datafolha - Portal MF","robots":{"index":"index","follow":"follow","max-snippet":"max-snippet:-1","max-image-preview":"max-image-preview:large","max-video-preview":"max-video-preview:-1"},"canonical":"https:\/\/portalmf.com.br\/index.php\/2022\/08\/25\/otto-alencar-tem-32-das-intencoes-de-voto-para-o-senado-na-bahia-diz-pesquisa-datafolha\/","og_locale":"pt_BR","og_type":"article","og_title":"Otto Alencar tem 32% das inten\u00e7\u00f5es de voto para o Senado na Bahia, diz pesquisa Datafolha - Portal MF","og_description":"Levantamento do Instituto Datafolha divulgado nesta sexta-feira (24), e encomendado pela R\u00e1dio &#8220;Metr\u00f3pole&#8221;, revela os \u00edndices de inten\u00e7\u00e3o de voto para o cargo de senador pela Bahia. O candidato do PSD, Otto Alencar, lidera a disputa pelo primeiro turno com 32% das inten\u00e7\u00f5es de voto, seguido por Cac\u00e1 Le\u00e3o (PP), com 10%, e Raissa Soares [&hellip;]","og_url":"https:\/\/portalmf.com.br\/index.php\/2022\/08\/25\/otto-alencar-tem-32-das-intencoes-de-voto-para-o-senado-na-bahia-diz-pesquisa-datafolha\/","og_site_name":"Portal MF","article_author":"reginaldojrfsa","article_published_time":"2022-08-25T16:56:34+00:00","article_modified_time":"2022-08-25T16:56:35+00:00","og_image":[{"width":1280,"height":854,"url":"https:\/\/portalmf.com.br\/wp-content\/uploads\/2022\/08\/otto.jpg","type":"image\/jpeg"}],"author":"Reginaldo J\u00fanior","twitter_card":"summary_large_image","twitter_creator":"@reginaldojrmf","twitter_misc":{"Escrito por":"Reginaldo J\u00fanior","Est. tempo de leitura":"2 minutos"},"schema":{"@context":"https:\/\/schema.org","@graph":[{"@type":"WebPage","@id":"https:\/\/portalmf.com.br\/index.php\/2022\/08\/25\/otto-alencar-tem-32-das-intencoes-de-voto-para-o-senado-na-bahia-diz-pesquisa-datafolha\/","url":"https:\/\/portalmf.com.br\/index.php\/2022\/08\/25\/otto-alencar-tem-32-das-intencoes-de-voto-para-o-senado-na-bahia-diz-pesquisa-datafolha\/","name":"Otto Alencar tem 32% das inten\u00e7\u00f5es de voto para o Senado na Bahia, diz pesquisa Datafolha - Portal MF","isPartOf":{"@id":"https:\/\/portalmf.com.br\/#website"},"primaryImageOfPage":{"@id":"https:\/\/portalmf.com.br\/index.php\/2022\/08\/25\/otto-alencar-tem-32-das-intencoes-de-voto-para-o-senado-na-bahia-diz-pesquisa-datafolha\/#primaryimage"},"image":{"@id":"https:\/\/portalmf.com.br\/index.php\/2022\/08\/25\/otto-alencar-tem-32-das-intencoes-de-voto-para-o-senado-na-bahia-diz-pesquisa-datafolha\/#primaryimage"},"thumbnailUrl":"https:\/\/portalmf.com.br\/wp-content\/uploads\/2022\/08\/otto.jpg","datePublished":"2022-08-25T16:56:34+00:00","dateModified":"2022-08-25T16:56:35+00:00","author":{"@id":"https:\/\/portalmf.com.br\/#\/schema\/person\/11c82086fe8abc05a19147e964587285"},"breadcrumb":{"@id":"https:\/\/portalmf.com.br\/index.php\/2022\/08\/25\/otto-alencar-tem-32-das-intencoes-de-voto-para-o-senado-na-bahia-diz-pesquisa-datafolha\/#breadcrumb"},"inLanguage":"pt-BR","potentialAction":[{"@type":"ReadAction","target":["https:\/\/portalmf.com.br\/index.php\/2022\/08\/25\/otto-alencar-tem-32-das-intencoes-de-voto-para-o-senado-na-bahia-diz-pesquisa-datafolha\/"]}]},{"@type":"ImageObject","inLanguage":"pt-BR","@id":"https:\/\/portalmf.com.br\/index.php\/2022\/08\/25\/otto-alencar-tem-32-das-intencoes-de-voto-para-o-senado-na-bahia-diz-pesquisa-datafolha\/#primaryimage","url":"https:\/\/portalmf.com.br\/wp-content\/uploads\/2022\/08\/otto.jpg","contentUrl":"https:\/\/portalmf.com.br\/wp-content\/uploads\/2022\/08\/otto.jpg","width":1280,"height":854},{"@type":"BreadcrumbList","@id":"https:\/\/portalmf.com.br\/index.php\/2022\/08\/25\/otto-alencar-tem-32-das-intencoes-de-voto-para-o-senado-na-bahia-diz-pesquisa-datafolha\/#breadcrumb","itemListElement":[{"@type":"ListItem","position":1,"name":"In\u00edcio","item":"https:\/\/portalmf.com.br\/"},{"@type":"ListItem","position":2,"name":"Otto Alencar tem 32% das inten\u00e7\u00f5es de voto para o Senado na Bahia, diz pesquisa Datafolha"}]},{"@type":"WebSite","@id":"https:\/\/portalmf.com.br\/#website","url":"https:\/\/portalmf.com.br\/","name":"Portal MF","description":"Voc\u00ea conectado com a informa\u00e7\u00e3o","potentialAction":[{"@type":"SearchAction","target":{"@type":"EntryPoint","urlTemplate":"https:\/\/portalmf.com.br\/?s={search_term_string}"},"query-input":"required name=search_term_string"}],"inLanguage":"pt-BR"},{"@type":"Person","@id":"https:\/\/portalmf.com.br\/#\/schema\/person\/11c82086fe8abc05a19147e964587285","name":"Reginaldo J\u00fanior","image":{"@type":"ImageObject","inLanguage":"pt-BR","@id":"https:\/\/portalmf.com.br\/#\/schema\/person\/image\/","url":"https:\/\/secure.gravatar.com\/avatar\/32a3c797cd0ac47cc53b8644c62776f9?s=96&d=mm&r=g","contentUrl":"https:\/\/secure.gravatar.com\/avatar\/32a3c797cd0ac47cc53b8644c62776f9?s=96&d=mm&r=g","caption":"Reginaldo J\u00fanior"},"description":"Jornalista e idealizador Portal MF","sameAs":["https:\/\/portalmf.com.br\/index.php\/author\/reginaldojr\/","reginaldojrfsa","reginaldojuniormf","https:\/\/x.com\/reginaldojrmf"],"url":"https:\/\/portalmf.com.br\/index.php\/author\/reginaldojr\/"}]}},"_links":{"self":[{"href":"https:\/\/portalmf.com.br\/index.php\/wp-json\/wp\/v2\/posts\/3590"}],"collection":[{"href":"https:\/\/portalmf.com.br\/index.php\/wp-json\/wp\/v2\/posts"}],"about":[{"href":"https:\/\/portalmf.com.br\/index.php\/wp-json\/wp\/v2\/types\/post"}],"author":[{"embeddable":true,"href":"https:\/\/portalmf.com.br\/index.php\/wp-json\/wp\/v2\/users\/2"}],"replies":[{"embeddable":true,"href":"https:\/\/portalmf.com.br\/index.php\/wp-json\/wp\/v2\/comments?post=3590"}],"version-history":[{"count":1,"href":"https:\/\/portalmf.com.br\/index.php\/wp-json\/wp\/v2\/posts\/3590\/revisions"}],"predecessor-version":[{"id":3592,"href":"https:\/\/portalmf.com.br\/index.php\/wp-json\/wp\/v2\/posts\/3590\/revisions\/3592"}],"wp:featuredmedia":[{"embeddable":true,"href":"https:\/\/portalmf.com.br\/index.php\/wp-json\/wp\/v2\/media\/3591"}],"wp:attachment":[{"href":"https:\/\/portalmf.com.br\/index.php\/wp-json\/wp\/v2\/media?parent=3590"}],"wp:term":[{"taxonomy":"category","embeddable":true,"href":"https:\/\/portalmf.com.br\/index.php\/wp-json\/wp\/v2\/categories?post=3590"},{"taxonomy":"post_tag","embeddable":true,"href":"https:\/\/portalmf.com.br\/index.php\/wp-json\/wp\/v2\/tags?post=3590"}],"curies":[{"name":"wp","href":"https:\/\/api.w.org\/{rel}","templated":true}]}}