{"id":35899,"date":"2025-05-03T13:22:36","date_gmt":"2025-05-03T16:22:36","guid":{"rendered":"https:\/\/portalmf.com.br\/?p=35899"},"modified":"2025-05-03T13:22:38","modified_gmt":"2025-05-03T16:22:38","slug":"de-foliao-a-protagonista-jaldo-rodrigues-vive-expectativa-de-puxar-pipoca","status":"publish","type":"post","link":"https:\/\/portalmf.com.br\/index.php\/2025\/05\/03\/de-foliao-a-protagonista-jaldo-rodrigues-vive-expectativa-de-puxar-pipoca\/","title":{"rendered":"De foli\u00e3o a protagonista: Jaldo Rodrigues vive expectativa de puxar pipoca"},"content":{"rendered":"\n<p><strong>Por: Walace Almeida<\/strong><\/p>\n\n\n\n<p>O cantor Jaldo Rodrigues \u00e9 mais uma das atra\u00e7\u00f5es que carrega o entusiasmo de cantar na Micareta de Feira 2025. No pr\u00f3ximo domingo (4), o cantor sobe ao trio para embalar a pipoca ao som de muito arrocha na Avenida, a partir das 20h30.<\/p>\n\n\n\n<p>\u201c\u00c9 uma satisfa\u00e7\u00e3o imensa estar numa Micareta que \u00e9 refer\u00eancia nacional. Estou aproveitando a oportunidade, primeiro como foli\u00e3o, para depois me apresentar tamb\u00e9m. Estou na maior expectativa parar subir no trio, no domingo, a partir das 20h30, com muita sofr\u00eancia para o p\u00fablico de Feira, que \u00e9 maravilhoso\u201d, revelou.<\/p>\n\n\n\n<p>A Micareta de Feira n\u00e3o \u00e9 novidade para Jaldo, que disse j\u00e1 ter curtido in\u00fameras edi\u00e7\u00f5es como foli\u00e3o, mas ser protagonista do evento \u201c\u00e9 indescrit\u00edvel\u201d para ele.<\/p>\n\n\n\n<p>\u201cEu j\u00e1 curti muita Micareta de Feira como foli\u00e3o, e \u00e9 indescrit\u00edvel a sensa\u00e7\u00e3o de ter a oportunidade de puxar uma pipoca aqui. \u00c9 realmente uma honra participar de uma festa t\u00e3o importante para o calend\u00e1rio cultural de Feira de Santana\u201d, disse.<\/p>\n\n\n\n<p>Al\u00e9m de todos esses fatores, o cantor tamb\u00e9m vive a expectativa da rea\u00e7\u00e3o do p\u00fablico ao ouvir \u201cCanudinho\u201d, m\u00fasica sua, que, segundo ele, viralizou de repente nas redes sociais nos \u00faltimos meses.<\/p>\n\n\n\n<p>\u201cNa verdade, ningu\u00e9m espera viralizar tanto nas redes sociais. \u201cCanudinho\u201d foi uma surpresa, pois \u00e9 uma m\u00fasica que estava, digamos, adormecida h\u00e1 3 anos, e do nada come\u00e7ou a viralizar nas redes sociais, todo mundo cantando, v\u00e1rios v\u00eddeos a tendo como m\u00fasica de fundo. \u00c9 coisa divina\u201d, pontuou.<\/p>\n\n\n\n<p><strong>S\u00e3o Jo\u00e3o<\/strong> <\/p>\n\n\n\n<p>Para o cantor, a Micareta tamb\u00e9m tem outro papel: iniciar os trabalhos para o S\u00e3o Jo\u00e3o, \u00e9poca em que Jaldo Rodrigues tem muita agenda. \u201cA Micareta \u00e9 um pontap\u00e9 inicial para o nosso S\u00e3o Jo\u00e3o. A gente come\u00e7a dia 30 de maio e s\u00f3 para em 13 de julho. \u00c9 uma maratona de 45 dias, ent\u00e3o a Micareta tamb\u00e9m serve de prepara\u00e7\u00e3o\u201d, concluiu.<\/p>\n","protected":false},"excerpt":{"rendered":"<p>Por: Walace Almeida O cantor Jaldo Rodrigues \u00e9 mais uma das atra\u00e7\u00f5es que carrega o entusiasmo de cantar na Micareta de Feira 2025. No pr\u00f3ximo domingo (4), o cantor sobe ao trio para embalar a pipoca ao som de muito arrocha na Avenida, a partir das 20h30. \u201c\u00c9 uma satisfa\u00e7\u00e3o imensa estar numa Micareta que [&hellip;]<\/p>\n","protected":false},"author":3,"featured_media":35900,"comment_status":"open","ping_status":"open","sticky":false,"template":"","format":"standard","meta":{"_monsterinsights_skip_tracking":false,"_monsterinsights_sitenote_active":false,"_monsterinsights_sitenote_note":"","_monsterinsights_sitenote_category":0,"footnotes":""},"categories":[48,39],"tags":[],"yoast_head":"<!-- This site is optimized with the Yoast SEO plugin v22.9 - https:\/\/yoast.com\/wordpress\/plugins\/seo\/ -->\n<title>De foli\u00e3o a protagonista: Jaldo Rodrigues vive expectativa de puxar pipoca - Portal MF<\/title>\n<meta name=\"robots\" content=\"index, follow, max-snippet:-1, max-image-preview:large, max-video-preview:-1\" \/>\n<link rel=\"canonical\" href=\"https:\/\/portalmf.com.br\/index.php\/2025\/05\/03\/de-foliao-a-protagonista-jaldo-rodrigues-vive-expectativa-de-puxar-pipoca\/\" \/>\n<meta property=\"og:locale\" content=\"pt_BR\" \/>\n<meta property=\"og:type\" content=\"article\" \/>\n<meta property=\"og:title\" content=\"De foli\u00e3o a protagonista: Jaldo Rodrigues vive expectativa de puxar pipoca - Portal MF\" \/>\n<meta property=\"og:description\" content=\"Por: Walace Almeida O cantor Jaldo Rodrigues \u00e9 mais uma das atra\u00e7\u00f5es que carrega o entusiasmo de cantar na Micareta de Feira 2025. No pr\u00f3ximo domingo (4), o cantor sobe ao trio para embalar a pipoca ao som de muito arrocha na Avenida, a partir das 20h30. \u201c\u00c9 uma satisfa\u00e7\u00e3o imensa estar numa Micareta que [&hellip;]\" \/>\n<meta property=\"og:url\" content=\"https:\/\/portalmf.com.br\/index.php\/2025\/05\/03\/de-foliao-a-protagonista-jaldo-rodrigues-vive-expectativa-de-puxar-pipoca\/\" \/>\n<meta property=\"og:site_name\" content=\"Portal MF\" \/>\n<meta property=\"article:author\" content=\"https:\/\/www.facebook.com\/portalmfoficial\" \/>\n<meta property=\"article:published_time\" content=\"2025-05-03T16:22:36+00:00\" \/>\n<meta property=\"article:modified_time\" content=\"2025-05-03T16:22:38+00:00\" \/>\n<meta property=\"og:image\" content=\"https:\/\/portalmf.com.br\/wp-content\/uploads\/2025\/05\/Jaldo-Rodrigues-Micareta-2025-e1746289350499.jpg\" \/>\n\t<meta property=\"og:image:width\" content=\"1200\" \/>\n\t<meta property=\"og:image:height\" content=\"1032\" \/>\n\t<meta property=\"og:image:type\" content=\"image\/jpeg\" \/>\n<meta name=\"author\" content=\"Reda\u00e7\u00e3o Portal MF\" \/>\n<meta name=\"twitter:card\" content=\"summary_large_image\" \/>\n<meta name=\"twitter:creator\" content=\"@https:\/\/x.com\/portalmfoficial\" \/>\n<meta name=\"twitter:label1\" content=\"Escrito por\" \/>\n\t<meta name=\"twitter:data1\" content=\"Reda\u00e7\u00e3o Portal MF\" \/>\n\t<meta name=\"twitter:label2\" content=\"Est. tempo de leitura\" \/>\n\t<meta name=\"twitter:data2\" content=\"2 minutos\" \/>\n<script type=\"application\/ld+json\" class=\"yoast-schema-graph\">{\"@context\":\"https:\/\/schema.org\",\"@graph\":[{\"@type\":\"WebPage\",\"@id\":\"https:\/\/portalmf.com.br\/index.php\/2025\/05\/03\/de-foliao-a-protagonista-jaldo-rodrigues-vive-expectativa-de-puxar-pipoca\/\",\"url\":\"https:\/\/portalmf.com.br\/index.php\/2025\/05\/03\/de-foliao-a-protagonista-jaldo-rodrigues-vive-expectativa-de-puxar-pipoca\/\",\"name\":\"De foli\u00e3o a protagonista: Jaldo Rodrigues vive expectativa de puxar pipoca - Portal MF\",\"isPartOf\":{\"@id\":\"https:\/\/portalmf.com.br\/#website\"},\"primaryImageOfPage\":{\"@id\":\"https:\/\/portalmf.com.br\/index.php\/2025\/05\/03\/de-foliao-a-protagonista-jaldo-rodrigues-vive-expectativa-de-puxar-pipoca\/#primaryimage\"},\"image\":{\"@id\":\"https:\/\/portalmf.com.br\/index.php\/2025\/05\/03\/de-foliao-a-protagonista-jaldo-rodrigues-vive-expectativa-de-puxar-pipoca\/#primaryimage\"},\"thumbnailUrl\":\"https:\/\/portalmf.com.br\/wp-content\/uploads\/2025\/05\/Jaldo-Rodrigues-Micareta-2025-e1746289350499.jpg\",\"datePublished\":\"2025-05-03T16:22:36+00:00\",\"dateModified\":\"2025-05-03T16:22:38+00:00\",\"author\":{\"@id\":\"https:\/\/portalmf.com.br\/#\/schema\/person\/9ec101baf56233e53520c26de5d6f6f0\"},\"breadcrumb\":{\"@id\":\"https:\/\/portalmf.com.br\/index.php\/2025\/05\/03\/de-foliao-a-protagonista-jaldo-rodrigues-vive-expectativa-de-puxar-pipoca\/#breadcrumb\"},\"inLanguage\":\"pt-BR\",\"potentialAction\":[{\"@type\":\"ReadAction\",\"target\":[\"https:\/\/portalmf.com.br\/index.php\/2025\/05\/03\/de-foliao-a-protagonista-jaldo-rodrigues-vive-expectativa-de-puxar-pipoca\/\"]}]},{\"@type\":\"ImageObject\",\"inLanguage\":\"pt-BR\",\"@id\":\"https:\/\/portalmf.com.br\/index.php\/2025\/05\/03\/de-foliao-a-protagonista-jaldo-rodrigues-vive-expectativa-de-puxar-pipoca\/#primaryimage\",\"url\":\"https:\/\/portalmf.com.br\/wp-content\/uploads\/2025\/05\/Jaldo-Rodrigues-Micareta-2025-e1746289350499.jpg\",\"contentUrl\":\"https:\/\/portalmf.com.br\/wp-content\/uploads\/2025\/05\/Jaldo-Rodrigues-Micareta-2025-e1746289350499.jpg\",\"width\":1200,\"height\":1032},{\"@type\":\"BreadcrumbList\",\"@id\":\"https:\/\/portalmf.com.br\/index.php\/2025\/05\/03\/de-foliao-a-protagonista-jaldo-rodrigues-vive-expectativa-de-puxar-pipoca\/#breadcrumb\",\"itemListElement\":[{\"@type\":\"ListItem\",\"position\":1,\"name\":\"In\u00edcio\",\"item\":\"https:\/\/portalmf.com.br\/\"},{\"@type\":\"ListItem\",\"position\":2,\"name\":\"De foli\u00e3o a protagonista: Jaldo Rodrigues vive expectativa de puxar pipoca\"}]},{\"@type\":\"WebSite\",\"@id\":\"https:\/\/portalmf.com.br\/#website\",\"url\":\"https:\/\/portalmf.com.br\/\",\"name\":\"Portal MF\",\"description\":\"Voc\u00ea conectado com a informa\u00e7\u00e3o\",\"potentialAction\":[{\"@type\":\"SearchAction\",\"target\":{\"@type\":\"EntryPoint\",\"urlTemplate\":\"https:\/\/portalmf.com.br\/?s={search_term_string}\"},\"query-input\":\"required name=search_term_string\"}],\"inLanguage\":\"pt-BR\"},{\"@type\":\"Person\",\"@id\":\"https:\/\/portalmf.com.br\/#\/schema\/person\/9ec101baf56233e53520c26de5d6f6f0\",\"name\":\"Reda\u00e7\u00e3o Portal MF\",\"image\":{\"@type\":\"ImageObject\",\"inLanguage\":\"pt-BR\",\"@id\":\"https:\/\/portalmf.com.br\/#\/schema\/person\/image\/\",\"url\":\"https:\/\/secure.gravatar.com\/avatar\/41b9aaeb2100835f7c64362330f74c7f?s=96&d=mm&r=g\",\"contentUrl\":\"https:\/\/secure.gravatar.com\/avatar\/41b9aaeb2100835f7c64362330f74c7f?s=96&d=mm&r=g\",\"caption\":\"Reda\u00e7\u00e3o Portal MF\"},\"description\":\"Sejam bem-vindos o portal de informa\u00e7\u00f5es de entretenimento de Feira de Santana, desde 2006 realiza coberturas dos principais eventos com entrevistas exclusivas com as principais personalidades mundiais. Fique conectado tamb\u00e9m nas redes sociais.\",\"sameAs\":[\"http:\/\/www.portalmf.com.br\/\",\"https:\/\/www.facebook.com\/portalmfoficial\",\"https:\/\/www.instagram.com\/portalmf\/\",\"https:\/\/x.com\/https:\/\/x.com\/portalmfoficial\",\"https:\/\/www.youtube.com\/@portalmfoficial\"],\"url\":\"https:\/\/portalmf.com.br\/index.php\/author\/junior\/\"}]}<\/script>\n<!-- \/ Yoast SEO plugin. -->","yoast_head_json":{"title":"De foli\u00e3o a protagonista: Jaldo Rodrigues vive expectativa de puxar pipoca - Portal MF","robots":{"index":"index","follow":"follow","max-snippet":"max-snippet:-1","max-image-preview":"max-image-preview:large","max-video-preview":"max-video-preview:-1"},"canonical":"https:\/\/portalmf.com.br\/index.php\/2025\/05\/03\/de-foliao-a-protagonista-jaldo-rodrigues-vive-expectativa-de-puxar-pipoca\/","og_locale":"pt_BR","og_type":"article","og_title":"De foli\u00e3o a protagonista: Jaldo Rodrigues vive expectativa de puxar pipoca - Portal MF","og_description":"Por: Walace Almeida O cantor Jaldo Rodrigues \u00e9 mais uma das atra\u00e7\u00f5es que carrega o entusiasmo de cantar na Micareta de Feira 2025. No pr\u00f3ximo domingo (4), o cantor sobe ao trio para embalar a pipoca ao som de muito arrocha na Avenida, a partir das 20h30. \u201c\u00c9 uma satisfa\u00e7\u00e3o imensa estar numa Micareta que [&hellip;]","og_url":"https:\/\/portalmf.com.br\/index.php\/2025\/05\/03\/de-foliao-a-protagonista-jaldo-rodrigues-vive-expectativa-de-puxar-pipoca\/","og_site_name":"Portal MF","article_author":"https:\/\/www.facebook.com\/portalmfoficial","article_published_time":"2025-05-03T16:22:36+00:00","article_modified_time":"2025-05-03T16:22:38+00:00","og_image":[{"width":1200,"height":1032,"url":"https:\/\/portalmf.com.br\/wp-content\/uploads\/2025\/05\/Jaldo-Rodrigues-Micareta-2025-e1746289350499.jpg","type":"image\/jpeg"}],"author":"Reda\u00e7\u00e3o Portal MF","twitter_card":"summary_large_image","twitter_creator":"@https:\/\/x.com\/portalmfoficial","twitter_misc":{"Escrito por":"Reda\u00e7\u00e3o Portal MF","Est. tempo de leitura":"2 minutos"},"schema":{"@context":"https:\/\/schema.org","@graph":[{"@type":"WebPage","@id":"https:\/\/portalmf.com.br\/index.php\/2025\/05\/03\/de-foliao-a-protagonista-jaldo-rodrigues-vive-expectativa-de-puxar-pipoca\/","url":"https:\/\/portalmf.com.br\/index.php\/2025\/05\/03\/de-foliao-a-protagonista-jaldo-rodrigues-vive-expectativa-de-puxar-pipoca\/","name":"De foli\u00e3o a protagonista: Jaldo Rodrigues vive expectativa de puxar pipoca - Portal MF","isPartOf":{"@id":"https:\/\/portalmf.com.br\/#website"},"primaryImageOfPage":{"@id":"https:\/\/portalmf.com.br\/index.php\/2025\/05\/03\/de-foliao-a-protagonista-jaldo-rodrigues-vive-expectativa-de-puxar-pipoca\/#primaryimage"},"image":{"@id":"https:\/\/portalmf.com.br\/index.php\/2025\/05\/03\/de-foliao-a-protagonista-jaldo-rodrigues-vive-expectativa-de-puxar-pipoca\/#primaryimage"},"thumbnailUrl":"https:\/\/portalmf.com.br\/wp-content\/uploads\/2025\/05\/Jaldo-Rodrigues-Micareta-2025-e1746289350499.jpg","datePublished":"2025-05-03T16:22:36+00:00","dateModified":"2025-05-03T16:22:38+00:00","author":{"@id":"https:\/\/portalmf.com.br\/#\/schema\/person\/9ec101baf56233e53520c26de5d6f6f0"},"breadcrumb":{"@id":"https:\/\/portalmf.com.br\/index.php\/2025\/05\/03\/de-foliao-a-protagonista-jaldo-rodrigues-vive-expectativa-de-puxar-pipoca\/#breadcrumb"},"inLanguage":"pt-BR","potentialAction":[{"@type":"ReadAction","target":["https:\/\/portalmf.com.br\/index.php\/2025\/05\/03\/de-foliao-a-protagonista-jaldo-rodrigues-vive-expectativa-de-puxar-pipoca\/"]}]},{"@type":"ImageObject","inLanguage":"pt-BR","@id":"https:\/\/portalmf.com.br\/index.php\/2025\/05\/03\/de-foliao-a-protagonista-jaldo-rodrigues-vive-expectativa-de-puxar-pipoca\/#primaryimage","url":"https:\/\/portalmf.com.br\/wp-content\/uploads\/2025\/05\/Jaldo-Rodrigues-Micareta-2025-e1746289350499.jpg","contentUrl":"https:\/\/portalmf.com.br\/wp-content\/uploads\/2025\/05\/Jaldo-Rodrigues-Micareta-2025-e1746289350499.jpg","width":1200,"height":1032},{"@type":"BreadcrumbList","@id":"https:\/\/portalmf.com.br\/index.php\/2025\/05\/03\/de-foliao-a-protagonista-jaldo-rodrigues-vive-expectativa-de-puxar-pipoca\/#breadcrumb","itemListElement":[{"@type":"ListItem","position":1,"name":"In\u00edcio","item":"https:\/\/portalmf.com.br\/"},{"@type":"ListItem","position":2,"name":"De foli\u00e3o a protagonista: Jaldo Rodrigues vive expectativa de puxar pipoca"}]},{"@type":"WebSite","@id":"https:\/\/portalmf.com.br\/#website","url":"https:\/\/portalmf.com.br\/","name":"Portal MF","description":"Voc\u00ea conectado com a informa\u00e7\u00e3o","potentialAction":[{"@type":"SearchAction","target":{"@type":"EntryPoint","urlTemplate":"https:\/\/portalmf.com.br\/?s={search_term_string}"},"query-input":"required name=search_term_string"}],"inLanguage":"pt-BR"},{"@type":"Person","@id":"https:\/\/portalmf.com.br\/#\/schema\/person\/9ec101baf56233e53520c26de5d6f6f0","name":"Reda\u00e7\u00e3o Portal MF","image":{"@type":"ImageObject","inLanguage":"pt-BR","@id":"https:\/\/portalmf.com.br\/#\/schema\/person\/image\/","url":"https:\/\/secure.gravatar.com\/avatar\/41b9aaeb2100835f7c64362330f74c7f?s=96&d=mm&r=g","contentUrl":"https:\/\/secure.gravatar.com\/avatar\/41b9aaeb2100835f7c64362330f74c7f?s=96&d=mm&r=g","caption":"Reda\u00e7\u00e3o Portal MF"},"description":"Sejam bem-vindos o portal de informa\u00e7\u00f5es de entretenimento de Feira de Santana, desde 2006 realiza coberturas dos principais eventos com entrevistas exclusivas com as principais personalidades mundiais. Fique conectado tamb\u00e9m nas redes sociais.","sameAs":["http:\/\/www.portalmf.com.br\/","https:\/\/www.facebook.com\/portalmfoficial","https:\/\/www.instagram.com\/portalmf\/","https:\/\/x.com\/https:\/\/x.com\/portalmfoficial","https:\/\/www.youtube.com\/@portalmfoficial"],"url":"https:\/\/portalmf.com.br\/index.php\/author\/junior\/"}]}},"_links":{"self":[{"href":"https:\/\/portalmf.com.br\/index.php\/wp-json\/wp\/v2\/posts\/35899"}],"collection":[{"href":"https:\/\/portalmf.com.br\/index.php\/wp-json\/wp\/v2\/posts"}],"about":[{"href":"https:\/\/portalmf.com.br\/index.php\/wp-json\/wp\/v2\/types\/post"}],"author":[{"embeddable":true,"href":"https:\/\/portalmf.com.br\/index.php\/wp-json\/wp\/v2\/users\/3"}],"replies":[{"embeddable":true,"href":"https:\/\/portalmf.com.br\/index.php\/wp-json\/wp\/v2\/comments?post=35899"}],"version-history":[{"count":1,"href":"https:\/\/portalmf.com.br\/index.php\/wp-json\/wp\/v2\/posts\/35899\/revisions"}],"predecessor-version":[{"id":35901,"href":"https:\/\/portalmf.com.br\/index.php\/wp-json\/wp\/v2\/posts\/35899\/revisions\/35901"}],"wp:featuredmedia":[{"embeddable":true,"href":"https:\/\/portalmf.com.br\/index.php\/wp-json\/wp\/v2\/media\/35900"}],"wp:attachment":[{"href":"https:\/\/portalmf.com.br\/index.php\/wp-json\/wp\/v2\/media?parent=35899"}],"wp:term":[{"taxonomy":"category","embeddable":true,"href":"https:\/\/portalmf.com.br\/index.php\/wp-json\/wp\/v2\/categories?post=35899"},{"taxonomy":"post_tag","embeddable":true,"href":"https:\/\/portalmf.com.br\/index.php\/wp-json\/wp\/v2\/tags?post=35899"}],"curies":[{"name":"wp","href":"https:\/\/api.w.org\/{rel}","templated":true}]}}