{"id":35896,"date":"2025-05-03T00:10:05","date_gmt":"2025-05-03T03:10:05","guid":{"rendered":"https:\/\/portalmf.com.br\/?p=35896"},"modified":"2025-05-03T00:10:07","modified_gmt":"2025-05-03T03:10:07","slug":"sucesso-da-micareta-e-resultado-da-maturidade-entre-governos-diz-secretario","status":"publish","type":"post","link":"https:\/\/portalmf.com.br\/index.php\/2025\/05\/03\/sucesso-da-micareta-e-resultado-da-maturidade-entre-governos-diz-secretario\/","title":{"rendered":"\u201cSucesso da Micareta \u00e9 resultado da maturidade entre governos\u201d, diz secret\u00e1rio"},"content":{"rendered":"\n<p><strong>Por: Walace Almeida<\/strong><\/p>\n\n\n\n<p>O secret\u00e1rio de Cultura do estado da Bahia, Bruno Monteiro, foi firme ao atribuir o sucesso dos primeiros dias da Micareta de Feira de Santana 2025 \u00e0 maturidade entre o prefeito Jos\u00e9 Ronaldo e o governador Jer\u00f4nimo Rodrigues.<\/p>\n\n\n\n<p>Na opini\u00e3o do chefe da pasta, se o governo do estado intervisse na Micareta de Feira sem ouvir as pessoas que est\u00e3o diretamente ligadas \u00e0 cultura da cidade, haveria desvaloriza\u00e7\u00e3o aos produtores culturais da Princesa.<\/p>\n\n\n\n<p>\u201cO Governo n\u00e3o pode ter a pretens\u00e3o de chegar e dizer o que vamos fazer, a partir de uma vis\u00e3o de fora. Precisamos ter a humildade de ouvir as pessoas envolvidas na cultura local. Os artistas precisam ser valorizados numa festa da magnitude da Micareta. A cultura n\u00e3o \u00e9 espor\u00e1dica, acontece a todo instante\u201d, afirmou.<\/p>\n\n\n\n<p>Bruno Monteiro faz quest\u00e3o de acompanhar de perto a Micareta. Ent\u00e3o, foi claro ao citar a import\u00e2ncia do alinhamento entre o governo do estado e o governo do munic\u00edpio para a realiza\u00e7\u00e3o da festa na atual edi\u00e7\u00e3o.<\/p>\n\n\n\n<p>\u201cGosto de estar junto, acompanhar tudo o que est\u00e1 acontecendo, por isso tenho visitado todos os pontos. Gest\u00e3o distante n\u00e3o \u00e9 certeira, por isso estamos pr\u00f3ximos, juntos \u00e0 Prefeitura de Feira de Santana. Isso \u00e9 democracia. O prefeito Jos\u00e9 Ronaldo e o governador Jer\u00f4nimo Rodrigues entenderam que, juntos, compartilhando as a\u00e7\u00f5es de ambos os trabalhos, somam. O sucesso dessa Micareta \u00e9 resultado dessa maturidade\u201d, exclamou.<\/p>\n\n\n\n<p><strong>Homenagem a Bel da Bonita<\/strong><\/p>\n\n\n\n<p>Um dos principais nomes da cultura local, Bel da Bonita, que nos deixou no \u00faltimo dia 18, tamb\u00e9m foi citado por Bruno Monteiro. O secret\u00e1rio comentou sobre o palco que leva o nome do artista, como forma de homenagem ao seu legado na cultura feirense.<\/p>\n\n\n\n<p>\u201c\u00c9 uma alegria realizar o palco Bel da Bonita, porque \u00e9 um compromisso sendo cumprido. Uma promessa. H\u00e1 cerca de mais ou menos um m\u00eas, nos reunimos com centenas de artistas no Centro de Conven\u00e7\u00f5es, para saber como podemos contribuir para o fortalecimento da cultura local. Nessa reuni\u00e3o, Bel s\u00f3 pediu uma coisa: para tocar na Micareta de Feira. Uma semana depois, ele, que pensava a cultura com muita paix\u00e3o, nos deixou. Nada mais justo do que homenage\u00e1-lo, com um palco que receber\u00e1 mais de 30 artistas da terra\u201d, findou.<\/p>\n","protected":false},"excerpt":{"rendered":"<p>Por: Walace Almeida O secret\u00e1rio de Cultura do estado da Bahia, Bruno Monteiro, foi firme ao atribuir o sucesso dos primeiros dias da Micareta de Feira de Santana 2025 \u00e0 maturidade entre o prefeito Jos\u00e9 Ronaldo e o governador Jer\u00f4nimo Rodrigues. Na opini\u00e3o do chefe da pasta, se o governo do estado intervisse na Micareta [&hellip;]<\/p>\n","protected":false},"author":3,"featured_media":35897,"comment_status":"open","ping_status":"open","sticky":false,"template":"","format":"standard","meta":{"_monsterinsights_skip_tracking":false,"_monsterinsights_sitenote_active":false,"_monsterinsights_sitenote_note":"","_monsterinsights_sitenote_category":0,"footnotes":""},"categories":[48,39],"tags":[],"yoast_head":"<!-- This site is optimized with the Yoast SEO plugin v22.9 - https:\/\/yoast.com\/wordpress\/plugins\/seo\/ -->\n<title>\u201cSucesso da Micareta \u00e9 resultado da maturidade entre governos\u201d, diz secret\u00e1rio - Portal MF<\/title>\n<meta name=\"robots\" content=\"index, follow, max-snippet:-1, max-image-preview:large, max-video-preview:-1\" \/>\n<link rel=\"canonical\" href=\"https:\/\/portalmf.com.br\/index.php\/2025\/05\/03\/sucesso-da-micareta-e-resultado-da-maturidade-entre-governos-diz-secretario\/\" \/>\n<meta property=\"og:locale\" content=\"pt_BR\" \/>\n<meta property=\"og:type\" content=\"article\" \/>\n<meta property=\"og:title\" content=\"\u201cSucesso da Micareta \u00e9 resultado da maturidade entre governos\u201d, diz secret\u00e1rio - Portal MF\" \/>\n<meta property=\"og:description\" content=\"Por: Walace Almeida O secret\u00e1rio de Cultura do estado da Bahia, Bruno Monteiro, foi firme ao atribuir o sucesso dos primeiros dias da Micareta de Feira de Santana 2025 \u00e0 maturidade entre o prefeito Jos\u00e9 Ronaldo e o governador Jer\u00f4nimo Rodrigues. Na opini\u00e3o do chefe da pasta, se o governo do estado intervisse na Micareta [&hellip;]\" \/>\n<meta property=\"og:url\" content=\"https:\/\/portalmf.com.br\/index.php\/2025\/05\/03\/sucesso-da-micareta-e-resultado-da-maturidade-entre-governos-diz-secretario\/\" \/>\n<meta property=\"og:site_name\" content=\"Portal MF\" \/>\n<meta property=\"article:author\" content=\"https:\/\/www.facebook.com\/portalmfoficial\" \/>\n<meta property=\"article:published_time\" content=\"2025-05-03T03:10:05+00:00\" \/>\n<meta property=\"article:modified_time\" content=\"2025-05-03T03:10:07+00:00\" \/>\n<meta property=\"og:image\" content=\"https:\/\/portalmf.com.br\/wp-content\/uploads\/2025\/05\/Bruno-Monteiro-Micareta-2025-e1746241798324.jpg\" \/>\n\t<meta property=\"og:image:width\" content=\"853\" \/>\n\t<meta property=\"og:image:height\" content=\"571\" \/>\n\t<meta property=\"og:image:type\" content=\"image\/jpeg\" \/>\n<meta name=\"author\" content=\"Reda\u00e7\u00e3o Portal MF\" \/>\n<meta name=\"twitter:card\" content=\"summary_large_image\" \/>\n<meta name=\"twitter:creator\" content=\"@https:\/\/x.com\/portalmfoficial\" \/>\n<meta name=\"twitter:label1\" content=\"Escrito por\" \/>\n\t<meta name=\"twitter:data1\" content=\"Reda\u00e7\u00e3o Portal MF\" \/>\n\t<meta name=\"twitter:label2\" content=\"Est. tempo de leitura\" \/>\n\t<meta name=\"twitter:data2\" content=\"3 minutos\" \/>\n<script type=\"application\/ld+json\" class=\"yoast-schema-graph\">{\"@context\":\"https:\/\/schema.org\",\"@graph\":[{\"@type\":\"WebPage\",\"@id\":\"https:\/\/portalmf.com.br\/index.php\/2025\/05\/03\/sucesso-da-micareta-e-resultado-da-maturidade-entre-governos-diz-secretario\/\",\"url\":\"https:\/\/portalmf.com.br\/index.php\/2025\/05\/03\/sucesso-da-micareta-e-resultado-da-maturidade-entre-governos-diz-secretario\/\",\"name\":\"\u201cSucesso da Micareta \u00e9 resultado da maturidade entre governos\u201d, diz secret\u00e1rio - Portal MF\",\"isPartOf\":{\"@id\":\"https:\/\/portalmf.com.br\/#website\"},\"primaryImageOfPage\":{\"@id\":\"https:\/\/portalmf.com.br\/index.php\/2025\/05\/03\/sucesso-da-micareta-e-resultado-da-maturidade-entre-governos-diz-secretario\/#primaryimage\"},\"image\":{\"@id\":\"https:\/\/portalmf.com.br\/index.php\/2025\/05\/03\/sucesso-da-micareta-e-resultado-da-maturidade-entre-governos-diz-secretario\/#primaryimage\"},\"thumbnailUrl\":\"https:\/\/portalmf.com.br\/wp-content\/uploads\/2025\/05\/Bruno-Monteiro-Micareta-2025-e1746241798324.jpg\",\"datePublished\":\"2025-05-03T03:10:05+00:00\",\"dateModified\":\"2025-05-03T03:10:07+00:00\",\"author\":{\"@id\":\"https:\/\/portalmf.com.br\/#\/schema\/person\/9ec101baf56233e53520c26de5d6f6f0\"},\"breadcrumb\":{\"@id\":\"https:\/\/portalmf.com.br\/index.php\/2025\/05\/03\/sucesso-da-micareta-e-resultado-da-maturidade-entre-governos-diz-secretario\/#breadcrumb\"},\"inLanguage\":\"pt-BR\",\"potentialAction\":[{\"@type\":\"ReadAction\",\"target\":[\"https:\/\/portalmf.com.br\/index.php\/2025\/05\/03\/sucesso-da-micareta-e-resultado-da-maturidade-entre-governos-diz-secretario\/\"]}]},{\"@type\":\"ImageObject\",\"inLanguage\":\"pt-BR\",\"@id\":\"https:\/\/portalmf.com.br\/index.php\/2025\/05\/03\/sucesso-da-micareta-e-resultado-da-maturidade-entre-governos-diz-secretario\/#primaryimage\",\"url\":\"https:\/\/portalmf.com.br\/wp-content\/uploads\/2025\/05\/Bruno-Monteiro-Micareta-2025-e1746241798324.jpg\",\"contentUrl\":\"https:\/\/portalmf.com.br\/wp-content\/uploads\/2025\/05\/Bruno-Monteiro-Micareta-2025-e1746241798324.jpg\",\"width\":853,\"height\":571},{\"@type\":\"BreadcrumbList\",\"@id\":\"https:\/\/portalmf.com.br\/index.php\/2025\/05\/03\/sucesso-da-micareta-e-resultado-da-maturidade-entre-governos-diz-secretario\/#breadcrumb\",\"itemListElement\":[{\"@type\":\"ListItem\",\"position\":1,\"name\":\"In\u00edcio\",\"item\":\"https:\/\/portalmf.com.br\/\"},{\"@type\":\"ListItem\",\"position\":2,\"name\":\"\u201cSucesso da Micareta \u00e9 resultado da maturidade entre governos\u201d, diz secret\u00e1rio\"}]},{\"@type\":\"WebSite\",\"@id\":\"https:\/\/portalmf.com.br\/#website\",\"url\":\"https:\/\/portalmf.com.br\/\",\"name\":\"Portal MF\",\"description\":\"Voc\u00ea conectado com a informa\u00e7\u00e3o\",\"potentialAction\":[{\"@type\":\"SearchAction\",\"target\":{\"@type\":\"EntryPoint\",\"urlTemplate\":\"https:\/\/portalmf.com.br\/?s={search_term_string}\"},\"query-input\":\"required name=search_term_string\"}],\"inLanguage\":\"pt-BR\"},{\"@type\":\"Person\",\"@id\":\"https:\/\/portalmf.com.br\/#\/schema\/person\/9ec101baf56233e53520c26de5d6f6f0\",\"name\":\"Reda\u00e7\u00e3o Portal MF\",\"image\":{\"@type\":\"ImageObject\",\"inLanguage\":\"pt-BR\",\"@id\":\"https:\/\/portalmf.com.br\/#\/schema\/person\/image\/\",\"url\":\"https:\/\/secure.gravatar.com\/avatar\/41b9aaeb2100835f7c64362330f74c7f?s=96&d=mm&r=g\",\"contentUrl\":\"https:\/\/secure.gravatar.com\/avatar\/41b9aaeb2100835f7c64362330f74c7f?s=96&d=mm&r=g\",\"caption\":\"Reda\u00e7\u00e3o Portal MF\"},\"description\":\"Sejam bem-vindos o portal de informa\u00e7\u00f5es de entretenimento de Feira de Santana, desde 2006 realiza coberturas dos principais eventos com entrevistas exclusivas com as principais personalidades mundiais. Fique conectado tamb\u00e9m nas redes sociais.\",\"sameAs\":[\"http:\/\/www.portalmf.com.br\/\",\"https:\/\/www.facebook.com\/portalmfoficial\",\"https:\/\/www.instagram.com\/portalmf\/\",\"https:\/\/x.com\/https:\/\/x.com\/portalmfoficial\",\"https:\/\/www.youtube.com\/@portalmfoficial\"],\"url\":\"https:\/\/portalmf.com.br\/index.php\/author\/junior\/\"}]}<\/script>\n<!-- \/ Yoast SEO plugin. -->","yoast_head_json":{"title":"\u201cSucesso da Micareta \u00e9 resultado da maturidade entre governos\u201d, diz secret\u00e1rio - Portal MF","robots":{"index":"index","follow":"follow","max-snippet":"max-snippet:-1","max-image-preview":"max-image-preview:large","max-video-preview":"max-video-preview:-1"},"canonical":"https:\/\/portalmf.com.br\/index.php\/2025\/05\/03\/sucesso-da-micareta-e-resultado-da-maturidade-entre-governos-diz-secretario\/","og_locale":"pt_BR","og_type":"article","og_title":"\u201cSucesso da Micareta \u00e9 resultado da maturidade entre governos\u201d, diz secret\u00e1rio - Portal MF","og_description":"Por: Walace Almeida O secret\u00e1rio de Cultura do estado da Bahia, Bruno Monteiro, foi firme ao atribuir o sucesso dos primeiros dias da Micareta de Feira de Santana 2025 \u00e0 maturidade entre o prefeito Jos\u00e9 Ronaldo e o governador Jer\u00f4nimo Rodrigues. Na opini\u00e3o do chefe da pasta, se o governo do estado intervisse na Micareta [&hellip;]","og_url":"https:\/\/portalmf.com.br\/index.php\/2025\/05\/03\/sucesso-da-micareta-e-resultado-da-maturidade-entre-governos-diz-secretario\/","og_site_name":"Portal MF","article_author":"https:\/\/www.facebook.com\/portalmfoficial","article_published_time":"2025-05-03T03:10:05+00:00","article_modified_time":"2025-05-03T03:10:07+00:00","og_image":[{"width":853,"height":571,"url":"https:\/\/portalmf.com.br\/wp-content\/uploads\/2025\/05\/Bruno-Monteiro-Micareta-2025-e1746241798324.jpg","type":"image\/jpeg"}],"author":"Reda\u00e7\u00e3o Portal MF","twitter_card":"summary_large_image","twitter_creator":"@https:\/\/x.com\/portalmfoficial","twitter_misc":{"Escrito por":"Reda\u00e7\u00e3o Portal MF","Est. tempo de leitura":"3 minutos"},"schema":{"@context":"https:\/\/schema.org","@graph":[{"@type":"WebPage","@id":"https:\/\/portalmf.com.br\/index.php\/2025\/05\/03\/sucesso-da-micareta-e-resultado-da-maturidade-entre-governos-diz-secretario\/","url":"https:\/\/portalmf.com.br\/index.php\/2025\/05\/03\/sucesso-da-micareta-e-resultado-da-maturidade-entre-governos-diz-secretario\/","name":"\u201cSucesso da Micareta \u00e9 resultado da maturidade entre governos\u201d, diz secret\u00e1rio - Portal MF","isPartOf":{"@id":"https:\/\/portalmf.com.br\/#website"},"primaryImageOfPage":{"@id":"https:\/\/portalmf.com.br\/index.php\/2025\/05\/03\/sucesso-da-micareta-e-resultado-da-maturidade-entre-governos-diz-secretario\/#primaryimage"},"image":{"@id":"https:\/\/portalmf.com.br\/index.php\/2025\/05\/03\/sucesso-da-micareta-e-resultado-da-maturidade-entre-governos-diz-secretario\/#primaryimage"},"thumbnailUrl":"https:\/\/portalmf.com.br\/wp-content\/uploads\/2025\/05\/Bruno-Monteiro-Micareta-2025-e1746241798324.jpg","datePublished":"2025-05-03T03:10:05+00:00","dateModified":"2025-05-03T03:10:07+00:00","author":{"@id":"https:\/\/portalmf.com.br\/#\/schema\/person\/9ec101baf56233e53520c26de5d6f6f0"},"breadcrumb":{"@id":"https:\/\/portalmf.com.br\/index.php\/2025\/05\/03\/sucesso-da-micareta-e-resultado-da-maturidade-entre-governos-diz-secretario\/#breadcrumb"},"inLanguage":"pt-BR","potentialAction":[{"@type":"ReadAction","target":["https:\/\/portalmf.com.br\/index.php\/2025\/05\/03\/sucesso-da-micareta-e-resultado-da-maturidade-entre-governos-diz-secretario\/"]}]},{"@type":"ImageObject","inLanguage":"pt-BR","@id":"https:\/\/portalmf.com.br\/index.php\/2025\/05\/03\/sucesso-da-micareta-e-resultado-da-maturidade-entre-governos-diz-secretario\/#primaryimage","url":"https:\/\/portalmf.com.br\/wp-content\/uploads\/2025\/05\/Bruno-Monteiro-Micareta-2025-e1746241798324.jpg","contentUrl":"https:\/\/portalmf.com.br\/wp-content\/uploads\/2025\/05\/Bruno-Monteiro-Micareta-2025-e1746241798324.jpg","width":853,"height":571},{"@type":"BreadcrumbList","@id":"https:\/\/portalmf.com.br\/index.php\/2025\/05\/03\/sucesso-da-micareta-e-resultado-da-maturidade-entre-governos-diz-secretario\/#breadcrumb","itemListElement":[{"@type":"ListItem","position":1,"name":"In\u00edcio","item":"https:\/\/portalmf.com.br\/"},{"@type":"ListItem","position":2,"name":"\u201cSucesso da Micareta \u00e9 resultado da maturidade entre governos\u201d, diz secret\u00e1rio"}]},{"@type":"WebSite","@id":"https:\/\/portalmf.com.br\/#website","url":"https:\/\/portalmf.com.br\/","name":"Portal MF","description":"Voc\u00ea conectado com a informa\u00e7\u00e3o","potentialAction":[{"@type":"SearchAction","target":{"@type":"EntryPoint","urlTemplate":"https:\/\/portalmf.com.br\/?s={search_term_string}"},"query-input":"required name=search_term_string"}],"inLanguage":"pt-BR"},{"@type":"Person","@id":"https:\/\/portalmf.com.br\/#\/schema\/person\/9ec101baf56233e53520c26de5d6f6f0","name":"Reda\u00e7\u00e3o Portal MF","image":{"@type":"ImageObject","inLanguage":"pt-BR","@id":"https:\/\/portalmf.com.br\/#\/schema\/person\/image\/","url":"https:\/\/secure.gravatar.com\/avatar\/41b9aaeb2100835f7c64362330f74c7f?s=96&d=mm&r=g","contentUrl":"https:\/\/secure.gravatar.com\/avatar\/41b9aaeb2100835f7c64362330f74c7f?s=96&d=mm&r=g","caption":"Reda\u00e7\u00e3o Portal MF"},"description":"Sejam bem-vindos o portal de informa\u00e7\u00f5es de entretenimento de Feira de Santana, desde 2006 realiza coberturas dos principais eventos com entrevistas exclusivas com as principais personalidades mundiais. Fique conectado tamb\u00e9m nas redes sociais.","sameAs":["http:\/\/www.portalmf.com.br\/","https:\/\/www.facebook.com\/portalmfoficial","https:\/\/www.instagram.com\/portalmf\/","https:\/\/x.com\/https:\/\/x.com\/portalmfoficial","https:\/\/www.youtube.com\/@portalmfoficial"],"url":"https:\/\/portalmf.com.br\/index.php\/author\/junior\/"}]}},"_links":{"self":[{"href":"https:\/\/portalmf.com.br\/index.php\/wp-json\/wp\/v2\/posts\/35896"}],"collection":[{"href":"https:\/\/portalmf.com.br\/index.php\/wp-json\/wp\/v2\/posts"}],"about":[{"href":"https:\/\/portalmf.com.br\/index.php\/wp-json\/wp\/v2\/types\/post"}],"author":[{"embeddable":true,"href":"https:\/\/portalmf.com.br\/index.php\/wp-json\/wp\/v2\/users\/3"}],"replies":[{"embeddable":true,"href":"https:\/\/portalmf.com.br\/index.php\/wp-json\/wp\/v2\/comments?post=35896"}],"version-history":[{"count":1,"href":"https:\/\/portalmf.com.br\/index.php\/wp-json\/wp\/v2\/posts\/35896\/revisions"}],"predecessor-version":[{"id":35898,"href":"https:\/\/portalmf.com.br\/index.php\/wp-json\/wp\/v2\/posts\/35896\/revisions\/35898"}],"wp:featuredmedia":[{"embeddable":true,"href":"https:\/\/portalmf.com.br\/index.php\/wp-json\/wp\/v2\/media\/35897"}],"wp:attachment":[{"href":"https:\/\/portalmf.com.br\/index.php\/wp-json\/wp\/v2\/media?parent=35896"}],"wp:term":[{"taxonomy":"category","embeddable":true,"href":"https:\/\/portalmf.com.br\/index.php\/wp-json\/wp\/v2\/categories?post=35896"},{"taxonomy":"post_tag","embeddable":true,"href":"https:\/\/portalmf.com.br\/index.php\/wp-json\/wp\/v2\/tags?post=35896"}],"curies":[{"name":"wp","href":"https:\/\/api.w.org\/{rel}","templated":true}]}}