{"id":35889,"date":"2025-05-02T23:16:16","date_gmt":"2025-05-03T02:16:16","guid":{"rendered":"https:\/\/portalmf.com.br\/?p=35889"},"modified":"2025-05-02T23:16:17","modified_gmt":"2025-05-03T02:16:17","slug":"deyvid-bacelar-avalia-positivamente-inicio-da-micareta-2025","status":"publish","type":"post","link":"https:\/\/portalmf.com.br\/index.php\/2025\/05\/02\/deyvid-bacelar-avalia-positivamente-inicio-da-micareta-2025\/","title":{"rendered":"Deyvid Bacelar avalia positivamente in\u00edcio da Micareta 2025"},"content":{"rendered":"\n<p><strong>Por: Walace Almeida<\/strong><\/p>\n\n\n\n<p>O coordenador geral da Federa\u00e7\u00e3o \u00danica dos Petroleiros (FUP), Deyvid Bacelar, avaliou positivamente o primeiro dia da Micareta de Feira 2025. Ele atribui o sucesso do evento, sobretudo, \u00e0 uni\u00e3o entre os governos municipal e estadual.<\/p>\n\n\n\n<p>\u201cA Micareta 2025 tem se destacado das \u00faltimas, principalmente pela integra\u00e7\u00e3o entre os governos do estado e do munic\u00edpio no que se refere \u00e0s atra\u00e7\u00f5es. S\u00e3o grandes atra\u00e7\u00f5es e as melhores est\u00e3o na pipoca. A avenida est\u00e1 cheia, quem est\u00e1 acompanhando percebe. \u00c9 uma Micareta multicultural, de Baiana System a Quixabeira da Matinha, de Rachel Reis a Dionorina, ent\u00e3o est\u00e1 bonito de ver. Eu, enquanto feirense, estou muito feliz e satisfeito\u201d, disse.<\/p>\n\n\n\n<p>Em 2025, a peculiaridade da Micareta foi ter sido iniciada justamente no feriado de 1\u00ba de maio, Dia do Trabalhador. Para Bacelar, esse foi um ponto simb\u00f3lico na realiza\u00e7\u00e3o do evento. Ele tamb\u00e9m citou alguns acontecimentos, referentes \u00e0s a\u00e7\u00f5es do governo federal, que os trabalhadores devem comemorar.<\/p>\n\n\n\n<p>\u201cFoi muito marcante e simb\u00f3lico ver a Micareta estrear oficialmente no dia 1\u00ba de maio, que \u00e9 o Dia do Trabalhador. A Micareta, al\u00e9m da quest\u00e3o do entretenimento, gera renda, e essa \u00e9 uma preocupa\u00e7\u00e3o do governo do estado. Os trabalhadores podem comemorar alguns fatos: temos uma taxa de desemprego que \u00e9 a menor de toda a s\u00e9rie hist\u00f3rica do Brasil; a comemora\u00e7\u00e3o de 6 milh\u00f5es e 300 mil empregos que foram gerados em dois anos e meio, nesse 3\u00ba mandato do presidente Lula; pol\u00edtica de valoriza\u00e7\u00e3o do sal\u00e1rio m\u00ednimo, dentre outros motivos\u201d, citou.<\/p>\n\n\n\n<figure class=\"wp-block-image size-large\"><img fetchpriority=\"high\" decoding=\"async\" width=\"768\" height=\"1024\" src=\"https:\/\/portalmf.com.br\/wp-content\/uploads\/2025\/05\/Deyvid-Bacelar-Micareta-2025-768x1024.jpg\" alt=\"\" class=\"wp-image-35890\" srcset=\"https:\/\/portalmf.com.br\/wp-content\/uploads\/2025\/05\/Deyvid-Bacelar-Micareta-2025-768x1024.jpg 768w, https:\/\/portalmf.com.br\/wp-content\/uploads\/2025\/05\/Deyvid-Bacelar-Micareta-2025-225x300.jpg 225w, https:\/\/portalmf.com.br\/wp-content\/uploads\/2025\/05\/Deyvid-Bacelar-Micareta-2025-1152x1536.jpg 1152w, https:\/\/portalmf.com.br\/wp-content\/uploads\/2025\/05\/Deyvid-Bacelar-Micareta-2025-696x928.jpg 696w, https:\/\/portalmf.com.br\/wp-content\/uploads\/2025\/05\/Deyvid-Bacelar-Micareta-2025-1068x1424.jpg 1068w, https:\/\/portalmf.com.br\/wp-content\/uploads\/2025\/05\/Deyvid-Bacelar-Micareta-2025.jpg 1200w\" sizes=\"(max-width: 768px) 100vw, 768px\" \/><figcaption class=\"wp-element-caption\">Deyvid Bacelar, al\u00e9m de aproveitar a folia, tamb\u00e9m sa\u00fada todos os foli\u00f5es que o cumprimentam.<\/figcaption><\/figure>\n\n\n\n<p><strong>Elogios \u00e0 central destinada aos catadores<\/strong><\/p>\n\n\n\n<p>Bacelar fez quest\u00e3o de exaltar a implementa\u00e7\u00e3o da central para os catadores de recicl\u00e1veis. Segundo ele, a comum invisibiliza\u00e7\u00e3o desses profissionais \u00e9 um fato que precisa, cada vez mais, acabar. <\/p>\n\n\n\n<p>\u201cVimos, por exemplo, uma melhoria para os catadores e catadoras de recicl\u00e1veis, que \u00e9 a central para banho, atendimento m\u00e9dico e de algumas outras necessidades b\u00e1sicas. S\u00e3o pessoas que muitas vezes s\u00e3o invisibilizadas, e isso n\u00e3o pode acontecer. Com a parceria entre o prefeito Jos\u00e9 Ronaldo e o governador Jer\u00f4nimo Rodrigues, essa quest\u00e3o come\u00e7ou a ser sanada a partir desta edi\u00e7\u00e3o da Micareta de Feira\u201d, concluiu.<\/p>\n","protected":false},"excerpt":{"rendered":"<p>Por: Walace Almeida O coordenador geral da Federa\u00e7\u00e3o \u00danica dos Petroleiros (FUP), Deyvid Bacelar, avaliou positivamente o primeiro dia da Micareta de Feira 2025. Ele atribui o sucesso do evento, sobretudo, \u00e0 uni\u00e3o entre os governos municipal e estadual. \u201cA Micareta 2025 tem se destacado das \u00faltimas, principalmente pela integra\u00e7\u00e3o entre os governos do estado [&hellip;]<\/p>\n","protected":false},"author":3,"featured_media":35891,"comment_status":"open","ping_status":"open","sticky":false,"template":"","format":"standard","meta":{"_monsterinsights_skip_tracking":false,"_monsterinsights_sitenote_active":false,"_monsterinsights_sitenote_note":"","_monsterinsights_sitenote_category":0,"footnotes":""},"categories":[48,39],"tags":[],"yoast_head":"<!-- This site is optimized with the Yoast SEO plugin v22.9 - https:\/\/yoast.com\/wordpress\/plugins\/seo\/ -->\n<title>Deyvid Bacelar avalia positivamente in\u00edcio da Micareta 2025 - Portal MF<\/title>\n<meta name=\"robots\" content=\"index, follow, max-snippet:-1, max-image-preview:large, max-video-preview:-1\" \/>\n<link rel=\"canonical\" href=\"https:\/\/portalmf.com.br\/index.php\/2025\/05\/02\/deyvid-bacelar-avalia-positivamente-inicio-da-micareta-2025\/\" \/>\n<meta property=\"og:locale\" content=\"pt_BR\" \/>\n<meta property=\"og:type\" content=\"article\" \/>\n<meta property=\"og:title\" content=\"Deyvid Bacelar avalia positivamente in\u00edcio da Micareta 2025 - Portal MF\" \/>\n<meta property=\"og:description\" content=\"Por: Walace Almeida O coordenador geral da Federa\u00e7\u00e3o \u00danica dos Petroleiros (FUP), Deyvid Bacelar, avaliou positivamente o primeiro dia da Micareta de Feira 2025. Ele atribui o sucesso do evento, sobretudo, \u00e0 uni\u00e3o entre os governos municipal e estadual. \u201cA Micareta 2025 tem se destacado das \u00faltimas, principalmente pela integra\u00e7\u00e3o entre os governos do estado [&hellip;]\" \/>\n<meta property=\"og:url\" content=\"https:\/\/portalmf.com.br\/index.php\/2025\/05\/02\/deyvid-bacelar-avalia-positivamente-inicio-da-micareta-2025\/\" \/>\n<meta property=\"og:site_name\" content=\"Portal MF\" \/>\n<meta property=\"article:author\" content=\"https:\/\/www.facebook.com\/portalmfoficial\" \/>\n<meta property=\"article:published_time\" content=\"2025-05-03T02:16:16+00:00\" \/>\n<meta property=\"article:modified_time\" content=\"2025-05-03T02:16:17+00:00\" \/>\n<meta property=\"og:image\" content=\"https:\/\/portalmf.com.br\/wp-content\/uploads\/2025\/05\/Deyvid-Bacelar-Micareta.jpg\" \/>\n\t<meta property=\"og:image:width\" content=\"1600\" \/>\n\t<meta property=\"og:image:height\" content=\"1200\" \/>\n\t<meta property=\"og:image:type\" content=\"image\/jpeg\" \/>\n<meta name=\"author\" content=\"Reda\u00e7\u00e3o Portal MF\" \/>\n<meta name=\"twitter:card\" content=\"summary_large_image\" \/>\n<meta name=\"twitter:creator\" content=\"@https:\/\/x.com\/portalmfoficial\" \/>\n<meta name=\"twitter:label1\" content=\"Escrito por\" \/>\n\t<meta name=\"twitter:data1\" content=\"Reda\u00e7\u00e3o Portal MF\" \/>\n\t<meta name=\"twitter:label2\" content=\"Est. tempo de leitura\" \/>\n\t<meta name=\"twitter:data2\" content=\"3 minutos\" \/>\n<script type=\"application\/ld+json\" class=\"yoast-schema-graph\">{\"@context\":\"https:\/\/schema.org\",\"@graph\":[{\"@type\":\"WebPage\",\"@id\":\"https:\/\/portalmf.com.br\/index.php\/2025\/05\/02\/deyvid-bacelar-avalia-positivamente-inicio-da-micareta-2025\/\",\"url\":\"https:\/\/portalmf.com.br\/index.php\/2025\/05\/02\/deyvid-bacelar-avalia-positivamente-inicio-da-micareta-2025\/\",\"name\":\"Deyvid Bacelar avalia positivamente in\u00edcio da Micareta 2025 - Portal MF\",\"isPartOf\":{\"@id\":\"https:\/\/portalmf.com.br\/#website\"},\"primaryImageOfPage\":{\"@id\":\"https:\/\/portalmf.com.br\/index.php\/2025\/05\/02\/deyvid-bacelar-avalia-positivamente-inicio-da-micareta-2025\/#primaryimage\"},\"image\":{\"@id\":\"https:\/\/portalmf.com.br\/index.php\/2025\/05\/02\/deyvid-bacelar-avalia-positivamente-inicio-da-micareta-2025\/#primaryimage\"},\"thumbnailUrl\":\"https:\/\/portalmf.com.br\/wp-content\/uploads\/2025\/05\/Deyvid-Bacelar-Micareta.jpg\",\"datePublished\":\"2025-05-03T02:16:16+00:00\",\"dateModified\":\"2025-05-03T02:16:17+00:00\",\"author\":{\"@id\":\"https:\/\/portalmf.com.br\/#\/schema\/person\/9ec101baf56233e53520c26de5d6f6f0\"},\"breadcrumb\":{\"@id\":\"https:\/\/portalmf.com.br\/index.php\/2025\/05\/02\/deyvid-bacelar-avalia-positivamente-inicio-da-micareta-2025\/#breadcrumb\"},\"inLanguage\":\"pt-BR\",\"potentialAction\":[{\"@type\":\"ReadAction\",\"target\":[\"https:\/\/portalmf.com.br\/index.php\/2025\/05\/02\/deyvid-bacelar-avalia-positivamente-inicio-da-micareta-2025\/\"]}]},{\"@type\":\"ImageObject\",\"inLanguage\":\"pt-BR\",\"@id\":\"https:\/\/portalmf.com.br\/index.php\/2025\/05\/02\/deyvid-bacelar-avalia-positivamente-inicio-da-micareta-2025\/#primaryimage\",\"url\":\"https:\/\/portalmf.com.br\/wp-content\/uploads\/2025\/05\/Deyvid-Bacelar-Micareta.jpg\",\"contentUrl\":\"https:\/\/portalmf.com.br\/wp-content\/uploads\/2025\/05\/Deyvid-Bacelar-Micareta.jpg\",\"width\":1600,\"height\":1200},{\"@type\":\"BreadcrumbList\",\"@id\":\"https:\/\/portalmf.com.br\/index.php\/2025\/05\/02\/deyvid-bacelar-avalia-positivamente-inicio-da-micareta-2025\/#breadcrumb\",\"itemListElement\":[{\"@type\":\"ListItem\",\"position\":1,\"name\":\"In\u00edcio\",\"item\":\"https:\/\/portalmf.com.br\/\"},{\"@type\":\"ListItem\",\"position\":2,\"name\":\"Deyvid Bacelar avalia positivamente in\u00edcio da Micareta 2025\"}]},{\"@type\":\"WebSite\",\"@id\":\"https:\/\/portalmf.com.br\/#website\",\"url\":\"https:\/\/portalmf.com.br\/\",\"name\":\"Portal MF\",\"description\":\"Voc\u00ea conectado com a informa\u00e7\u00e3o\",\"potentialAction\":[{\"@type\":\"SearchAction\",\"target\":{\"@type\":\"EntryPoint\",\"urlTemplate\":\"https:\/\/portalmf.com.br\/?s={search_term_string}\"},\"query-input\":\"required name=search_term_string\"}],\"inLanguage\":\"pt-BR\"},{\"@type\":\"Person\",\"@id\":\"https:\/\/portalmf.com.br\/#\/schema\/person\/9ec101baf56233e53520c26de5d6f6f0\",\"name\":\"Reda\u00e7\u00e3o Portal MF\",\"image\":{\"@type\":\"ImageObject\",\"inLanguage\":\"pt-BR\",\"@id\":\"https:\/\/portalmf.com.br\/#\/schema\/person\/image\/\",\"url\":\"https:\/\/secure.gravatar.com\/avatar\/41b9aaeb2100835f7c64362330f74c7f?s=96&d=mm&r=g\",\"contentUrl\":\"https:\/\/secure.gravatar.com\/avatar\/41b9aaeb2100835f7c64362330f74c7f?s=96&d=mm&r=g\",\"caption\":\"Reda\u00e7\u00e3o Portal MF\"},\"description\":\"Sejam bem-vindos o portal de informa\u00e7\u00f5es de entretenimento de Feira de Santana, desde 2006 realiza coberturas dos principais eventos com entrevistas exclusivas com as principais personalidades mundiais. Fique conectado tamb\u00e9m nas redes sociais.\",\"sameAs\":[\"http:\/\/www.portalmf.com.br\/\",\"https:\/\/www.facebook.com\/portalmfoficial\",\"https:\/\/www.instagram.com\/portalmf\/\",\"https:\/\/x.com\/https:\/\/x.com\/portalmfoficial\",\"https:\/\/www.youtube.com\/@portalmfoficial\"],\"url\":\"https:\/\/portalmf.com.br\/index.php\/author\/junior\/\"}]}<\/script>\n<!-- \/ Yoast SEO plugin. -->","yoast_head_json":{"title":"Deyvid Bacelar avalia positivamente in\u00edcio da Micareta 2025 - Portal MF","robots":{"index":"index","follow":"follow","max-snippet":"max-snippet:-1","max-image-preview":"max-image-preview:large","max-video-preview":"max-video-preview:-1"},"canonical":"https:\/\/portalmf.com.br\/index.php\/2025\/05\/02\/deyvid-bacelar-avalia-positivamente-inicio-da-micareta-2025\/","og_locale":"pt_BR","og_type":"article","og_title":"Deyvid Bacelar avalia positivamente in\u00edcio da Micareta 2025 - Portal MF","og_description":"Por: Walace Almeida O coordenador geral da Federa\u00e7\u00e3o \u00danica dos Petroleiros (FUP), Deyvid Bacelar, avaliou positivamente o primeiro dia da Micareta de Feira 2025. Ele atribui o sucesso do evento, sobretudo, \u00e0 uni\u00e3o entre os governos municipal e estadual. \u201cA Micareta 2025 tem se destacado das \u00faltimas, principalmente pela integra\u00e7\u00e3o entre os governos do estado [&hellip;]","og_url":"https:\/\/portalmf.com.br\/index.php\/2025\/05\/02\/deyvid-bacelar-avalia-positivamente-inicio-da-micareta-2025\/","og_site_name":"Portal MF","article_author":"https:\/\/www.facebook.com\/portalmfoficial","article_published_time":"2025-05-03T02:16:16+00:00","article_modified_time":"2025-05-03T02:16:17+00:00","og_image":[{"width":1600,"height":1200,"url":"https:\/\/portalmf.com.br\/wp-content\/uploads\/2025\/05\/Deyvid-Bacelar-Micareta.jpg","type":"image\/jpeg"}],"author":"Reda\u00e7\u00e3o Portal MF","twitter_card":"summary_large_image","twitter_creator":"@https:\/\/x.com\/portalmfoficial","twitter_misc":{"Escrito por":"Reda\u00e7\u00e3o Portal MF","Est. tempo de leitura":"3 minutos"},"schema":{"@context":"https:\/\/schema.org","@graph":[{"@type":"WebPage","@id":"https:\/\/portalmf.com.br\/index.php\/2025\/05\/02\/deyvid-bacelar-avalia-positivamente-inicio-da-micareta-2025\/","url":"https:\/\/portalmf.com.br\/index.php\/2025\/05\/02\/deyvid-bacelar-avalia-positivamente-inicio-da-micareta-2025\/","name":"Deyvid Bacelar avalia positivamente in\u00edcio da Micareta 2025 - Portal MF","isPartOf":{"@id":"https:\/\/portalmf.com.br\/#website"},"primaryImageOfPage":{"@id":"https:\/\/portalmf.com.br\/index.php\/2025\/05\/02\/deyvid-bacelar-avalia-positivamente-inicio-da-micareta-2025\/#primaryimage"},"image":{"@id":"https:\/\/portalmf.com.br\/index.php\/2025\/05\/02\/deyvid-bacelar-avalia-positivamente-inicio-da-micareta-2025\/#primaryimage"},"thumbnailUrl":"https:\/\/portalmf.com.br\/wp-content\/uploads\/2025\/05\/Deyvid-Bacelar-Micareta.jpg","datePublished":"2025-05-03T02:16:16+00:00","dateModified":"2025-05-03T02:16:17+00:00","author":{"@id":"https:\/\/portalmf.com.br\/#\/schema\/person\/9ec101baf56233e53520c26de5d6f6f0"},"breadcrumb":{"@id":"https:\/\/portalmf.com.br\/index.php\/2025\/05\/02\/deyvid-bacelar-avalia-positivamente-inicio-da-micareta-2025\/#breadcrumb"},"inLanguage":"pt-BR","potentialAction":[{"@type":"ReadAction","target":["https:\/\/portalmf.com.br\/index.php\/2025\/05\/02\/deyvid-bacelar-avalia-positivamente-inicio-da-micareta-2025\/"]}]},{"@type":"ImageObject","inLanguage":"pt-BR","@id":"https:\/\/portalmf.com.br\/index.php\/2025\/05\/02\/deyvid-bacelar-avalia-positivamente-inicio-da-micareta-2025\/#primaryimage","url":"https:\/\/portalmf.com.br\/wp-content\/uploads\/2025\/05\/Deyvid-Bacelar-Micareta.jpg","contentUrl":"https:\/\/portalmf.com.br\/wp-content\/uploads\/2025\/05\/Deyvid-Bacelar-Micareta.jpg","width":1600,"height":1200},{"@type":"BreadcrumbList","@id":"https:\/\/portalmf.com.br\/index.php\/2025\/05\/02\/deyvid-bacelar-avalia-positivamente-inicio-da-micareta-2025\/#breadcrumb","itemListElement":[{"@type":"ListItem","position":1,"name":"In\u00edcio","item":"https:\/\/portalmf.com.br\/"},{"@type":"ListItem","position":2,"name":"Deyvid Bacelar avalia positivamente in\u00edcio da Micareta 2025"}]},{"@type":"WebSite","@id":"https:\/\/portalmf.com.br\/#website","url":"https:\/\/portalmf.com.br\/","name":"Portal MF","description":"Voc\u00ea conectado com a informa\u00e7\u00e3o","potentialAction":[{"@type":"SearchAction","target":{"@type":"EntryPoint","urlTemplate":"https:\/\/portalmf.com.br\/?s={search_term_string}"},"query-input":"required name=search_term_string"}],"inLanguage":"pt-BR"},{"@type":"Person","@id":"https:\/\/portalmf.com.br\/#\/schema\/person\/9ec101baf56233e53520c26de5d6f6f0","name":"Reda\u00e7\u00e3o Portal MF","image":{"@type":"ImageObject","inLanguage":"pt-BR","@id":"https:\/\/portalmf.com.br\/#\/schema\/person\/image\/","url":"https:\/\/secure.gravatar.com\/avatar\/41b9aaeb2100835f7c64362330f74c7f?s=96&d=mm&r=g","contentUrl":"https:\/\/secure.gravatar.com\/avatar\/41b9aaeb2100835f7c64362330f74c7f?s=96&d=mm&r=g","caption":"Reda\u00e7\u00e3o Portal MF"},"description":"Sejam bem-vindos o portal de informa\u00e7\u00f5es de entretenimento de Feira de Santana, desde 2006 realiza coberturas dos principais eventos com entrevistas exclusivas com as principais personalidades mundiais. Fique conectado tamb\u00e9m nas redes sociais.","sameAs":["http:\/\/www.portalmf.com.br\/","https:\/\/www.facebook.com\/portalmfoficial","https:\/\/www.instagram.com\/portalmf\/","https:\/\/x.com\/https:\/\/x.com\/portalmfoficial","https:\/\/www.youtube.com\/@portalmfoficial"],"url":"https:\/\/portalmf.com.br\/index.php\/author\/junior\/"}]}},"_links":{"self":[{"href":"https:\/\/portalmf.com.br\/index.php\/wp-json\/wp\/v2\/posts\/35889"}],"collection":[{"href":"https:\/\/portalmf.com.br\/index.php\/wp-json\/wp\/v2\/posts"}],"about":[{"href":"https:\/\/portalmf.com.br\/index.php\/wp-json\/wp\/v2\/types\/post"}],"author":[{"embeddable":true,"href":"https:\/\/portalmf.com.br\/index.php\/wp-json\/wp\/v2\/users\/3"}],"replies":[{"embeddable":true,"href":"https:\/\/portalmf.com.br\/index.php\/wp-json\/wp\/v2\/comments?post=35889"}],"version-history":[{"count":1,"href":"https:\/\/portalmf.com.br\/index.php\/wp-json\/wp\/v2\/posts\/35889\/revisions"}],"predecessor-version":[{"id":35892,"href":"https:\/\/portalmf.com.br\/index.php\/wp-json\/wp\/v2\/posts\/35889\/revisions\/35892"}],"wp:featuredmedia":[{"embeddable":true,"href":"https:\/\/portalmf.com.br\/index.php\/wp-json\/wp\/v2\/media\/35891"}],"wp:attachment":[{"href":"https:\/\/portalmf.com.br\/index.php\/wp-json\/wp\/v2\/media?parent=35889"}],"wp:term":[{"taxonomy":"category","embeddable":true,"href":"https:\/\/portalmf.com.br\/index.php\/wp-json\/wp\/v2\/categories?post=35889"},{"taxonomy":"post_tag","embeddable":true,"href":"https:\/\/portalmf.com.br\/index.php\/wp-json\/wp\/v2\/tags?post=35889"}],"curies":[{"name":"wp","href":"https:\/\/api.w.org\/{rel}","templated":true}]}}