{"id":35882,"date":"2025-05-02T21:30:34","date_gmt":"2025-05-03T00:30:34","guid":{"rendered":"https:\/\/portalmf.com.br\/?p=35882"},"modified":"2025-05-02T21:30:35","modified_gmt":"2025-05-03T00:30:35","slug":"tayrone-anuncia-lancamento-de-novo-projeto-audiovisual","status":"publish","type":"post","link":"https:\/\/portalmf.com.br\/index.php\/2025\/05\/02\/tayrone-anuncia-lancamento-de-novo-projeto-audiovisual\/","title":{"rendered":"Tayrone anuncia lan\u00e7amento de novo projeto audiovisual"},"content":{"rendered":"\n<p><strong>Por: Walace Almeida<\/strong><\/p>\n\n\n\n<p>Um dos principais nomes da hist\u00f3ria do Arrocha no Brasil, o cantor Tayrone \u00e9 mais uma atra\u00e7\u00e3o do 2\u00ba dia da Micareta de Feira 2025.<\/p>\n\n\n\n<p>Ele se mostra honrado em cantar mais uma vez na Princesa do Sert\u00e3o e valoriza o fato de dividir espa\u00e7o com tantos outros grandes artistas. \u201cCantar na Micareta de Feira \u00e9 uma honra. \u00c9 o maior Carnaval fora de \u00e9poca do pa\u00eds, e dividir espa\u00e7o com grandes nomes do Ax\u00e9 Music, do pagod\u00e3o baiano, dentre outros ritmos, \u00e9 sensacional para todo artista&#8221;, frisou.<\/p>\n\n\n\n<p>O cantor aproveitou para anunciar o seu mais novo projeto audiovisual, \u201cTayrone Ess\u00eancia\u201d, que ser\u00e1 lan\u00e7ado, segundo ele, antes do S\u00e3o Jo\u00e3o, e continuou exaltando a Micareta de Feira.<\/p>\n\n\n\n<p>\u201c\u00c9 uma felicidade enorme estar aqui na Micareta de Feira mais uma vez, trazendo essa sofr\u00eancia boa para o p\u00fablico. Teremos m\u00fasicas antigas, m\u00fasicas novas, tudo o que o nosso p\u00fablico gosta. Al\u00e9m disso, em breve, teremos o lan\u00e7amento do nosso projeto \u201cTayrone Ess\u00eancia\u201d, um audiovisual que sair\u00e1 antes do S\u00e3o Jo\u00e3o. Logo menos anunciaremos nas redes sociais, e com certeza t\u00e1 maravilhoso\u201d, finalizou.<\/p>\n","protected":false},"excerpt":{"rendered":"<p>Por: Walace Almeida Um dos principais nomes da hist\u00f3ria do Arrocha no Brasil, o cantor Tayrone \u00e9 mais uma atra\u00e7\u00e3o do 2\u00ba dia da Micareta de Feira 2025. Ele se mostra honrado em cantar mais uma vez na Princesa do Sert\u00e3o e valoriza o fato de dividir espa\u00e7o com tantos outros grandes artistas. \u201cCantar na [&hellip;]<\/p>\n","protected":false},"author":3,"featured_media":35883,"comment_status":"open","ping_status":"open","sticky":false,"template":"","format":"standard","meta":{"_monsterinsights_skip_tracking":false,"_monsterinsights_sitenote_active":false,"_monsterinsights_sitenote_note":"","_monsterinsights_sitenote_category":0,"footnotes":""},"categories":[48,39],"tags":[],"yoast_head":"<!-- This site is optimized with the Yoast SEO plugin v22.9 - https:\/\/yoast.com\/wordpress\/plugins\/seo\/ -->\n<title>Tayrone anuncia lan\u00e7amento de novo projeto audiovisual - Portal MF<\/title>\n<meta name=\"robots\" content=\"index, follow, max-snippet:-1, max-image-preview:large, max-video-preview:-1\" \/>\n<link rel=\"canonical\" href=\"https:\/\/portalmf.com.br\/index.php\/2025\/05\/02\/tayrone-anuncia-lancamento-de-novo-projeto-audiovisual\/\" \/>\n<meta property=\"og:locale\" content=\"pt_BR\" \/>\n<meta property=\"og:type\" content=\"article\" \/>\n<meta property=\"og:title\" content=\"Tayrone anuncia lan\u00e7amento de novo projeto audiovisual - Portal MF\" \/>\n<meta property=\"og:description\" content=\"Por: Walace Almeida Um dos principais nomes da hist\u00f3ria do Arrocha no Brasil, o cantor Tayrone \u00e9 mais uma atra\u00e7\u00e3o do 2\u00ba dia da Micareta de Feira 2025. Ele se mostra honrado em cantar mais uma vez na Princesa do Sert\u00e3o e valoriza o fato de dividir espa\u00e7o com tantos outros grandes artistas. \u201cCantar na [&hellip;]\" \/>\n<meta property=\"og:url\" content=\"https:\/\/portalmf.com.br\/index.php\/2025\/05\/02\/tayrone-anuncia-lancamento-de-novo-projeto-audiovisual\/\" \/>\n<meta property=\"og:site_name\" content=\"Portal MF\" \/>\n<meta property=\"article:author\" content=\"https:\/\/www.facebook.com\/portalmfoficial\" \/>\n<meta property=\"article:published_time\" content=\"2025-05-03T00:30:34+00:00\" \/>\n<meta property=\"article:modified_time\" content=\"2025-05-03T00:30:35+00:00\" \/>\n<meta property=\"og:image\" content=\"https:\/\/portalmf.com.br\/wp-content\/uploads\/2025\/05\/Tayrone-Micareta-2025-e1746232226535.jpg\" \/>\n\t<meta property=\"og:image:width\" content=\"1200\" \/>\n\t<meta property=\"og:image:height\" content=\"829\" \/>\n\t<meta property=\"og:image:type\" content=\"image\/jpeg\" \/>\n<meta name=\"author\" content=\"Reda\u00e7\u00e3o Portal MF\" \/>\n<meta name=\"twitter:card\" content=\"summary_large_image\" \/>\n<meta name=\"twitter:creator\" content=\"@https:\/\/x.com\/portalmfoficial\" \/>\n<meta name=\"twitter:label1\" content=\"Escrito por\" \/>\n\t<meta name=\"twitter:data1\" content=\"Reda\u00e7\u00e3o Portal MF\" \/>\n\t<meta name=\"twitter:label2\" content=\"Est. tempo de leitura\" \/>\n\t<meta name=\"twitter:data2\" content=\"2 minutos\" \/>\n<script type=\"application\/ld+json\" class=\"yoast-schema-graph\">{\"@context\":\"https:\/\/schema.org\",\"@graph\":[{\"@type\":\"WebPage\",\"@id\":\"https:\/\/portalmf.com.br\/index.php\/2025\/05\/02\/tayrone-anuncia-lancamento-de-novo-projeto-audiovisual\/\",\"url\":\"https:\/\/portalmf.com.br\/index.php\/2025\/05\/02\/tayrone-anuncia-lancamento-de-novo-projeto-audiovisual\/\",\"name\":\"Tayrone anuncia lan\u00e7amento de novo projeto audiovisual - Portal MF\",\"isPartOf\":{\"@id\":\"https:\/\/portalmf.com.br\/#website\"},\"primaryImageOfPage\":{\"@id\":\"https:\/\/portalmf.com.br\/index.php\/2025\/05\/02\/tayrone-anuncia-lancamento-de-novo-projeto-audiovisual\/#primaryimage\"},\"image\":{\"@id\":\"https:\/\/portalmf.com.br\/index.php\/2025\/05\/02\/tayrone-anuncia-lancamento-de-novo-projeto-audiovisual\/#primaryimage\"},\"thumbnailUrl\":\"https:\/\/portalmf.com.br\/wp-content\/uploads\/2025\/05\/Tayrone-Micareta-2025-e1746232226535.jpg\",\"datePublished\":\"2025-05-03T00:30:34+00:00\",\"dateModified\":\"2025-05-03T00:30:35+00:00\",\"author\":{\"@id\":\"https:\/\/portalmf.com.br\/#\/schema\/person\/9ec101baf56233e53520c26de5d6f6f0\"},\"breadcrumb\":{\"@id\":\"https:\/\/portalmf.com.br\/index.php\/2025\/05\/02\/tayrone-anuncia-lancamento-de-novo-projeto-audiovisual\/#breadcrumb\"},\"inLanguage\":\"pt-BR\",\"potentialAction\":[{\"@type\":\"ReadAction\",\"target\":[\"https:\/\/portalmf.com.br\/index.php\/2025\/05\/02\/tayrone-anuncia-lancamento-de-novo-projeto-audiovisual\/\"]}]},{\"@type\":\"ImageObject\",\"inLanguage\":\"pt-BR\",\"@id\":\"https:\/\/portalmf.com.br\/index.php\/2025\/05\/02\/tayrone-anuncia-lancamento-de-novo-projeto-audiovisual\/#primaryimage\",\"url\":\"https:\/\/portalmf.com.br\/wp-content\/uploads\/2025\/05\/Tayrone-Micareta-2025-e1746232226535.jpg\",\"contentUrl\":\"https:\/\/portalmf.com.br\/wp-content\/uploads\/2025\/05\/Tayrone-Micareta-2025-e1746232226535.jpg\",\"width\":1200,\"height\":829},{\"@type\":\"BreadcrumbList\",\"@id\":\"https:\/\/portalmf.com.br\/index.php\/2025\/05\/02\/tayrone-anuncia-lancamento-de-novo-projeto-audiovisual\/#breadcrumb\",\"itemListElement\":[{\"@type\":\"ListItem\",\"position\":1,\"name\":\"In\u00edcio\",\"item\":\"https:\/\/portalmf.com.br\/\"},{\"@type\":\"ListItem\",\"position\":2,\"name\":\"Tayrone anuncia lan\u00e7amento de novo projeto audiovisual\"}]},{\"@type\":\"WebSite\",\"@id\":\"https:\/\/portalmf.com.br\/#website\",\"url\":\"https:\/\/portalmf.com.br\/\",\"name\":\"Portal MF\",\"description\":\"Voc\u00ea conectado com a informa\u00e7\u00e3o\",\"potentialAction\":[{\"@type\":\"SearchAction\",\"target\":{\"@type\":\"EntryPoint\",\"urlTemplate\":\"https:\/\/portalmf.com.br\/?s={search_term_string}\"},\"query-input\":\"required name=search_term_string\"}],\"inLanguage\":\"pt-BR\"},{\"@type\":\"Person\",\"@id\":\"https:\/\/portalmf.com.br\/#\/schema\/person\/9ec101baf56233e53520c26de5d6f6f0\",\"name\":\"Reda\u00e7\u00e3o Portal MF\",\"image\":{\"@type\":\"ImageObject\",\"inLanguage\":\"pt-BR\",\"@id\":\"https:\/\/portalmf.com.br\/#\/schema\/person\/image\/\",\"url\":\"https:\/\/secure.gravatar.com\/avatar\/41b9aaeb2100835f7c64362330f74c7f?s=96&d=mm&r=g\",\"contentUrl\":\"https:\/\/secure.gravatar.com\/avatar\/41b9aaeb2100835f7c64362330f74c7f?s=96&d=mm&r=g\",\"caption\":\"Reda\u00e7\u00e3o Portal MF\"},\"description\":\"Sejam bem-vindos o portal de informa\u00e7\u00f5es de entretenimento de Feira de Santana, desde 2006 realiza coberturas dos principais eventos com entrevistas exclusivas com as principais personalidades mundiais. Fique conectado tamb\u00e9m nas redes sociais.\",\"sameAs\":[\"http:\/\/www.portalmf.com.br\/\",\"https:\/\/www.facebook.com\/portalmfoficial\",\"https:\/\/www.instagram.com\/portalmf\/\",\"https:\/\/x.com\/https:\/\/x.com\/portalmfoficial\",\"https:\/\/www.youtube.com\/@portalmfoficial\"],\"url\":\"https:\/\/portalmf.com.br\/index.php\/author\/junior\/\"}]}<\/script>\n<!-- \/ Yoast SEO plugin. -->","yoast_head_json":{"title":"Tayrone anuncia lan\u00e7amento de novo projeto audiovisual - Portal MF","robots":{"index":"index","follow":"follow","max-snippet":"max-snippet:-1","max-image-preview":"max-image-preview:large","max-video-preview":"max-video-preview:-1"},"canonical":"https:\/\/portalmf.com.br\/index.php\/2025\/05\/02\/tayrone-anuncia-lancamento-de-novo-projeto-audiovisual\/","og_locale":"pt_BR","og_type":"article","og_title":"Tayrone anuncia lan\u00e7amento de novo projeto audiovisual - Portal MF","og_description":"Por: Walace Almeida Um dos principais nomes da hist\u00f3ria do Arrocha no Brasil, o cantor Tayrone \u00e9 mais uma atra\u00e7\u00e3o do 2\u00ba dia da Micareta de Feira 2025. Ele se mostra honrado em cantar mais uma vez na Princesa do Sert\u00e3o e valoriza o fato de dividir espa\u00e7o com tantos outros grandes artistas. \u201cCantar na [&hellip;]","og_url":"https:\/\/portalmf.com.br\/index.php\/2025\/05\/02\/tayrone-anuncia-lancamento-de-novo-projeto-audiovisual\/","og_site_name":"Portal MF","article_author":"https:\/\/www.facebook.com\/portalmfoficial","article_published_time":"2025-05-03T00:30:34+00:00","article_modified_time":"2025-05-03T00:30:35+00:00","og_image":[{"width":1200,"height":829,"url":"https:\/\/portalmf.com.br\/wp-content\/uploads\/2025\/05\/Tayrone-Micareta-2025-e1746232226535.jpg","type":"image\/jpeg"}],"author":"Reda\u00e7\u00e3o Portal MF","twitter_card":"summary_large_image","twitter_creator":"@https:\/\/x.com\/portalmfoficial","twitter_misc":{"Escrito por":"Reda\u00e7\u00e3o Portal MF","Est. tempo de leitura":"2 minutos"},"schema":{"@context":"https:\/\/schema.org","@graph":[{"@type":"WebPage","@id":"https:\/\/portalmf.com.br\/index.php\/2025\/05\/02\/tayrone-anuncia-lancamento-de-novo-projeto-audiovisual\/","url":"https:\/\/portalmf.com.br\/index.php\/2025\/05\/02\/tayrone-anuncia-lancamento-de-novo-projeto-audiovisual\/","name":"Tayrone anuncia lan\u00e7amento de novo projeto audiovisual - Portal MF","isPartOf":{"@id":"https:\/\/portalmf.com.br\/#website"},"primaryImageOfPage":{"@id":"https:\/\/portalmf.com.br\/index.php\/2025\/05\/02\/tayrone-anuncia-lancamento-de-novo-projeto-audiovisual\/#primaryimage"},"image":{"@id":"https:\/\/portalmf.com.br\/index.php\/2025\/05\/02\/tayrone-anuncia-lancamento-de-novo-projeto-audiovisual\/#primaryimage"},"thumbnailUrl":"https:\/\/portalmf.com.br\/wp-content\/uploads\/2025\/05\/Tayrone-Micareta-2025-e1746232226535.jpg","datePublished":"2025-05-03T00:30:34+00:00","dateModified":"2025-05-03T00:30:35+00:00","author":{"@id":"https:\/\/portalmf.com.br\/#\/schema\/person\/9ec101baf56233e53520c26de5d6f6f0"},"breadcrumb":{"@id":"https:\/\/portalmf.com.br\/index.php\/2025\/05\/02\/tayrone-anuncia-lancamento-de-novo-projeto-audiovisual\/#breadcrumb"},"inLanguage":"pt-BR","potentialAction":[{"@type":"ReadAction","target":["https:\/\/portalmf.com.br\/index.php\/2025\/05\/02\/tayrone-anuncia-lancamento-de-novo-projeto-audiovisual\/"]}]},{"@type":"ImageObject","inLanguage":"pt-BR","@id":"https:\/\/portalmf.com.br\/index.php\/2025\/05\/02\/tayrone-anuncia-lancamento-de-novo-projeto-audiovisual\/#primaryimage","url":"https:\/\/portalmf.com.br\/wp-content\/uploads\/2025\/05\/Tayrone-Micareta-2025-e1746232226535.jpg","contentUrl":"https:\/\/portalmf.com.br\/wp-content\/uploads\/2025\/05\/Tayrone-Micareta-2025-e1746232226535.jpg","width":1200,"height":829},{"@type":"BreadcrumbList","@id":"https:\/\/portalmf.com.br\/index.php\/2025\/05\/02\/tayrone-anuncia-lancamento-de-novo-projeto-audiovisual\/#breadcrumb","itemListElement":[{"@type":"ListItem","position":1,"name":"In\u00edcio","item":"https:\/\/portalmf.com.br\/"},{"@type":"ListItem","position":2,"name":"Tayrone anuncia lan\u00e7amento de novo projeto audiovisual"}]},{"@type":"WebSite","@id":"https:\/\/portalmf.com.br\/#website","url":"https:\/\/portalmf.com.br\/","name":"Portal MF","description":"Voc\u00ea conectado com a informa\u00e7\u00e3o","potentialAction":[{"@type":"SearchAction","target":{"@type":"EntryPoint","urlTemplate":"https:\/\/portalmf.com.br\/?s={search_term_string}"},"query-input":"required name=search_term_string"}],"inLanguage":"pt-BR"},{"@type":"Person","@id":"https:\/\/portalmf.com.br\/#\/schema\/person\/9ec101baf56233e53520c26de5d6f6f0","name":"Reda\u00e7\u00e3o Portal MF","image":{"@type":"ImageObject","inLanguage":"pt-BR","@id":"https:\/\/portalmf.com.br\/#\/schema\/person\/image\/","url":"https:\/\/secure.gravatar.com\/avatar\/41b9aaeb2100835f7c64362330f74c7f?s=96&d=mm&r=g","contentUrl":"https:\/\/secure.gravatar.com\/avatar\/41b9aaeb2100835f7c64362330f74c7f?s=96&d=mm&r=g","caption":"Reda\u00e7\u00e3o Portal MF"},"description":"Sejam bem-vindos o portal de informa\u00e7\u00f5es de entretenimento de Feira de Santana, desde 2006 realiza coberturas dos principais eventos com entrevistas exclusivas com as principais personalidades mundiais. Fique conectado tamb\u00e9m nas redes sociais.","sameAs":["http:\/\/www.portalmf.com.br\/","https:\/\/www.facebook.com\/portalmfoficial","https:\/\/www.instagram.com\/portalmf\/","https:\/\/x.com\/https:\/\/x.com\/portalmfoficial","https:\/\/www.youtube.com\/@portalmfoficial"],"url":"https:\/\/portalmf.com.br\/index.php\/author\/junior\/"}]}},"_links":{"self":[{"href":"https:\/\/portalmf.com.br\/index.php\/wp-json\/wp\/v2\/posts\/35882"}],"collection":[{"href":"https:\/\/portalmf.com.br\/index.php\/wp-json\/wp\/v2\/posts"}],"about":[{"href":"https:\/\/portalmf.com.br\/index.php\/wp-json\/wp\/v2\/types\/post"}],"author":[{"embeddable":true,"href":"https:\/\/portalmf.com.br\/index.php\/wp-json\/wp\/v2\/users\/3"}],"replies":[{"embeddable":true,"href":"https:\/\/portalmf.com.br\/index.php\/wp-json\/wp\/v2\/comments?post=35882"}],"version-history":[{"count":1,"href":"https:\/\/portalmf.com.br\/index.php\/wp-json\/wp\/v2\/posts\/35882\/revisions"}],"predecessor-version":[{"id":35884,"href":"https:\/\/portalmf.com.br\/index.php\/wp-json\/wp\/v2\/posts\/35882\/revisions\/35884"}],"wp:featuredmedia":[{"embeddable":true,"href":"https:\/\/portalmf.com.br\/index.php\/wp-json\/wp\/v2\/media\/35883"}],"wp:attachment":[{"href":"https:\/\/portalmf.com.br\/index.php\/wp-json\/wp\/v2\/media?parent=35882"}],"wp:term":[{"taxonomy":"category","embeddable":true,"href":"https:\/\/portalmf.com.br\/index.php\/wp-json\/wp\/v2\/categories?post=35882"},{"taxonomy":"post_tag","embeddable":true,"href":"https:\/\/portalmf.com.br\/index.php\/wp-json\/wp\/v2\/tags?post=35882"}],"curies":[{"name":"wp","href":"https:\/\/api.w.org\/{rel}","templated":true}]}}