{"id":35877,"date":"2025-05-02T21:07:21","date_gmt":"2025-05-03T00:07:21","guid":{"rendered":"https:\/\/portalmf.com.br\/?p=35877"},"modified":"2025-05-02T21:07:44","modified_gmt":"2025-05-03T00:07:44","slug":"40-anos-de-axe-music-luiz-caldas-comemora-sua-criacao","status":"publish","type":"post","link":"https:\/\/portalmf.com.br\/index.php\/2025\/05\/02\/40-anos-de-axe-music-luiz-caldas-comemora-sua-criacao\/","title":{"rendered":"Ax\u00e9 Music: Luiz Caldas comemora os 40 anos da sua cria\u00e7\u00e3o"},"content":{"rendered":"\n<p><strong>Por: Walace Almeida<\/strong><\/p>\n\n\n\n<p>Se em 2025 o Ax\u00e9 Music completa 40 anos de muita hist\u00f3ria, uma pessoa tem participa\u00e7\u00e3o fundamental nisso: Luiz Caldas, artista feirense que criou o ritmo, e est\u00e1 mais uma vez na Micareta de Feira.<\/p>\n\n\n\n<p>Para Luiz Caldas, Feira de Santana \u00e9 um celeiro de grandes artistas. Ele comemora o anivers\u00e1rio da sua cria\u00e7\u00e3o e se diz feliz de participar da Micareta num ano t\u00e3o especial para o Ax\u00e9 M\u00fasic.<\/p>\n\n\n\n<p>\u201cFeira de Santana tem a 1\u00aa Micareta do Brasil, ent\u00e3o, por si s\u00f3, isso j\u00e1 \u00e9 maravilhoso. Eu sou nascido aqui e sei que \u00e9 uma terra que tem muita gente boa. A m\u00fasica fervilha aqui, ent\u00e3o voltar a Feira, sendo natural daqui, no ano em que a minha cria\u00e7\u00e3o comemora 40 anos de hist\u00f3ria, \u00e9 motivo de muita felicidade\u201d, exclamou o cantor.<\/p>\n\n\n\n<p>Ele lembra da sua transi\u00e7\u00e3o dos grupos de baile para o trio el\u00e9trico. \u201cNossa cidade tem excelentes grupos de baile desde a d\u00e9cada de 70, e eu toquei em v\u00e1rios, como, por exemplo, o Leopardos, que tocava muito bem e me serviu como uma faculdade, assim como todos os outros pelos quais passei. Ent\u00e3o, quando cheguei no trio el\u00e9trico, s\u00f3 fiz colocar em pr\u00e1tica tudo o que j\u00e1 tinha aprendido e executado nas minhas experi\u00eancias anteriores\u201d, disse.<\/p>\n","protected":false},"excerpt":{"rendered":"<p>Por: Walace Almeida Se em 2025 o Ax\u00e9 Music completa 40 anos de muita hist\u00f3ria, uma pessoa tem participa\u00e7\u00e3o fundamental nisso: Luiz Caldas, artista feirense que criou o ritmo, e est\u00e1 mais uma vez na Micareta de Feira. Para Luiz Caldas, Feira de Santana \u00e9 um celeiro de grandes artistas. Ele comemora o anivers\u00e1rio da [&hellip;]<\/p>\n","protected":false},"author":3,"featured_media":35878,"comment_status":"open","ping_status":"open","sticky":false,"template":"","format":"standard","meta":{"_monsterinsights_skip_tracking":false,"_monsterinsights_sitenote_active":false,"_monsterinsights_sitenote_note":"","_monsterinsights_sitenote_category":0,"footnotes":""},"categories":[48,39],"tags":[],"yoast_head":"<!-- This site is optimized with the Yoast SEO plugin v22.9 - https:\/\/yoast.com\/wordpress\/plugins\/seo\/ -->\n<title>Ax\u00e9 Music: Luiz Caldas comemora os 40 anos da sua cria\u00e7\u00e3o - Portal MF<\/title>\n<meta name=\"robots\" content=\"index, follow, max-snippet:-1, max-image-preview:large, max-video-preview:-1\" \/>\n<link rel=\"canonical\" href=\"https:\/\/portalmf.com.br\/index.php\/2025\/05\/02\/40-anos-de-axe-music-luiz-caldas-comemora-sua-criacao\/\" \/>\n<meta property=\"og:locale\" content=\"pt_BR\" \/>\n<meta property=\"og:type\" content=\"article\" \/>\n<meta property=\"og:title\" content=\"Ax\u00e9 Music: Luiz Caldas comemora os 40 anos da sua cria\u00e7\u00e3o - Portal MF\" \/>\n<meta property=\"og:description\" content=\"Por: Walace Almeida Se em 2025 o Ax\u00e9 Music completa 40 anos de muita hist\u00f3ria, uma pessoa tem participa\u00e7\u00e3o fundamental nisso: Luiz Caldas, artista feirense que criou o ritmo, e est\u00e1 mais uma vez na Micareta de Feira. Para Luiz Caldas, Feira de Santana \u00e9 um celeiro de grandes artistas. Ele comemora o anivers\u00e1rio da [&hellip;]\" \/>\n<meta property=\"og:url\" content=\"https:\/\/portalmf.com.br\/index.php\/2025\/05\/02\/40-anos-de-axe-music-luiz-caldas-comemora-sua-criacao\/\" \/>\n<meta property=\"og:site_name\" content=\"Portal MF\" \/>\n<meta property=\"article:author\" content=\"https:\/\/www.facebook.com\/portalmfoficial\" \/>\n<meta property=\"article:published_time\" content=\"2025-05-03T00:07:21+00:00\" \/>\n<meta property=\"article:modified_time\" content=\"2025-05-03T00:07:44+00:00\" \/>\n<meta property=\"og:image\" content=\"https:\/\/portalmf.com.br\/wp-content\/uploads\/2025\/05\/Luiz-Caldas-Micareta-2025-e1746230802332.jpg\" \/>\n\t<meta property=\"og:image:width\" content=\"827\" \/>\n\t<meta property=\"og:image:height\" content=\"639\" \/>\n\t<meta property=\"og:image:type\" content=\"image\/jpeg\" \/>\n<meta name=\"author\" content=\"Reda\u00e7\u00e3o Portal MF\" \/>\n<meta name=\"twitter:card\" content=\"summary_large_image\" \/>\n<meta name=\"twitter:creator\" content=\"@https:\/\/x.com\/portalmfoficial\" \/>\n<meta name=\"twitter:label1\" content=\"Escrito por\" \/>\n\t<meta name=\"twitter:data1\" content=\"Reda\u00e7\u00e3o Portal MF\" \/>\n\t<meta name=\"twitter:label2\" content=\"Est. tempo de leitura\" \/>\n\t<meta name=\"twitter:data2\" content=\"2 minutos\" \/>\n<script type=\"application\/ld+json\" class=\"yoast-schema-graph\">{\"@context\":\"https:\/\/schema.org\",\"@graph\":[{\"@type\":\"WebPage\",\"@id\":\"https:\/\/portalmf.com.br\/index.php\/2025\/05\/02\/40-anos-de-axe-music-luiz-caldas-comemora-sua-criacao\/\",\"url\":\"https:\/\/portalmf.com.br\/index.php\/2025\/05\/02\/40-anos-de-axe-music-luiz-caldas-comemora-sua-criacao\/\",\"name\":\"Ax\u00e9 Music: Luiz Caldas comemora os 40 anos da sua cria\u00e7\u00e3o - Portal MF\",\"isPartOf\":{\"@id\":\"https:\/\/portalmf.com.br\/#website\"},\"primaryImageOfPage\":{\"@id\":\"https:\/\/portalmf.com.br\/index.php\/2025\/05\/02\/40-anos-de-axe-music-luiz-caldas-comemora-sua-criacao\/#primaryimage\"},\"image\":{\"@id\":\"https:\/\/portalmf.com.br\/index.php\/2025\/05\/02\/40-anos-de-axe-music-luiz-caldas-comemora-sua-criacao\/#primaryimage\"},\"thumbnailUrl\":\"https:\/\/portalmf.com.br\/wp-content\/uploads\/2025\/05\/Luiz-Caldas-Micareta-2025-e1746230802332.jpg\",\"datePublished\":\"2025-05-03T00:07:21+00:00\",\"dateModified\":\"2025-05-03T00:07:44+00:00\",\"author\":{\"@id\":\"https:\/\/portalmf.com.br\/#\/schema\/person\/9ec101baf56233e53520c26de5d6f6f0\"},\"breadcrumb\":{\"@id\":\"https:\/\/portalmf.com.br\/index.php\/2025\/05\/02\/40-anos-de-axe-music-luiz-caldas-comemora-sua-criacao\/#breadcrumb\"},\"inLanguage\":\"pt-BR\",\"potentialAction\":[{\"@type\":\"ReadAction\",\"target\":[\"https:\/\/portalmf.com.br\/index.php\/2025\/05\/02\/40-anos-de-axe-music-luiz-caldas-comemora-sua-criacao\/\"]}]},{\"@type\":\"ImageObject\",\"inLanguage\":\"pt-BR\",\"@id\":\"https:\/\/portalmf.com.br\/index.php\/2025\/05\/02\/40-anos-de-axe-music-luiz-caldas-comemora-sua-criacao\/#primaryimage\",\"url\":\"https:\/\/portalmf.com.br\/wp-content\/uploads\/2025\/05\/Luiz-Caldas-Micareta-2025-e1746230802332.jpg\",\"contentUrl\":\"https:\/\/portalmf.com.br\/wp-content\/uploads\/2025\/05\/Luiz-Caldas-Micareta-2025-e1746230802332.jpg\",\"width\":827,\"height\":639},{\"@type\":\"BreadcrumbList\",\"@id\":\"https:\/\/portalmf.com.br\/index.php\/2025\/05\/02\/40-anos-de-axe-music-luiz-caldas-comemora-sua-criacao\/#breadcrumb\",\"itemListElement\":[{\"@type\":\"ListItem\",\"position\":1,\"name\":\"In\u00edcio\",\"item\":\"https:\/\/portalmf.com.br\/\"},{\"@type\":\"ListItem\",\"position\":2,\"name\":\"Ax\u00e9 Music: Luiz Caldas comemora os 40 anos da sua cria\u00e7\u00e3o\"}]},{\"@type\":\"WebSite\",\"@id\":\"https:\/\/portalmf.com.br\/#website\",\"url\":\"https:\/\/portalmf.com.br\/\",\"name\":\"Portal MF\",\"description\":\"Voc\u00ea conectado com a informa\u00e7\u00e3o\",\"potentialAction\":[{\"@type\":\"SearchAction\",\"target\":{\"@type\":\"EntryPoint\",\"urlTemplate\":\"https:\/\/portalmf.com.br\/?s={search_term_string}\"},\"query-input\":\"required name=search_term_string\"}],\"inLanguage\":\"pt-BR\"},{\"@type\":\"Person\",\"@id\":\"https:\/\/portalmf.com.br\/#\/schema\/person\/9ec101baf56233e53520c26de5d6f6f0\",\"name\":\"Reda\u00e7\u00e3o Portal MF\",\"image\":{\"@type\":\"ImageObject\",\"inLanguage\":\"pt-BR\",\"@id\":\"https:\/\/portalmf.com.br\/#\/schema\/person\/image\/\",\"url\":\"https:\/\/secure.gravatar.com\/avatar\/41b9aaeb2100835f7c64362330f74c7f?s=96&d=mm&r=g\",\"contentUrl\":\"https:\/\/secure.gravatar.com\/avatar\/41b9aaeb2100835f7c64362330f74c7f?s=96&d=mm&r=g\",\"caption\":\"Reda\u00e7\u00e3o Portal MF\"},\"description\":\"Sejam bem-vindos o portal de informa\u00e7\u00f5es de entretenimento de Feira de Santana, desde 2006 realiza coberturas dos principais eventos com entrevistas exclusivas com as principais personalidades mundiais. Fique conectado tamb\u00e9m nas redes sociais.\",\"sameAs\":[\"http:\/\/www.portalmf.com.br\/\",\"https:\/\/www.facebook.com\/portalmfoficial\",\"https:\/\/www.instagram.com\/portalmf\/\",\"https:\/\/x.com\/https:\/\/x.com\/portalmfoficial\",\"https:\/\/www.youtube.com\/@portalmfoficial\"],\"url\":\"https:\/\/portalmf.com.br\/index.php\/author\/junior\/\"}]}<\/script>\n<!-- \/ Yoast SEO plugin. -->","yoast_head_json":{"title":"Ax\u00e9 Music: Luiz Caldas comemora os 40 anos da sua cria\u00e7\u00e3o - Portal MF","robots":{"index":"index","follow":"follow","max-snippet":"max-snippet:-1","max-image-preview":"max-image-preview:large","max-video-preview":"max-video-preview:-1"},"canonical":"https:\/\/portalmf.com.br\/index.php\/2025\/05\/02\/40-anos-de-axe-music-luiz-caldas-comemora-sua-criacao\/","og_locale":"pt_BR","og_type":"article","og_title":"Ax\u00e9 Music: Luiz Caldas comemora os 40 anos da sua cria\u00e7\u00e3o - Portal MF","og_description":"Por: Walace Almeida Se em 2025 o Ax\u00e9 Music completa 40 anos de muita hist\u00f3ria, uma pessoa tem participa\u00e7\u00e3o fundamental nisso: Luiz Caldas, artista feirense que criou o ritmo, e est\u00e1 mais uma vez na Micareta de Feira. Para Luiz Caldas, Feira de Santana \u00e9 um celeiro de grandes artistas. Ele comemora o anivers\u00e1rio da [&hellip;]","og_url":"https:\/\/portalmf.com.br\/index.php\/2025\/05\/02\/40-anos-de-axe-music-luiz-caldas-comemora-sua-criacao\/","og_site_name":"Portal MF","article_author":"https:\/\/www.facebook.com\/portalmfoficial","article_published_time":"2025-05-03T00:07:21+00:00","article_modified_time":"2025-05-03T00:07:44+00:00","og_image":[{"width":827,"height":639,"url":"https:\/\/portalmf.com.br\/wp-content\/uploads\/2025\/05\/Luiz-Caldas-Micareta-2025-e1746230802332.jpg","type":"image\/jpeg"}],"author":"Reda\u00e7\u00e3o Portal MF","twitter_card":"summary_large_image","twitter_creator":"@https:\/\/x.com\/portalmfoficial","twitter_misc":{"Escrito por":"Reda\u00e7\u00e3o Portal MF","Est. tempo de leitura":"2 minutos"},"schema":{"@context":"https:\/\/schema.org","@graph":[{"@type":"WebPage","@id":"https:\/\/portalmf.com.br\/index.php\/2025\/05\/02\/40-anos-de-axe-music-luiz-caldas-comemora-sua-criacao\/","url":"https:\/\/portalmf.com.br\/index.php\/2025\/05\/02\/40-anos-de-axe-music-luiz-caldas-comemora-sua-criacao\/","name":"Ax\u00e9 Music: Luiz Caldas comemora os 40 anos da sua cria\u00e7\u00e3o - Portal MF","isPartOf":{"@id":"https:\/\/portalmf.com.br\/#website"},"primaryImageOfPage":{"@id":"https:\/\/portalmf.com.br\/index.php\/2025\/05\/02\/40-anos-de-axe-music-luiz-caldas-comemora-sua-criacao\/#primaryimage"},"image":{"@id":"https:\/\/portalmf.com.br\/index.php\/2025\/05\/02\/40-anos-de-axe-music-luiz-caldas-comemora-sua-criacao\/#primaryimage"},"thumbnailUrl":"https:\/\/portalmf.com.br\/wp-content\/uploads\/2025\/05\/Luiz-Caldas-Micareta-2025-e1746230802332.jpg","datePublished":"2025-05-03T00:07:21+00:00","dateModified":"2025-05-03T00:07:44+00:00","author":{"@id":"https:\/\/portalmf.com.br\/#\/schema\/person\/9ec101baf56233e53520c26de5d6f6f0"},"breadcrumb":{"@id":"https:\/\/portalmf.com.br\/index.php\/2025\/05\/02\/40-anos-de-axe-music-luiz-caldas-comemora-sua-criacao\/#breadcrumb"},"inLanguage":"pt-BR","potentialAction":[{"@type":"ReadAction","target":["https:\/\/portalmf.com.br\/index.php\/2025\/05\/02\/40-anos-de-axe-music-luiz-caldas-comemora-sua-criacao\/"]}]},{"@type":"ImageObject","inLanguage":"pt-BR","@id":"https:\/\/portalmf.com.br\/index.php\/2025\/05\/02\/40-anos-de-axe-music-luiz-caldas-comemora-sua-criacao\/#primaryimage","url":"https:\/\/portalmf.com.br\/wp-content\/uploads\/2025\/05\/Luiz-Caldas-Micareta-2025-e1746230802332.jpg","contentUrl":"https:\/\/portalmf.com.br\/wp-content\/uploads\/2025\/05\/Luiz-Caldas-Micareta-2025-e1746230802332.jpg","width":827,"height":639},{"@type":"BreadcrumbList","@id":"https:\/\/portalmf.com.br\/index.php\/2025\/05\/02\/40-anos-de-axe-music-luiz-caldas-comemora-sua-criacao\/#breadcrumb","itemListElement":[{"@type":"ListItem","position":1,"name":"In\u00edcio","item":"https:\/\/portalmf.com.br\/"},{"@type":"ListItem","position":2,"name":"Ax\u00e9 Music: Luiz Caldas comemora os 40 anos da sua cria\u00e7\u00e3o"}]},{"@type":"WebSite","@id":"https:\/\/portalmf.com.br\/#website","url":"https:\/\/portalmf.com.br\/","name":"Portal MF","description":"Voc\u00ea conectado com a informa\u00e7\u00e3o","potentialAction":[{"@type":"SearchAction","target":{"@type":"EntryPoint","urlTemplate":"https:\/\/portalmf.com.br\/?s={search_term_string}"},"query-input":"required name=search_term_string"}],"inLanguage":"pt-BR"},{"@type":"Person","@id":"https:\/\/portalmf.com.br\/#\/schema\/person\/9ec101baf56233e53520c26de5d6f6f0","name":"Reda\u00e7\u00e3o Portal MF","image":{"@type":"ImageObject","inLanguage":"pt-BR","@id":"https:\/\/portalmf.com.br\/#\/schema\/person\/image\/","url":"https:\/\/secure.gravatar.com\/avatar\/41b9aaeb2100835f7c64362330f74c7f?s=96&d=mm&r=g","contentUrl":"https:\/\/secure.gravatar.com\/avatar\/41b9aaeb2100835f7c64362330f74c7f?s=96&d=mm&r=g","caption":"Reda\u00e7\u00e3o Portal MF"},"description":"Sejam bem-vindos o portal de informa\u00e7\u00f5es de entretenimento de Feira de Santana, desde 2006 realiza coberturas dos principais eventos com entrevistas exclusivas com as principais personalidades mundiais. Fique conectado tamb\u00e9m nas redes sociais.","sameAs":["http:\/\/www.portalmf.com.br\/","https:\/\/www.facebook.com\/portalmfoficial","https:\/\/www.instagram.com\/portalmf\/","https:\/\/x.com\/https:\/\/x.com\/portalmfoficial","https:\/\/www.youtube.com\/@portalmfoficial"],"url":"https:\/\/portalmf.com.br\/index.php\/author\/junior\/"}]}},"_links":{"self":[{"href":"https:\/\/portalmf.com.br\/index.php\/wp-json\/wp\/v2\/posts\/35877"}],"collection":[{"href":"https:\/\/portalmf.com.br\/index.php\/wp-json\/wp\/v2\/posts"}],"about":[{"href":"https:\/\/portalmf.com.br\/index.php\/wp-json\/wp\/v2\/types\/post"}],"author":[{"embeddable":true,"href":"https:\/\/portalmf.com.br\/index.php\/wp-json\/wp\/v2\/users\/3"}],"replies":[{"embeddable":true,"href":"https:\/\/portalmf.com.br\/index.php\/wp-json\/wp\/v2\/comments?post=35877"}],"version-history":[{"count":2,"href":"https:\/\/portalmf.com.br\/index.php\/wp-json\/wp\/v2\/posts\/35877\/revisions"}],"predecessor-version":[{"id":35881,"href":"https:\/\/portalmf.com.br\/index.php\/wp-json\/wp\/v2\/posts\/35877\/revisions\/35881"}],"wp:featuredmedia":[{"embeddable":true,"href":"https:\/\/portalmf.com.br\/index.php\/wp-json\/wp\/v2\/media\/35878"}],"wp:attachment":[{"href":"https:\/\/portalmf.com.br\/index.php\/wp-json\/wp\/v2\/media?parent=35877"}],"wp:term":[{"taxonomy":"category","embeddable":true,"href":"https:\/\/portalmf.com.br\/index.php\/wp-json\/wp\/v2\/categories?post=35877"},{"taxonomy":"post_tag","embeddable":true,"href":"https:\/\/portalmf.com.br\/index.php\/wp-json\/wp\/v2\/tags?post=35877"}],"curies":[{"name":"wp","href":"https:\/\/api.w.org\/{rel}","templated":true}]}}