{"id":35870,"date":"2025-05-02T20:15:10","date_gmt":"2025-05-02T23:15:10","guid":{"rendered":"https:\/\/portalmf.com.br\/?p=35870"},"modified":"2025-05-02T20:24:35","modified_gmt":"2025-05-02T23:24:35","slug":"lincoln-senna-estreia-na-micareta-de-feira-pelo-parangole","status":"publish","type":"post","link":"https:\/\/portalmf.com.br\/index.php\/2025\/05\/02\/lincoln-senna-estreia-na-micareta-de-feira-pelo-parangole\/","title":{"rendered":"Lincoln Senna estreia na Micareta de Feira pelo Parangol\u00e9"},"content":{"rendered":"\n<p><strong>Por: Walace Almeida<\/strong><\/p>\n\n\n\n<p>Nome muito conhecido pelo p\u00fablico feirense, por sempre marcar presen\u00e7a nas grandes festas da cidade, o cantor Lincoln Senna estreia na Micareta de Feira, nesta sexta-feira (2), liderando a Banda Parangol\u00e9.<\/p>\n\n\n\n<p>Feliz por debutar na festa ao comando do Parango, ele considera a Micareta de Feira uma extens\u00e3o do Carnaval de Salvador. \u201c\u00c9 uma alegria imensa estar na Micareta de Feira. O sentimento \u00e9 de estar reestreando, pois j\u00e1 toquei em Feira, mas com o Parangol\u00e9 \u00e9 a primeira vez. A Micareta de Feira \u00e9 um bra\u00e7o do Carnaval de Salvador, a maior do Brasil\u201d, disse.<\/p>\n\n\n\n<p>O cantor prometeu um repert\u00f3rio muito animado, semelhante ao que foi na festa da capital. \u201cEstamos todos muito felizes, nosso repert\u00f3rio \u00e9 super alegre. Quem nos acompanhou no Carnaval viu que \u00e9 madeira! Em Feira n\u00e3o ser\u00e1 diferente\u201d, garantiu.<\/p>\n\n\n\n<p><strong>Gratid\u00e3o pela Princesa<\/strong><\/p>\n\n\n\n<p>Segundo as palavras do pr\u00f3prio vocalista, Feira de Santana o recebe artisticamente h\u00e1 mais de 17 anos, o que ele considera uma \u201crela\u00e7\u00e3o de amor\u201d.<\/p>\n\n\n\n<p>\u201cEu tenho uma reciprocidade enorme por Feira de Santana. \u00c9 como se fosse uma rela\u00e7\u00e3o de m\u00e3e e filho, uma rela\u00e7\u00e3o de amor. Tenho mais de 17 anos de hist\u00f3ria nessa cidade, e, de repente, eu volto pra c\u00e1, num novo momento, renascendo na Micareta de Feira\u201d, concluiu.<\/p>\n","protected":false},"excerpt":{"rendered":"<p>Por: Walace Almeida Nome muito conhecido pelo p\u00fablico feirense, por sempre marcar presen\u00e7a nas grandes festas da cidade, o cantor Lincoln Senna estreia na Micareta de Feira, nesta sexta-feira (2), liderando a Banda Parangol\u00e9. Feliz por debutar na festa ao comando do Parango, ele considera a Micareta de Feira uma extens\u00e3o do Carnaval de Salvador. [&hellip;]<\/p>\n","protected":false},"author":3,"featured_media":35871,"comment_status":"open","ping_status":"open","sticky":false,"template":"","format":"standard","meta":{"_monsterinsights_skip_tracking":false,"_monsterinsights_sitenote_active":false,"_monsterinsights_sitenote_note":"","_monsterinsights_sitenote_category":0,"footnotes":""},"categories":[48,39],"tags":[],"yoast_head":"<!-- This site is optimized with the Yoast SEO plugin v22.9 - https:\/\/yoast.com\/wordpress\/plugins\/seo\/ -->\n<title>Lincoln Senna estreia na Micareta de Feira pelo Parangol\u00e9 - Portal MF<\/title>\n<meta name=\"robots\" content=\"index, follow, max-snippet:-1, max-image-preview:large, max-video-preview:-1\" \/>\n<link rel=\"canonical\" href=\"https:\/\/portalmf.com.br\/index.php\/2025\/05\/02\/lincoln-senna-estreia-na-micareta-de-feira-pelo-parangole\/\" \/>\n<meta property=\"og:locale\" content=\"pt_BR\" \/>\n<meta property=\"og:type\" content=\"article\" \/>\n<meta property=\"og:title\" content=\"Lincoln Senna estreia na Micareta de Feira pelo Parangol\u00e9 - Portal MF\" \/>\n<meta property=\"og:description\" content=\"Por: Walace Almeida Nome muito conhecido pelo p\u00fablico feirense, por sempre marcar presen\u00e7a nas grandes festas da cidade, o cantor Lincoln Senna estreia na Micareta de Feira, nesta sexta-feira (2), liderando a Banda Parangol\u00e9. Feliz por debutar na festa ao comando do Parango, ele considera a Micareta de Feira uma extens\u00e3o do Carnaval de Salvador. [&hellip;]\" \/>\n<meta property=\"og:url\" content=\"https:\/\/portalmf.com.br\/index.php\/2025\/05\/02\/lincoln-senna-estreia-na-micareta-de-feira-pelo-parangole\/\" \/>\n<meta property=\"og:site_name\" content=\"Portal MF\" \/>\n<meta property=\"article:author\" content=\"https:\/\/www.facebook.com\/portalmfoficial\" \/>\n<meta property=\"article:published_time\" content=\"2025-05-02T23:15:10+00:00\" \/>\n<meta property=\"article:modified_time\" content=\"2025-05-02T23:24:35+00:00\" \/>\n<meta property=\"og:image\" content=\"https:\/\/portalmf.com.br\/wp-content\/uploads\/2025\/05\/Lincoln-Senna-Micareta-2025-e1746227695893.jpg\" \/>\n\t<meta property=\"og:image:width\" content=\"1200\" \/>\n\t<meta property=\"og:image:height\" content=\"970\" \/>\n\t<meta property=\"og:image:type\" content=\"image\/jpeg\" \/>\n<meta name=\"author\" content=\"Reda\u00e7\u00e3o Portal MF\" \/>\n<meta name=\"twitter:card\" content=\"summary_large_image\" \/>\n<meta name=\"twitter:creator\" content=\"@https:\/\/x.com\/portalmfoficial\" \/>\n<meta name=\"twitter:label1\" content=\"Escrito por\" \/>\n\t<meta name=\"twitter:data1\" content=\"Reda\u00e7\u00e3o Portal MF\" \/>\n\t<meta name=\"twitter:label2\" content=\"Est. tempo de leitura\" \/>\n\t<meta name=\"twitter:data2\" content=\"2 minutos\" \/>\n<script type=\"application\/ld+json\" class=\"yoast-schema-graph\">{\"@context\":\"https:\/\/schema.org\",\"@graph\":[{\"@type\":\"WebPage\",\"@id\":\"https:\/\/portalmf.com.br\/index.php\/2025\/05\/02\/lincoln-senna-estreia-na-micareta-de-feira-pelo-parangole\/\",\"url\":\"https:\/\/portalmf.com.br\/index.php\/2025\/05\/02\/lincoln-senna-estreia-na-micareta-de-feira-pelo-parangole\/\",\"name\":\"Lincoln Senna estreia na Micareta de Feira pelo Parangol\u00e9 - Portal MF\",\"isPartOf\":{\"@id\":\"https:\/\/portalmf.com.br\/#website\"},\"primaryImageOfPage\":{\"@id\":\"https:\/\/portalmf.com.br\/index.php\/2025\/05\/02\/lincoln-senna-estreia-na-micareta-de-feira-pelo-parangole\/#primaryimage\"},\"image\":{\"@id\":\"https:\/\/portalmf.com.br\/index.php\/2025\/05\/02\/lincoln-senna-estreia-na-micareta-de-feira-pelo-parangole\/#primaryimage\"},\"thumbnailUrl\":\"https:\/\/portalmf.com.br\/wp-content\/uploads\/2025\/05\/Lincoln-Senna-Micareta-2025-e1746227695893.jpg\",\"datePublished\":\"2025-05-02T23:15:10+00:00\",\"dateModified\":\"2025-05-02T23:24:35+00:00\",\"author\":{\"@id\":\"https:\/\/portalmf.com.br\/#\/schema\/person\/9ec101baf56233e53520c26de5d6f6f0\"},\"breadcrumb\":{\"@id\":\"https:\/\/portalmf.com.br\/index.php\/2025\/05\/02\/lincoln-senna-estreia-na-micareta-de-feira-pelo-parangole\/#breadcrumb\"},\"inLanguage\":\"pt-BR\",\"potentialAction\":[{\"@type\":\"ReadAction\",\"target\":[\"https:\/\/portalmf.com.br\/index.php\/2025\/05\/02\/lincoln-senna-estreia-na-micareta-de-feira-pelo-parangole\/\"]}]},{\"@type\":\"ImageObject\",\"inLanguage\":\"pt-BR\",\"@id\":\"https:\/\/portalmf.com.br\/index.php\/2025\/05\/02\/lincoln-senna-estreia-na-micareta-de-feira-pelo-parangole\/#primaryimage\",\"url\":\"https:\/\/portalmf.com.br\/wp-content\/uploads\/2025\/05\/Lincoln-Senna-Micareta-2025-e1746227695893.jpg\",\"contentUrl\":\"https:\/\/portalmf.com.br\/wp-content\/uploads\/2025\/05\/Lincoln-Senna-Micareta-2025-e1746227695893.jpg\",\"width\":1200,\"height\":970},{\"@type\":\"BreadcrumbList\",\"@id\":\"https:\/\/portalmf.com.br\/index.php\/2025\/05\/02\/lincoln-senna-estreia-na-micareta-de-feira-pelo-parangole\/#breadcrumb\",\"itemListElement\":[{\"@type\":\"ListItem\",\"position\":1,\"name\":\"In\u00edcio\",\"item\":\"https:\/\/portalmf.com.br\/\"},{\"@type\":\"ListItem\",\"position\":2,\"name\":\"Lincoln Senna estreia na Micareta de Feira pelo Parangol\u00e9\"}]},{\"@type\":\"WebSite\",\"@id\":\"https:\/\/portalmf.com.br\/#website\",\"url\":\"https:\/\/portalmf.com.br\/\",\"name\":\"Portal MF\",\"description\":\"Voc\u00ea conectado com a informa\u00e7\u00e3o\",\"potentialAction\":[{\"@type\":\"SearchAction\",\"target\":{\"@type\":\"EntryPoint\",\"urlTemplate\":\"https:\/\/portalmf.com.br\/?s={search_term_string}\"},\"query-input\":\"required name=search_term_string\"}],\"inLanguage\":\"pt-BR\"},{\"@type\":\"Person\",\"@id\":\"https:\/\/portalmf.com.br\/#\/schema\/person\/9ec101baf56233e53520c26de5d6f6f0\",\"name\":\"Reda\u00e7\u00e3o Portal MF\",\"image\":{\"@type\":\"ImageObject\",\"inLanguage\":\"pt-BR\",\"@id\":\"https:\/\/portalmf.com.br\/#\/schema\/person\/image\/\",\"url\":\"https:\/\/secure.gravatar.com\/avatar\/41b9aaeb2100835f7c64362330f74c7f?s=96&d=mm&r=g\",\"contentUrl\":\"https:\/\/secure.gravatar.com\/avatar\/41b9aaeb2100835f7c64362330f74c7f?s=96&d=mm&r=g\",\"caption\":\"Reda\u00e7\u00e3o Portal MF\"},\"description\":\"Sejam bem-vindos o portal de informa\u00e7\u00f5es de entretenimento de Feira de Santana, desde 2006 realiza coberturas dos principais eventos com entrevistas exclusivas com as principais personalidades mundiais. Fique conectado tamb\u00e9m nas redes sociais.\",\"sameAs\":[\"http:\/\/www.portalmf.com.br\/\",\"https:\/\/www.facebook.com\/portalmfoficial\",\"https:\/\/www.instagram.com\/portalmf\/\",\"https:\/\/x.com\/https:\/\/x.com\/portalmfoficial\",\"https:\/\/www.youtube.com\/@portalmfoficial\"],\"url\":\"https:\/\/portalmf.com.br\/index.php\/author\/junior\/\"}]}<\/script>\n<!-- \/ Yoast SEO plugin. -->","yoast_head_json":{"title":"Lincoln Senna estreia na Micareta de Feira pelo Parangol\u00e9 - Portal MF","robots":{"index":"index","follow":"follow","max-snippet":"max-snippet:-1","max-image-preview":"max-image-preview:large","max-video-preview":"max-video-preview:-1"},"canonical":"https:\/\/portalmf.com.br\/index.php\/2025\/05\/02\/lincoln-senna-estreia-na-micareta-de-feira-pelo-parangole\/","og_locale":"pt_BR","og_type":"article","og_title":"Lincoln Senna estreia na Micareta de Feira pelo Parangol\u00e9 - Portal MF","og_description":"Por: Walace Almeida Nome muito conhecido pelo p\u00fablico feirense, por sempre marcar presen\u00e7a nas grandes festas da cidade, o cantor Lincoln Senna estreia na Micareta de Feira, nesta sexta-feira (2), liderando a Banda Parangol\u00e9. Feliz por debutar na festa ao comando do Parango, ele considera a Micareta de Feira uma extens\u00e3o do Carnaval de Salvador. [&hellip;]","og_url":"https:\/\/portalmf.com.br\/index.php\/2025\/05\/02\/lincoln-senna-estreia-na-micareta-de-feira-pelo-parangole\/","og_site_name":"Portal MF","article_author":"https:\/\/www.facebook.com\/portalmfoficial","article_published_time":"2025-05-02T23:15:10+00:00","article_modified_time":"2025-05-02T23:24:35+00:00","og_image":[{"width":1200,"height":970,"url":"https:\/\/portalmf.com.br\/wp-content\/uploads\/2025\/05\/Lincoln-Senna-Micareta-2025-e1746227695893.jpg","type":"image\/jpeg"}],"author":"Reda\u00e7\u00e3o Portal MF","twitter_card":"summary_large_image","twitter_creator":"@https:\/\/x.com\/portalmfoficial","twitter_misc":{"Escrito por":"Reda\u00e7\u00e3o Portal MF","Est. tempo de leitura":"2 minutos"},"schema":{"@context":"https:\/\/schema.org","@graph":[{"@type":"WebPage","@id":"https:\/\/portalmf.com.br\/index.php\/2025\/05\/02\/lincoln-senna-estreia-na-micareta-de-feira-pelo-parangole\/","url":"https:\/\/portalmf.com.br\/index.php\/2025\/05\/02\/lincoln-senna-estreia-na-micareta-de-feira-pelo-parangole\/","name":"Lincoln Senna estreia na Micareta de Feira pelo Parangol\u00e9 - Portal MF","isPartOf":{"@id":"https:\/\/portalmf.com.br\/#website"},"primaryImageOfPage":{"@id":"https:\/\/portalmf.com.br\/index.php\/2025\/05\/02\/lincoln-senna-estreia-na-micareta-de-feira-pelo-parangole\/#primaryimage"},"image":{"@id":"https:\/\/portalmf.com.br\/index.php\/2025\/05\/02\/lincoln-senna-estreia-na-micareta-de-feira-pelo-parangole\/#primaryimage"},"thumbnailUrl":"https:\/\/portalmf.com.br\/wp-content\/uploads\/2025\/05\/Lincoln-Senna-Micareta-2025-e1746227695893.jpg","datePublished":"2025-05-02T23:15:10+00:00","dateModified":"2025-05-02T23:24:35+00:00","author":{"@id":"https:\/\/portalmf.com.br\/#\/schema\/person\/9ec101baf56233e53520c26de5d6f6f0"},"breadcrumb":{"@id":"https:\/\/portalmf.com.br\/index.php\/2025\/05\/02\/lincoln-senna-estreia-na-micareta-de-feira-pelo-parangole\/#breadcrumb"},"inLanguage":"pt-BR","potentialAction":[{"@type":"ReadAction","target":["https:\/\/portalmf.com.br\/index.php\/2025\/05\/02\/lincoln-senna-estreia-na-micareta-de-feira-pelo-parangole\/"]}]},{"@type":"ImageObject","inLanguage":"pt-BR","@id":"https:\/\/portalmf.com.br\/index.php\/2025\/05\/02\/lincoln-senna-estreia-na-micareta-de-feira-pelo-parangole\/#primaryimage","url":"https:\/\/portalmf.com.br\/wp-content\/uploads\/2025\/05\/Lincoln-Senna-Micareta-2025-e1746227695893.jpg","contentUrl":"https:\/\/portalmf.com.br\/wp-content\/uploads\/2025\/05\/Lincoln-Senna-Micareta-2025-e1746227695893.jpg","width":1200,"height":970},{"@type":"BreadcrumbList","@id":"https:\/\/portalmf.com.br\/index.php\/2025\/05\/02\/lincoln-senna-estreia-na-micareta-de-feira-pelo-parangole\/#breadcrumb","itemListElement":[{"@type":"ListItem","position":1,"name":"In\u00edcio","item":"https:\/\/portalmf.com.br\/"},{"@type":"ListItem","position":2,"name":"Lincoln Senna estreia na Micareta de Feira pelo Parangol\u00e9"}]},{"@type":"WebSite","@id":"https:\/\/portalmf.com.br\/#website","url":"https:\/\/portalmf.com.br\/","name":"Portal MF","description":"Voc\u00ea conectado com a informa\u00e7\u00e3o","potentialAction":[{"@type":"SearchAction","target":{"@type":"EntryPoint","urlTemplate":"https:\/\/portalmf.com.br\/?s={search_term_string}"},"query-input":"required name=search_term_string"}],"inLanguage":"pt-BR"},{"@type":"Person","@id":"https:\/\/portalmf.com.br\/#\/schema\/person\/9ec101baf56233e53520c26de5d6f6f0","name":"Reda\u00e7\u00e3o Portal MF","image":{"@type":"ImageObject","inLanguage":"pt-BR","@id":"https:\/\/portalmf.com.br\/#\/schema\/person\/image\/","url":"https:\/\/secure.gravatar.com\/avatar\/41b9aaeb2100835f7c64362330f74c7f?s=96&d=mm&r=g","contentUrl":"https:\/\/secure.gravatar.com\/avatar\/41b9aaeb2100835f7c64362330f74c7f?s=96&d=mm&r=g","caption":"Reda\u00e7\u00e3o Portal MF"},"description":"Sejam bem-vindos o portal de informa\u00e7\u00f5es de entretenimento de Feira de Santana, desde 2006 realiza coberturas dos principais eventos com entrevistas exclusivas com as principais personalidades mundiais. Fique conectado tamb\u00e9m nas redes sociais.","sameAs":["http:\/\/www.portalmf.com.br\/","https:\/\/www.facebook.com\/portalmfoficial","https:\/\/www.instagram.com\/portalmf\/","https:\/\/x.com\/https:\/\/x.com\/portalmfoficial","https:\/\/www.youtube.com\/@portalmfoficial"],"url":"https:\/\/portalmf.com.br\/index.php\/author\/junior\/"}]}},"_links":{"self":[{"href":"https:\/\/portalmf.com.br\/index.php\/wp-json\/wp\/v2\/posts\/35870"}],"collection":[{"href":"https:\/\/portalmf.com.br\/index.php\/wp-json\/wp\/v2\/posts"}],"about":[{"href":"https:\/\/portalmf.com.br\/index.php\/wp-json\/wp\/v2\/types\/post"}],"author":[{"embeddable":true,"href":"https:\/\/portalmf.com.br\/index.php\/wp-json\/wp\/v2\/users\/3"}],"replies":[{"embeddable":true,"href":"https:\/\/portalmf.com.br\/index.php\/wp-json\/wp\/v2\/comments?post=35870"}],"version-history":[{"count":2,"href":"https:\/\/portalmf.com.br\/index.php\/wp-json\/wp\/v2\/posts\/35870\/revisions"}],"predecessor-version":[{"id":35873,"href":"https:\/\/portalmf.com.br\/index.php\/wp-json\/wp\/v2\/posts\/35870\/revisions\/35873"}],"wp:featuredmedia":[{"embeddable":true,"href":"https:\/\/portalmf.com.br\/index.php\/wp-json\/wp\/v2\/media\/35871"}],"wp:attachment":[{"href":"https:\/\/portalmf.com.br\/index.php\/wp-json\/wp\/v2\/media?parent=35870"}],"wp:term":[{"taxonomy":"category","embeddable":true,"href":"https:\/\/portalmf.com.br\/index.php\/wp-json\/wp\/v2\/categories?post=35870"},{"taxonomy":"post_tag","embeddable":true,"href":"https:\/\/portalmf.com.br\/index.php\/wp-json\/wp\/v2\/tags?post=35870"}],"curies":[{"name":"wp","href":"https:\/\/api.w.org\/{rel}","templated":true}]}}