{"id":3587,"date":"2022-08-25T13:45:34","date_gmt":"2022-08-25T16:45:34","guid":{"rendered":"http:\/\/portalmf.com.br\/?p=3587"},"modified":"2022-08-25T13:45:35","modified_gmt":"2022-08-25T16:45:35","slug":"joao-roma-lidera-rejeicao-para-governador-da-bahia-em-pesquisa-do-datafolha","status":"publish","type":"post","link":"https:\/\/portalmf.com.br\/index.php\/2022\/08\/25\/joao-roma-lidera-rejeicao-para-governador-da-bahia-em-pesquisa-do-datafolha\/","title":{"rendered":"Jo\u00e3o Roma lidera rejei\u00e7\u00e3o para governador da Bahia em pesquisa do Datafolha"},"content":{"rendered":"\n<p>Levantamento do Instituto Datafolha, divulgado nesta quarta-feira (24) e encomendado pelo Grupo Metr\u00f3pole, revela que Jo\u00e3o Roma, do PL, tem a maior rejei\u00e7\u00e3o entre os candidatos ao governo da Bahia: 37% dos entrevistados n\u00e3o votariam de jeito nenhum no candidato apoiador do presidente Jair Bolsonaro.<\/p>\n\n\n\n<p>O segundo maior \u00edndice de rejei\u00e7\u00e3o est\u00e1 com o candidato petista Jer\u00f4nimo Rodrigues (35%). Kleber Rosa, do&nbsp;PSOL, acumula 33% de rejei\u00e7\u00e3o do eleitorado, seguido por Marcelo Millet (PCO), com 29%, e Giovani Damico (28%).<\/p>\n\n\n\n<p>O candidato ACM Neto, que lidera as pesquisas de inten\u00e7\u00e3o de voto, \u00e9 o que apresenta a menor rejei\u00e7\u00e3o, com 15%.<\/p>\n\n\n\n<p>Os n\u00fameros do Datafolha indicam que 5% dos entrevistados rejeitam todos os candidatos e outros 3% n\u00e3o rejeitam nenhum. Outros 12% n\u00e3o opinaram sobre o tema.<\/p>\n\n\n\n<p>Foram realizadas 1008 entrevistas em 63 munic\u00edpios. A margem de erro m\u00e1xima para o total da amostra \u00e9 de 3 pontos percentuais, para mais ou para menos, dentro do n\u00edvel de confian\u00e7a de 95%.<\/p>\n\n\n\n<p>A pesquisa est\u00e1 registrada no Tribunal Superior Eleitoral como os c\u00f3digos BA-01548\/2022 e BR-05675\/2022.<\/p>\n\n\n\n<p><strong>\u00cdndice de rejei\u00e7\u00e3o dos candidatos<\/strong><\/p>\n\n\n\n<p><strong>Pesquisa quantitativa, com abordagem pessoal em pontos de fluxo populacional, em %:<\/strong><\/p>\n\n\n\n<ul><li>Jo\u00e3o Roma (PL): 37%<\/li><li>Jer\u00f4nimo Rodrigues (PT): 35%<\/li><li>Kleber Rosa (PSOL): 33%<\/li><li>Marcelo Millet (PCO): 29%<\/li><li>Giovani Damico (PCB): 28%<\/li><li>ACM Neto (Uni\u00e3o Brasil): 15%<\/li><\/ul>\n\n\n\n<p>Com informa\u00e7\u00f5es do G1 Bahia<\/p>\n","protected":false},"excerpt":{"rendered":"<p>Levantamento do Instituto Datafolha, divulgado nesta quarta-feira (24) e encomendado pelo Grupo Metr\u00f3pole, revela que Jo\u00e3o Roma, do PL, tem a maior rejei\u00e7\u00e3o entre os candidatos ao governo da Bahia: 37% dos entrevistados n\u00e3o votariam de jeito nenhum no candidato apoiador do presidente Jair Bolsonaro. O segundo maior \u00edndice de rejei\u00e7\u00e3o est\u00e1 com o candidato [&hellip;]<\/p>\n","protected":false},"author":2,"featured_media":3588,"comment_status":"open","ping_status":"open","sticky":false,"template":"","format":"standard","meta":{"_monsterinsights_skip_tracking":false,"_monsterinsights_sitenote_active":false,"_monsterinsights_sitenote_note":"","_monsterinsights_sitenote_category":0,"footnotes":""},"categories":[34],"tags":[],"yoast_head":"<!-- This site is optimized with the Yoast SEO plugin v22.9 - https:\/\/yoast.com\/wordpress\/plugins\/seo\/ -->\n<title>Jo\u00e3o Roma lidera rejei\u00e7\u00e3o para governador da Bahia em pesquisa do Datafolha - Portal MF<\/title>\n<meta name=\"robots\" content=\"index, follow, max-snippet:-1, max-image-preview:large, max-video-preview:-1\" \/>\n<link rel=\"canonical\" href=\"https:\/\/portalmf.com.br\/index.php\/2022\/08\/25\/joao-roma-lidera-rejeicao-para-governador-da-bahia-em-pesquisa-do-datafolha\/\" \/>\n<meta property=\"og:locale\" content=\"pt_BR\" \/>\n<meta property=\"og:type\" content=\"article\" \/>\n<meta property=\"og:title\" content=\"Jo\u00e3o Roma lidera rejei\u00e7\u00e3o para governador da Bahia em pesquisa do Datafolha - Portal MF\" \/>\n<meta property=\"og:description\" content=\"Levantamento do Instituto Datafolha, divulgado nesta quarta-feira (24) e encomendado pelo Grupo Metr\u00f3pole, revela que Jo\u00e3o Roma, do PL, tem a maior rejei\u00e7\u00e3o entre os candidatos ao governo da Bahia: 37% dos entrevistados n\u00e3o votariam de jeito nenhum no candidato apoiador do presidente Jair Bolsonaro. O segundo maior \u00edndice de rejei\u00e7\u00e3o est\u00e1 com o candidato [&hellip;]\" \/>\n<meta property=\"og:url\" content=\"https:\/\/portalmf.com.br\/index.php\/2022\/08\/25\/joao-roma-lidera-rejeicao-para-governador-da-bahia-em-pesquisa-do-datafolha\/\" \/>\n<meta property=\"og:site_name\" content=\"Portal MF\" \/>\n<meta property=\"article:author\" content=\"reginaldojrfsa\" \/>\n<meta property=\"article:published_time\" content=\"2022-08-25T16:45:34+00:00\" \/>\n<meta property=\"article:modified_time\" content=\"2022-08-25T16:45:35+00:00\" \/>\n<meta property=\"og:image\" content=\"https:\/\/portalmf.com.br\/wp-content\/uploads\/2022\/08\/joaoroma.com_.br-7b5c6ba8-f4ae-4507-860b-f3ea079e15b7-678x381-1.jpg\" \/>\n\t<meta property=\"og:image:width\" content=\"678\" \/>\n\t<meta property=\"og:image:height\" content=\"381\" \/>\n\t<meta property=\"og:image:type\" content=\"image\/jpeg\" \/>\n<meta name=\"author\" content=\"Reginaldo J\u00fanior\" \/>\n<meta name=\"twitter:card\" content=\"summary_large_image\" \/>\n<meta name=\"twitter:creator\" content=\"@reginaldojrmf\" \/>\n<meta name=\"twitter:label1\" content=\"Escrito por\" \/>\n\t<meta name=\"twitter:data1\" content=\"Reginaldo J\u00fanior\" \/>\n\t<meta name=\"twitter:label2\" content=\"Est. tempo de leitura\" \/>\n\t<meta name=\"twitter:data2\" content=\"2 minutos\" \/>\n<script type=\"application\/ld+json\" class=\"yoast-schema-graph\">{\"@context\":\"https:\/\/schema.org\",\"@graph\":[{\"@type\":\"WebPage\",\"@id\":\"https:\/\/portalmf.com.br\/index.php\/2022\/08\/25\/joao-roma-lidera-rejeicao-para-governador-da-bahia-em-pesquisa-do-datafolha\/\",\"url\":\"https:\/\/portalmf.com.br\/index.php\/2022\/08\/25\/joao-roma-lidera-rejeicao-para-governador-da-bahia-em-pesquisa-do-datafolha\/\",\"name\":\"Jo\u00e3o Roma lidera rejei\u00e7\u00e3o para governador da Bahia em pesquisa do Datafolha - Portal MF\",\"isPartOf\":{\"@id\":\"https:\/\/portalmf.com.br\/#website\"},\"primaryImageOfPage\":{\"@id\":\"https:\/\/portalmf.com.br\/index.php\/2022\/08\/25\/joao-roma-lidera-rejeicao-para-governador-da-bahia-em-pesquisa-do-datafolha\/#primaryimage\"},\"image\":{\"@id\":\"https:\/\/portalmf.com.br\/index.php\/2022\/08\/25\/joao-roma-lidera-rejeicao-para-governador-da-bahia-em-pesquisa-do-datafolha\/#primaryimage\"},\"thumbnailUrl\":\"https:\/\/portalmf.com.br\/wp-content\/uploads\/2022\/08\/joaoroma.com_.br-7b5c6ba8-f4ae-4507-860b-f3ea079e15b7-678x381-1.jpg\",\"datePublished\":\"2022-08-25T16:45:34+00:00\",\"dateModified\":\"2022-08-25T16:45:35+00:00\",\"author\":{\"@id\":\"https:\/\/portalmf.com.br\/#\/schema\/person\/11c82086fe8abc05a19147e964587285\"},\"breadcrumb\":{\"@id\":\"https:\/\/portalmf.com.br\/index.php\/2022\/08\/25\/joao-roma-lidera-rejeicao-para-governador-da-bahia-em-pesquisa-do-datafolha\/#breadcrumb\"},\"inLanguage\":\"pt-BR\",\"potentialAction\":[{\"@type\":\"ReadAction\",\"target\":[\"https:\/\/portalmf.com.br\/index.php\/2022\/08\/25\/joao-roma-lidera-rejeicao-para-governador-da-bahia-em-pesquisa-do-datafolha\/\"]}]},{\"@type\":\"ImageObject\",\"inLanguage\":\"pt-BR\",\"@id\":\"https:\/\/portalmf.com.br\/index.php\/2022\/08\/25\/joao-roma-lidera-rejeicao-para-governador-da-bahia-em-pesquisa-do-datafolha\/#primaryimage\",\"url\":\"https:\/\/portalmf.com.br\/wp-content\/uploads\/2022\/08\/joaoroma.com_.br-7b5c6ba8-f4ae-4507-860b-f3ea079e15b7-678x381-1.jpg\",\"contentUrl\":\"https:\/\/portalmf.com.br\/wp-content\/uploads\/2022\/08\/joaoroma.com_.br-7b5c6ba8-f4ae-4507-860b-f3ea079e15b7-678x381-1.jpg\",\"width\":678,\"height\":381,\"caption\":\"Foto: Max Haack\"},{\"@type\":\"BreadcrumbList\",\"@id\":\"https:\/\/portalmf.com.br\/index.php\/2022\/08\/25\/joao-roma-lidera-rejeicao-para-governador-da-bahia-em-pesquisa-do-datafolha\/#breadcrumb\",\"itemListElement\":[{\"@type\":\"ListItem\",\"position\":1,\"name\":\"In\u00edcio\",\"item\":\"https:\/\/portalmf.com.br\/\"},{\"@type\":\"ListItem\",\"position\":2,\"name\":\"Jo\u00e3o Roma lidera rejei\u00e7\u00e3o para governador da Bahia em pesquisa do Datafolha\"}]},{\"@type\":\"WebSite\",\"@id\":\"https:\/\/portalmf.com.br\/#website\",\"url\":\"https:\/\/portalmf.com.br\/\",\"name\":\"Portal MF\",\"description\":\"Voc\u00ea conectado com a informa\u00e7\u00e3o\",\"potentialAction\":[{\"@type\":\"SearchAction\",\"target\":{\"@type\":\"EntryPoint\",\"urlTemplate\":\"https:\/\/portalmf.com.br\/?s={search_term_string}\"},\"query-input\":\"required name=search_term_string\"}],\"inLanguage\":\"pt-BR\"},{\"@type\":\"Person\",\"@id\":\"https:\/\/portalmf.com.br\/#\/schema\/person\/11c82086fe8abc05a19147e964587285\",\"name\":\"Reginaldo J\u00fanior\",\"image\":{\"@type\":\"ImageObject\",\"inLanguage\":\"pt-BR\",\"@id\":\"https:\/\/portalmf.com.br\/#\/schema\/person\/image\/\",\"url\":\"https:\/\/secure.gravatar.com\/avatar\/32a3c797cd0ac47cc53b8644c62776f9?s=96&d=mm&r=g\",\"contentUrl\":\"https:\/\/secure.gravatar.com\/avatar\/32a3c797cd0ac47cc53b8644c62776f9?s=96&d=mm&r=g\",\"caption\":\"Reginaldo J\u00fanior\"},\"description\":\"Jornalista e idealizador Portal MF\",\"sameAs\":[\"https:\/\/portalmf.com.br\/index.php\/author\/reginaldojr\/\",\"reginaldojrfsa\",\"reginaldojuniormf\",\"https:\/\/x.com\/reginaldojrmf\"],\"url\":\"https:\/\/portalmf.com.br\/index.php\/author\/reginaldojr\/\"}]}<\/script>\n<!-- \/ Yoast SEO plugin. -->","yoast_head_json":{"title":"Jo\u00e3o Roma lidera rejei\u00e7\u00e3o para governador da Bahia em pesquisa do Datafolha - Portal MF","robots":{"index":"index","follow":"follow","max-snippet":"max-snippet:-1","max-image-preview":"max-image-preview:large","max-video-preview":"max-video-preview:-1"},"canonical":"https:\/\/portalmf.com.br\/index.php\/2022\/08\/25\/joao-roma-lidera-rejeicao-para-governador-da-bahia-em-pesquisa-do-datafolha\/","og_locale":"pt_BR","og_type":"article","og_title":"Jo\u00e3o Roma lidera rejei\u00e7\u00e3o para governador da Bahia em pesquisa do Datafolha - Portal MF","og_description":"Levantamento do Instituto Datafolha, divulgado nesta quarta-feira (24) e encomendado pelo Grupo Metr\u00f3pole, revela que Jo\u00e3o Roma, do PL, tem a maior rejei\u00e7\u00e3o entre os candidatos ao governo da Bahia: 37% dos entrevistados n\u00e3o votariam de jeito nenhum no candidato apoiador do presidente Jair Bolsonaro. O segundo maior \u00edndice de rejei\u00e7\u00e3o est\u00e1 com o candidato [&hellip;]","og_url":"https:\/\/portalmf.com.br\/index.php\/2022\/08\/25\/joao-roma-lidera-rejeicao-para-governador-da-bahia-em-pesquisa-do-datafolha\/","og_site_name":"Portal MF","article_author":"reginaldojrfsa","article_published_time":"2022-08-25T16:45:34+00:00","article_modified_time":"2022-08-25T16:45:35+00:00","og_image":[{"width":678,"height":381,"url":"https:\/\/portalmf.com.br\/wp-content\/uploads\/2022\/08\/joaoroma.com_.br-7b5c6ba8-f4ae-4507-860b-f3ea079e15b7-678x381-1.jpg","type":"image\/jpeg"}],"author":"Reginaldo J\u00fanior","twitter_card":"summary_large_image","twitter_creator":"@reginaldojrmf","twitter_misc":{"Escrito por":"Reginaldo J\u00fanior","Est. tempo de leitura":"2 minutos"},"schema":{"@context":"https:\/\/schema.org","@graph":[{"@type":"WebPage","@id":"https:\/\/portalmf.com.br\/index.php\/2022\/08\/25\/joao-roma-lidera-rejeicao-para-governador-da-bahia-em-pesquisa-do-datafolha\/","url":"https:\/\/portalmf.com.br\/index.php\/2022\/08\/25\/joao-roma-lidera-rejeicao-para-governador-da-bahia-em-pesquisa-do-datafolha\/","name":"Jo\u00e3o Roma lidera rejei\u00e7\u00e3o para governador da Bahia em pesquisa do Datafolha - Portal MF","isPartOf":{"@id":"https:\/\/portalmf.com.br\/#website"},"primaryImageOfPage":{"@id":"https:\/\/portalmf.com.br\/index.php\/2022\/08\/25\/joao-roma-lidera-rejeicao-para-governador-da-bahia-em-pesquisa-do-datafolha\/#primaryimage"},"image":{"@id":"https:\/\/portalmf.com.br\/index.php\/2022\/08\/25\/joao-roma-lidera-rejeicao-para-governador-da-bahia-em-pesquisa-do-datafolha\/#primaryimage"},"thumbnailUrl":"https:\/\/portalmf.com.br\/wp-content\/uploads\/2022\/08\/joaoroma.com_.br-7b5c6ba8-f4ae-4507-860b-f3ea079e15b7-678x381-1.jpg","datePublished":"2022-08-25T16:45:34+00:00","dateModified":"2022-08-25T16:45:35+00:00","author":{"@id":"https:\/\/portalmf.com.br\/#\/schema\/person\/11c82086fe8abc05a19147e964587285"},"breadcrumb":{"@id":"https:\/\/portalmf.com.br\/index.php\/2022\/08\/25\/joao-roma-lidera-rejeicao-para-governador-da-bahia-em-pesquisa-do-datafolha\/#breadcrumb"},"inLanguage":"pt-BR","potentialAction":[{"@type":"ReadAction","target":["https:\/\/portalmf.com.br\/index.php\/2022\/08\/25\/joao-roma-lidera-rejeicao-para-governador-da-bahia-em-pesquisa-do-datafolha\/"]}]},{"@type":"ImageObject","inLanguage":"pt-BR","@id":"https:\/\/portalmf.com.br\/index.php\/2022\/08\/25\/joao-roma-lidera-rejeicao-para-governador-da-bahia-em-pesquisa-do-datafolha\/#primaryimage","url":"https:\/\/portalmf.com.br\/wp-content\/uploads\/2022\/08\/joaoroma.com_.br-7b5c6ba8-f4ae-4507-860b-f3ea079e15b7-678x381-1.jpg","contentUrl":"https:\/\/portalmf.com.br\/wp-content\/uploads\/2022\/08\/joaoroma.com_.br-7b5c6ba8-f4ae-4507-860b-f3ea079e15b7-678x381-1.jpg","width":678,"height":381,"caption":"Foto: Max Haack"},{"@type":"BreadcrumbList","@id":"https:\/\/portalmf.com.br\/index.php\/2022\/08\/25\/joao-roma-lidera-rejeicao-para-governador-da-bahia-em-pesquisa-do-datafolha\/#breadcrumb","itemListElement":[{"@type":"ListItem","position":1,"name":"In\u00edcio","item":"https:\/\/portalmf.com.br\/"},{"@type":"ListItem","position":2,"name":"Jo\u00e3o Roma lidera rejei\u00e7\u00e3o para governador da Bahia em pesquisa do Datafolha"}]},{"@type":"WebSite","@id":"https:\/\/portalmf.com.br\/#website","url":"https:\/\/portalmf.com.br\/","name":"Portal MF","description":"Voc\u00ea conectado com a informa\u00e7\u00e3o","potentialAction":[{"@type":"SearchAction","target":{"@type":"EntryPoint","urlTemplate":"https:\/\/portalmf.com.br\/?s={search_term_string}"},"query-input":"required name=search_term_string"}],"inLanguage":"pt-BR"},{"@type":"Person","@id":"https:\/\/portalmf.com.br\/#\/schema\/person\/11c82086fe8abc05a19147e964587285","name":"Reginaldo J\u00fanior","image":{"@type":"ImageObject","inLanguage":"pt-BR","@id":"https:\/\/portalmf.com.br\/#\/schema\/person\/image\/","url":"https:\/\/secure.gravatar.com\/avatar\/32a3c797cd0ac47cc53b8644c62776f9?s=96&d=mm&r=g","contentUrl":"https:\/\/secure.gravatar.com\/avatar\/32a3c797cd0ac47cc53b8644c62776f9?s=96&d=mm&r=g","caption":"Reginaldo J\u00fanior"},"description":"Jornalista e idealizador Portal MF","sameAs":["https:\/\/portalmf.com.br\/index.php\/author\/reginaldojr\/","reginaldojrfsa","reginaldojuniormf","https:\/\/x.com\/reginaldojrmf"],"url":"https:\/\/portalmf.com.br\/index.php\/author\/reginaldojr\/"}]}},"_links":{"self":[{"href":"https:\/\/portalmf.com.br\/index.php\/wp-json\/wp\/v2\/posts\/3587"}],"collection":[{"href":"https:\/\/portalmf.com.br\/index.php\/wp-json\/wp\/v2\/posts"}],"about":[{"href":"https:\/\/portalmf.com.br\/index.php\/wp-json\/wp\/v2\/types\/post"}],"author":[{"embeddable":true,"href":"https:\/\/portalmf.com.br\/index.php\/wp-json\/wp\/v2\/users\/2"}],"replies":[{"embeddable":true,"href":"https:\/\/portalmf.com.br\/index.php\/wp-json\/wp\/v2\/comments?post=3587"}],"version-history":[{"count":1,"href":"https:\/\/portalmf.com.br\/index.php\/wp-json\/wp\/v2\/posts\/3587\/revisions"}],"predecessor-version":[{"id":3589,"href":"https:\/\/portalmf.com.br\/index.php\/wp-json\/wp\/v2\/posts\/3587\/revisions\/3589"}],"wp:featuredmedia":[{"embeddable":true,"href":"https:\/\/portalmf.com.br\/index.php\/wp-json\/wp\/v2\/media\/3588"}],"wp:attachment":[{"href":"https:\/\/portalmf.com.br\/index.php\/wp-json\/wp\/v2\/media?parent=3587"}],"wp:term":[{"taxonomy":"category","embeddable":true,"href":"https:\/\/portalmf.com.br\/index.php\/wp-json\/wp\/v2\/categories?post=3587"},{"taxonomy":"post_tag","embeddable":true,"href":"https:\/\/portalmf.com.br\/index.php\/wp-json\/wp\/v2\/tags?post=3587"}],"curies":[{"name":"wp","href":"https:\/\/api.w.org\/{rel}","templated":true}]}}