{"id":35843,"date":"2025-05-01T16:29:05","date_gmt":"2025-05-01T19:29:05","guid":{"rendered":"https:\/\/portalmf.com.br\/?p=35843"},"modified":"2025-05-01T18:33:37","modified_gmt":"2025-05-01T21:33:37","slug":"bell-marques-agita-pipoca-na-abertura-da-micareta","status":"publish","type":"post","link":"https:\/\/portalmf.com.br\/index.php\/2025\/05\/01\/bell-marques-agita-pipoca-na-abertura-da-micareta\/","title":{"rendered":"Bell Marques agita pipoca na abertura da Micareta"},"content":{"rendered":"\n<p><strong>Por: Walace Almeida<\/strong><\/p>\n\n\n\n<p>Foi dada a largada da Micareta de Feira de Santana 2025, ano em que a festa completa 88 anos de hist\u00f3ria, embalada pelo som de Bell Marques, que sacudiu o foli\u00e3o pipoca no Circuito Maneca Ferreira.<\/p>\n\n\n\n<p>O p\u00fablico p\u00f4de curtir um repert\u00f3rio recheado com os maiores sucessos do cantor, como \u201cSelva Branca\u201d, \u201cO Mist\u00e9rio das Estrelas\u201d, \u201cVoa, Voa\u201d, \u201cDiga que valeu\u201d, m\u00fasicas que marcaram a importante passagem de Bell Marques pela banda Chiclete com Banana, mas tamb\u00e9m ouviu os novos hits do cantor, como, por exemplo, \u201cQue calor \u00e9 esse\u201d e \u201cCora\u00e7\u00e3o grand\u00e3o\u201d.<\/p>\n\n\n\n<p><strong>Disposi\u00e7\u00e3o<\/strong><\/p>\n\n\n\n<p>E se engana quem pensa que o cantor fez apenas um \u201cenrolation\u201d na avenida. No auge dos seus 72 anos, Bell Marques fez jus ao seu j\u00e1 conhecido jeito animado e mostrou muita disposi\u00e7\u00e3o para empurrar os seus f\u00e3s, mesmo depois de participar de uma corrida em Bras\u00edlia, na manh\u00e3 desta quinta-feira (1\u00ba).<\/p>\n\n\n\n<p><strong>Foto: Reprodu\u00e7\u00e3o\/TV Geral<\/strong><\/p>\n","protected":false},"excerpt":{"rendered":"<p>Por: Walace Almeida Foi dada a largada da Micareta de Feira de Santana 2025, ano em que a festa completa 88 anos de hist\u00f3ria, embalada pelo som de Bell Marques, que sacudiu o foli\u00e3o pipoca no Circuito Maneca Ferreira. O p\u00fablico p\u00f4de curtir um repert\u00f3rio recheado com os maiores sucessos do cantor, como \u201cSelva Branca\u201d, [&hellip;]<\/p>\n","protected":false},"author":3,"featured_media":35844,"comment_status":"open","ping_status":"open","sticky":false,"template":"","format":"standard","meta":{"_monsterinsights_skip_tracking":false,"_monsterinsights_sitenote_active":false,"_monsterinsights_sitenote_note":"","_monsterinsights_sitenote_category":0,"footnotes":""},"categories":[48,39],"tags":[],"yoast_head":"<!-- This site is optimized with the Yoast SEO plugin v22.9 - https:\/\/yoast.com\/wordpress\/plugins\/seo\/ -->\n<title>Bell Marques agita pipoca na abertura da Micareta - Portal MF<\/title>\n<meta name=\"robots\" content=\"index, follow, max-snippet:-1, max-image-preview:large, max-video-preview:-1\" \/>\n<link rel=\"canonical\" href=\"https:\/\/portalmf.com.br\/index.php\/2025\/05\/01\/bell-marques-agita-pipoca-na-abertura-da-micareta\/\" \/>\n<meta property=\"og:locale\" content=\"pt_BR\" \/>\n<meta property=\"og:type\" content=\"article\" \/>\n<meta property=\"og:title\" content=\"Bell Marques agita pipoca na abertura da Micareta - Portal MF\" \/>\n<meta property=\"og:description\" content=\"Por: Walace Almeida Foi dada a largada da Micareta de Feira de Santana 2025, ano em que a festa completa 88 anos de hist\u00f3ria, embalada pelo som de Bell Marques, que sacudiu o foli\u00e3o pipoca no Circuito Maneca Ferreira. O p\u00fablico p\u00f4de curtir um repert\u00f3rio recheado com os maiores sucessos do cantor, como \u201cSelva Branca\u201d, [&hellip;]\" \/>\n<meta property=\"og:url\" content=\"https:\/\/portalmf.com.br\/index.php\/2025\/05\/01\/bell-marques-agita-pipoca-na-abertura-da-micareta\/\" \/>\n<meta property=\"og:site_name\" content=\"Portal MF\" \/>\n<meta property=\"article:author\" content=\"https:\/\/www.facebook.com\/portalmfoficial\" \/>\n<meta property=\"article:published_time\" content=\"2025-05-01T19:29:05+00:00\" \/>\n<meta property=\"article:modified_time\" content=\"2025-05-01T21:33:37+00:00\" \/>\n<meta property=\"og:image\" content=\"https:\/\/portalmf.com.br\/wp-content\/uploads\/2025\/05\/Bell-Marques-Micareta-2025-e1746135209620.jpg\" \/>\n\t<meta property=\"og:image:width\" content=\"1313\" \/>\n\t<meta property=\"og:image:height\" content=\"838\" \/>\n\t<meta property=\"og:image:type\" content=\"image\/jpeg\" \/>\n<meta name=\"author\" content=\"Reda\u00e7\u00e3o Portal MF\" \/>\n<meta name=\"twitter:card\" content=\"summary_large_image\" \/>\n<meta name=\"twitter:creator\" content=\"@https:\/\/x.com\/portalmfoficial\" \/>\n<meta name=\"twitter:label1\" content=\"Escrito por\" \/>\n\t<meta name=\"twitter:data1\" content=\"Reda\u00e7\u00e3o Portal MF\" \/>\n\t<meta name=\"twitter:label2\" content=\"Est. tempo de leitura\" \/>\n\t<meta name=\"twitter:data2\" content=\"2 minutos\" \/>\n<script type=\"application\/ld+json\" class=\"yoast-schema-graph\">{\"@context\":\"https:\/\/schema.org\",\"@graph\":[{\"@type\":\"WebPage\",\"@id\":\"https:\/\/portalmf.com.br\/index.php\/2025\/05\/01\/bell-marques-agita-pipoca-na-abertura-da-micareta\/\",\"url\":\"https:\/\/portalmf.com.br\/index.php\/2025\/05\/01\/bell-marques-agita-pipoca-na-abertura-da-micareta\/\",\"name\":\"Bell Marques agita pipoca na abertura da Micareta - Portal MF\",\"isPartOf\":{\"@id\":\"https:\/\/portalmf.com.br\/#website\"},\"primaryImageOfPage\":{\"@id\":\"https:\/\/portalmf.com.br\/index.php\/2025\/05\/01\/bell-marques-agita-pipoca-na-abertura-da-micareta\/#primaryimage\"},\"image\":{\"@id\":\"https:\/\/portalmf.com.br\/index.php\/2025\/05\/01\/bell-marques-agita-pipoca-na-abertura-da-micareta\/#primaryimage\"},\"thumbnailUrl\":\"https:\/\/portalmf.com.br\/wp-content\/uploads\/2025\/05\/Bell-Marques-Micareta-2025-e1746135209620.jpg\",\"datePublished\":\"2025-05-01T19:29:05+00:00\",\"dateModified\":\"2025-05-01T21:33:37+00:00\",\"author\":{\"@id\":\"https:\/\/portalmf.com.br\/#\/schema\/person\/9ec101baf56233e53520c26de5d6f6f0\"},\"breadcrumb\":{\"@id\":\"https:\/\/portalmf.com.br\/index.php\/2025\/05\/01\/bell-marques-agita-pipoca-na-abertura-da-micareta\/#breadcrumb\"},\"inLanguage\":\"pt-BR\",\"potentialAction\":[{\"@type\":\"ReadAction\",\"target\":[\"https:\/\/portalmf.com.br\/index.php\/2025\/05\/01\/bell-marques-agita-pipoca-na-abertura-da-micareta\/\"]}]},{\"@type\":\"ImageObject\",\"inLanguage\":\"pt-BR\",\"@id\":\"https:\/\/portalmf.com.br\/index.php\/2025\/05\/01\/bell-marques-agita-pipoca-na-abertura-da-micareta\/#primaryimage\",\"url\":\"https:\/\/portalmf.com.br\/wp-content\/uploads\/2025\/05\/Bell-Marques-Micareta-2025-e1746135209620.jpg\",\"contentUrl\":\"https:\/\/portalmf.com.br\/wp-content\/uploads\/2025\/05\/Bell-Marques-Micareta-2025-e1746135209620.jpg\",\"width\":1313,\"height\":838},{\"@type\":\"BreadcrumbList\",\"@id\":\"https:\/\/portalmf.com.br\/index.php\/2025\/05\/01\/bell-marques-agita-pipoca-na-abertura-da-micareta\/#breadcrumb\",\"itemListElement\":[{\"@type\":\"ListItem\",\"position\":1,\"name\":\"In\u00edcio\",\"item\":\"https:\/\/portalmf.com.br\/\"},{\"@type\":\"ListItem\",\"position\":2,\"name\":\"Bell Marques agita pipoca na abertura da Micareta\"}]},{\"@type\":\"WebSite\",\"@id\":\"https:\/\/portalmf.com.br\/#website\",\"url\":\"https:\/\/portalmf.com.br\/\",\"name\":\"Portal MF\",\"description\":\"Voc\u00ea conectado com a informa\u00e7\u00e3o\",\"potentialAction\":[{\"@type\":\"SearchAction\",\"target\":{\"@type\":\"EntryPoint\",\"urlTemplate\":\"https:\/\/portalmf.com.br\/?s={search_term_string}\"},\"query-input\":\"required name=search_term_string\"}],\"inLanguage\":\"pt-BR\"},{\"@type\":\"Person\",\"@id\":\"https:\/\/portalmf.com.br\/#\/schema\/person\/9ec101baf56233e53520c26de5d6f6f0\",\"name\":\"Reda\u00e7\u00e3o Portal MF\",\"image\":{\"@type\":\"ImageObject\",\"inLanguage\":\"pt-BR\",\"@id\":\"https:\/\/portalmf.com.br\/#\/schema\/person\/image\/\",\"url\":\"https:\/\/secure.gravatar.com\/avatar\/41b9aaeb2100835f7c64362330f74c7f?s=96&d=mm&r=g\",\"contentUrl\":\"https:\/\/secure.gravatar.com\/avatar\/41b9aaeb2100835f7c64362330f74c7f?s=96&d=mm&r=g\",\"caption\":\"Reda\u00e7\u00e3o Portal MF\"},\"description\":\"Sejam bem-vindos o portal de informa\u00e7\u00f5es de entretenimento de Feira de Santana, desde 2006 realiza coberturas dos principais eventos com entrevistas exclusivas com as principais personalidades mundiais. Fique conectado tamb\u00e9m nas redes sociais.\",\"sameAs\":[\"http:\/\/www.portalmf.com.br\/\",\"https:\/\/www.facebook.com\/portalmfoficial\",\"https:\/\/www.instagram.com\/portalmf\/\",\"https:\/\/x.com\/https:\/\/x.com\/portalmfoficial\",\"https:\/\/www.youtube.com\/@portalmfoficial\"],\"url\":\"https:\/\/portalmf.com.br\/index.php\/author\/junior\/\"}]}<\/script>\n<!-- \/ Yoast SEO plugin. -->","yoast_head_json":{"title":"Bell Marques agita pipoca na abertura da Micareta - Portal MF","robots":{"index":"index","follow":"follow","max-snippet":"max-snippet:-1","max-image-preview":"max-image-preview:large","max-video-preview":"max-video-preview:-1"},"canonical":"https:\/\/portalmf.com.br\/index.php\/2025\/05\/01\/bell-marques-agita-pipoca-na-abertura-da-micareta\/","og_locale":"pt_BR","og_type":"article","og_title":"Bell Marques agita pipoca na abertura da Micareta - Portal MF","og_description":"Por: Walace Almeida Foi dada a largada da Micareta de Feira de Santana 2025, ano em que a festa completa 88 anos de hist\u00f3ria, embalada pelo som de Bell Marques, que sacudiu o foli\u00e3o pipoca no Circuito Maneca Ferreira. O p\u00fablico p\u00f4de curtir um repert\u00f3rio recheado com os maiores sucessos do cantor, como \u201cSelva Branca\u201d, [&hellip;]","og_url":"https:\/\/portalmf.com.br\/index.php\/2025\/05\/01\/bell-marques-agita-pipoca-na-abertura-da-micareta\/","og_site_name":"Portal MF","article_author":"https:\/\/www.facebook.com\/portalmfoficial","article_published_time":"2025-05-01T19:29:05+00:00","article_modified_time":"2025-05-01T21:33:37+00:00","og_image":[{"width":1313,"height":838,"url":"https:\/\/portalmf.com.br\/wp-content\/uploads\/2025\/05\/Bell-Marques-Micareta-2025-e1746135209620.jpg","type":"image\/jpeg"}],"author":"Reda\u00e7\u00e3o Portal MF","twitter_card":"summary_large_image","twitter_creator":"@https:\/\/x.com\/portalmfoficial","twitter_misc":{"Escrito por":"Reda\u00e7\u00e3o Portal MF","Est. tempo de leitura":"2 minutos"},"schema":{"@context":"https:\/\/schema.org","@graph":[{"@type":"WebPage","@id":"https:\/\/portalmf.com.br\/index.php\/2025\/05\/01\/bell-marques-agita-pipoca-na-abertura-da-micareta\/","url":"https:\/\/portalmf.com.br\/index.php\/2025\/05\/01\/bell-marques-agita-pipoca-na-abertura-da-micareta\/","name":"Bell Marques agita pipoca na abertura da Micareta - Portal MF","isPartOf":{"@id":"https:\/\/portalmf.com.br\/#website"},"primaryImageOfPage":{"@id":"https:\/\/portalmf.com.br\/index.php\/2025\/05\/01\/bell-marques-agita-pipoca-na-abertura-da-micareta\/#primaryimage"},"image":{"@id":"https:\/\/portalmf.com.br\/index.php\/2025\/05\/01\/bell-marques-agita-pipoca-na-abertura-da-micareta\/#primaryimage"},"thumbnailUrl":"https:\/\/portalmf.com.br\/wp-content\/uploads\/2025\/05\/Bell-Marques-Micareta-2025-e1746135209620.jpg","datePublished":"2025-05-01T19:29:05+00:00","dateModified":"2025-05-01T21:33:37+00:00","author":{"@id":"https:\/\/portalmf.com.br\/#\/schema\/person\/9ec101baf56233e53520c26de5d6f6f0"},"breadcrumb":{"@id":"https:\/\/portalmf.com.br\/index.php\/2025\/05\/01\/bell-marques-agita-pipoca-na-abertura-da-micareta\/#breadcrumb"},"inLanguage":"pt-BR","potentialAction":[{"@type":"ReadAction","target":["https:\/\/portalmf.com.br\/index.php\/2025\/05\/01\/bell-marques-agita-pipoca-na-abertura-da-micareta\/"]}]},{"@type":"ImageObject","inLanguage":"pt-BR","@id":"https:\/\/portalmf.com.br\/index.php\/2025\/05\/01\/bell-marques-agita-pipoca-na-abertura-da-micareta\/#primaryimage","url":"https:\/\/portalmf.com.br\/wp-content\/uploads\/2025\/05\/Bell-Marques-Micareta-2025-e1746135209620.jpg","contentUrl":"https:\/\/portalmf.com.br\/wp-content\/uploads\/2025\/05\/Bell-Marques-Micareta-2025-e1746135209620.jpg","width":1313,"height":838},{"@type":"BreadcrumbList","@id":"https:\/\/portalmf.com.br\/index.php\/2025\/05\/01\/bell-marques-agita-pipoca-na-abertura-da-micareta\/#breadcrumb","itemListElement":[{"@type":"ListItem","position":1,"name":"In\u00edcio","item":"https:\/\/portalmf.com.br\/"},{"@type":"ListItem","position":2,"name":"Bell Marques agita pipoca na abertura da Micareta"}]},{"@type":"WebSite","@id":"https:\/\/portalmf.com.br\/#website","url":"https:\/\/portalmf.com.br\/","name":"Portal MF","description":"Voc\u00ea conectado com a informa\u00e7\u00e3o","potentialAction":[{"@type":"SearchAction","target":{"@type":"EntryPoint","urlTemplate":"https:\/\/portalmf.com.br\/?s={search_term_string}"},"query-input":"required name=search_term_string"}],"inLanguage":"pt-BR"},{"@type":"Person","@id":"https:\/\/portalmf.com.br\/#\/schema\/person\/9ec101baf56233e53520c26de5d6f6f0","name":"Reda\u00e7\u00e3o Portal MF","image":{"@type":"ImageObject","inLanguage":"pt-BR","@id":"https:\/\/portalmf.com.br\/#\/schema\/person\/image\/","url":"https:\/\/secure.gravatar.com\/avatar\/41b9aaeb2100835f7c64362330f74c7f?s=96&d=mm&r=g","contentUrl":"https:\/\/secure.gravatar.com\/avatar\/41b9aaeb2100835f7c64362330f74c7f?s=96&d=mm&r=g","caption":"Reda\u00e7\u00e3o Portal MF"},"description":"Sejam bem-vindos o portal de informa\u00e7\u00f5es de entretenimento de Feira de Santana, desde 2006 realiza coberturas dos principais eventos com entrevistas exclusivas com as principais personalidades mundiais. Fique conectado tamb\u00e9m nas redes sociais.","sameAs":["http:\/\/www.portalmf.com.br\/","https:\/\/www.facebook.com\/portalmfoficial","https:\/\/www.instagram.com\/portalmf\/","https:\/\/x.com\/https:\/\/x.com\/portalmfoficial","https:\/\/www.youtube.com\/@portalmfoficial"],"url":"https:\/\/portalmf.com.br\/index.php\/author\/junior\/"}]}},"_links":{"self":[{"href":"https:\/\/portalmf.com.br\/index.php\/wp-json\/wp\/v2\/posts\/35843"}],"collection":[{"href":"https:\/\/portalmf.com.br\/index.php\/wp-json\/wp\/v2\/posts"}],"about":[{"href":"https:\/\/portalmf.com.br\/index.php\/wp-json\/wp\/v2\/types\/post"}],"author":[{"embeddable":true,"href":"https:\/\/portalmf.com.br\/index.php\/wp-json\/wp\/v2\/users\/3"}],"replies":[{"embeddable":true,"href":"https:\/\/portalmf.com.br\/index.php\/wp-json\/wp\/v2\/comments?post=35843"}],"version-history":[{"count":1,"href":"https:\/\/portalmf.com.br\/index.php\/wp-json\/wp\/v2\/posts\/35843\/revisions"}],"predecessor-version":[{"id":35845,"href":"https:\/\/portalmf.com.br\/index.php\/wp-json\/wp\/v2\/posts\/35843\/revisions\/35845"}],"wp:featuredmedia":[{"embeddable":true,"href":"https:\/\/portalmf.com.br\/index.php\/wp-json\/wp\/v2\/media\/35844"}],"wp:attachment":[{"href":"https:\/\/portalmf.com.br\/index.php\/wp-json\/wp\/v2\/media?parent=35843"}],"wp:term":[{"taxonomy":"category","embeddable":true,"href":"https:\/\/portalmf.com.br\/index.php\/wp-json\/wp\/v2\/categories?post=35843"},{"taxonomy":"post_tag","embeddable":true,"href":"https:\/\/portalmf.com.br\/index.php\/wp-json\/wp\/v2\/tags?post=35843"}],"curies":[{"name":"wp","href":"https:\/\/api.w.org\/{rel}","templated":true}]}}