{"id":3584,"date":"2022-08-24T10:39:00","date_gmt":"2022-08-24T13:39:00","guid":{"rendered":"http:\/\/portalmf.com.br\/?p=3584"},"modified":"2022-08-25T13:42:04","modified_gmt":"2022-08-25T16:42:04","slug":"prefeito-de-dario-meira-deixa-o-governo-e-anuncia-apoio-a-acm-neto","status":"publish","type":"post","link":"https:\/\/portalmf.com.br\/index.php\/2022\/08\/24\/prefeito-de-dario-meira-deixa-o-governo-e-anuncia-apoio-a-acm-neto\/","title":{"rendered":"Prefeito de D\u00e1rio Meira deixa o governo e anuncia apoio a ACM Neto"},"content":{"rendered":"\n<p>O candidato a governador ACM Neto (Uni\u00e3o Brasil) recebeu nesta quarta-feira (24) o apoio do prefeito reeleito de D\u00e1rio Meira, William de Alem\u00e3o (PP), e de 8 dos 9 vereadores do munic\u00edpio. Todos estavam na base do governo e decidiram fazer a \u201cportabilidade\u201d depois que obras de infraestrutura prometidas pela administra\u00e7\u00e3o estadual n\u00e3o foram realizadas.<\/p>\n\n\n\n<p><em>\u201cD\u00e1rio Meira sofreu muito com as fortes chuvas que atingiram o munic\u00edpio no final do ano passado. O governador Rui Costa prometeu fazer muita coisa, mas nada saiu do papel. Minha decis\u00e3o, ent\u00e3o, foi apostar em um pol\u00edtico que transformou Salvador, por diversas vezes foi considerado o melhor prefeito do Brasil e, sem d\u00favida, \u00e9 o mais preparado para comandar a Bahia a partir de 1\u00ba de janeiro do ano que vem\u201d,<\/em> afirmou William de Alem\u00e3o.<\/p>\n\n\n\n<p>De acordo com o prefeito, a popula\u00e7\u00e3o de D\u00e1rio Meira quer ACM Neto como governador<em>. \u201cN\u00e3o adianta remar contra a mar\u00e9, os eleitores de toda a Bahia querem mudan\u00e7a porque n\u00e3o aceitam morar no estado mais violento e com a pior educa\u00e7\u00e3o do pa\u00eds\u201d, disse o prefeito, que foi reeleito com 61,66% dos votos. \u201cUma prova que os baianos querem mudan\u00e7a \u00e9 que 8 dos 9 vereadores do munic\u00edpio tamb\u00e9m est\u00e3o fechados com ACM Neto\u201d,<\/em> afirmou.<\/p>\n\n\n\n<p>William de Alem\u00e3o disse tamb\u00e9m que ACM Neto se comprometeu, caso seja eleito, a enviar \u00e0 cidade t\u00e9cnicos e especialistas para que possam analisar a possibilidade de mudar o curso do ribeir\u00e3o do Meio. \u201cH\u00e1 mais de 30 anos o ribeir\u00e3o \u00e9 respons\u00e1vel pelas grandes enchentes que causam enormes preju\u00edzos \u00e0 popula\u00e7\u00e3o e \u00e0 economia da nossa cidade. O que n\u00f3s queremos, de fato, \u00e9 algu\u00e9m comprometido em solucionar este problema e, n\u00e3o temos d\u00favida, este algu\u00e9m \u00e9 ACM Neto\u201d, afirmou o prefeito.<\/p>\n\n\n\n<p><strong>DataFolha:<\/strong> No mesmo dia em que o prefeito de D\u00e1rio Meira anunciou o apoio a ACM Neto, pesquisa DataFolha \u2013 a primeira sobre elei\u00e7\u00f5es baianas depois de muitos anos -, apontou vit\u00f3ria do ex-prefeito de Salvador no primeiro turno. De acordo com o instituto, o mais importante do Brasil em pesquisas, Neto tem 54%, contra 16% do candidato do PT e 8% do terceiro colocado. Levando em conta apenas os votos v\u00e1lidos (neste cen\u00e1rio, os votos brancos e nulos s\u00e3o exclu\u00eddos), ACM Neto amplia a sua vantagem e atinge 67%, contra 20% do candidato do PT e 9% do terceiro colocado.<\/p>\n","protected":false},"excerpt":{"rendered":"<p>O candidato a governador ACM Neto (Uni\u00e3o Brasil) recebeu nesta quarta-feira (24) o apoio do prefeito reeleito de D\u00e1rio Meira, William de Alem\u00e3o (PP), e de 8 dos 9 vereadores do munic\u00edpio. Todos estavam na base do governo e decidiram fazer a \u201cportabilidade\u201d depois que obras de infraestrutura prometidas pela administra\u00e7\u00e3o estadual n\u00e3o foram realizadas. [&hellip;]<\/p>\n","protected":false},"author":2,"featured_media":3585,"comment_status":"open","ping_status":"open","sticky":false,"template":"","format":"standard","meta":{"_monsterinsights_skip_tracking":false,"_monsterinsights_sitenote_active":false,"_monsterinsights_sitenote_note":"","_monsterinsights_sitenote_category":0,"footnotes":""},"categories":[34],"tags":[],"yoast_head":"<!-- This site is optimized with the Yoast SEO plugin v22.9 - https:\/\/yoast.com\/wordpress\/plugins\/seo\/ -->\n<title>Prefeito de D\u00e1rio Meira deixa o governo e anuncia apoio a ACM Neto - Portal MF<\/title>\n<meta name=\"robots\" content=\"index, follow, max-snippet:-1, max-image-preview:large, max-video-preview:-1\" \/>\n<link rel=\"canonical\" href=\"https:\/\/portalmf.com.br\/index.php\/2022\/08\/24\/prefeito-de-dario-meira-deixa-o-governo-e-anuncia-apoio-a-acm-neto\/\" \/>\n<meta property=\"og:locale\" content=\"pt_BR\" \/>\n<meta property=\"og:type\" content=\"article\" \/>\n<meta property=\"og:title\" content=\"Prefeito de D\u00e1rio Meira deixa o governo e anuncia apoio a ACM Neto - Portal MF\" \/>\n<meta property=\"og:description\" content=\"O candidato a governador ACM Neto (Uni\u00e3o Brasil) recebeu nesta quarta-feira (24) o apoio do prefeito reeleito de D\u00e1rio Meira, William de Alem\u00e3o (PP), e de 8 dos 9 vereadores do munic\u00edpio. Todos estavam na base do governo e decidiram fazer a \u201cportabilidade\u201d depois que obras de infraestrutura prometidas pela administra\u00e7\u00e3o estadual n\u00e3o foram realizadas. [&hellip;]\" \/>\n<meta property=\"og:url\" content=\"https:\/\/portalmf.com.br\/index.php\/2022\/08\/24\/prefeito-de-dario-meira-deixa-o-governo-e-anuncia-apoio-a-acm-neto\/\" \/>\n<meta property=\"og:site_name\" content=\"Portal MF\" \/>\n<meta property=\"article:author\" content=\"reginaldojrfsa\" \/>\n<meta property=\"article:published_time\" content=\"2022-08-24T13:39:00+00:00\" \/>\n<meta property=\"article:modified_time\" content=\"2022-08-25T16:42:04+00:00\" \/>\n<meta property=\"og:image\" content=\"https:\/\/portalmf.com.br\/wp-content\/uploads\/2022\/08\/WhatsApp-Image-2022-08-24-at-15.15.03.jpeg\" \/>\n\t<meta property=\"og:image:width\" content=\"1600\" \/>\n\t<meta property=\"og:image:height\" content=\"1066\" \/>\n\t<meta property=\"og:image:type\" content=\"image\/jpeg\" \/>\n<meta name=\"author\" content=\"Reginaldo J\u00fanior\" \/>\n<meta name=\"twitter:card\" content=\"summary_large_image\" \/>\n<meta name=\"twitter:creator\" content=\"@reginaldojrmf\" \/>\n<meta name=\"twitter:label1\" content=\"Escrito por\" \/>\n\t<meta name=\"twitter:data1\" content=\"Reginaldo J\u00fanior\" \/>\n\t<meta name=\"twitter:label2\" content=\"Est. tempo de leitura\" \/>\n\t<meta name=\"twitter:data2\" content=\"3 minutos\" \/>\n<script type=\"application\/ld+json\" class=\"yoast-schema-graph\">{\"@context\":\"https:\/\/schema.org\",\"@graph\":[{\"@type\":\"WebPage\",\"@id\":\"https:\/\/portalmf.com.br\/index.php\/2022\/08\/24\/prefeito-de-dario-meira-deixa-o-governo-e-anuncia-apoio-a-acm-neto\/\",\"url\":\"https:\/\/portalmf.com.br\/index.php\/2022\/08\/24\/prefeito-de-dario-meira-deixa-o-governo-e-anuncia-apoio-a-acm-neto\/\",\"name\":\"Prefeito de D\u00e1rio Meira deixa o governo e anuncia apoio a ACM Neto - Portal MF\",\"isPartOf\":{\"@id\":\"https:\/\/portalmf.com.br\/#website\"},\"primaryImageOfPage\":{\"@id\":\"https:\/\/portalmf.com.br\/index.php\/2022\/08\/24\/prefeito-de-dario-meira-deixa-o-governo-e-anuncia-apoio-a-acm-neto\/#primaryimage\"},\"image\":{\"@id\":\"https:\/\/portalmf.com.br\/index.php\/2022\/08\/24\/prefeito-de-dario-meira-deixa-o-governo-e-anuncia-apoio-a-acm-neto\/#primaryimage\"},\"thumbnailUrl\":\"https:\/\/portalmf.com.br\/wp-content\/uploads\/2022\/08\/WhatsApp-Image-2022-08-24-at-15.15.03.jpeg\",\"datePublished\":\"2022-08-24T13:39:00+00:00\",\"dateModified\":\"2022-08-25T16:42:04+00:00\",\"author\":{\"@id\":\"https:\/\/portalmf.com.br\/#\/schema\/person\/11c82086fe8abc05a19147e964587285\"},\"breadcrumb\":{\"@id\":\"https:\/\/portalmf.com.br\/index.php\/2022\/08\/24\/prefeito-de-dario-meira-deixa-o-governo-e-anuncia-apoio-a-acm-neto\/#breadcrumb\"},\"inLanguage\":\"pt-BR\",\"potentialAction\":[{\"@type\":\"ReadAction\",\"target\":[\"https:\/\/portalmf.com.br\/index.php\/2022\/08\/24\/prefeito-de-dario-meira-deixa-o-governo-e-anuncia-apoio-a-acm-neto\/\"]}]},{\"@type\":\"ImageObject\",\"inLanguage\":\"pt-BR\",\"@id\":\"https:\/\/portalmf.com.br\/index.php\/2022\/08\/24\/prefeito-de-dario-meira-deixa-o-governo-e-anuncia-apoio-a-acm-neto\/#primaryimage\",\"url\":\"https:\/\/portalmf.com.br\/wp-content\/uploads\/2022\/08\/WhatsApp-Image-2022-08-24-at-15.15.03.jpeg\",\"contentUrl\":\"https:\/\/portalmf.com.br\/wp-content\/uploads\/2022\/08\/WhatsApp-Image-2022-08-24-at-15.15.03.jpeg\",\"width\":1600,\"height\":1066},{\"@type\":\"BreadcrumbList\",\"@id\":\"https:\/\/portalmf.com.br\/index.php\/2022\/08\/24\/prefeito-de-dario-meira-deixa-o-governo-e-anuncia-apoio-a-acm-neto\/#breadcrumb\",\"itemListElement\":[{\"@type\":\"ListItem\",\"position\":1,\"name\":\"In\u00edcio\",\"item\":\"https:\/\/portalmf.com.br\/\"},{\"@type\":\"ListItem\",\"position\":2,\"name\":\"Prefeito de D\u00e1rio Meira deixa o governo e anuncia apoio a ACM Neto\"}]},{\"@type\":\"WebSite\",\"@id\":\"https:\/\/portalmf.com.br\/#website\",\"url\":\"https:\/\/portalmf.com.br\/\",\"name\":\"Portal MF\",\"description\":\"Voc\u00ea conectado com a informa\u00e7\u00e3o\",\"potentialAction\":[{\"@type\":\"SearchAction\",\"target\":{\"@type\":\"EntryPoint\",\"urlTemplate\":\"https:\/\/portalmf.com.br\/?s={search_term_string}\"},\"query-input\":\"required name=search_term_string\"}],\"inLanguage\":\"pt-BR\"},{\"@type\":\"Person\",\"@id\":\"https:\/\/portalmf.com.br\/#\/schema\/person\/11c82086fe8abc05a19147e964587285\",\"name\":\"Reginaldo J\u00fanior\",\"image\":{\"@type\":\"ImageObject\",\"inLanguage\":\"pt-BR\",\"@id\":\"https:\/\/portalmf.com.br\/#\/schema\/person\/image\/\",\"url\":\"https:\/\/secure.gravatar.com\/avatar\/32a3c797cd0ac47cc53b8644c62776f9?s=96&d=mm&r=g\",\"contentUrl\":\"https:\/\/secure.gravatar.com\/avatar\/32a3c797cd0ac47cc53b8644c62776f9?s=96&d=mm&r=g\",\"caption\":\"Reginaldo J\u00fanior\"},\"description\":\"Jornalista e idealizador Portal MF\",\"sameAs\":[\"https:\/\/portalmf.com.br\/index.php\/author\/reginaldojr\/\",\"reginaldojrfsa\",\"reginaldojuniormf\",\"https:\/\/x.com\/reginaldojrmf\"],\"url\":\"https:\/\/portalmf.com.br\/index.php\/author\/reginaldojr\/\"}]}<\/script>\n<!-- \/ Yoast SEO plugin. -->","yoast_head_json":{"title":"Prefeito de D\u00e1rio Meira deixa o governo e anuncia apoio a ACM Neto - Portal MF","robots":{"index":"index","follow":"follow","max-snippet":"max-snippet:-1","max-image-preview":"max-image-preview:large","max-video-preview":"max-video-preview:-1"},"canonical":"https:\/\/portalmf.com.br\/index.php\/2022\/08\/24\/prefeito-de-dario-meira-deixa-o-governo-e-anuncia-apoio-a-acm-neto\/","og_locale":"pt_BR","og_type":"article","og_title":"Prefeito de D\u00e1rio Meira deixa o governo e anuncia apoio a ACM Neto - Portal MF","og_description":"O candidato a governador ACM Neto (Uni\u00e3o Brasil) recebeu nesta quarta-feira (24) o apoio do prefeito reeleito de D\u00e1rio Meira, William de Alem\u00e3o (PP), e de 8 dos 9 vereadores do munic\u00edpio. Todos estavam na base do governo e decidiram fazer a \u201cportabilidade\u201d depois que obras de infraestrutura prometidas pela administra\u00e7\u00e3o estadual n\u00e3o foram realizadas. [&hellip;]","og_url":"https:\/\/portalmf.com.br\/index.php\/2022\/08\/24\/prefeito-de-dario-meira-deixa-o-governo-e-anuncia-apoio-a-acm-neto\/","og_site_name":"Portal MF","article_author":"reginaldojrfsa","article_published_time":"2022-08-24T13:39:00+00:00","article_modified_time":"2022-08-25T16:42:04+00:00","og_image":[{"width":1600,"height":1066,"url":"https:\/\/portalmf.com.br\/wp-content\/uploads\/2022\/08\/WhatsApp-Image-2022-08-24-at-15.15.03.jpeg","type":"image\/jpeg"}],"author":"Reginaldo J\u00fanior","twitter_card":"summary_large_image","twitter_creator":"@reginaldojrmf","twitter_misc":{"Escrito por":"Reginaldo J\u00fanior","Est. tempo de leitura":"3 minutos"},"schema":{"@context":"https:\/\/schema.org","@graph":[{"@type":"WebPage","@id":"https:\/\/portalmf.com.br\/index.php\/2022\/08\/24\/prefeito-de-dario-meira-deixa-o-governo-e-anuncia-apoio-a-acm-neto\/","url":"https:\/\/portalmf.com.br\/index.php\/2022\/08\/24\/prefeito-de-dario-meira-deixa-o-governo-e-anuncia-apoio-a-acm-neto\/","name":"Prefeito de D\u00e1rio Meira deixa o governo e anuncia apoio a ACM Neto - Portal MF","isPartOf":{"@id":"https:\/\/portalmf.com.br\/#website"},"primaryImageOfPage":{"@id":"https:\/\/portalmf.com.br\/index.php\/2022\/08\/24\/prefeito-de-dario-meira-deixa-o-governo-e-anuncia-apoio-a-acm-neto\/#primaryimage"},"image":{"@id":"https:\/\/portalmf.com.br\/index.php\/2022\/08\/24\/prefeito-de-dario-meira-deixa-o-governo-e-anuncia-apoio-a-acm-neto\/#primaryimage"},"thumbnailUrl":"https:\/\/portalmf.com.br\/wp-content\/uploads\/2022\/08\/WhatsApp-Image-2022-08-24-at-15.15.03.jpeg","datePublished":"2022-08-24T13:39:00+00:00","dateModified":"2022-08-25T16:42:04+00:00","author":{"@id":"https:\/\/portalmf.com.br\/#\/schema\/person\/11c82086fe8abc05a19147e964587285"},"breadcrumb":{"@id":"https:\/\/portalmf.com.br\/index.php\/2022\/08\/24\/prefeito-de-dario-meira-deixa-o-governo-e-anuncia-apoio-a-acm-neto\/#breadcrumb"},"inLanguage":"pt-BR","potentialAction":[{"@type":"ReadAction","target":["https:\/\/portalmf.com.br\/index.php\/2022\/08\/24\/prefeito-de-dario-meira-deixa-o-governo-e-anuncia-apoio-a-acm-neto\/"]}]},{"@type":"ImageObject","inLanguage":"pt-BR","@id":"https:\/\/portalmf.com.br\/index.php\/2022\/08\/24\/prefeito-de-dario-meira-deixa-o-governo-e-anuncia-apoio-a-acm-neto\/#primaryimage","url":"https:\/\/portalmf.com.br\/wp-content\/uploads\/2022\/08\/WhatsApp-Image-2022-08-24-at-15.15.03.jpeg","contentUrl":"https:\/\/portalmf.com.br\/wp-content\/uploads\/2022\/08\/WhatsApp-Image-2022-08-24-at-15.15.03.jpeg","width":1600,"height":1066},{"@type":"BreadcrumbList","@id":"https:\/\/portalmf.com.br\/index.php\/2022\/08\/24\/prefeito-de-dario-meira-deixa-o-governo-e-anuncia-apoio-a-acm-neto\/#breadcrumb","itemListElement":[{"@type":"ListItem","position":1,"name":"In\u00edcio","item":"https:\/\/portalmf.com.br\/"},{"@type":"ListItem","position":2,"name":"Prefeito de D\u00e1rio Meira deixa o governo e anuncia apoio a ACM Neto"}]},{"@type":"WebSite","@id":"https:\/\/portalmf.com.br\/#website","url":"https:\/\/portalmf.com.br\/","name":"Portal MF","description":"Voc\u00ea conectado com a informa\u00e7\u00e3o","potentialAction":[{"@type":"SearchAction","target":{"@type":"EntryPoint","urlTemplate":"https:\/\/portalmf.com.br\/?s={search_term_string}"},"query-input":"required name=search_term_string"}],"inLanguage":"pt-BR"},{"@type":"Person","@id":"https:\/\/portalmf.com.br\/#\/schema\/person\/11c82086fe8abc05a19147e964587285","name":"Reginaldo J\u00fanior","image":{"@type":"ImageObject","inLanguage":"pt-BR","@id":"https:\/\/portalmf.com.br\/#\/schema\/person\/image\/","url":"https:\/\/secure.gravatar.com\/avatar\/32a3c797cd0ac47cc53b8644c62776f9?s=96&d=mm&r=g","contentUrl":"https:\/\/secure.gravatar.com\/avatar\/32a3c797cd0ac47cc53b8644c62776f9?s=96&d=mm&r=g","caption":"Reginaldo J\u00fanior"},"description":"Jornalista e idealizador Portal MF","sameAs":["https:\/\/portalmf.com.br\/index.php\/author\/reginaldojr\/","reginaldojrfsa","reginaldojuniormf","https:\/\/x.com\/reginaldojrmf"],"url":"https:\/\/portalmf.com.br\/index.php\/author\/reginaldojr\/"}]}},"_links":{"self":[{"href":"https:\/\/portalmf.com.br\/index.php\/wp-json\/wp\/v2\/posts\/3584"}],"collection":[{"href":"https:\/\/portalmf.com.br\/index.php\/wp-json\/wp\/v2\/posts"}],"about":[{"href":"https:\/\/portalmf.com.br\/index.php\/wp-json\/wp\/v2\/types\/post"}],"author":[{"embeddable":true,"href":"https:\/\/portalmf.com.br\/index.php\/wp-json\/wp\/v2\/users\/2"}],"replies":[{"embeddable":true,"href":"https:\/\/portalmf.com.br\/index.php\/wp-json\/wp\/v2\/comments?post=3584"}],"version-history":[{"count":1,"href":"https:\/\/portalmf.com.br\/index.php\/wp-json\/wp\/v2\/posts\/3584\/revisions"}],"predecessor-version":[{"id":3586,"href":"https:\/\/portalmf.com.br\/index.php\/wp-json\/wp\/v2\/posts\/3584\/revisions\/3586"}],"wp:featuredmedia":[{"embeddable":true,"href":"https:\/\/portalmf.com.br\/index.php\/wp-json\/wp\/v2\/media\/3585"}],"wp:attachment":[{"href":"https:\/\/portalmf.com.br\/index.php\/wp-json\/wp\/v2\/media?parent=3584"}],"wp:term":[{"taxonomy":"category","embeddable":true,"href":"https:\/\/portalmf.com.br\/index.php\/wp-json\/wp\/v2\/categories?post=3584"},{"taxonomy":"post_tag","embeddable":true,"href":"https:\/\/portalmf.com.br\/index.php\/wp-json\/wp\/v2\/tags?post=3584"}],"curies":[{"name":"wp","href":"https:\/\/api.w.org\/{rel}","templated":true}]}}