{"id":35830,"date":"2025-05-01T11:42:33","date_gmt":"2025-05-01T14:42:33","guid":{"rendered":"https:\/\/portalmf.com.br\/?p=35830"},"modified":"2025-05-01T11:42:34","modified_gmt":"2025-05-01T14:42:34","slug":"central-de-catadores-garante-renda-e-gestao-sustentavel-de-residuos-na-micareta-de-feira","status":"publish","type":"post","link":"https:\/\/portalmf.com.br\/index.php\/2025\/05\/01\/central-de-catadores-garante-renda-e-gestao-sustentavel-de-residuos-na-micareta-de-feira\/","title":{"rendered":"Central de catadores garante renda e gest\u00e3o sustent\u00e1vel de res\u00edduos na Micareta de Feira"},"content":{"rendered":"\n<p>Repetindo o sucesso de prote\u00e7\u00e3o e cuidado aos catadores e catadoras de materiais recicl\u00e1veis no Carnaval da Bahia 2025, o Governo do Estado levou o EcoFolia Solid\u00e1ria tamb\u00e9m para a maior folia fora de \u00e9poca do Brasil: a Micareta de Feira de Santana. Nesta quarta-feira (30), que antecede a abertura oficial da festa, o governador Jer\u00f4nimo Rodrigues entregou aos trabalhadores, no Centro Cultural Am\u00e9lio Amorim, 130 kits com fardamento e Equipamentos de Prote\u00e7\u00e3o Individual (EPIs), al\u00e9m de apoio \u00e0 comercializa\u00e7\u00e3o solid\u00e1ria.<\/p>\n\n\n\n<p>\u201cEnquanto os foli\u00f5es brincam nas ruas e aproveitam a festa, os catadores e catadoras est\u00e3o suando, carregando o peso, catando e selecionando os materiais recicl\u00e1veis descartados. S\u00e3o pessoas que est\u00e3o preocupadas com a renda da sua fam\u00edlia, e vem aqui nessas centrais entregar esse material e fazer um servi\u00e7o muito coerente com o meio ambiente. Nada mais justo do que oferecermos tamb\u00e9m para eles, um ambiente acolhedor, em que eles possam se alimentar, tomar um banho\u201d, afirmou o governador.<\/p>\n\n\n\n<p>Nos quatro dias de folia, o projeto articulado pela Secretaria do Trabalho, Emprego, Renda e Esporte (Setre) vai atender tamb\u00e9m cooperados e aut\u00f4nomos, visando a inclus\u00e3o social e a gest\u00e3o sustent\u00e1vel dos res\u00edduos, minimizando o impacto ambiental, al\u00e9m da gera\u00e7\u00e3o de renda e melhoria das condi\u00e7\u00f5es de trabalho. A expectativa \u00e9 de que sejam coletadas 20 toneladas de materiais recicl\u00e1veis.<\/p>\n\n\n\n<p>\u201cFornecemos equipamentos de prote\u00e7\u00e3o individual, como bota, protetor auricular, fardamento, luvas e outros itens, como sacos que eles v\u00e3o utilizar para fazer a coleta, mochilas para eles guardarem os materiais. Aqui tamb\u00e9m montamos uma central de triagem dos materiais e esses materiais coletados, os catadores e as catadores que trouxerem, recebem o dinheiro na hora e, ainda por cima, temos caminh\u00f5es, prensas, balan\u00e7as para que esse material possa chegar na ind\u00fastria para fazer efetivamente a reciclagem\u201d, explicou o secret\u00e1rio da Setre, Augusto Vasconcelos.<\/p>\n\n\n\n<figure class=\"wp-block-image size-large\"><img fetchpriority=\"high\" decoding=\"async\" width=\"1024\" height=\"575\" src=\"https:\/\/portalmf.com.br\/wp-content\/uploads\/2025\/05\/Central-de-catadores-garante-renda-e-gestao-sustentavel-de-residuos-na-Micareta-de-Feira-2-1024x575.jpeg\" alt=\"\" class=\"wp-image-35831\" srcset=\"https:\/\/portalmf.com.br\/wp-content\/uploads\/2025\/05\/Central-de-catadores-garante-renda-e-gestao-sustentavel-de-residuos-na-Micareta-de-Feira-2-1024x575.jpeg 1024w, https:\/\/portalmf.com.br\/wp-content\/uploads\/2025\/05\/Central-de-catadores-garante-renda-e-gestao-sustentavel-de-residuos-na-Micareta-de-Feira-2-300x169.jpeg 300w, https:\/\/portalmf.com.br\/wp-content\/uploads\/2025\/05\/Central-de-catadores-garante-renda-e-gestao-sustentavel-de-residuos-na-Micareta-de-Feira-2-768x432.jpeg 768w, https:\/\/portalmf.com.br\/wp-content\/uploads\/2025\/05\/Central-de-catadores-garante-renda-e-gestao-sustentavel-de-residuos-na-Micareta-de-Feira-2-1536x863.jpeg 1536w, https:\/\/portalmf.com.br\/wp-content\/uploads\/2025\/05\/Central-de-catadores-garante-renda-e-gestao-sustentavel-de-residuos-na-Micareta-de-Feira-2-696x391.jpeg 696w, https:\/\/portalmf.com.br\/wp-content\/uploads\/2025\/05\/Central-de-catadores-garante-renda-e-gestao-sustentavel-de-residuos-na-Micareta-de-Feira-2-1068x600.jpeg 1068w, https:\/\/portalmf.com.br\/wp-content\/uploads\/2025\/05\/Central-de-catadores-garante-renda-e-gestao-sustentavel-de-residuos-na-Micareta-de-Feira-2.jpeg 1600w\" sizes=\"(max-width: 1024px) 100vw, 1024px\" \/><figcaption class=\"wp-element-caption\">Fotos: Feij\u00e3o Almeida\/GOVBA<\/figcaption><\/figure>\n\n\n\n<p>A catadora Rosemeire Ferreira de Souza, 55, trabalha h\u00e1 11 anos em uma associa\u00e7\u00e3o de reciclagem e aprovou a iniciativa durante a micareta. \u201cO kit est\u00e1 \u00f3timo. Agora melhorou bastante o nosso trabalho e espero que seja melhor ainda daqui pra frente. \u00c9 daqui que a gente tira o nosso ganho, sustentamos a nossa fam\u00edlia, ent\u00e3o s\u00f3 temos a agradecer a Deus e ao governo por isso. Ainda vamos ganhar cal\u00e7a, camisa e o mei\u00e3o para trabalharmos nesses quatro dias da festa\u201d, disse.<\/p>\n\n\n\n<p>O projeto<\/p>\n\n\n\n<p>O EcoFolia Solid\u00e1ria tem o envolvimento de outras secretarias: Secretaria do Meio Ambiente (Sema), de Desenvolvimento Urbano (Sedur), Desenvolvimento Rural (SDR), de Assist\u00eancia e Desenvolvimento Social (Seades) e de Pol\u00edticas para as Mulheres (SPM), assim como das Volunt\u00e1rias Sociais, do Instituto do Meio Ambiente e Recursos H\u00eddricos (Inema) e da Companhia de Desenvolvimento e A\u00e7\u00e3o Regional (CAR).<\/p>\n","protected":false},"excerpt":{"rendered":"<p>Repetindo o sucesso de prote\u00e7\u00e3o e cuidado aos catadores e catadoras de materiais recicl\u00e1veis no Carnaval da Bahia 2025, o Governo do Estado levou o EcoFolia Solid\u00e1ria tamb\u00e9m para a maior folia fora de \u00e9poca do Brasil: a Micareta de Feira de Santana. Nesta quarta-feira (30), que antecede a abertura oficial da festa, o governador [&hellip;]<\/p>\n","protected":false},"author":3,"featured_media":35832,"comment_status":"open","ping_status":"open","sticky":false,"template":"","format":"standard","meta":{"_monsterinsights_skip_tracking":false,"_monsterinsights_sitenote_active":false,"_monsterinsights_sitenote_note":"","_monsterinsights_sitenote_category":0,"footnotes":""},"categories":[39,34],"tags":[],"yoast_head":"<!-- This site is optimized with the Yoast SEO plugin v22.9 - https:\/\/yoast.com\/wordpress\/plugins\/seo\/ -->\n<title>Central de catadores garante renda e gest\u00e3o sustent\u00e1vel de res\u00edduos na Micareta de Feira - Portal MF<\/title>\n<meta name=\"robots\" content=\"index, follow, max-snippet:-1, max-image-preview:large, max-video-preview:-1\" \/>\n<link rel=\"canonical\" href=\"https:\/\/portalmf.com.br\/index.php\/2025\/05\/01\/central-de-catadores-garante-renda-e-gestao-sustentavel-de-residuos-na-micareta-de-feira\/\" \/>\n<meta property=\"og:locale\" content=\"pt_BR\" \/>\n<meta property=\"og:type\" content=\"article\" \/>\n<meta property=\"og:title\" content=\"Central de catadores garante renda e gest\u00e3o sustent\u00e1vel de res\u00edduos na Micareta de Feira - Portal MF\" \/>\n<meta property=\"og:description\" content=\"Repetindo o sucesso de prote\u00e7\u00e3o e cuidado aos catadores e catadoras de materiais recicl\u00e1veis no Carnaval da Bahia 2025, o Governo do Estado levou o EcoFolia Solid\u00e1ria tamb\u00e9m para a maior folia fora de \u00e9poca do Brasil: a Micareta de Feira de Santana. Nesta quarta-feira (30), que antecede a abertura oficial da festa, o governador [&hellip;]\" \/>\n<meta property=\"og:url\" content=\"https:\/\/portalmf.com.br\/index.php\/2025\/05\/01\/central-de-catadores-garante-renda-e-gestao-sustentavel-de-residuos-na-micareta-de-feira\/\" \/>\n<meta property=\"og:site_name\" content=\"Portal MF\" \/>\n<meta property=\"article:author\" content=\"https:\/\/www.facebook.com\/portalmfoficial\" \/>\n<meta property=\"article:published_time\" content=\"2025-05-01T14:42:33+00:00\" \/>\n<meta property=\"article:modified_time\" content=\"2025-05-01T14:42:34+00:00\" \/>\n<meta property=\"og:image\" content=\"https:\/\/portalmf.com.br\/wp-content\/uploads\/2025\/05\/Central-de-catadores-garante-renda-e-gestao-sustentavel-de-residuos-na-Micareta-de-Feira-1.jpeg\" \/>\n\t<meta property=\"og:image:width\" content=\"1600\" \/>\n\t<meta property=\"og:image:height\" content=\"995\" \/>\n\t<meta property=\"og:image:type\" content=\"image\/jpeg\" \/>\n<meta name=\"author\" content=\"Reda\u00e7\u00e3o Portal MF\" \/>\n<meta name=\"twitter:card\" content=\"summary_large_image\" \/>\n<meta name=\"twitter:creator\" content=\"@https:\/\/x.com\/portalmfoficial\" \/>\n<meta name=\"twitter:label1\" content=\"Escrito por\" \/>\n\t<meta name=\"twitter:data1\" content=\"Reda\u00e7\u00e3o Portal MF\" \/>\n\t<meta name=\"twitter:label2\" content=\"Est. tempo de leitura\" \/>\n\t<meta name=\"twitter:data2\" content=\"3 minutos\" \/>\n<script type=\"application\/ld+json\" class=\"yoast-schema-graph\">{\"@context\":\"https:\/\/schema.org\",\"@graph\":[{\"@type\":\"WebPage\",\"@id\":\"https:\/\/portalmf.com.br\/index.php\/2025\/05\/01\/central-de-catadores-garante-renda-e-gestao-sustentavel-de-residuos-na-micareta-de-feira\/\",\"url\":\"https:\/\/portalmf.com.br\/index.php\/2025\/05\/01\/central-de-catadores-garante-renda-e-gestao-sustentavel-de-residuos-na-micareta-de-feira\/\",\"name\":\"Central de catadores garante renda e gest\u00e3o sustent\u00e1vel de res\u00edduos na Micareta de Feira - Portal MF\",\"isPartOf\":{\"@id\":\"https:\/\/portalmf.com.br\/#website\"},\"primaryImageOfPage\":{\"@id\":\"https:\/\/portalmf.com.br\/index.php\/2025\/05\/01\/central-de-catadores-garante-renda-e-gestao-sustentavel-de-residuos-na-micareta-de-feira\/#primaryimage\"},\"image\":{\"@id\":\"https:\/\/portalmf.com.br\/index.php\/2025\/05\/01\/central-de-catadores-garante-renda-e-gestao-sustentavel-de-residuos-na-micareta-de-feira\/#primaryimage\"},\"thumbnailUrl\":\"https:\/\/portalmf.com.br\/wp-content\/uploads\/2025\/05\/Central-de-catadores-garante-renda-e-gestao-sustentavel-de-residuos-na-Micareta-de-Feira-1.jpeg\",\"datePublished\":\"2025-05-01T14:42:33+00:00\",\"dateModified\":\"2025-05-01T14:42:34+00:00\",\"author\":{\"@id\":\"https:\/\/portalmf.com.br\/#\/schema\/person\/9ec101baf56233e53520c26de5d6f6f0\"},\"breadcrumb\":{\"@id\":\"https:\/\/portalmf.com.br\/index.php\/2025\/05\/01\/central-de-catadores-garante-renda-e-gestao-sustentavel-de-residuos-na-micareta-de-feira\/#breadcrumb\"},\"inLanguage\":\"pt-BR\",\"potentialAction\":[{\"@type\":\"ReadAction\",\"target\":[\"https:\/\/portalmf.com.br\/index.php\/2025\/05\/01\/central-de-catadores-garante-renda-e-gestao-sustentavel-de-residuos-na-micareta-de-feira\/\"]}]},{\"@type\":\"ImageObject\",\"inLanguage\":\"pt-BR\",\"@id\":\"https:\/\/portalmf.com.br\/index.php\/2025\/05\/01\/central-de-catadores-garante-renda-e-gestao-sustentavel-de-residuos-na-micareta-de-feira\/#primaryimage\",\"url\":\"https:\/\/portalmf.com.br\/wp-content\/uploads\/2025\/05\/Central-de-catadores-garante-renda-e-gestao-sustentavel-de-residuos-na-Micareta-de-Feira-1.jpeg\",\"contentUrl\":\"https:\/\/portalmf.com.br\/wp-content\/uploads\/2025\/05\/Central-de-catadores-garante-renda-e-gestao-sustentavel-de-residuos-na-Micareta-de-Feira-1.jpeg\",\"width\":1600,\"height\":995},{\"@type\":\"BreadcrumbList\",\"@id\":\"https:\/\/portalmf.com.br\/index.php\/2025\/05\/01\/central-de-catadores-garante-renda-e-gestao-sustentavel-de-residuos-na-micareta-de-feira\/#breadcrumb\",\"itemListElement\":[{\"@type\":\"ListItem\",\"position\":1,\"name\":\"In\u00edcio\",\"item\":\"https:\/\/portalmf.com.br\/\"},{\"@type\":\"ListItem\",\"position\":2,\"name\":\"Central de catadores garante renda e gest\u00e3o sustent\u00e1vel de res\u00edduos na Micareta de Feira\"}]},{\"@type\":\"WebSite\",\"@id\":\"https:\/\/portalmf.com.br\/#website\",\"url\":\"https:\/\/portalmf.com.br\/\",\"name\":\"Portal MF\",\"description\":\"Voc\u00ea conectado com a informa\u00e7\u00e3o\",\"potentialAction\":[{\"@type\":\"SearchAction\",\"target\":{\"@type\":\"EntryPoint\",\"urlTemplate\":\"https:\/\/portalmf.com.br\/?s={search_term_string}\"},\"query-input\":\"required name=search_term_string\"}],\"inLanguage\":\"pt-BR\"},{\"@type\":\"Person\",\"@id\":\"https:\/\/portalmf.com.br\/#\/schema\/person\/9ec101baf56233e53520c26de5d6f6f0\",\"name\":\"Reda\u00e7\u00e3o Portal MF\",\"image\":{\"@type\":\"ImageObject\",\"inLanguage\":\"pt-BR\",\"@id\":\"https:\/\/portalmf.com.br\/#\/schema\/person\/image\/\",\"url\":\"https:\/\/secure.gravatar.com\/avatar\/41b9aaeb2100835f7c64362330f74c7f?s=96&d=mm&r=g\",\"contentUrl\":\"https:\/\/secure.gravatar.com\/avatar\/41b9aaeb2100835f7c64362330f74c7f?s=96&d=mm&r=g\",\"caption\":\"Reda\u00e7\u00e3o Portal MF\"},\"description\":\"Sejam bem-vindos o portal de informa\u00e7\u00f5es de entretenimento de Feira de Santana, desde 2006 realiza coberturas dos principais eventos com entrevistas exclusivas com as principais personalidades mundiais. Fique conectado tamb\u00e9m nas redes sociais.\",\"sameAs\":[\"http:\/\/www.portalmf.com.br\/\",\"https:\/\/www.facebook.com\/portalmfoficial\",\"https:\/\/www.instagram.com\/portalmf\/\",\"https:\/\/x.com\/https:\/\/x.com\/portalmfoficial\",\"https:\/\/www.youtube.com\/@portalmfoficial\"],\"url\":\"https:\/\/portalmf.com.br\/index.php\/author\/junior\/\"}]}<\/script>\n<!-- \/ Yoast SEO plugin. -->","yoast_head_json":{"title":"Central de catadores garante renda e gest\u00e3o sustent\u00e1vel de res\u00edduos na Micareta de Feira - Portal MF","robots":{"index":"index","follow":"follow","max-snippet":"max-snippet:-1","max-image-preview":"max-image-preview:large","max-video-preview":"max-video-preview:-1"},"canonical":"https:\/\/portalmf.com.br\/index.php\/2025\/05\/01\/central-de-catadores-garante-renda-e-gestao-sustentavel-de-residuos-na-micareta-de-feira\/","og_locale":"pt_BR","og_type":"article","og_title":"Central de catadores garante renda e gest\u00e3o sustent\u00e1vel de res\u00edduos na Micareta de Feira - Portal MF","og_description":"Repetindo o sucesso de prote\u00e7\u00e3o e cuidado aos catadores e catadoras de materiais recicl\u00e1veis no Carnaval da Bahia 2025, o Governo do Estado levou o EcoFolia Solid\u00e1ria tamb\u00e9m para a maior folia fora de \u00e9poca do Brasil: a Micareta de Feira de Santana. Nesta quarta-feira (30), que antecede a abertura oficial da festa, o governador [&hellip;]","og_url":"https:\/\/portalmf.com.br\/index.php\/2025\/05\/01\/central-de-catadores-garante-renda-e-gestao-sustentavel-de-residuos-na-micareta-de-feira\/","og_site_name":"Portal MF","article_author":"https:\/\/www.facebook.com\/portalmfoficial","article_published_time":"2025-05-01T14:42:33+00:00","article_modified_time":"2025-05-01T14:42:34+00:00","og_image":[{"width":1600,"height":995,"url":"https:\/\/portalmf.com.br\/wp-content\/uploads\/2025\/05\/Central-de-catadores-garante-renda-e-gestao-sustentavel-de-residuos-na-Micareta-de-Feira-1.jpeg","type":"image\/jpeg"}],"author":"Reda\u00e7\u00e3o Portal MF","twitter_card":"summary_large_image","twitter_creator":"@https:\/\/x.com\/portalmfoficial","twitter_misc":{"Escrito por":"Reda\u00e7\u00e3o Portal MF","Est. tempo de leitura":"3 minutos"},"schema":{"@context":"https:\/\/schema.org","@graph":[{"@type":"WebPage","@id":"https:\/\/portalmf.com.br\/index.php\/2025\/05\/01\/central-de-catadores-garante-renda-e-gestao-sustentavel-de-residuos-na-micareta-de-feira\/","url":"https:\/\/portalmf.com.br\/index.php\/2025\/05\/01\/central-de-catadores-garante-renda-e-gestao-sustentavel-de-residuos-na-micareta-de-feira\/","name":"Central de catadores garante renda e gest\u00e3o sustent\u00e1vel de res\u00edduos na Micareta de Feira - Portal MF","isPartOf":{"@id":"https:\/\/portalmf.com.br\/#website"},"primaryImageOfPage":{"@id":"https:\/\/portalmf.com.br\/index.php\/2025\/05\/01\/central-de-catadores-garante-renda-e-gestao-sustentavel-de-residuos-na-micareta-de-feira\/#primaryimage"},"image":{"@id":"https:\/\/portalmf.com.br\/index.php\/2025\/05\/01\/central-de-catadores-garante-renda-e-gestao-sustentavel-de-residuos-na-micareta-de-feira\/#primaryimage"},"thumbnailUrl":"https:\/\/portalmf.com.br\/wp-content\/uploads\/2025\/05\/Central-de-catadores-garante-renda-e-gestao-sustentavel-de-residuos-na-Micareta-de-Feira-1.jpeg","datePublished":"2025-05-01T14:42:33+00:00","dateModified":"2025-05-01T14:42:34+00:00","author":{"@id":"https:\/\/portalmf.com.br\/#\/schema\/person\/9ec101baf56233e53520c26de5d6f6f0"},"breadcrumb":{"@id":"https:\/\/portalmf.com.br\/index.php\/2025\/05\/01\/central-de-catadores-garante-renda-e-gestao-sustentavel-de-residuos-na-micareta-de-feira\/#breadcrumb"},"inLanguage":"pt-BR","potentialAction":[{"@type":"ReadAction","target":["https:\/\/portalmf.com.br\/index.php\/2025\/05\/01\/central-de-catadores-garante-renda-e-gestao-sustentavel-de-residuos-na-micareta-de-feira\/"]}]},{"@type":"ImageObject","inLanguage":"pt-BR","@id":"https:\/\/portalmf.com.br\/index.php\/2025\/05\/01\/central-de-catadores-garante-renda-e-gestao-sustentavel-de-residuos-na-micareta-de-feira\/#primaryimage","url":"https:\/\/portalmf.com.br\/wp-content\/uploads\/2025\/05\/Central-de-catadores-garante-renda-e-gestao-sustentavel-de-residuos-na-Micareta-de-Feira-1.jpeg","contentUrl":"https:\/\/portalmf.com.br\/wp-content\/uploads\/2025\/05\/Central-de-catadores-garante-renda-e-gestao-sustentavel-de-residuos-na-Micareta-de-Feira-1.jpeg","width":1600,"height":995},{"@type":"BreadcrumbList","@id":"https:\/\/portalmf.com.br\/index.php\/2025\/05\/01\/central-de-catadores-garante-renda-e-gestao-sustentavel-de-residuos-na-micareta-de-feira\/#breadcrumb","itemListElement":[{"@type":"ListItem","position":1,"name":"In\u00edcio","item":"https:\/\/portalmf.com.br\/"},{"@type":"ListItem","position":2,"name":"Central de catadores garante renda e gest\u00e3o sustent\u00e1vel de res\u00edduos na Micareta de Feira"}]},{"@type":"WebSite","@id":"https:\/\/portalmf.com.br\/#website","url":"https:\/\/portalmf.com.br\/","name":"Portal MF","description":"Voc\u00ea conectado com a informa\u00e7\u00e3o","potentialAction":[{"@type":"SearchAction","target":{"@type":"EntryPoint","urlTemplate":"https:\/\/portalmf.com.br\/?s={search_term_string}"},"query-input":"required name=search_term_string"}],"inLanguage":"pt-BR"},{"@type":"Person","@id":"https:\/\/portalmf.com.br\/#\/schema\/person\/9ec101baf56233e53520c26de5d6f6f0","name":"Reda\u00e7\u00e3o Portal MF","image":{"@type":"ImageObject","inLanguage":"pt-BR","@id":"https:\/\/portalmf.com.br\/#\/schema\/person\/image\/","url":"https:\/\/secure.gravatar.com\/avatar\/41b9aaeb2100835f7c64362330f74c7f?s=96&d=mm&r=g","contentUrl":"https:\/\/secure.gravatar.com\/avatar\/41b9aaeb2100835f7c64362330f74c7f?s=96&d=mm&r=g","caption":"Reda\u00e7\u00e3o Portal MF"},"description":"Sejam bem-vindos o portal de informa\u00e7\u00f5es de entretenimento de Feira de Santana, desde 2006 realiza coberturas dos principais eventos com entrevistas exclusivas com as principais personalidades mundiais. Fique conectado tamb\u00e9m nas redes sociais.","sameAs":["http:\/\/www.portalmf.com.br\/","https:\/\/www.facebook.com\/portalmfoficial","https:\/\/www.instagram.com\/portalmf\/","https:\/\/x.com\/https:\/\/x.com\/portalmfoficial","https:\/\/www.youtube.com\/@portalmfoficial"],"url":"https:\/\/portalmf.com.br\/index.php\/author\/junior\/"}]}},"_links":{"self":[{"href":"https:\/\/portalmf.com.br\/index.php\/wp-json\/wp\/v2\/posts\/35830"}],"collection":[{"href":"https:\/\/portalmf.com.br\/index.php\/wp-json\/wp\/v2\/posts"}],"about":[{"href":"https:\/\/portalmf.com.br\/index.php\/wp-json\/wp\/v2\/types\/post"}],"author":[{"embeddable":true,"href":"https:\/\/portalmf.com.br\/index.php\/wp-json\/wp\/v2\/users\/3"}],"replies":[{"embeddable":true,"href":"https:\/\/portalmf.com.br\/index.php\/wp-json\/wp\/v2\/comments?post=35830"}],"version-history":[{"count":1,"href":"https:\/\/portalmf.com.br\/index.php\/wp-json\/wp\/v2\/posts\/35830\/revisions"}],"predecessor-version":[{"id":35833,"href":"https:\/\/portalmf.com.br\/index.php\/wp-json\/wp\/v2\/posts\/35830\/revisions\/35833"}],"wp:featuredmedia":[{"embeddable":true,"href":"https:\/\/portalmf.com.br\/index.php\/wp-json\/wp\/v2\/media\/35832"}],"wp:attachment":[{"href":"https:\/\/portalmf.com.br\/index.php\/wp-json\/wp\/v2\/media?parent=35830"}],"wp:term":[{"taxonomy":"category","embeddable":true,"href":"https:\/\/portalmf.com.br\/index.php\/wp-json\/wp\/v2\/categories?post=35830"},{"taxonomy":"post_tag","embeddable":true,"href":"https:\/\/portalmf.com.br\/index.php\/wp-json\/wp\/v2\/tags?post=35830"}],"curies":[{"name":"wp","href":"https:\/\/api.w.org\/{rel}","templated":true}]}}