{"id":35828,"date":"2025-05-02T11:27:00","date_gmt":"2025-05-02T14:27:00","guid":{"rendered":"https:\/\/portalmf.com.br\/?p=35828"},"modified":"2025-05-01T11:29:17","modified_gmt":"2025-05-01T14:29:17","slug":"bloco-vai-levar-diversidade-e-inclusao-para-o-circuito-oficial-da-micareta-de-feira","status":"publish","type":"post","link":"https:\/\/portalmf.com.br\/index.php\/2025\/05\/02\/bloco-vai-levar-diversidade-e-inclusao-para-o-circuito-oficial-da-micareta-de-feira\/","title":{"rendered":"Bloco vai levar diversidade e inclus\u00e3o para o circuito oficial da Micareta de Feira"},"content":{"rendered":"\n<p>Sob o comando do cantor e compositor Tonho Mat\u00e9ria, o circuito oficial Maneca Ferreira abre espa\u00e7o para a diversidade e inclus\u00e3o. Na folia feirense, que acontece de 1 a 4 de maio, no dia 3, \u00e0s 16h, o cantor vai puxar o bloco Odung\u00ea, reunindo agentes da limpeza p\u00fablica, idosos, pessoas com defici\u00eancia, capoeiristas e um p\u00fablico simpatizante das causas defendidas pelo N\u00facleo Cultural Educacional e Social Odung\u00ea, uma ONG sem fins lucrativos que desenvolve a\u00e7\u00f5es ligadas \u00e0s quest\u00f5es raciais, presidida pela produtora cultural Lourdes Santana.<\/p>\n\n\n\n<p>No circuito, Tonho cantar\u00e1 cl\u00e1ssicos que contam os 40 anos do movimento Ax\u00e9. Compositor de sucessos como \u201cOlodum For\u00e7a Divina\u201d, \u201cRum Bragad\u00e1\u201d, \u201cGinga e Express\u00e3o\u201d, \u201cMenina Me D\u00e1 Seu Amor\u201d, \u201cVieram Tr\u00eas Pra Bater No Negro\u201d, entre outros, Tonho, que tem mais de 400 can\u00e7\u00f5es gravadas por diversos artistas, tamb\u00e9m cantar\u00e1 os hits do seu projeto Festival de Samba-reggae.<\/p>\n\n\n\n<p>\u201cOdung\u00ea e a Mangang\u00e1 s\u00e3o duas ONGs que trabalham com causas sociais promovendo a inclus\u00e3o e combatendo o preconceito e a discrimina\u00e7\u00e3o. A nossa ideia com o bloco \u00e9 apresentar um repert\u00f3rio que conte hist\u00f3rias. Minhas m\u00fasicas vem das matrizes de ra\u00edzes africanas. Vai ter samba, reggae, afro, afox\u00e9, ax\u00e9\u201d, disse Tonho.<\/p>\n\n\n\n<p>Para a edi\u00e7\u00e3o da folia fora de \u00e9poca deste ano, o bloco conta com o apoio da Prefeitura Municipal de Feira de Santana e da Secretaria de Cultura, atrav\u00e9s do Governo do Estado da Bahia. Por se tratar de uma das a\u00e7\u00f5es sociais da ONG Odung\u00ea, os abad\u00e1s est\u00e3o sendo distribu\u00eddos gratuitamente. Os interessados em desfilar no bloco devem comparecer ao Edif\u00edcio Mandacaru, Rua Conselheiro Franco, 200, no centro da cidade. Informa\u00e7\u00f5es: 75-98177-7205.<\/p>\n","protected":false},"excerpt":{"rendered":"<p>Sob o comando do cantor e compositor Tonho Mat\u00e9ria, o circuito oficial Maneca Ferreira abre espa\u00e7o para a diversidade e inclus\u00e3o. Na folia feirense, que acontece de 1 a 4 de maio, no dia 3, \u00e0s 16h, o cantor vai puxar o bloco Odung\u00ea, reunindo agentes da limpeza p\u00fablica, idosos, pessoas com defici\u00eancia, capoeiristas e [&hellip;]<\/p>\n","protected":false},"author":3,"featured_media":35388,"comment_status":"open","ping_status":"open","sticky":false,"template":"","format":"standard","meta":{"_monsterinsights_skip_tracking":false,"_monsterinsights_sitenote_active":false,"_monsterinsights_sitenote_note":"","_monsterinsights_sitenote_category":0,"footnotes":""},"categories":[48,39],"tags":[],"yoast_head":"<!-- This site is optimized with the Yoast SEO plugin v22.9 - https:\/\/yoast.com\/wordpress\/plugins\/seo\/ -->\n<title>Bloco vai levar diversidade e inclus\u00e3o para o circuito oficial da Micareta de Feira - Portal MF<\/title>\n<meta name=\"robots\" content=\"index, follow, max-snippet:-1, max-image-preview:large, max-video-preview:-1\" \/>\n<link rel=\"canonical\" href=\"https:\/\/portalmf.com.br\/index.php\/2025\/05\/02\/bloco-vai-levar-diversidade-e-inclusao-para-o-circuito-oficial-da-micareta-de-feira\/\" \/>\n<meta property=\"og:locale\" content=\"pt_BR\" \/>\n<meta property=\"og:type\" content=\"article\" \/>\n<meta property=\"og:title\" content=\"Bloco vai levar diversidade e inclus\u00e3o para o circuito oficial da Micareta de Feira - Portal MF\" \/>\n<meta property=\"og:description\" content=\"Sob o comando do cantor e compositor Tonho Mat\u00e9ria, o circuito oficial Maneca Ferreira abre espa\u00e7o para a diversidade e inclus\u00e3o. Na folia feirense, que acontece de 1 a 4 de maio, no dia 3, \u00e0s 16h, o cantor vai puxar o bloco Odung\u00ea, reunindo agentes da limpeza p\u00fablica, idosos, pessoas com defici\u00eancia, capoeiristas e [&hellip;]\" \/>\n<meta property=\"og:url\" content=\"https:\/\/portalmf.com.br\/index.php\/2025\/05\/02\/bloco-vai-levar-diversidade-e-inclusao-para-o-circuito-oficial-da-micareta-de-feira\/\" \/>\n<meta property=\"og:site_name\" content=\"Portal MF\" \/>\n<meta property=\"article:author\" content=\"https:\/\/www.facebook.com\/portalmfoficial\" \/>\n<meta property=\"article:published_time\" content=\"2025-05-02T14:27:00+00:00\" \/>\n<meta property=\"article:modified_time\" content=\"2025-05-01T14:29:17+00:00\" \/>\n<meta property=\"og:image\" content=\"https:\/\/portalmf.com.br\/wp-content\/uploads\/2025\/04\/Tonho-Materia_site.jpg\" \/>\n\t<meta property=\"og:image:width\" content=\"1327\" \/>\n\t<meta property=\"og:image:height\" content=\"793\" \/>\n\t<meta property=\"og:image:type\" content=\"image\/jpeg\" \/>\n<meta name=\"author\" content=\"Reda\u00e7\u00e3o Portal MF\" \/>\n<meta name=\"twitter:card\" content=\"summary_large_image\" \/>\n<meta name=\"twitter:creator\" content=\"@https:\/\/x.com\/portalmfoficial\" \/>\n<meta name=\"twitter:label1\" content=\"Escrito por\" \/>\n\t<meta name=\"twitter:data1\" content=\"Reda\u00e7\u00e3o Portal MF\" \/>\n\t<meta name=\"twitter:label2\" content=\"Est. tempo de leitura\" \/>\n\t<meta name=\"twitter:data2\" content=\"2 minutos\" \/>\n<script type=\"application\/ld+json\" class=\"yoast-schema-graph\">{\"@context\":\"https:\/\/schema.org\",\"@graph\":[{\"@type\":\"WebPage\",\"@id\":\"https:\/\/portalmf.com.br\/index.php\/2025\/05\/02\/bloco-vai-levar-diversidade-e-inclusao-para-o-circuito-oficial-da-micareta-de-feira\/\",\"url\":\"https:\/\/portalmf.com.br\/index.php\/2025\/05\/02\/bloco-vai-levar-diversidade-e-inclusao-para-o-circuito-oficial-da-micareta-de-feira\/\",\"name\":\"Bloco vai levar diversidade e inclus\u00e3o para o circuito oficial da Micareta de Feira - Portal MF\",\"isPartOf\":{\"@id\":\"https:\/\/portalmf.com.br\/#website\"},\"primaryImageOfPage\":{\"@id\":\"https:\/\/portalmf.com.br\/index.php\/2025\/05\/02\/bloco-vai-levar-diversidade-e-inclusao-para-o-circuito-oficial-da-micareta-de-feira\/#primaryimage\"},\"image\":{\"@id\":\"https:\/\/portalmf.com.br\/index.php\/2025\/05\/02\/bloco-vai-levar-diversidade-e-inclusao-para-o-circuito-oficial-da-micareta-de-feira\/#primaryimage\"},\"thumbnailUrl\":\"https:\/\/portalmf.com.br\/wp-content\/uploads\/2025\/04\/Tonho-Materia_site.jpg\",\"datePublished\":\"2025-05-02T14:27:00+00:00\",\"dateModified\":\"2025-05-01T14:29:17+00:00\",\"author\":{\"@id\":\"https:\/\/portalmf.com.br\/#\/schema\/person\/9ec101baf56233e53520c26de5d6f6f0\"},\"breadcrumb\":{\"@id\":\"https:\/\/portalmf.com.br\/index.php\/2025\/05\/02\/bloco-vai-levar-diversidade-e-inclusao-para-o-circuito-oficial-da-micareta-de-feira\/#breadcrumb\"},\"inLanguage\":\"pt-BR\",\"potentialAction\":[{\"@type\":\"ReadAction\",\"target\":[\"https:\/\/portalmf.com.br\/index.php\/2025\/05\/02\/bloco-vai-levar-diversidade-e-inclusao-para-o-circuito-oficial-da-micareta-de-feira\/\"]}]},{\"@type\":\"ImageObject\",\"inLanguage\":\"pt-BR\",\"@id\":\"https:\/\/portalmf.com.br\/index.php\/2025\/05\/02\/bloco-vai-levar-diversidade-e-inclusao-para-o-circuito-oficial-da-micareta-de-feira\/#primaryimage\",\"url\":\"https:\/\/portalmf.com.br\/wp-content\/uploads\/2025\/04\/Tonho-Materia_site.jpg\",\"contentUrl\":\"https:\/\/portalmf.com.br\/wp-content\/uploads\/2025\/04\/Tonho-Materia_site.jpg\",\"width\":1327,\"height\":793},{\"@type\":\"BreadcrumbList\",\"@id\":\"https:\/\/portalmf.com.br\/index.php\/2025\/05\/02\/bloco-vai-levar-diversidade-e-inclusao-para-o-circuito-oficial-da-micareta-de-feira\/#breadcrumb\",\"itemListElement\":[{\"@type\":\"ListItem\",\"position\":1,\"name\":\"In\u00edcio\",\"item\":\"https:\/\/portalmf.com.br\/\"},{\"@type\":\"ListItem\",\"position\":2,\"name\":\"Bloco vai levar diversidade e inclus\u00e3o para o circuito oficial da Micareta de Feira\"}]},{\"@type\":\"WebSite\",\"@id\":\"https:\/\/portalmf.com.br\/#website\",\"url\":\"https:\/\/portalmf.com.br\/\",\"name\":\"Portal MF\",\"description\":\"Voc\u00ea conectado com a informa\u00e7\u00e3o\",\"potentialAction\":[{\"@type\":\"SearchAction\",\"target\":{\"@type\":\"EntryPoint\",\"urlTemplate\":\"https:\/\/portalmf.com.br\/?s={search_term_string}\"},\"query-input\":\"required name=search_term_string\"}],\"inLanguage\":\"pt-BR\"},{\"@type\":\"Person\",\"@id\":\"https:\/\/portalmf.com.br\/#\/schema\/person\/9ec101baf56233e53520c26de5d6f6f0\",\"name\":\"Reda\u00e7\u00e3o Portal MF\",\"image\":{\"@type\":\"ImageObject\",\"inLanguage\":\"pt-BR\",\"@id\":\"https:\/\/portalmf.com.br\/#\/schema\/person\/image\/\",\"url\":\"https:\/\/secure.gravatar.com\/avatar\/41b9aaeb2100835f7c64362330f74c7f?s=96&d=mm&r=g\",\"contentUrl\":\"https:\/\/secure.gravatar.com\/avatar\/41b9aaeb2100835f7c64362330f74c7f?s=96&d=mm&r=g\",\"caption\":\"Reda\u00e7\u00e3o Portal MF\"},\"description\":\"Sejam bem-vindos o portal de informa\u00e7\u00f5es de entretenimento de Feira de Santana, desde 2006 realiza coberturas dos principais eventos com entrevistas exclusivas com as principais personalidades mundiais. Fique conectado tamb\u00e9m nas redes sociais.\",\"sameAs\":[\"http:\/\/www.portalmf.com.br\/\",\"https:\/\/www.facebook.com\/portalmfoficial\",\"https:\/\/www.instagram.com\/portalmf\/\",\"https:\/\/x.com\/https:\/\/x.com\/portalmfoficial\",\"https:\/\/www.youtube.com\/@portalmfoficial\"],\"url\":\"https:\/\/portalmf.com.br\/index.php\/author\/junior\/\"}]}<\/script>\n<!-- \/ Yoast SEO plugin. -->","yoast_head_json":{"title":"Bloco vai levar diversidade e inclus\u00e3o para o circuito oficial da Micareta de Feira - Portal MF","robots":{"index":"index","follow":"follow","max-snippet":"max-snippet:-1","max-image-preview":"max-image-preview:large","max-video-preview":"max-video-preview:-1"},"canonical":"https:\/\/portalmf.com.br\/index.php\/2025\/05\/02\/bloco-vai-levar-diversidade-e-inclusao-para-o-circuito-oficial-da-micareta-de-feira\/","og_locale":"pt_BR","og_type":"article","og_title":"Bloco vai levar diversidade e inclus\u00e3o para o circuito oficial da Micareta de Feira - Portal MF","og_description":"Sob o comando do cantor e compositor Tonho Mat\u00e9ria, o circuito oficial Maneca Ferreira abre espa\u00e7o para a diversidade e inclus\u00e3o. Na folia feirense, que acontece de 1 a 4 de maio, no dia 3, \u00e0s 16h, o cantor vai puxar o bloco Odung\u00ea, reunindo agentes da limpeza p\u00fablica, idosos, pessoas com defici\u00eancia, capoeiristas e [&hellip;]","og_url":"https:\/\/portalmf.com.br\/index.php\/2025\/05\/02\/bloco-vai-levar-diversidade-e-inclusao-para-o-circuito-oficial-da-micareta-de-feira\/","og_site_name":"Portal MF","article_author":"https:\/\/www.facebook.com\/portalmfoficial","article_published_time":"2025-05-02T14:27:00+00:00","article_modified_time":"2025-05-01T14:29:17+00:00","og_image":[{"width":1327,"height":793,"url":"https:\/\/portalmf.com.br\/wp-content\/uploads\/2025\/04\/Tonho-Materia_site.jpg","type":"image\/jpeg"}],"author":"Reda\u00e7\u00e3o Portal MF","twitter_card":"summary_large_image","twitter_creator":"@https:\/\/x.com\/portalmfoficial","twitter_misc":{"Escrito por":"Reda\u00e7\u00e3o Portal MF","Est. tempo de leitura":"2 minutos"},"schema":{"@context":"https:\/\/schema.org","@graph":[{"@type":"WebPage","@id":"https:\/\/portalmf.com.br\/index.php\/2025\/05\/02\/bloco-vai-levar-diversidade-e-inclusao-para-o-circuito-oficial-da-micareta-de-feira\/","url":"https:\/\/portalmf.com.br\/index.php\/2025\/05\/02\/bloco-vai-levar-diversidade-e-inclusao-para-o-circuito-oficial-da-micareta-de-feira\/","name":"Bloco vai levar diversidade e inclus\u00e3o para o circuito oficial da Micareta de Feira - Portal MF","isPartOf":{"@id":"https:\/\/portalmf.com.br\/#website"},"primaryImageOfPage":{"@id":"https:\/\/portalmf.com.br\/index.php\/2025\/05\/02\/bloco-vai-levar-diversidade-e-inclusao-para-o-circuito-oficial-da-micareta-de-feira\/#primaryimage"},"image":{"@id":"https:\/\/portalmf.com.br\/index.php\/2025\/05\/02\/bloco-vai-levar-diversidade-e-inclusao-para-o-circuito-oficial-da-micareta-de-feira\/#primaryimage"},"thumbnailUrl":"https:\/\/portalmf.com.br\/wp-content\/uploads\/2025\/04\/Tonho-Materia_site.jpg","datePublished":"2025-05-02T14:27:00+00:00","dateModified":"2025-05-01T14:29:17+00:00","author":{"@id":"https:\/\/portalmf.com.br\/#\/schema\/person\/9ec101baf56233e53520c26de5d6f6f0"},"breadcrumb":{"@id":"https:\/\/portalmf.com.br\/index.php\/2025\/05\/02\/bloco-vai-levar-diversidade-e-inclusao-para-o-circuito-oficial-da-micareta-de-feira\/#breadcrumb"},"inLanguage":"pt-BR","potentialAction":[{"@type":"ReadAction","target":["https:\/\/portalmf.com.br\/index.php\/2025\/05\/02\/bloco-vai-levar-diversidade-e-inclusao-para-o-circuito-oficial-da-micareta-de-feira\/"]}]},{"@type":"ImageObject","inLanguage":"pt-BR","@id":"https:\/\/portalmf.com.br\/index.php\/2025\/05\/02\/bloco-vai-levar-diversidade-e-inclusao-para-o-circuito-oficial-da-micareta-de-feira\/#primaryimage","url":"https:\/\/portalmf.com.br\/wp-content\/uploads\/2025\/04\/Tonho-Materia_site.jpg","contentUrl":"https:\/\/portalmf.com.br\/wp-content\/uploads\/2025\/04\/Tonho-Materia_site.jpg","width":1327,"height":793},{"@type":"BreadcrumbList","@id":"https:\/\/portalmf.com.br\/index.php\/2025\/05\/02\/bloco-vai-levar-diversidade-e-inclusao-para-o-circuito-oficial-da-micareta-de-feira\/#breadcrumb","itemListElement":[{"@type":"ListItem","position":1,"name":"In\u00edcio","item":"https:\/\/portalmf.com.br\/"},{"@type":"ListItem","position":2,"name":"Bloco vai levar diversidade e inclus\u00e3o para o circuito oficial da Micareta de Feira"}]},{"@type":"WebSite","@id":"https:\/\/portalmf.com.br\/#website","url":"https:\/\/portalmf.com.br\/","name":"Portal MF","description":"Voc\u00ea conectado com a informa\u00e7\u00e3o","potentialAction":[{"@type":"SearchAction","target":{"@type":"EntryPoint","urlTemplate":"https:\/\/portalmf.com.br\/?s={search_term_string}"},"query-input":"required name=search_term_string"}],"inLanguage":"pt-BR"},{"@type":"Person","@id":"https:\/\/portalmf.com.br\/#\/schema\/person\/9ec101baf56233e53520c26de5d6f6f0","name":"Reda\u00e7\u00e3o Portal MF","image":{"@type":"ImageObject","inLanguage":"pt-BR","@id":"https:\/\/portalmf.com.br\/#\/schema\/person\/image\/","url":"https:\/\/secure.gravatar.com\/avatar\/41b9aaeb2100835f7c64362330f74c7f?s=96&d=mm&r=g","contentUrl":"https:\/\/secure.gravatar.com\/avatar\/41b9aaeb2100835f7c64362330f74c7f?s=96&d=mm&r=g","caption":"Reda\u00e7\u00e3o Portal MF"},"description":"Sejam bem-vindos o portal de informa\u00e7\u00f5es de entretenimento de Feira de Santana, desde 2006 realiza coberturas dos principais eventos com entrevistas exclusivas com as principais personalidades mundiais. Fique conectado tamb\u00e9m nas redes sociais.","sameAs":["http:\/\/www.portalmf.com.br\/","https:\/\/www.facebook.com\/portalmfoficial","https:\/\/www.instagram.com\/portalmf\/","https:\/\/x.com\/https:\/\/x.com\/portalmfoficial","https:\/\/www.youtube.com\/@portalmfoficial"],"url":"https:\/\/portalmf.com.br\/index.php\/author\/junior\/"}]}},"_links":{"self":[{"href":"https:\/\/portalmf.com.br\/index.php\/wp-json\/wp\/v2\/posts\/35828"}],"collection":[{"href":"https:\/\/portalmf.com.br\/index.php\/wp-json\/wp\/v2\/posts"}],"about":[{"href":"https:\/\/portalmf.com.br\/index.php\/wp-json\/wp\/v2\/types\/post"}],"author":[{"embeddable":true,"href":"https:\/\/portalmf.com.br\/index.php\/wp-json\/wp\/v2\/users\/3"}],"replies":[{"embeddable":true,"href":"https:\/\/portalmf.com.br\/index.php\/wp-json\/wp\/v2\/comments?post=35828"}],"version-history":[{"count":1,"href":"https:\/\/portalmf.com.br\/index.php\/wp-json\/wp\/v2\/posts\/35828\/revisions"}],"predecessor-version":[{"id":35829,"href":"https:\/\/portalmf.com.br\/index.php\/wp-json\/wp\/v2\/posts\/35828\/revisions\/35829"}],"wp:featuredmedia":[{"embeddable":true,"href":"https:\/\/portalmf.com.br\/index.php\/wp-json\/wp\/v2\/media\/35388"}],"wp:attachment":[{"href":"https:\/\/portalmf.com.br\/index.php\/wp-json\/wp\/v2\/media?parent=35828"}],"wp:term":[{"taxonomy":"category","embeddable":true,"href":"https:\/\/portalmf.com.br\/index.php\/wp-json\/wp\/v2\/categories?post=35828"},{"taxonomy":"post_tag","embeddable":true,"href":"https:\/\/portalmf.com.br\/index.php\/wp-json\/wp\/v2\/tags?post=35828"}],"curies":[{"name":"wp","href":"https:\/\/api.w.org\/{rel}","templated":true}]}}