{"id":35826,"date":"2025-05-02T11:24:15","date_gmt":"2025-05-02T14:24:15","guid":{"rendered":"https:\/\/portalmf.com.br\/?p=35826"},"modified":"2025-05-01T11:26:16","modified_gmt":"2025-05-01T14:26:16","slug":"marcia-porto-agita-da-micareta-de-feira-e-homenageia-carlos-pitta-e-bel-da-bonita","status":"publish","type":"post","link":"https:\/\/portalmf.com.br\/index.php\/2025\/05\/02\/marcia-porto-agita-da-micareta-de-feira-e-homenageia-carlos-pitta-e-bel-da-bonita\/","title":{"rendered":"M\u00e1rcia Porto agita da Micareta de Feira e homenageia Carlos Pitta e Bel da Bonita"},"content":{"rendered":"\n<p>Veterana e querida pelo p\u00fablico, a cantora M\u00e1rcia Porto \u00e9 presen\u00e7a garantida na Micareta de Feira 2025. Reconhecida pelo seu carisma, versatilidade e pela tradi\u00e7\u00e3o de trazer homenagens tem\u00e1ticas para o circuito da festa, este ano a artista prepara um tributo emocionante a dois grandes nomes da cultura baiana: o compositor feirense Carlos Pitta e o mestre do samba rural Bel da Bonita, ambos falecidos recentemente.<\/p>\n\n\n\n<p>M\u00e1rcia Porto se apresenta no s\u00e1bado de Micareta, \u00e0s 18h30, prometendo \u201cum show cheio de significado, mas com a energia l\u00e1 em cima\u201d. A cantora se apresenta em trio el\u00e9trico no Circuito Maneca Ferreira, s\u00edtio oficial da folia.<\/p>\n\n\n\n<p>Parceiros de longa data da cantora, Pitta e Bel marcaram a hist\u00f3ria da m\u00fasica e da cultura popular de Feira de Santana. Para M\u00e1rcia, a homenagem vai al\u00e9m de um tributo: \u00e9 um reconhecimento da import\u00e2ncia dos dois artistas para a identidade cultural da Bahia. Ela destaca que Carlos Pitta, embora tenha levado a m\u00fasica de Feira para o mundo, n\u00e3o recebeu nos \u00faltimos anos o reconhecimento merecido em sua pr\u00f3pria cidade.<\/p>\n\n\n\n<p><em>\u201cSeu legado ultrapassa a m\u00fasica \u2014 ele foi essencial em trilhas de filmes, pe\u00e7as teatrais, produ\u00e7\u00f5es culturais e projetos de salvaguarda da nossa cultura. Pitta foi para o mundo, mas nunca abandonou Feira e lutava por ela\u201d,<\/em> ressalta a cantora.<\/p>\n\n\n\n<p>Sobre Bel da Bonita, M\u00e1rcia refor\u00e7a sua import\u00e2ncia como guardi\u00e3o do samba rural e como figura agregadora da classe art\u00edstica, sempre promovendo a valoriza\u00e7\u00e3o da identidade cultural local. \u201cTalvez Feira ainda precise \u2018conhecer e reconhecer\u2019 verdadeiramente o tamanho desses artistas e toda a sua trajet\u00f3ria\u201d, conclui.<\/p>\n","protected":false},"excerpt":{"rendered":"<p>Veterana e querida pelo p\u00fablico, a cantora M\u00e1rcia Porto \u00e9 presen\u00e7a garantida na Micareta de Feira 2025. Reconhecida pelo seu carisma, versatilidade e pela tradi\u00e7\u00e3o de trazer homenagens tem\u00e1ticas para o circuito da festa, este ano a artista prepara um tributo emocionante a dois grandes nomes da cultura baiana: o compositor feirense Carlos Pitta e [&hellip;]<\/p>\n","protected":false},"author":3,"featured_media":0,"comment_status":"open","ping_status":"open","sticky":false,"template":"","format":"standard","meta":{"_monsterinsights_skip_tracking":false,"_monsterinsights_sitenote_active":false,"_monsterinsights_sitenote_note":"","_monsterinsights_sitenote_category":0,"footnotes":""},"categories":[48,39],"tags":[],"yoast_head":"<!-- This site is optimized with the Yoast SEO plugin v22.9 - https:\/\/yoast.com\/wordpress\/plugins\/seo\/ -->\n<title>M\u00e1rcia Porto agita da Micareta de Feira e homenageia Carlos Pitta e Bel da Bonita - Portal MF<\/title>\n<meta name=\"robots\" content=\"index, follow, max-snippet:-1, max-image-preview:large, max-video-preview:-1\" \/>\n<link rel=\"canonical\" href=\"https:\/\/portalmf.com.br\/index.php\/2025\/05\/02\/marcia-porto-agita-da-micareta-de-feira-e-homenageia-carlos-pitta-e-bel-da-bonita\/\" \/>\n<meta property=\"og:locale\" content=\"pt_BR\" \/>\n<meta property=\"og:type\" content=\"article\" \/>\n<meta property=\"og:title\" content=\"M\u00e1rcia Porto agita da Micareta de Feira e homenageia Carlos Pitta e Bel da Bonita - Portal MF\" \/>\n<meta property=\"og:description\" content=\"Veterana e querida pelo p\u00fablico, a cantora M\u00e1rcia Porto \u00e9 presen\u00e7a garantida na Micareta de Feira 2025. Reconhecida pelo seu carisma, versatilidade e pela tradi\u00e7\u00e3o de trazer homenagens tem\u00e1ticas para o circuito da festa, este ano a artista prepara um tributo emocionante a dois grandes nomes da cultura baiana: o compositor feirense Carlos Pitta e [&hellip;]\" \/>\n<meta property=\"og:url\" content=\"https:\/\/portalmf.com.br\/index.php\/2025\/05\/02\/marcia-porto-agita-da-micareta-de-feira-e-homenageia-carlos-pitta-e-bel-da-bonita\/\" \/>\n<meta property=\"og:site_name\" content=\"Portal MF\" \/>\n<meta property=\"article:author\" content=\"https:\/\/www.facebook.com\/portalmfoficial\" \/>\n<meta property=\"article:published_time\" content=\"2025-05-02T14:24:15+00:00\" \/>\n<meta property=\"article:modified_time\" content=\"2025-05-01T14:26:16+00:00\" \/>\n<meta name=\"author\" content=\"Reda\u00e7\u00e3o Portal MF\" \/>\n<meta name=\"twitter:card\" content=\"summary_large_image\" \/>\n<meta name=\"twitter:creator\" content=\"@https:\/\/x.com\/portalmfoficial\" \/>\n<meta name=\"twitter:label1\" content=\"Escrito por\" \/>\n\t<meta name=\"twitter:data1\" content=\"Reda\u00e7\u00e3o Portal MF\" \/>\n\t<meta name=\"twitter:label2\" content=\"Est. tempo de leitura\" \/>\n\t<meta name=\"twitter:data2\" content=\"2 minutos\" \/>\n<script type=\"application\/ld+json\" class=\"yoast-schema-graph\">{\"@context\":\"https:\/\/schema.org\",\"@graph\":[{\"@type\":\"WebPage\",\"@id\":\"https:\/\/portalmf.com.br\/index.php\/2025\/05\/02\/marcia-porto-agita-da-micareta-de-feira-e-homenageia-carlos-pitta-e-bel-da-bonita\/\",\"url\":\"https:\/\/portalmf.com.br\/index.php\/2025\/05\/02\/marcia-porto-agita-da-micareta-de-feira-e-homenageia-carlos-pitta-e-bel-da-bonita\/\",\"name\":\"M\u00e1rcia Porto agita da Micareta de Feira e homenageia Carlos Pitta e Bel da Bonita - Portal MF\",\"isPartOf\":{\"@id\":\"https:\/\/portalmf.com.br\/#website\"},\"datePublished\":\"2025-05-02T14:24:15+00:00\",\"dateModified\":\"2025-05-01T14:26:16+00:00\",\"author\":{\"@id\":\"https:\/\/portalmf.com.br\/#\/schema\/person\/9ec101baf56233e53520c26de5d6f6f0\"},\"breadcrumb\":{\"@id\":\"https:\/\/portalmf.com.br\/index.php\/2025\/05\/02\/marcia-porto-agita-da-micareta-de-feira-e-homenageia-carlos-pitta-e-bel-da-bonita\/#breadcrumb\"},\"inLanguage\":\"pt-BR\",\"potentialAction\":[{\"@type\":\"ReadAction\",\"target\":[\"https:\/\/portalmf.com.br\/index.php\/2025\/05\/02\/marcia-porto-agita-da-micareta-de-feira-e-homenageia-carlos-pitta-e-bel-da-bonita\/\"]}]},{\"@type\":\"BreadcrumbList\",\"@id\":\"https:\/\/portalmf.com.br\/index.php\/2025\/05\/02\/marcia-porto-agita-da-micareta-de-feira-e-homenageia-carlos-pitta-e-bel-da-bonita\/#breadcrumb\",\"itemListElement\":[{\"@type\":\"ListItem\",\"position\":1,\"name\":\"In\u00edcio\",\"item\":\"https:\/\/portalmf.com.br\/\"},{\"@type\":\"ListItem\",\"position\":2,\"name\":\"M\u00e1rcia Porto agita da Micareta de Feira e homenageia Carlos Pitta e Bel da Bonita\"}]},{\"@type\":\"WebSite\",\"@id\":\"https:\/\/portalmf.com.br\/#website\",\"url\":\"https:\/\/portalmf.com.br\/\",\"name\":\"Portal MF\",\"description\":\"Voc\u00ea conectado com a informa\u00e7\u00e3o\",\"potentialAction\":[{\"@type\":\"SearchAction\",\"target\":{\"@type\":\"EntryPoint\",\"urlTemplate\":\"https:\/\/portalmf.com.br\/?s={search_term_string}\"},\"query-input\":\"required name=search_term_string\"}],\"inLanguage\":\"pt-BR\"},{\"@type\":\"Person\",\"@id\":\"https:\/\/portalmf.com.br\/#\/schema\/person\/9ec101baf56233e53520c26de5d6f6f0\",\"name\":\"Reda\u00e7\u00e3o Portal MF\",\"image\":{\"@type\":\"ImageObject\",\"inLanguage\":\"pt-BR\",\"@id\":\"https:\/\/portalmf.com.br\/#\/schema\/person\/image\/\",\"url\":\"https:\/\/secure.gravatar.com\/avatar\/41b9aaeb2100835f7c64362330f74c7f?s=96&d=mm&r=g\",\"contentUrl\":\"https:\/\/secure.gravatar.com\/avatar\/41b9aaeb2100835f7c64362330f74c7f?s=96&d=mm&r=g\",\"caption\":\"Reda\u00e7\u00e3o Portal MF\"},\"description\":\"Sejam bem-vindos o portal de informa\u00e7\u00f5es de entretenimento de Feira de Santana, desde 2006 realiza coberturas dos principais eventos com entrevistas exclusivas com as principais personalidades mundiais. Fique conectado tamb\u00e9m nas redes sociais.\",\"sameAs\":[\"http:\/\/www.portalmf.com.br\/\",\"https:\/\/www.facebook.com\/portalmfoficial\",\"https:\/\/www.instagram.com\/portalmf\/\",\"https:\/\/x.com\/https:\/\/x.com\/portalmfoficial\",\"https:\/\/www.youtube.com\/@portalmfoficial\"],\"url\":\"https:\/\/portalmf.com.br\/index.php\/author\/junior\/\"}]}<\/script>\n<!-- \/ Yoast SEO plugin. -->","yoast_head_json":{"title":"M\u00e1rcia Porto agita da Micareta de Feira e homenageia Carlos Pitta e Bel da Bonita - Portal MF","robots":{"index":"index","follow":"follow","max-snippet":"max-snippet:-1","max-image-preview":"max-image-preview:large","max-video-preview":"max-video-preview:-1"},"canonical":"https:\/\/portalmf.com.br\/index.php\/2025\/05\/02\/marcia-porto-agita-da-micareta-de-feira-e-homenageia-carlos-pitta-e-bel-da-bonita\/","og_locale":"pt_BR","og_type":"article","og_title":"M\u00e1rcia Porto agita da Micareta de Feira e homenageia Carlos Pitta e Bel da Bonita - Portal MF","og_description":"Veterana e querida pelo p\u00fablico, a cantora M\u00e1rcia Porto \u00e9 presen\u00e7a garantida na Micareta de Feira 2025. Reconhecida pelo seu carisma, versatilidade e pela tradi\u00e7\u00e3o de trazer homenagens tem\u00e1ticas para o circuito da festa, este ano a artista prepara um tributo emocionante a dois grandes nomes da cultura baiana: o compositor feirense Carlos Pitta e [&hellip;]","og_url":"https:\/\/portalmf.com.br\/index.php\/2025\/05\/02\/marcia-porto-agita-da-micareta-de-feira-e-homenageia-carlos-pitta-e-bel-da-bonita\/","og_site_name":"Portal MF","article_author":"https:\/\/www.facebook.com\/portalmfoficial","article_published_time":"2025-05-02T14:24:15+00:00","article_modified_time":"2025-05-01T14:26:16+00:00","author":"Reda\u00e7\u00e3o Portal MF","twitter_card":"summary_large_image","twitter_creator":"@https:\/\/x.com\/portalmfoficial","twitter_misc":{"Escrito por":"Reda\u00e7\u00e3o Portal MF","Est. tempo de leitura":"2 minutos"},"schema":{"@context":"https:\/\/schema.org","@graph":[{"@type":"WebPage","@id":"https:\/\/portalmf.com.br\/index.php\/2025\/05\/02\/marcia-porto-agita-da-micareta-de-feira-e-homenageia-carlos-pitta-e-bel-da-bonita\/","url":"https:\/\/portalmf.com.br\/index.php\/2025\/05\/02\/marcia-porto-agita-da-micareta-de-feira-e-homenageia-carlos-pitta-e-bel-da-bonita\/","name":"M\u00e1rcia Porto agita da Micareta de Feira e homenageia Carlos Pitta e Bel da Bonita - Portal MF","isPartOf":{"@id":"https:\/\/portalmf.com.br\/#website"},"datePublished":"2025-05-02T14:24:15+00:00","dateModified":"2025-05-01T14:26:16+00:00","author":{"@id":"https:\/\/portalmf.com.br\/#\/schema\/person\/9ec101baf56233e53520c26de5d6f6f0"},"breadcrumb":{"@id":"https:\/\/portalmf.com.br\/index.php\/2025\/05\/02\/marcia-porto-agita-da-micareta-de-feira-e-homenageia-carlos-pitta-e-bel-da-bonita\/#breadcrumb"},"inLanguage":"pt-BR","potentialAction":[{"@type":"ReadAction","target":["https:\/\/portalmf.com.br\/index.php\/2025\/05\/02\/marcia-porto-agita-da-micareta-de-feira-e-homenageia-carlos-pitta-e-bel-da-bonita\/"]}]},{"@type":"BreadcrumbList","@id":"https:\/\/portalmf.com.br\/index.php\/2025\/05\/02\/marcia-porto-agita-da-micareta-de-feira-e-homenageia-carlos-pitta-e-bel-da-bonita\/#breadcrumb","itemListElement":[{"@type":"ListItem","position":1,"name":"In\u00edcio","item":"https:\/\/portalmf.com.br\/"},{"@type":"ListItem","position":2,"name":"M\u00e1rcia Porto agita da Micareta de Feira e homenageia Carlos Pitta e Bel da Bonita"}]},{"@type":"WebSite","@id":"https:\/\/portalmf.com.br\/#website","url":"https:\/\/portalmf.com.br\/","name":"Portal MF","description":"Voc\u00ea conectado com a informa\u00e7\u00e3o","potentialAction":[{"@type":"SearchAction","target":{"@type":"EntryPoint","urlTemplate":"https:\/\/portalmf.com.br\/?s={search_term_string}"},"query-input":"required name=search_term_string"}],"inLanguage":"pt-BR"},{"@type":"Person","@id":"https:\/\/portalmf.com.br\/#\/schema\/person\/9ec101baf56233e53520c26de5d6f6f0","name":"Reda\u00e7\u00e3o Portal MF","image":{"@type":"ImageObject","inLanguage":"pt-BR","@id":"https:\/\/portalmf.com.br\/#\/schema\/person\/image\/","url":"https:\/\/secure.gravatar.com\/avatar\/41b9aaeb2100835f7c64362330f74c7f?s=96&d=mm&r=g","contentUrl":"https:\/\/secure.gravatar.com\/avatar\/41b9aaeb2100835f7c64362330f74c7f?s=96&d=mm&r=g","caption":"Reda\u00e7\u00e3o Portal MF"},"description":"Sejam bem-vindos o portal de informa\u00e7\u00f5es de entretenimento de Feira de Santana, desde 2006 realiza coberturas dos principais eventos com entrevistas exclusivas com as principais personalidades mundiais. Fique conectado tamb\u00e9m nas redes sociais.","sameAs":["http:\/\/www.portalmf.com.br\/","https:\/\/www.facebook.com\/portalmfoficial","https:\/\/www.instagram.com\/portalmf\/","https:\/\/x.com\/https:\/\/x.com\/portalmfoficial","https:\/\/www.youtube.com\/@portalmfoficial"],"url":"https:\/\/portalmf.com.br\/index.php\/author\/junior\/"}]}},"_links":{"self":[{"href":"https:\/\/portalmf.com.br\/index.php\/wp-json\/wp\/v2\/posts\/35826"}],"collection":[{"href":"https:\/\/portalmf.com.br\/index.php\/wp-json\/wp\/v2\/posts"}],"about":[{"href":"https:\/\/portalmf.com.br\/index.php\/wp-json\/wp\/v2\/types\/post"}],"author":[{"embeddable":true,"href":"https:\/\/portalmf.com.br\/index.php\/wp-json\/wp\/v2\/users\/3"}],"replies":[{"embeddable":true,"href":"https:\/\/portalmf.com.br\/index.php\/wp-json\/wp\/v2\/comments?post=35826"}],"version-history":[{"count":1,"href":"https:\/\/portalmf.com.br\/index.php\/wp-json\/wp\/v2\/posts\/35826\/revisions"}],"predecessor-version":[{"id":35827,"href":"https:\/\/portalmf.com.br\/index.php\/wp-json\/wp\/v2\/posts\/35826\/revisions\/35827"}],"wp:attachment":[{"href":"https:\/\/portalmf.com.br\/index.php\/wp-json\/wp\/v2\/media?parent=35826"}],"wp:term":[{"taxonomy":"category","embeddable":true,"href":"https:\/\/portalmf.com.br\/index.php\/wp-json\/wp\/v2\/categories?post=35826"},{"taxonomy":"post_tag","embeddable":true,"href":"https:\/\/portalmf.com.br\/index.php\/wp-json\/wp\/v2\/tags?post=35826"}],"curies":[{"name":"wp","href":"https:\/\/api.w.org\/{rel}","templated":true}]}}