{"id":35814,"date":"2025-05-01T11:11:23","date_gmt":"2025-05-01T14:11:23","guid":{"rendered":"https:\/\/portalmf.com.br\/?p=35814"},"modified":"2025-05-01T11:11:23","modified_gmt":"2025-05-01T14:11:23","slug":"bloco-raizes-do-quilombo-agita-1-dia-da-micareta-de-feira-confira-atracoes","status":"publish","type":"post","link":"https:\/\/portalmf.com.br\/index.php\/2025\/05\/01\/bloco-raizes-do-quilombo-agita-1-dia-da-micareta-de-feira-confira-atracoes\/","title":{"rendered":"Bloco Ra\u00edzes do Quilombo agita 1\u00b0 dia da Micareta de Feira; confira atra\u00e7\u00f5es"},"content":{"rendered":"\n<p>Nesta quinta-feira (01\/05), o samba de roda pede passagem e abre alas para a Micareta de Feira 2025. Pela primeira vez na festa, o Bloco do Coletivo de Sambas de Roda Ra\u00edzes do Quilombo movimenta o Circuito Maneca Ferreira e leva para a Avenida Presidente Dutra uma das mais importantes manifesta\u00e7\u00f5es culturais baianas. Com sa\u00edda prevista \u00e0s 18h15, as camisas podem ser adquiridas presencialmente na Academia O\u00e1sis (Rua Castro Alves, n\u00b0 567, Serraria Brasil) e na\u00a0<a href=\"https:\/\/www.sympla.com.br\/evento\/bloco-coletivo-de-sambas-de-roda-raizes-do-quilombo-na-micareta-de-feira-2025\/2932124\" target=\"_blank\" rel=\"noreferrer noopener\">plataforma Sympla<\/a>. O valor do abad\u00e1 individual \u00e9 R$ 35 e a casadinha, que d\u00e1 direito a dois abad\u00e1s, \u00e9 R$ 60.<\/p>\n\n\n\n<p>O Coletivo re\u00fane seis grupos de samba de Feira de Santana e distritos: desde os tradicionais Sambadores do Nordeste, Samba do Ros\u00e1rio, Samba de Quilombo, Ra\u00edzes do Campo e Filhos de Bonfim de Feira, ao rec\u00e9m-criado Coletivo Clementinas. No repert\u00f3rio, est\u00e3o presentes cantigas tradicionais do Samba de Roda da Bahia de origem popular e que ca\u00edram no dom\u00ednio p\u00fablico, al\u00e9m de can\u00e7\u00f5es autorais de mestras e mestres do Samba de Roda local.<\/p>\n\n\n\n<p>A noite come\u00e7a com abertura da cantora Karol Freitas, do Coletivo Clementinas, acompanhada da banda base do Bloco, que re\u00fane m\u00fasicos de todos os grupos. Em seguida, cada banda se apresenta levando o melhor do Samba de Roda da Bahia para a Avenida, apresentando cantigas de dom\u00ednio p\u00fablico, autorais e de outros mestres e mestras que se destacaram no Rec\u00f4ncavo Baiano, e no Portal do Sert\u00e3o, dando visibilidade, principalmente, ao samba feito na Zona Rural.<\/p>\n\n\n\n<p>Segundo Luciene Fagundes, produtora da atra\u00e7\u00e3o micaretesca, o Bloco foi criado para fortalecer o samba de roda local: \u201cProduzir esse bloco, com v\u00e1rios toques e estilos diferentes de samba de roda, \u00e9 reconhecer a import\u00e2ncia dos sambadores locais que ajudam a manter viva a cultura regional e feirense e, principalmente, fortalecer os sambas de roda da Zona Rural, que muitas vezes s\u00e3o deixados de lado. \u00c9 resistir\u201d, afirma Fagundes.<\/p>\n\n\n\n<p>A concentra\u00e7\u00e3o do Bloco ocorre a partir das 17h nas imedia\u00e7\u00f5es do Centro de Cultura Am\u00e9lio Amorim e a sa\u00edda est\u00e1 prevista para as 18h15. Os abad\u00e1s&nbsp;&nbsp;podem ser garantidos na&nbsp;<a href=\"https:\/\/www.sympla.com.br\/evento\/bloco-coletivo-de-sambas-de-roda-raizes-do-quilombo-na-micareta-de-feira-2025\/2932124\" rel=\"noreferrer noopener\" target=\"_blank\">plataforma Sympla<\/a>&nbsp;ou presencialmente na Academia O\u00e1sis (Rua Castro Alves, n\u00b0 567, Serraria Brasil) \u2013 onde tamb\u00e9m dever\u00e3o ser retirados por quem fez a compra online. Mais informa\u00e7\u00f5es: (75) 99233-7779.<\/p>\n","protected":false},"excerpt":{"rendered":"<p>Nesta quinta-feira (01\/05), o samba de roda pede passagem e abre alas para a Micareta de Feira 2025. Pela primeira vez na festa, o Bloco do Coletivo de Sambas de Roda Ra\u00edzes do Quilombo movimenta o Circuito Maneca Ferreira e leva para a Avenida Presidente Dutra uma das mais importantes manifesta\u00e7\u00f5es culturais baianas. Com sa\u00edda [&hellip;]<\/p>\n","protected":false},"author":3,"featured_media":35815,"comment_status":"open","ping_status":"open","sticky":false,"template":"","format":"standard","meta":{"_monsterinsights_skip_tracking":false,"_monsterinsights_sitenote_active":false,"_monsterinsights_sitenote_note":"","_monsterinsights_sitenote_category":0,"footnotes":""},"categories":[39],"tags":[],"yoast_head":"<!-- This site is optimized with the Yoast SEO plugin v22.9 - https:\/\/yoast.com\/wordpress\/plugins\/seo\/ -->\n<title>Bloco Ra\u00edzes do Quilombo agita 1\u00b0 dia da Micareta de Feira; confira atra\u00e7\u00f5es - Portal MF<\/title>\n<meta name=\"robots\" content=\"index, follow, max-snippet:-1, max-image-preview:large, max-video-preview:-1\" \/>\n<link rel=\"canonical\" href=\"https:\/\/portalmf.com.br\/index.php\/2025\/05\/01\/bloco-raizes-do-quilombo-agita-1-dia-da-micareta-de-feira-confira-atracoes\/\" \/>\n<meta property=\"og:locale\" content=\"pt_BR\" \/>\n<meta property=\"og:type\" content=\"article\" \/>\n<meta property=\"og:title\" content=\"Bloco Ra\u00edzes do Quilombo agita 1\u00b0 dia da Micareta de Feira; confira atra\u00e7\u00f5es - Portal MF\" \/>\n<meta property=\"og:description\" content=\"Nesta quinta-feira (01\/05), o samba de roda pede passagem e abre alas para a Micareta de Feira 2025. Pela primeira vez na festa, o Bloco do Coletivo de Sambas de Roda Ra\u00edzes do Quilombo movimenta o Circuito Maneca Ferreira e leva para a Avenida Presidente Dutra uma das mais importantes manifesta\u00e7\u00f5es culturais baianas. Com sa\u00edda [&hellip;]\" \/>\n<meta property=\"og:url\" content=\"https:\/\/portalmf.com.br\/index.php\/2025\/05\/01\/bloco-raizes-do-quilombo-agita-1-dia-da-micareta-de-feira-confira-atracoes\/\" \/>\n<meta property=\"og:site_name\" content=\"Portal MF\" \/>\n<meta property=\"article:author\" content=\"https:\/\/www.facebook.com\/portalmfoficial\" \/>\n<meta property=\"article:published_time\" content=\"2025-05-01T14:11:23+00:00\" \/>\n<meta property=\"og:image\" content=\"https:\/\/portalmf.com.br\/wp-content\/uploads\/2025\/05\/REPRESENTANTES-RAIZES-DO-QUILOMBO-CREDITOS-LUCIENE-FAGUNDES.jpg\" \/>\n\t<meta property=\"og:image:width\" content=\"1920\" \/>\n\t<meta property=\"og:image:height\" content=\"1080\" \/>\n\t<meta property=\"og:image:type\" content=\"image\/jpeg\" \/>\n<meta name=\"author\" content=\"Reda\u00e7\u00e3o Portal MF\" \/>\n<meta name=\"twitter:card\" content=\"summary_large_image\" \/>\n<meta name=\"twitter:creator\" content=\"@https:\/\/x.com\/portalmfoficial\" \/>\n<meta name=\"twitter:label1\" content=\"Escrito por\" \/>\n\t<meta name=\"twitter:data1\" content=\"Reda\u00e7\u00e3o Portal MF\" \/>\n\t<meta name=\"twitter:label2\" content=\"Est. tempo de leitura\" \/>\n\t<meta name=\"twitter:data2\" content=\"3 minutos\" \/>\n<script type=\"application\/ld+json\" class=\"yoast-schema-graph\">{\"@context\":\"https:\/\/schema.org\",\"@graph\":[{\"@type\":\"WebPage\",\"@id\":\"https:\/\/portalmf.com.br\/index.php\/2025\/05\/01\/bloco-raizes-do-quilombo-agita-1-dia-da-micareta-de-feira-confira-atracoes\/\",\"url\":\"https:\/\/portalmf.com.br\/index.php\/2025\/05\/01\/bloco-raizes-do-quilombo-agita-1-dia-da-micareta-de-feira-confira-atracoes\/\",\"name\":\"Bloco Ra\u00edzes do Quilombo agita 1\u00b0 dia da Micareta de Feira; confira atra\u00e7\u00f5es - Portal MF\",\"isPartOf\":{\"@id\":\"https:\/\/portalmf.com.br\/#website\"},\"primaryImageOfPage\":{\"@id\":\"https:\/\/portalmf.com.br\/index.php\/2025\/05\/01\/bloco-raizes-do-quilombo-agita-1-dia-da-micareta-de-feira-confira-atracoes\/#primaryimage\"},\"image\":{\"@id\":\"https:\/\/portalmf.com.br\/index.php\/2025\/05\/01\/bloco-raizes-do-quilombo-agita-1-dia-da-micareta-de-feira-confira-atracoes\/#primaryimage\"},\"thumbnailUrl\":\"https:\/\/portalmf.com.br\/wp-content\/uploads\/2025\/05\/REPRESENTANTES-RAIZES-DO-QUILOMBO-CREDITOS-LUCIENE-FAGUNDES.jpg\",\"datePublished\":\"2025-05-01T14:11:23+00:00\",\"dateModified\":\"2025-05-01T14:11:23+00:00\",\"author\":{\"@id\":\"https:\/\/portalmf.com.br\/#\/schema\/person\/9ec101baf56233e53520c26de5d6f6f0\"},\"breadcrumb\":{\"@id\":\"https:\/\/portalmf.com.br\/index.php\/2025\/05\/01\/bloco-raizes-do-quilombo-agita-1-dia-da-micareta-de-feira-confira-atracoes\/#breadcrumb\"},\"inLanguage\":\"pt-BR\",\"potentialAction\":[{\"@type\":\"ReadAction\",\"target\":[\"https:\/\/portalmf.com.br\/index.php\/2025\/05\/01\/bloco-raizes-do-quilombo-agita-1-dia-da-micareta-de-feira-confira-atracoes\/\"]}]},{\"@type\":\"ImageObject\",\"inLanguage\":\"pt-BR\",\"@id\":\"https:\/\/portalmf.com.br\/index.php\/2025\/05\/01\/bloco-raizes-do-quilombo-agita-1-dia-da-micareta-de-feira-confira-atracoes\/#primaryimage\",\"url\":\"https:\/\/portalmf.com.br\/wp-content\/uploads\/2025\/05\/REPRESENTANTES-RAIZES-DO-QUILOMBO-CREDITOS-LUCIENE-FAGUNDES.jpg\",\"contentUrl\":\"https:\/\/portalmf.com.br\/wp-content\/uploads\/2025\/05\/REPRESENTANTES-RAIZES-DO-QUILOMBO-CREDITOS-LUCIENE-FAGUNDES.jpg\",\"width\":1920,\"height\":1080},{\"@type\":\"BreadcrumbList\",\"@id\":\"https:\/\/portalmf.com.br\/index.php\/2025\/05\/01\/bloco-raizes-do-quilombo-agita-1-dia-da-micareta-de-feira-confira-atracoes\/#breadcrumb\",\"itemListElement\":[{\"@type\":\"ListItem\",\"position\":1,\"name\":\"In\u00edcio\",\"item\":\"https:\/\/portalmf.com.br\/\"},{\"@type\":\"ListItem\",\"position\":2,\"name\":\"Bloco Ra\u00edzes do Quilombo agita 1\u00b0 dia da Micareta de Feira; confira atra\u00e7\u00f5es\"}]},{\"@type\":\"WebSite\",\"@id\":\"https:\/\/portalmf.com.br\/#website\",\"url\":\"https:\/\/portalmf.com.br\/\",\"name\":\"Portal MF\",\"description\":\"Voc\u00ea conectado com a informa\u00e7\u00e3o\",\"potentialAction\":[{\"@type\":\"SearchAction\",\"target\":{\"@type\":\"EntryPoint\",\"urlTemplate\":\"https:\/\/portalmf.com.br\/?s={search_term_string}\"},\"query-input\":\"required name=search_term_string\"}],\"inLanguage\":\"pt-BR\"},{\"@type\":\"Person\",\"@id\":\"https:\/\/portalmf.com.br\/#\/schema\/person\/9ec101baf56233e53520c26de5d6f6f0\",\"name\":\"Reda\u00e7\u00e3o Portal MF\",\"image\":{\"@type\":\"ImageObject\",\"inLanguage\":\"pt-BR\",\"@id\":\"https:\/\/portalmf.com.br\/#\/schema\/person\/image\/\",\"url\":\"https:\/\/secure.gravatar.com\/avatar\/41b9aaeb2100835f7c64362330f74c7f?s=96&d=mm&r=g\",\"contentUrl\":\"https:\/\/secure.gravatar.com\/avatar\/41b9aaeb2100835f7c64362330f74c7f?s=96&d=mm&r=g\",\"caption\":\"Reda\u00e7\u00e3o Portal MF\"},\"description\":\"Sejam bem-vindos o portal de informa\u00e7\u00f5es de entretenimento de Feira de Santana, desde 2006 realiza coberturas dos principais eventos com entrevistas exclusivas com as principais personalidades mundiais. Fique conectado tamb\u00e9m nas redes sociais.\",\"sameAs\":[\"http:\/\/www.portalmf.com.br\/\",\"https:\/\/www.facebook.com\/portalmfoficial\",\"https:\/\/www.instagram.com\/portalmf\/\",\"https:\/\/x.com\/https:\/\/x.com\/portalmfoficial\",\"https:\/\/www.youtube.com\/@portalmfoficial\"],\"url\":\"https:\/\/portalmf.com.br\/index.php\/author\/junior\/\"}]}<\/script>\n<!-- \/ Yoast SEO plugin. -->","yoast_head_json":{"title":"Bloco Ra\u00edzes do Quilombo agita 1\u00b0 dia da Micareta de Feira; confira atra\u00e7\u00f5es - Portal MF","robots":{"index":"index","follow":"follow","max-snippet":"max-snippet:-1","max-image-preview":"max-image-preview:large","max-video-preview":"max-video-preview:-1"},"canonical":"https:\/\/portalmf.com.br\/index.php\/2025\/05\/01\/bloco-raizes-do-quilombo-agita-1-dia-da-micareta-de-feira-confira-atracoes\/","og_locale":"pt_BR","og_type":"article","og_title":"Bloco Ra\u00edzes do Quilombo agita 1\u00b0 dia da Micareta de Feira; confira atra\u00e7\u00f5es - Portal MF","og_description":"Nesta quinta-feira (01\/05), o samba de roda pede passagem e abre alas para a Micareta de Feira 2025. Pela primeira vez na festa, o Bloco do Coletivo de Sambas de Roda Ra\u00edzes do Quilombo movimenta o Circuito Maneca Ferreira e leva para a Avenida Presidente Dutra uma das mais importantes manifesta\u00e7\u00f5es culturais baianas. Com sa\u00edda [&hellip;]","og_url":"https:\/\/portalmf.com.br\/index.php\/2025\/05\/01\/bloco-raizes-do-quilombo-agita-1-dia-da-micareta-de-feira-confira-atracoes\/","og_site_name":"Portal MF","article_author":"https:\/\/www.facebook.com\/portalmfoficial","article_published_time":"2025-05-01T14:11:23+00:00","og_image":[{"width":1920,"height":1080,"url":"https:\/\/portalmf.com.br\/wp-content\/uploads\/2025\/05\/REPRESENTANTES-RAIZES-DO-QUILOMBO-CREDITOS-LUCIENE-FAGUNDES.jpg","type":"image\/jpeg"}],"author":"Reda\u00e7\u00e3o Portal MF","twitter_card":"summary_large_image","twitter_creator":"@https:\/\/x.com\/portalmfoficial","twitter_misc":{"Escrito por":"Reda\u00e7\u00e3o Portal MF","Est. tempo de leitura":"3 minutos"},"schema":{"@context":"https:\/\/schema.org","@graph":[{"@type":"WebPage","@id":"https:\/\/portalmf.com.br\/index.php\/2025\/05\/01\/bloco-raizes-do-quilombo-agita-1-dia-da-micareta-de-feira-confira-atracoes\/","url":"https:\/\/portalmf.com.br\/index.php\/2025\/05\/01\/bloco-raizes-do-quilombo-agita-1-dia-da-micareta-de-feira-confira-atracoes\/","name":"Bloco Ra\u00edzes do Quilombo agita 1\u00b0 dia da Micareta de Feira; confira atra\u00e7\u00f5es - Portal MF","isPartOf":{"@id":"https:\/\/portalmf.com.br\/#website"},"primaryImageOfPage":{"@id":"https:\/\/portalmf.com.br\/index.php\/2025\/05\/01\/bloco-raizes-do-quilombo-agita-1-dia-da-micareta-de-feira-confira-atracoes\/#primaryimage"},"image":{"@id":"https:\/\/portalmf.com.br\/index.php\/2025\/05\/01\/bloco-raizes-do-quilombo-agita-1-dia-da-micareta-de-feira-confira-atracoes\/#primaryimage"},"thumbnailUrl":"https:\/\/portalmf.com.br\/wp-content\/uploads\/2025\/05\/REPRESENTANTES-RAIZES-DO-QUILOMBO-CREDITOS-LUCIENE-FAGUNDES.jpg","datePublished":"2025-05-01T14:11:23+00:00","dateModified":"2025-05-01T14:11:23+00:00","author":{"@id":"https:\/\/portalmf.com.br\/#\/schema\/person\/9ec101baf56233e53520c26de5d6f6f0"},"breadcrumb":{"@id":"https:\/\/portalmf.com.br\/index.php\/2025\/05\/01\/bloco-raizes-do-quilombo-agita-1-dia-da-micareta-de-feira-confira-atracoes\/#breadcrumb"},"inLanguage":"pt-BR","potentialAction":[{"@type":"ReadAction","target":["https:\/\/portalmf.com.br\/index.php\/2025\/05\/01\/bloco-raizes-do-quilombo-agita-1-dia-da-micareta-de-feira-confira-atracoes\/"]}]},{"@type":"ImageObject","inLanguage":"pt-BR","@id":"https:\/\/portalmf.com.br\/index.php\/2025\/05\/01\/bloco-raizes-do-quilombo-agita-1-dia-da-micareta-de-feira-confira-atracoes\/#primaryimage","url":"https:\/\/portalmf.com.br\/wp-content\/uploads\/2025\/05\/REPRESENTANTES-RAIZES-DO-QUILOMBO-CREDITOS-LUCIENE-FAGUNDES.jpg","contentUrl":"https:\/\/portalmf.com.br\/wp-content\/uploads\/2025\/05\/REPRESENTANTES-RAIZES-DO-QUILOMBO-CREDITOS-LUCIENE-FAGUNDES.jpg","width":1920,"height":1080},{"@type":"BreadcrumbList","@id":"https:\/\/portalmf.com.br\/index.php\/2025\/05\/01\/bloco-raizes-do-quilombo-agita-1-dia-da-micareta-de-feira-confira-atracoes\/#breadcrumb","itemListElement":[{"@type":"ListItem","position":1,"name":"In\u00edcio","item":"https:\/\/portalmf.com.br\/"},{"@type":"ListItem","position":2,"name":"Bloco Ra\u00edzes do Quilombo agita 1\u00b0 dia da Micareta de Feira; confira atra\u00e7\u00f5es"}]},{"@type":"WebSite","@id":"https:\/\/portalmf.com.br\/#website","url":"https:\/\/portalmf.com.br\/","name":"Portal MF","description":"Voc\u00ea conectado com a informa\u00e7\u00e3o","potentialAction":[{"@type":"SearchAction","target":{"@type":"EntryPoint","urlTemplate":"https:\/\/portalmf.com.br\/?s={search_term_string}"},"query-input":"required name=search_term_string"}],"inLanguage":"pt-BR"},{"@type":"Person","@id":"https:\/\/portalmf.com.br\/#\/schema\/person\/9ec101baf56233e53520c26de5d6f6f0","name":"Reda\u00e7\u00e3o Portal MF","image":{"@type":"ImageObject","inLanguage":"pt-BR","@id":"https:\/\/portalmf.com.br\/#\/schema\/person\/image\/","url":"https:\/\/secure.gravatar.com\/avatar\/41b9aaeb2100835f7c64362330f74c7f?s=96&d=mm&r=g","contentUrl":"https:\/\/secure.gravatar.com\/avatar\/41b9aaeb2100835f7c64362330f74c7f?s=96&d=mm&r=g","caption":"Reda\u00e7\u00e3o Portal MF"},"description":"Sejam bem-vindos o portal de informa\u00e7\u00f5es de entretenimento de Feira de Santana, desde 2006 realiza coberturas dos principais eventos com entrevistas exclusivas com as principais personalidades mundiais. Fique conectado tamb\u00e9m nas redes sociais.","sameAs":["http:\/\/www.portalmf.com.br\/","https:\/\/www.facebook.com\/portalmfoficial","https:\/\/www.instagram.com\/portalmf\/","https:\/\/x.com\/https:\/\/x.com\/portalmfoficial","https:\/\/www.youtube.com\/@portalmfoficial"],"url":"https:\/\/portalmf.com.br\/index.php\/author\/junior\/"}]}},"_links":{"self":[{"href":"https:\/\/portalmf.com.br\/index.php\/wp-json\/wp\/v2\/posts\/35814"}],"collection":[{"href":"https:\/\/portalmf.com.br\/index.php\/wp-json\/wp\/v2\/posts"}],"about":[{"href":"https:\/\/portalmf.com.br\/index.php\/wp-json\/wp\/v2\/types\/post"}],"author":[{"embeddable":true,"href":"https:\/\/portalmf.com.br\/index.php\/wp-json\/wp\/v2\/users\/3"}],"replies":[{"embeddable":true,"href":"https:\/\/portalmf.com.br\/index.php\/wp-json\/wp\/v2\/comments?post=35814"}],"version-history":[{"count":1,"href":"https:\/\/portalmf.com.br\/index.php\/wp-json\/wp\/v2\/posts\/35814\/revisions"}],"predecessor-version":[{"id":35816,"href":"https:\/\/portalmf.com.br\/index.php\/wp-json\/wp\/v2\/posts\/35814\/revisions\/35816"}],"wp:featuredmedia":[{"embeddable":true,"href":"https:\/\/portalmf.com.br\/index.php\/wp-json\/wp\/v2\/media\/35815"}],"wp:attachment":[{"href":"https:\/\/portalmf.com.br\/index.php\/wp-json\/wp\/v2\/media?parent=35814"}],"wp:term":[{"taxonomy":"category","embeddable":true,"href":"https:\/\/portalmf.com.br\/index.php\/wp-json\/wp\/v2\/categories?post=35814"},{"taxonomy":"post_tag","embeddable":true,"href":"https:\/\/portalmf.com.br\/index.php\/wp-json\/wp\/v2\/tags?post=35814"}],"curies":[{"name":"wp","href":"https:\/\/api.w.org\/{rel}","templated":true}]}}