{"id":35810,"date":"2025-05-01T11:08:18","date_gmt":"2025-05-01T14:08:18","guid":{"rendered":"https:\/\/portalmf.com.br\/?p=35810"},"modified":"2025-05-01T11:08:19","modified_gmt":"2025-05-01T14:08:19","slug":"micareta-de-feira-saiba-onde-ficarao-os-pontos-de-hidratacao-da-embasa","status":"publish","type":"post","link":"https:\/\/portalmf.com.br\/index.php\/2025\/05\/01\/micareta-de-feira-saiba-onde-ficarao-os-pontos-de-hidratacao-da-embasa\/","title":{"rendered":"Micareta de Feira: saiba onde ficar\u00e3o os pontos de hidrata\u00e7\u00e3o da Embasa\u00a0\u00a0"},"content":{"rendered":"\n<p>Com a estrutura montada e aguardando o in\u00edcio da folia, os foli\u00f5es da Micareta de Feira de Santana n\u00e3o precisam se preocupar com a sede: a Embasa vai oferecer hidrata\u00e7\u00e3o gratuita, pot\u00e1vel e gelada durante os quatro dias de festa, de 1\u00ba a 4 de maio.&nbsp;<\/p>\n\n\n\n<p>Dois pontos estrat\u00e9gicos est\u00e3o sendo instalados no circuito Maneca Ferreira, na Avenida Presidente Dutra: um <strong>ao lado da Igreja Santo Ant\u00f4nio (Capuchinhos) e outro pr\u00f3ximo \u00e0 Igreja do Avivamento<\/strong>. Basta levar a garrafinha e abastecer com \u00e1gua fresquinha para seguir o trio com seguran\u00e7a e disposi\u00e7\u00e3o. Al\u00e9m dos bebedouros instalados nos pontos, equipes da Embasa far\u00e3o a distribui\u00e7\u00e3o volante de copos de \u00e1gua nos momentos de passagem dos trios el\u00e9tricos. A a\u00e7\u00e3o contar\u00e1 com mais de 30 trabalhadores atuando das 15h \u00e0s 0h, em todos os dias da festa.<\/p>\n\n\n\n<p>A a\u00e7\u00e3o refor\u00e7a o cuidado com a sa\u00fade e o bem-estar do p\u00fablico. &#8220;Cuidar da hidrata\u00e7\u00e3o \u00e9 essencial, principalmente em eventos com grande aglomera\u00e7\u00e3o&#8221;, destaca o gerente regional da Embasa, Raimundo Neto.&nbsp;<\/p>\n\n\n\n<p><strong>Plant\u00e3o <\/strong>&#8211; A Embasa funcionar\u00e1 em regime de plant\u00e3o durante o per\u00edodo da Micareta 2025 a partir desta quinta-feira (1\u00b0), para atendimento e manuten\u00e7\u00e3o das redes de \u00e1gua e de esgoto em Feira de Santana. O posto de atendimento no SAC Rodovi\u00e1ria estar\u00e1 fechado e retoma as atividades presenciais na ter\u00e7a (6).&nbsp;<\/p>\n\n\n\n<p>O plant\u00e3o contar\u00e1 com cerca de 50 profissionais com o objetivo de garantir o fornecimento de \u00e1gua e a presta\u00e7\u00e3o de servi\u00e7os de coleta de esgoto com normalidade. A Embasa orienta aos clientes que necessitarem de atendimento neste per\u00edodo, que entrem em contato pelo teleatendimento 0800 0555 195, pelo site <a href=\"http:\/\/atendimentovirtual.embasa.ba.gov.br\/\" target=\"_blank\" rel=\"noreferrer noopener\">atendimentovirtual.embasa.ba.gov.br<\/a> ou pelo WhatsApp 71 99717 0999.&nbsp;<\/p>\n","protected":false},"excerpt":{"rendered":"<p>Com a estrutura montada e aguardando o in\u00edcio da folia, os foli\u00f5es da Micareta de Feira de Santana n\u00e3o precisam se preocupar com a sede: a Embasa vai oferecer hidrata\u00e7\u00e3o gratuita, pot\u00e1vel e gelada durante os quatro dias de festa, de 1\u00ba a 4 de maio.&nbsp; Dois pontos estrat\u00e9gicos est\u00e3o sendo instalados no circuito Maneca [&hellip;]<\/p>\n","protected":false},"author":3,"featured_media":35723,"comment_status":"open","ping_status":"open","sticky":false,"template":"","format":"standard","meta":{"_monsterinsights_skip_tracking":false,"_monsterinsights_sitenote_active":false,"_monsterinsights_sitenote_note":"","_monsterinsights_sitenote_category":0,"footnotes":""},"categories":[39],"tags":[],"yoast_head":"<!-- This site is optimized with the Yoast SEO plugin v22.9 - https:\/\/yoast.com\/wordpress\/plugins\/seo\/ -->\n<title>Micareta de Feira: saiba onde ficar\u00e3o os pontos de hidrata\u00e7\u00e3o da Embasa\u00a0\u00a0 - Portal MF<\/title>\n<meta name=\"robots\" content=\"index, follow, max-snippet:-1, max-image-preview:large, max-video-preview:-1\" \/>\n<link rel=\"canonical\" href=\"https:\/\/portalmf.com.br\/index.php\/2025\/05\/01\/micareta-de-feira-saiba-onde-ficarao-os-pontos-de-hidratacao-da-embasa\/\" \/>\n<meta property=\"og:locale\" content=\"pt_BR\" \/>\n<meta property=\"og:type\" content=\"article\" \/>\n<meta property=\"og:title\" content=\"Micareta de Feira: saiba onde ficar\u00e3o os pontos de hidrata\u00e7\u00e3o da Embasa\u00a0\u00a0 - Portal MF\" \/>\n<meta property=\"og:description\" content=\"Com a estrutura montada e aguardando o in\u00edcio da folia, os foli\u00f5es da Micareta de Feira de Santana n\u00e3o precisam se preocupar com a sede: a Embasa vai oferecer hidrata\u00e7\u00e3o gratuita, pot\u00e1vel e gelada durante os quatro dias de festa, de 1\u00ba a 4 de maio.&nbsp; Dois pontos estrat\u00e9gicos est\u00e3o sendo instalados no circuito Maneca [&hellip;]\" \/>\n<meta property=\"og:url\" content=\"https:\/\/portalmf.com.br\/index.php\/2025\/05\/01\/micareta-de-feira-saiba-onde-ficarao-os-pontos-de-hidratacao-da-embasa\/\" \/>\n<meta property=\"og:site_name\" content=\"Portal MF\" \/>\n<meta property=\"article:author\" content=\"https:\/\/www.facebook.com\/portalmfoficial\" \/>\n<meta property=\"article:published_time\" content=\"2025-05-01T14:08:18+00:00\" \/>\n<meta property=\"article:modified_time\" content=\"2025-05-01T14:08:19+00:00\" \/>\n<meta property=\"og:image\" content=\"https:\/\/portalmf.com.br\/wp-content\/uploads\/2025\/04\/Projeto-Hidratacao-Embasa.jpeg\" \/>\n\t<meta property=\"og:image:width\" content=\"1600\" \/>\n\t<meta property=\"og:image:height\" content=\"1068\" \/>\n\t<meta property=\"og:image:type\" content=\"image\/jpeg\" \/>\n<meta name=\"author\" content=\"Reda\u00e7\u00e3o Portal MF\" \/>\n<meta name=\"twitter:card\" content=\"summary_large_image\" \/>\n<meta name=\"twitter:creator\" content=\"@https:\/\/x.com\/portalmfoficial\" \/>\n<meta name=\"twitter:label1\" content=\"Escrito por\" \/>\n\t<meta name=\"twitter:data1\" content=\"Reda\u00e7\u00e3o Portal MF\" \/>\n\t<meta name=\"twitter:label2\" content=\"Est. tempo de leitura\" \/>\n\t<meta name=\"twitter:data2\" content=\"2 minutos\" \/>\n<script type=\"application\/ld+json\" class=\"yoast-schema-graph\">{\"@context\":\"https:\/\/schema.org\",\"@graph\":[{\"@type\":\"WebPage\",\"@id\":\"https:\/\/portalmf.com.br\/index.php\/2025\/05\/01\/micareta-de-feira-saiba-onde-ficarao-os-pontos-de-hidratacao-da-embasa\/\",\"url\":\"https:\/\/portalmf.com.br\/index.php\/2025\/05\/01\/micareta-de-feira-saiba-onde-ficarao-os-pontos-de-hidratacao-da-embasa\/\",\"name\":\"Micareta de Feira: saiba onde ficar\u00e3o os pontos de hidrata\u00e7\u00e3o da Embasa\u00a0\u00a0 - Portal MF\",\"isPartOf\":{\"@id\":\"https:\/\/portalmf.com.br\/#website\"},\"primaryImageOfPage\":{\"@id\":\"https:\/\/portalmf.com.br\/index.php\/2025\/05\/01\/micareta-de-feira-saiba-onde-ficarao-os-pontos-de-hidratacao-da-embasa\/#primaryimage\"},\"image\":{\"@id\":\"https:\/\/portalmf.com.br\/index.php\/2025\/05\/01\/micareta-de-feira-saiba-onde-ficarao-os-pontos-de-hidratacao-da-embasa\/#primaryimage\"},\"thumbnailUrl\":\"https:\/\/portalmf.com.br\/wp-content\/uploads\/2025\/04\/Projeto-Hidratacao-Embasa.jpeg\",\"datePublished\":\"2025-05-01T14:08:18+00:00\",\"dateModified\":\"2025-05-01T14:08:19+00:00\",\"author\":{\"@id\":\"https:\/\/portalmf.com.br\/#\/schema\/person\/9ec101baf56233e53520c26de5d6f6f0\"},\"breadcrumb\":{\"@id\":\"https:\/\/portalmf.com.br\/index.php\/2025\/05\/01\/micareta-de-feira-saiba-onde-ficarao-os-pontos-de-hidratacao-da-embasa\/#breadcrumb\"},\"inLanguage\":\"pt-BR\",\"potentialAction\":[{\"@type\":\"ReadAction\",\"target\":[\"https:\/\/portalmf.com.br\/index.php\/2025\/05\/01\/micareta-de-feira-saiba-onde-ficarao-os-pontos-de-hidratacao-da-embasa\/\"]}]},{\"@type\":\"ImageObject\",\"inLanguage\":\"pt-BR\",\"@id\":\"https:\/\/portalmf.com.br\/index.php\/2025\/05\/01\/micareta-de-feira-saiba-onde-ficarao-os-pontos-de-hidratacao-da-embasa\/#primaryimage\",\"url\":\"https:\/\/portalmf.com.br\/wp-content\/uploads\/2025\/04\/Projeto-Hidratacao-Embasa.jpeg\",\"contentUrl\":\"https:\/\/portalmf.com.br\/wp-content\/uploads\/2025\/04\/Projeto-Hidratacao-Embasa.jpeg\",\"width\":1600,\"height\":1068},{\"@type\":\"BreadcrumbList\",\"@id\":\"https:\/\/portalmf.com.br\/index.php\/2025\/05\/01\/micareta-de-feira-saiba-onde-ficarao-os-pontos-de-hidratacao-da-embasa\/#breadcrumb\",\"itemListElement\":[{\"@type\":\"ListItem\",\"position\":1,\"name\":\"In\u00edcio\",\"item\":\"https:\/\/portalmf.com.br\/\"},{\"@type\":\"ListItem\",\"position\":2,\"name\":\"Micareta de Feira: saiba onde ficar\u00e3o os pontos de hidrata\u00e7\u00e3o da Embasa\u00a0\u00a0\"}]},{\"@type\":\"WebSite\",\"@id\":\"https:\/\/portalmf.com.br\/#website\",\"url\":\"https:\/\/portalmf.com.br\/\",\"name\":\"Portal MF\",\"description\":\"Voc\u00ea conectado com a informa\u00e7\u00e3o\",\"potentialAction\":[{\"@type\":\"SearchAction\",\"target\":{\"@type\":\"EntryPoint\",\"urlTemplate\":\"https:\/\/portalmf.com.br\/?s={search_term_string}\"},\"query-input\":\"required name=search_term_string\"}],\"inLanguage\":\"pt-BR\"},{\"@type\":\"Person\",\"@id\":\"https:\/\/portalmf.com.br\/#\/schema\/person\/9ec101baf56233e53520c26de5d6f6f0\",\"name\":\"Reda\u00e7\u00e3o Portal MF\",\"image\":{\"@type\":\"ImageObject\",\"inLanguage\":\"pt-BR\",\"@id\":\"https:\/\/portalmf.com.br\/#\/schema\/person\/image\/\",\"url\":\"https:\/\/secure.gravatar.com\/avatar\/41b9aaeb2100835f7c64362330f74c7f?s=96&d=mm&r=g\",\"contentUrl\":\"https:\/\/secure.gravatar.com\/avatar\/41b9aaeb2100835f7c64362330f74c7f?s=96&d=mm&r=g\",\"caption\":\"Reda\u00e7\u00e3o Portal MF\"},\"description\":\"Sejam bem-vindos o portal de informa\u00e7\u00f5es de entretenimento de Feira de Santana, desde 2006 realiza coberturas dos principais eventos com entrevistas exclusivas com as principais personalidades mundiais. Fique conectado tamb\u00e9m nas redes sociais.\",\"sameAs\":[\"http:\/\/www.portalmf.com.br\/\",\"https:\/\/www.facebook.com\/portalmfoficial\",\"https:\/\/www.instagram.com\/portalmf\/\",\"https:\/\/x.com\/https:\/\/x.com\/portalmfoficial\",\"https:\/\/www.youtube.com\/@portalmfoficial\"],\"url\":\"https:\/\/portalmf.com.br\/index.php\/author\/junior\/\"}]}<\/script>\n<!-- \/ Yoast SEO plugin. -->","yoast_head_json":{"title":"Micareta de Feira: saiba onde ficar\u00e3o os pontos de hidrata\u00e7\u00e3o da Embasa\u00a0\u00a0 - Portal MF","robots":{"index":"index","follow":"follow","max-snippet":"max-snippet:-1","max-image-preview":"max-image-preview:large","max-video-preview":"max-video-preview:-1"},"canonical":"https:\/\/portalmf.com.br\/index.php\/2025\/05\/01\/micareta-de-feira-saiba-onde-ficarao-os-pontos-de-hidratacao-da-embasa\/","og_locale":"pt_BR","og_type":"article","og_title":"Micareta de Feira: saiba onde ficar\u00e3o os pontos de hidrata\u00e7\u00e3o da Embasa\u00a0\u00a0 - Portal MF","og_description":"Com a estrutura montada e aguardando o in\u00edcio da folia, os foli\u00f5es da Micareta de Feira de Santana n\u00e3o precisam se preocupar com a sede: a Embasa vai oferecer hidrata\u00e7\u00e3o gratuita, pot\u00e1vel e gelada durante os quatro dias de festa, de 1\u00ba a 4 de maio.&nbsp; Dois pontos estrat\u00e9gicos est\u00e3o sendo instalados no circuito Maneca [&hellip;]","og_url":"https:\/\/portalmf.com.br\/index.php\/2025\/05\/01\/micareta-de-feira-saiba-onde-ficarao-os-pontos-de-hidratacao-da-embasa\/","og_site_name":"Portal MF","article_author":"https:\/\/www.facebook.com\/portalmfoficial","article_published_time":"2025-05-01T14:08:18+00:00","article_modified_time":"2025-05-01T14:08:19+00:00","og_image":[{"width":1600,"height":1068,"url":"https:\/\/portalmf.com.br\/wp-content\/uploads\/2025\/04\/Projeto-Hidratacao-Embasa.jpeg","type":"image\/jpeg"}],"author":"Reda\u00e7\u00e3o Portal MF","twitter_card":"summary_large_image","twitter_creator":"@https:\/\/x.com\/portalmfoficial","twitter_misc":{"Escrito por":"Reda\u00e7\u00e3o Portal MF","Est. tempo de leitura":"2 minutos"},"schema":{"@context":"https:\/\/schema.org","@graph":[{"@type":"WebPage","@id":"https:\/\/portalmf.com.br\/index.php\/2025\/05\/01\/micareta-de-feira-saiba-onde-ficarao-os-pontos-de-hidratacao-da-embasa\/","url":"https:\/\/portalmf.com.br\/index.php\/2025\/05\/01\/micareta-de-feira-saiba-onde-ficarao-os-pontos-de-hidratacao-da-embasa\/","name":"Micareta de Feira: saiba onde ficar\u00e3o os pontos de hidrata\u00e7\u00e3o da Embasa\u00a0\u00a0 - Portal MF","isPartOf":{"@id":"https:\/\/portalmf.com.br\/#website"},"primaryImageOfPage":{"@id":"https:\/\/portalmf.com.br\/index.php\/2025\/05\/01\/micareta-de-feira-saiba-onde-ficarao-os-pontos-de-hidratacao-da-embasa\/#primaryimage"},"image":{"@id":"https:\/\/portalmf.com.br\/index.php\/2025\/05\/01\/micareta-de-feira-saiba-onde-ficarao-os-pontos-de-hidratacao-da-embasa\/#primaryimage"},"thumbnailUrl":"https:\/\/portalmf.com.br\/wp-content\/uploads\/2025\/04\/Projeto-Hidratacao-Embasa.jpeg","datePublished":"2025-05-01T14:08:18+00:00","dateModified":"2025-05-01T14:08:19+00:00","author":{"@id":"https:\/\/portalmf.com.br\/#\/schema\/person\/9ec101baf56233e53520c26de5d6f6f0"},"breadcrumb":{"@id":"https:\/\/portalmf.com.br\/index.php\/2025\/05\/01\/micareta-de-feira-saiba-onde-ficarao-os-pontos-de-hidratacao-da-embasa\/#breadcrumb"},"inLanguage":"pt-BR","potentialAction":[{"@type":"ReadAction","target":["https:\/\/portalmf.com.br\/index.php\/2025\/05\/01\/micareta-de-feira-saiba-onde-ficarao-os-pontos-de-hidratacao-da-embasa\/"]}]},{"@type":"ImageObject","inLanguage":"pt-BR","@id":"https:\/\/portalmf.com.br\/index.php\/2025\/05\/01\/micareta-de-feira-saiba-onde-ficarao-os-pontos-de-hidratacao-da-embasa\/#primaryimage","url":"https:\/\/portalmf.com.br\/wp-content\/uploads\/2025\/04\/Projeto-Hidratacao-Embasa.jpeg","contentUrl":"https:\/\/portalmf.com.br\/wp-content\/uploads\/2025\/04\/Projeto-Hidratacao-Embasa.jpeg","width":1600,"height":1068},{"@type":"BreadcrumbList","@id":"https:\/\/portalmf.com.br\/index.php\/2025\/05\/01\/micareta-de-feira-saiba-onde-ficarao-os-pontos-de-hidratacao-da-embasa\/#breadcrumb","itemListElement":[{"@type":"ListItem","position":1,"name":"In\u00edcio","item":"https:\/\/portalmf.com.br\/"},{"@type":"ListItem","position":2,"name":"Micareta de Feira: saiba onde ficar\u00e3o os pontos de hidrata\u00e7\u00e3o da Embasa\u00a0\u00a0"}]},{"@type":"WebSite","@id":"https:\/\/portalmf.com.br\/#website","url":"https:\/\/portalmf.com.br\/","name":"Portal MF","description":"Voc\u00ea conectado com a informa\u00e7\u00e3o","potentialAction":[{"@type":"SearchAction","target":{"@type":"EntryPoint","urlTemplate":"https:\/\/portalmf.com.br\/?s={search_term_string}"},"query-input":"required name=search_term_string"}],"inLanguage":"pt-BR"},{"@type":"Person","@id":"https:\/\/portalmf.com.br\/#\/schema\/person\/9ec101baf56233e53520c26de5d6f6f0","name":"Reda\u00e7\u00e3o Portal MF","image":{"@type":"ImageObject","inLanguage":"pt-BR","@id":"https:\/\/portalmf.com.br\/#\/schema\/person\/image\/","url":"https:\/\/secure.gravatar.com\/avatar\/41b9aaeb2100835f7c64362330f74c7f?s=96&d=mm&r=g","contentUrl":"https:\/\/secure.gravatar.com\/avatar\/41b9aaeb2100835f7c64362330f74c7f?s=96&d=mm&r=g","caption":"Reda\u00e7\u00e3o Portal MF"},"description":"Sejam bem-vindos o portal de informa\u00e7\u00f5es de entretenimento de Feira de Santana, desde 2006 realiza coberturas dos principais eventos com entrevistas exclusivas com as principais personalidades mundiais. Fique conectado tamb\u00e9m nas redes sociais.","sameAs":["http:\/\/www.portalmf.com.br\/","https:\/\/www.facebook.com\/portalmfoficial","https:\/\/www.instagram.com\/portalmf\/","https:\/\/x.com\/https:\/\/x.com\/portalmfoficial","https:\/\/www.youtube.com\/@portalmfoficial"],"url":"https:\/\/portalmf.com.br\/index.php\/author\/junior\/"}]}},"_links":{"self":[{"href":"https:\/\/portalmf.com.br\/index.php\/wp-json\/wp\/v2\/posts\/35810"}],"collection":[{"href":"https:\/\/portalmf.com.br\/index.php\/wp-json\/wp\/v2\/posts"}],"about":[{"href":"https:\/\/portalmf.com.br\/index.php\/wp-json\/wp\/v2\/types\/post"}],"author":[{"embeddable":true,"href":"https:\/\/portalmf.com.br\/index.php\/wp-json\/wp\/v2\/users\/3"}],"replies":[{"embeddable":true,"href":"https:\/\/portalmf.com.br\/index.php\/wp-json\/wp\/v2\/comments?post=35810"}],"version-history":[{"count":1,"href":"https:\/\/portalmf.com.br\/index.php\/wp-json\/wp\/v2\/posts\/35810\/revisions"}],"predecessor-version":[{"id":35813,"href":"https:\/\/portalmf.com.br\/index.php\/wp-json\/wp\/v2\/posts\/35810\/revisions\/35813"}],"wp:featuredmedia":[{"embeddable":true,"href":"https:\/\/portalmf.com.br\/index.php\/wp-json\/wp\/v2\/media\/35723"}],"wp:attachment":[{"href":"https:\/\/portalmf.com.br\/index.php\/wp-json\/wp\/v2\/media?parent=35810"}],"wp:term":[{"taxonomy":"category","embeddable":true,"href":"https:\/\/portalmf.com.br\/index.php\/wp-json\/wp\/v2\/categories?post=35810"},{"taxonomy":"post_tag","embeddable":true,"href":"https:\/\/portalmf.com.br\/index.php\/wp-json\/wp\/v2\/tags?post=35810"}],"curies":[{"name":"wp","href":"https:\/\/api.w.org\/{rel}","templated":true}]}}