{"id":3581,"date":"2022-08-25T13:25:00","date_gmt":"2022-08-25T16:25:00","guid":{"rendered":"http:\/\/portalmf.com.br\/?p=3581"},"modified":"2022-08-25T13:45:53","modified_gmt":"2022-08-25T16:45:53","slug":"acm-neto-recebe-apoio-de-prefeito-de-sao-desiderio-em-grande-comicio-na-cidade","status":"publish","type":"post","link":"https:\/\/portalmf.com.br\/index.php\/2022\/08\/25\/acm-neto-recebe-apoio-de-prefeito-de-sao-desiderio-em-grande-comicio-na-cidade\/","title":{"rendered":"ACM Neto recebe apoio de prefeito de S\u00e3o Desid\u00e9rio em grande com\u00edcio na cidade"},"content":{"rendered":"\n<p>O candidato a governador ACM Neto (Uni\u00e3o Brasil) recebeu nesta quarta-feira (24) o apoio do prefeito Z\u00e9 Carlos Carvalho (PP), de S\u00e3o Desid\u00e9rio, mais um que deixou a base governista. A oficializa\u00e7\u00e3o ocorreu num grande evento na cidade do Oeste baiano, onde, diante das queixas do gestor local em rela\u00e7\u00e3o ao abandono do governo do estado, Neto destacou o potencial agr\u00edcola da regi\u00e3o e comprometeu-se a buscar uma ind\u00fastria para completar o ciclo produtivo.<\/p>\n\n\n\n<p>O candidato disse que S\u00e3o Desid\u00e9rio tem um grande potencial econ\u00f4mico n\u00e3o s\u00f3 da Bahia, mas de todo o Brasil.<em> &#8220;Est\u00e1 aqui uma das maiores fronteiras agr\u00edcolas da atualidade, mas que n\u00e3o pode ficar presa \u00e0 produ\u00e7\u00e3o prim\u00e1ria. Precisamos perseguir a verticaliza\u00e7\u00e3o econ\u00f4mica. Eu quero trazer a agroind\u00fastria para S\u00e3o Desid\u00e9rio, para Lu\u00eds Eduardo Magalh\u00e3es, para toda a regi\u00e3o&#8221;,<\/em> afirmou o candidato a governador.<\/p>\n\n\n\n<p>S\u00e3o Desid\u00e9rio \u00e9 o segundo maior munic\u00edpio da Bahia em \u00e1rea, com mais de 15 mil km\u00b2, e que h\u00e1 anos ocupa o posto de um dos maiores produtores de gr\u00e3os do Brasil, como milho e soja. No entanto, os empres\u00e1rios de todo o Oeste reclamam da falta de uma ind\u00fastria para transformar esses itens prim\u00e1rios em produtos como ra\u00e7\u00f5es para o gado.<\/p>\n\n\n\n<p><em>&#8220;Vamos fazer da Bahia um estado mais competitivo, trazendo estradas, energia e internet para que sirvam de incentivo para atrair essas empresas&#8221;,<\/em> completou Neto.<\/p>\n\n\n\n<p>Em seu discurso, Z\u00e9 Carlos Carvalho queixou-se sobretudo do distanciamento do governo do estado com a regi\u00e3o Oeste, o que resulta por exemplo na aus\u00eancia dessas obras de infraestrutura. Neto disse ter conhecido o prefeito em Bras\u00edlia no ano passado, antes da alian\u00e7a entre PP e Uni\u00e3o Brasil.<\/p>\n\n\n\n<p><em>&#8220;Fiquei encantado com o preparo e sobretudo com o compromisso de Z\u00e9 Carlos. E n\u00e3o vou mentir, torci muito para que essa alian\u00e7a com o Progressistas desse certo&#8221;,<\/em> discursou.<\/p>\n\n\n\n<p><em>&#8220;Nessa caminhada, quantidade s\u00f3 me interessa a de baianas e baianos que est\u00e3o conosco, porque em rela\u00e7\u00e3o aos pol\u00edticos nos interessa a qualidade. Eu quero estar ao lado de pol\u00edticos que tenham palavra, que honrem a confian\u00e7a dos eleitores. E por isso eu queria estar ao lado do prefeito Z\u00e9 Carlos. \u00c9 muito dif\u00edcil encontrar uma pessoa na vida p\u00fablica que re\u00fana as qualidades de ser um bom gestor e um bom pol\u00edtico&#8221;,<\/em> completou.<\/p>\n\n\n\n<p>Z\u00e9 Carlos foi reeleito prefeito em 2020 com quase 69% dos votos. No com\u00edcio, estiveram presentes prefeitos da regi\u00e3o, como J\u00fanior Marab\u00e1 (PP), de Lu\u00eds Eduardo Magalh\u00e3es, e os candidatos a vice-governadora, Ana Coelho (Republicanos), e a senador, Cac\u00e1 Le\u00e3o (PP).<\/p>\n\n\n\n<p>O candidato do Uni\u00e3o Brasil elogiou a coragem do prefeito de S\u00e3o Desid\u00e9rio. <em>&#8220;Temos que reconhecer um prefeito que opta por caminhar com a oposi\u00e7\u00e3o e que fez essa op\u00e7\u00e3o por livre e espont\u00e2nea vontade, apenas por total convic\u00e7\u00e3o de que \u00e9 o melhor para a Bahia<\/em>&#8220;, disse.<\/p>\n\n\n\n<p><em>&#8220;Vamos fazer em S\u00e3o Desid\u00e9rio e pelo Oeste o que o PT n\u00e3o fez nos 16 anos em que tiveram a oportunidade de governar a Bahia. Chega, j\u00e1 deu, foi tempo demais. Tiveram muitas chances, \u00e9 hora de mudar a Bahia. Estamos aqui para trazer uma palavra de mudan\u00e7a, para traduzir a esperan\u00e7a dos baianos em luta e garantir que n\u00e3o vamos descansar um minuto sequer<\/em>&#8220;, completou.<\/p>\n","protected":false},"excerpt":{"rendered":"<p>O candidato a governador ACM Neto (Uni\u00e3o Brasil) recebeu nesta quarta-feira (24) o apoio do prefeito Z\u00e9 Carlos Carvalho (PP), de S\u00e3o Desid\u00e9rio, mais um que deixou a base governista. A oficializa\u00e7\u00e3o ocorreu num grande evento na cidade do Oeste baiano, onde, diante das queixas do gestor local em rela\u00e7\u00e3o ao abandono do governo do [&hellip;]<\/p>\n","protected":false},"author":2,"featured_media":3582,"comment_status":"open","ping_status":"open","sticky":false,"template":"","format":"standard","meta":{"_monsterinsights_skip_tracking":false,"_monsterinsights_sitenote_active":false,"_monsterinsights_sitenote_note":"","_monsterinsights_sitenote_category":0,"footnotes":""},"categories":[34],"tags":[],"yoast_head":"<!-- This site is optimized with the Yoast SEO plugin v22.9 - https:\/\/yoast.com\/wordpress\/plugins\/seo\/ -->\n<title>ACM Neto recebe apoio de prefeito de S\u00e3o Desid\u00e9rio em grande com\u00edcio na cidade - Portal MF<\/title>\n<meta name=\"robots\" content=\"index, follow, max-snippet:-1, max-image-preview:large, max-video-preview:-1\" \/>\n<link rel=\"canonical\" href=\"https:\/\/portalmf.com.br\/index.php\/2022\/08\/25\/acm-neto-recebe-apoio-de-prefeito-de-sao-desiderio-em-grande-comicio-na-cidade\/\" \/>\n<meta property=\"og:locale\" content=\"pt_BR\" \/>\n<meta property=\"og:type\" content=\"article\" \/>\n<meta property=\"og:title\" content=\"ACM Neto recebe apoio de prefeito de S\u00e3o Desid\u00e9rio em grande com\u00edcio na cidade - Portal MF\" \/>\n<meta property=\"og:description\" content=\"O candidato a governador ACM Neto (Uni\u00e3o Brasil) recebeu nesta quarta-feira (24) o apoio do prefeito Z\u00e9 Carlos Carvalho (PP), de S\u00e3o Desid\u00e9rio, mais um que deixou a base governista. A oficializa\u00e7\u00e3o ocorreu num grande evento na cidade do Oeste baiano, onde, diante das queixas do gestor local em rela\u00e7\u00e3o ao abandono do governo do [&hellip;]\" \/>\n<meta property=\"og:url\" content=\"https:\/\/portalmf.com.br\/index.php\/2022\/08\/25\/acm-neto-recebe-apoio-de-prefeito-de-sao-desiderio-em-grande-comicio-na-cidade\/\" \/>\n<meta property=\"og:site_name\" content=\"Portal MF\" \/>\n<meta property=\"article:author\" content=\"reginaldojrfsa\" \/>\n<meta property=\"article:published_time\" content=\"2022-08-25T16:25:00+00:00\" \/>\n<meta property=\"article:modified_time\" content=\"2022-08-25T16:45:53+00:00\" \/>\n<meta property=\"og:image\" content=\"https:\/\/portalmf.com.br\/wp-content\/uploads\/2022\/08\/WhatsApp-Image-2022-08-25-at-09.42.30.jpeg\" \/>\n\t<meta property=\"og:image:width\" content=\"1599\" \/>\n\t<meta property=\"og:image:height\" content=\"1066\" \/>\n\t<meta property=\"og:image:type\" content=\"image\/jpeg\" \/>\n<meta name=\"author\" content=\"Reginaldo J\u00fanior\" \/>\n<meta name=\"twitter:card\" content=\"summary_large_image\" \/>\n<meta name=\"twitter:creator\" content=\"@reginaldojrmf\" \/>\n<meta name=\"twitter:label1\" content=\"Escrito por\" \/>\n\t<meta name=\"twitter:data1\" content=\"Reginaldo J\u00fanior\" \/>\n\t<meta name=\"twitter:label2\" content=\"Est. tempo de leitura\" \/>\n\t<meta name=\"twitter:data2\" content=\"3 minutos\" \/>\n<script type=\"application\/ld+json\" class=\"yoast-schema-graph\">{\"@context\":\"https:\/\/schema.org\",\"@graph\":[{\"@type\":\"WebPage\",\"@id\":\"https:\/\/portalmf.com.br\/index.php\/2022\/08\/25\/acm-neto-recebe-apoio-de-prefeito-de-sao-desiderio-em-grande-comicio-na-cidade\/\",\"url\":\"https:\/\/portalmf.com.br\/index.php\/2022\/08\/25\/acm-neto-recebe-apoio-de-prefeito-de-sao-desiderio-em-grande-comicio-na-cidade\/\",\"name\":\"ACM Neto recebe apoio de prefeito de S\u00e3o Desid\u00e9rio em grande com\u00edcio na cidade - Portal MF\",\"isPartOf\":{\"@id\":\"https:\/\/portalmf.com.br\/#website\"},\"primaryImageOfPage\":{\"@id\":\"https:\/\/portalmf.com.br\/index.php\/2022\/08\/25\/acm-neto-recebe-apoio-de-prefeito-de-sao-desiderio-em-grande-comicio-na-cidade\/#primaryimage\"},\"image\":{\"@id\":\"https:\/\/portalmf.com.br\/index.php\/2022\/08\/25\/acm-neto-recebe-apoio-de-prefeito-de-sao-desiderio-em-grande-comicio-na-cidade\/#primaryimage\"},\"thumbnailUrl\":\"https:\/\/portalmf.com.br\/wp-content\/uploads\/2022\/08\/WhatsApp-Image-2022-08-25-at-09.42.30.jpeg\",\"datePublished\":\"2022-08-25T16:25:00+00:00\",\"dateModified\":\"2022-08-25T16:45:53+00:00\",\"author\":{\"@id\":\"https:\/\/portalmf.com.br\/#\/schema\/person\/11c82086fe8abc05a19147e964587285\"},\"breadcrumb\":{\"@id\":\"https:\/\/portalmf.com.br\/index.php\/2022\/08\/25\/acm-neto-recebe-apoio-de-prefeito-de-sao-desiderio-em-grande-comicio-na-cidade\/#breadcrumb\"},\"inLanguage\":\"pt-BR\",\"potentialAction\":[{\"@type\":\"ReadAction\",\"target\":[\"https:\/\/portalmf.com.br\/index.php\/2022\/08\/25\/acm-neto-recebe-apoio-de-prefeito-de-sao-desiderio-em-grande-comicio-na-cidade\/\"]}]},{\"@type\":\"ImageObject\",\"inLanguage\":\"pt-BR\",\"@id\":\"https:\/\/portalmf.com.br\/index.php\/2022\/08\/25\/acm-neto-recebe-apoio-de-prefeito-de-sao-desiderio-em-grande-comicio-na-cidade\/#primaryimage\",\"url\":\"https:\/\/portalmf.com.br\/wp-content\/uploads\/2022\/08\/WhatsApp-Image-2022-08-25-at-09.42.30.jpeg\",\"contentUrl\":\"https:\/\/portalmf.com.br\/wp-content\/uploads\/2022\/08\/WhatsApp-Image-2022-08-25-at-09.42.30.jpeg\",\"width\":1599,\"height\":1066},{\"@type\":\"BreadcrumbList\",\"@id\":\"https:\/\/portalmf.com.br\/index.php\/2022\/08\/25\/acm-neto-recebe-apoio-de-prefeito-de-sao-desiderio-em-grande-comicio-na-cidade\/#breadcrumb\",\"itemListElement\":[{\"@type\":\"ListItem\",\"position\":1,\"name\":\"In\u00edcio\",\"item\":\"https:\/\/portalmf.com.br\/\"},{\"@type\":\"ListItem\",\"position\":2,\"name\":\"ACM Neto recebe apoio de prefeito de S\u00e3o Desid\u00e9rio em grande com\u00edcio na cidade\"}]},{\"@type\":\"WebSite\",\"@id\":\"https:\/\/portalmf.com.br\/#website\",\"url\":\"https:\/\/portalmf.com.br\/\",\"name\":\"Portal MF\",\"description\":\"Voc\u00ea conectado com a informa\u00e7\u00e3o\",\"potentialAction\":[{\"@type\":\"SearchAction\",\"target\":{\"@type\":\"EntryPoint\",\"urlTemplate\":\"https:\/\/portalmf.com.br\/?s={search_term_string}\"},\"query-input\":\"required name=search_term_string\"}],\"inLanguage\":\"pt-BR\"},{\"@type\":\"Person\",\"@id\":\"https:\/\/portalmf.com.br\/#\/schema\/person\/11c82086fe8abc05a19147e964587285\",\"name\":\"Reginaldo J\u00fanior\",\"image\":{\"@type\":\"ImageObject\",\"inLanguage\":\"pt-BR\",\"@id\":\"https:\/\/portalmf.com.br\/#\/schema\/person\/image\/\",\"url\":\"https:\/\/secure.gravatar.com\/avatar\/32a3c797cd0ac47cc53b8644c62776f9?s=96&d=mm&r=g\",\"contentUrl\":\"https:\/\/secure.gravatar.com\/avatar\/32a3c797cd0ac47cc53b8644c62776f9?s=96&d=mm&r=g\",\"caption\":\"Reginaldo J\u00fanior\"},\"description\":\"Jornalista e idealizador Portal MF\",\"sameAs\":[\"https:\/\/portalmf.com.br\/index.php\/author\/reginaldojr\/\",\"reginaldojrfsa\",\"reginaldojuniormf\",\"https:\/\/x.com\/reginaldojrmf\"],\"url\":\"https:\/\/portalmf.com.br\/index.php\/author\/reginaldojr\/\"}]}<\/script>\n<!-- \/ Yoast SEO plugin. -->","yoast_head_json":{"title":"ACM Neto recebe apoio de prefeito de S\u00e3o Desid\u00e9rio em grande com\u00edcio na cidade - Portal MF","robots":{"index":"index","follow":"follow","max-snippet":"max-snippet:-1","max-image-preview":"max-image-preview:large","max-video-preview":"max-video-preview:-1"},"canonical":"https:\/\/portalmf.com.br\/index.php\/2022\/08\/25\/acm-neto-recebe-apoio-de-prefeito-de-sao-desiderio-em-grande-comicio-na-cidade\/","og_locale":"pt_BR","og_type":"article","og_title":"ACM Neto recebe apoio de prefeito de S\u00e3o Desid\u00e9rio em grande com\u00edcio na cidade - Portal MF","og_description":"O candidato a governador ACM Neto (Uni\u00e3o Brasil) recebeu nesta quarta-feira (24) o apoio do prefeito Z\u00e9 Carlos Carvalho (PP), de S\u00e3o Desid\u00e9rio, mais um que deixou a base governista. A oficializa\u00e7\u00e3o ocorreu num grande evento na cidade do Oeste baiano, onde, diante das queixas do gestor local em rela\u00e7\u00e3o ao abandono do governo do [&hellip;]","og_url":"https:\/\/portalmf.com.br\/index.php\/2022\/08\/25\/acm-neto-recebe-apoio-de-prefeito-de-sao-desiderio-em-grande-comicio-na-cidade\/","og_site_name":"Portal MF","article_author":"reginaldojrfsa","article_published_time":"2022-08-25T16:25:00+00:00","article_modified_time":"2022-08-25T16:45:53+00:00","og_image":[{"width":1599,"height":1066,"url":"https:\/\/portalmf.com.br\/wp-content\/uploads\/2022\/08\/WhatsApp-Image-2022-08-25-at-09.42.30.jpeg","type":"image\/jpeg"}],"author":"Reginaldo J\u00fanior","twitter_card":"summary_large_image","twitter_creator":"@reginaldojrmf","twitter_misc":{"Escrito por":"Reginaldo J\u00fanior","Est. tempo de leitura":"3 minutos"},"schema":{"@context":"https:\/\/schema.org","@graph":[{"@type":"WebPage","@id":"https:\/\/portalmf.com.br\/index.php\/2022\/08\/25\/acm-neto-recebe-apoio-de-prefeito-de-sao-desiderio-em-grande-comicio-na-cidade\/","url":"https:\/\/portalmf.com.br\/index.php\/2022\/08\/25\/acm-neto-recebe-apoio-de-prefeito-de-sao-desiderio-em-grande-comicio-na-cidade\/","name":"ACM Neto recebe apoio de prefeito de S\u00e3o Desid\u00e9rio em grande com\u00edcio na cidade - Portal MF","isPartOf":{"@id":"https:\/\/portalmf.com.br\/#website"},"primaryImageOfPage":{"@id":"https:\/\/portalmf.com.br\/index.php\/2022\/08\/25\/acm-neto-recebe-apoio-de-prefeito-de-sao-desiderio-em-grande-comicio-na-cidade\/#primaryimage"},"image":{"@id":"https:\/\/portalmf.com.br\/index.php\/2022\/08\/25\/acm-neto-recebe-apoio-de-prefeito-de-sao-desiderio-em-grande-comicio-na-cidade\/#primaryimage"},"thumbnailUrl":"https:\/\/portalmf.com.br\/wp-content\/uploads\/2022\/08\/WhatsApp-Image-2022-08-25-at-09.42.30.jpeg","datePublished":"2022-08-25T16:25:00+00:00","dateModified":"2022-08-25T16:45:53+00:00","author":{"@id":"https:\/\/portalmf.com.br\/#\/schema\/person\/11c82086fe8abc05a19147e964587285"},"breadcrumb":{"@id":"https:\/\/portalmf.com.br\/index.php\/2022\/08\/25\/acm-neto-recebe-apoio-de-prefeito-de-sao-desiderio-em-grande-comicio-na-cidade\/#breadcrumb"},"inLanguage":"pt-BR","potentialAction":[{"@type":"ReadAction","target":["https:\/\/portalmf.com.br\/index.php\/2022\/08\/25\/acm-neto-recebe-apoio-de-prefeito-de-sao-desiderio-em-grande-comicio-na-cidade\/"]}]},{"@type":"ImageObject","inLanguage":"pt-BR","@id":"https:\/\/portalmf.com.br\/index.php\/2022\/08\/25\/acm-neto-recebe-apoio-de-prefeito-de-sao-desiderio-em-grande-comicio-na-cidade\/#primaryimage","url":"https:\/\/portalmf.com.br\/wp-content\/uploads\/2022\/08\/WhatsApp-Image-2022-08-25-at-09.42.30.jpeg","contentUrl":"https:\/\/portalmf.com.br\/wp-content\/uploads\/2022\/08\/WhatsApp-Image-2022-08-25-at-09.42.30.jpeg","width":1599,"height":1066},{"@type":"BreadcrumbList","@id":"https:\/\/portalmf.com.br\/index.php\/2022\/08\/25\/acm-neto-recebe-apoio-de-prefeito-de-sao-desiderio-em-grande-comicio-na-cidade\/#breadcrumb","itemListElement":[{"@type":"ListItem","position":1,"name":"In\u00edcio","item":"https:\/\/portalmf.com.br\/"},{"@type":"ListItem","position":2,"name":"ACM Neto recebe apoio de prefeito de S\u00e3o Desid\u00e9rio em grande com\u00edcio na cidade"}]},{"@type":"WebSite","@id":"https:\/\/portalmf.com.br\/#website","url":"https:\/\/portalmf.com.br\/","name":"Portal MF","description":"Voc\u00ea conectado com a informa\u00e7\u00e3o","potentialAction":[{"@type":"SearchAction","target":{"@type":"EntryPoint","urlTemplate":"https:\/\/portalmf.com.br\/?s={search_term_string}"},"query-input":"required name=search_term_string"}],"inLanguage":"pt-BR"},{"@type":"Person","@id":"https:\/\/portalmf.com.br\/#\/schema\/person\/11c82086fe8abc05a19147e964587285","name":"Reginaldo J\u00fanior","image":{"@type":"ImageObject","inLanguage":"pt-BR","@id":"https:\/\/portalmf.com.br\/#\/schema\/person\/image\/","url":"https:\/\/secure.gravatar.com\/avatar\/32a3c797cd0ac47cc53b8644c62776f9?s=96&d=mm&r=g","contentUrl":"https:\/\/secure.gravatar.com\/avatar\/32a3c797cd0ac47cc53b8644c62776f9?s=96&d=mm&r=g","caption":"Reginaldo J\u00fanior"},"description":"Jornalista e idealizador Portal MF","sameAs":["https:\/\/portalmf.com.br\/index.php\/author\/reginaldojr\/","reginaldojrfsa","reginaldojuniormf","https:\/\/x.com\/reginaldojrmf"],"url":"https:\/\/portalmf.com.br\/index.php\/author\/reginaldojr\/"}]}},"_links":{"self":[{"href":"https:\/\/portalmf.com.br\/index.php\/wp-json\/wp\/v2\/posts\/3581"}],"collection":[{"href":"https:\/\/portalmf.com.br\/index.php\/wp-json\/wp\/v2\/posts"}],"about":[{"href":"https:\/\/portalmf.com.br\/index.php\/wp-json\/wp\/v2\/types\/post"}],"author":[{"embeddable":true,"href":"https:\/\/portalmf.com.br\/index.php\/wp-json\/wp\/v2\/users\/2"}],"replies":[{"embeddable":true,"href":"https:\/\/portalmf.com.br\/index.php\/wp-json\/wp\/v2\/comments?post=3581"}],"version-history":[{"count":1,"href":"https:\/\/portalmf.com.br\/index.php\/wp-json\/wp\/v2\/posts\/3581\/revisions"}],"predecessor-version":[{"id":3583,"href":"https:\/\/portalmf.com.br\/index.php\/wp-json\/wp\/v2\/posts\/3581\/revisions\/3583"}],"wp:featuredmedia":[{"embeddable":true,"href":"https:\/\/portalmf.com.br\/index.php\/wp-json\/wp\/v2\/media\/3582"}],"wp:attachment":[{"href":"https:\/\/portalmf.com.br\/index.php\/wp-json\/wp\/v2\/media?parent=3581"}],"wp:term":[{"taxonomy":"category","embeddable":true,"href":"https:\/\/portalmf.com.br\/index.php\/wp-json\/wp\/v2\/categories?post=3581"},{"taxonomy":"post_tag","embeddable":true,"href":"https:\/\/portalmf.com.br\/index.php\/wp-json\/wp\/v2\/tags?post=3581"}],"curies":[{"name":"wp","href":"https:\/\/api.w.org\/{rel}","templated":true}]}}