{"id":35802,"date":"2025-05-01T09:18:24","date_gmt":"2025-05-01T12:18:24","guid":{"rendered":"https:\/\/portalmf.com.br\/?p=35802"},"modified":"2025-05-01T09:39:39","modified_gmt":"2025-05-01T12:39:39","slug":"jeronimo-rodrigues-desfila-no-bloco-zero-hora-ao-lado-de-profissionais-da-imprensa","status":"publish","type":"post","link":"https:\/\/portalmf.com.br\/index.php\/2025\/05\/01\/jeronimo-rodrigues-desfila-no-bloco-zero-hora-ao-lado-de-profissionais-da-imprensa\/","title":{"rendered":"Jer\u00f4nimo Rodrigues desfila no Bloco Zero Hora ao lado de profissionais da imprensa"},"content":{"rendered":"\n<p>Um dia antes da abertura oficial da Micareta de Feira de Santana, no Portal do Sert\u00e3o, o governador Jer\u00f4nimo Rodrigues prestigiou, na noite desta quarta (30), a sa\u00edda do bloco Zero Hora, no Centro Cultural Am\u00e9lio Amorim, ao lado de profissionais da imprensa, convidados e representantes da cultura feirense.<\/p>\n\n\n\n<p>\u201cEsse \u00e9 um bloco hist\u00f3rico de jornalistas, da comunica\u00e7\u00e3o. Ent\u00e3o \u00e9 muito importante estar aqui prestando uma homenagem a esses profissionais que v\u00e3o se divertir hoje e v\u00e3o pegar pesado nos pr\u00f3ximos quatro dias. Desejo uma \u00f3tima cobertura e de muita paz\u201d, declarou o governador.<\/p>\n\n\n\n<figure class=\"wp-block-image size-large\"><img fetchpriority=\"high\" decoding=\"async\" width=\"1024\" height=\"664\" src=\"https:\/\/portalmf.com.br\/wp-content\/uploads\/2025\/05\/IMG-20250501-WA0038-1024x664.jpg\" alt=\"\" class=\"wp-image-35806\" srcset=\"https:\/\/portalmf.com.br\/wp-content\/uploads\/2025\/05\/IMG-20250501-WA0038-1024x664.jpg 1024w, https:\/\/portalmf.com.br\/wp-content\/uploads\/2025\/05\/IMG-20250501-WA0038-300x194.jpg 300w, https:\/\/portalmf.com.br\/wp-content\/uploads\/2025\/05\/IMG-20250501-WA0038-768x498.jpg 768w, https:\/\/portalmf.com.br\/wp-content\/uploads\/2025\/05\/IMG-20250501-WA0038-1536x996.jpg 1536w, https:\/\/portalmf.com.br\/wp-content\/uploads\/2025\/05\/IMG-20250501-WA0038-696x451.jpg 696w, https:\/\/portalmf.com.br\/wp-content\/uploads\/2025\/05\/IMG-20250501-WA0038-1068x692.jpg 1068w, https:\/\/portalmf.com.br\/wp-content\/uploads\/2025\/05\/IMG-20250501-WA0038.jpg 1600w\" sizes=\"(max-width: 1024px) 100vw, 1024px\" \/><figcaption class=\"wp-element-caption\"><strong>Fotos: Feij\u00e3o Almeida\/GOVBA<\/strong><\/figcaption><\/figure>\n\n\n\n<p>O bloco, que tem apoio do Governo do Estado, por meio da Secretaria de Cultura (Secult), desfilou ao som do minitrio Rix\u00f4 El\u00e9trico, pelo circuito&nbsp;Maneca Ferreira, com encerramento&nbsp;na esquina da ag\u00eancia dos Correios, onde se encontram as&nbsp;avenidas Jo\u00e3o Durval e Presidente Dutra.<\/p>\n\n\n\n<p>O jornalista Fabr\u00edcio Almeida, 49, pertence \u00e0 nova gera\u00e7\u00e3o do Bloco Zero Hora, mas h\u00e1 pelo menos 20 anos prestigia a festa. \u201cFoi um bloco que deu certo, que valoriza a cultura da cidade. Atrai muita gente. \u00c9 o momento de conhecer e encontrar aquele que voc\u00ea acompanha no r\u00e1dio, na TV, e de confraterniza\u00e7\u00e3o dos profissionais tamb\u00e9m\u201d, disse.<\/p>\n\n\n\n<p>Para o secret\u00e1rio de Cultura do Estado, Bruno Monteiro, o bloco \u00e9 o abre-alas da celebra\u00e7\u00e3o dos 88 anos de tradi\u00e7\u00e3o da Micareta de Feira de Santana. \u201c\u00c9 o momento em que os profissionais da imprensa se re\u00fanem para mostrar todo o o potencial da festa, com leveza, entretenimento, mas tamb\u00e9m com desenvolvimento econ\u00f4mico, gera\u00e7\u00e3o de emprego e renda. O Governo do Estado firma a sua participa\u00e7\u00e3o na micareta apoiando o bloco, com o Ouro Negro e os blocos afro, a diversidade de atra\u00e7\u00f5es,<br>entendendo a cultura cada vez mais como um vetor de desenvolvimento para o estado da Bahia\u201d, pontuou.<\/p>\n\n\n\n<p>A gest\u00e3o estadual ainda garantiu para a Micareta de Feira de Santana, uma rica programa\u00e7\u00e3o cultural. Entre as a\u00e7\u00f5es, est\u00e3o o financiamento do desfile de 14 entidades de matriz africana, atrav\u00e9s do programa Ouro Negro, a cria\u00e7\u00e3o de um palco especial para apresenta\u00e7\u00f5es de artistas locais, o apoio ao tradicional bloco Zero Hora, ao bloco da Pol\u00edcia Militar com show da banda Parangol\u00e9 e ao Bloco dos Trabalhadores. Al\u00e9m disso, atra\u00e7\u00f5es locais animar\u00e3o o Palco Bel da Bonita (pranch\u00e3o), refor\u00e7ando a diversidade art\u00edstica.<\/p>\n\n\n\n<p><em>Sobre o bloco<\/em><\/p>\n\n\n\n<p>O Zero Hora foi criado na d\u00e9cada de 80 pelo empres\u00e1rio Edson Felzemburgh, amigo de muitos jornalistas. Uma carro\u00e7a puxada por um jegue serviu de \u201ctrio el\u00e9trico\u201d e foi animada por ningu\u00e9m menos que a banda Chiclete com Banana, que estava come\u00e7ando a carreira.<\/p>\n\n\n\n<p>O objetivo era permitir que os jornalistas, que trabalham muito durante a folia, brincassem um pouco antes da maratona de trabalho que enfrentam nos dias de festa. Com a inaugura\u00e7\u00e3o da TV Suba\u00e9, um grupo de jornalistas, formado por Edson Borges, Neire Matos, Reginaldo Pereira e Soraya Mesquita, recriou o bloco dentro dos mesmos moldes. Saindo na quarta, zero hora, com jornalistas e seus convidados.<\/p>\n\n\n\n<p><em>Rep\u00f3rter: Sim\u00f4nica Capistrano\/GOVBA<\/em><\/p>\n\n\n\n<p><\/p>\n","protected":false},"excerpt":{"rendered":"<p>Um dia antes da abertura oficial da Micareta de Feira de Santana, no Portal do Sert\u00e3o, o governador Jer\u00f4nimo Rodrigues prestigiou, na noite desta quarta (30), a sa\u00edda do bloco Zero Hora, no Centro Cultural Am\u00e9lio Amorim, ao lado de profissionais da imprensa, convidados e representantes da cultura feirense. \u201cEsse \u00e9 um bloco hist\u00f3rico de [&hellip;]<\/p>\n","protected":false},"author":3,"featured_media":35804,"comment_status":"open","ping_status":"open","sticky":false,"template":"","format":"standard","meta":{"_monsterinsights_skip_tracking":false,"_monsterinsights_sitenote_active":false,"_monsterinsights_sitenote_note":"","_monsterinsights_sitenote_category":0,"footnotes":""},"categories":[48,39],"tags":[],"yoast_head":"<!-- This site is optimized with the Yoast SEO plugin v22.9 - https:\/\/yoast.com\/wordpress\/plugins\/seo\/ -->\n<title>Jer\u00f4nimo Rodrigues desfila no Bloco Zero Hora ao lado de profissionais da imprensa - Portal MF<\/title>\n<meta name=\"robots\" content=\"index, follow, max-snippet:-1, max-image-preview:large, max-video-preview:-1\" \/>\n<link rel=\"canonical\" href=\"https:\/\/portalmf.com.br\/index.php\/2025\/05\/01\/jeronimo-rodrigues-desfila-no-bloco-zero-hora-ao-lado-de-profissionais-da-imprensa\/\" \/>\n<meta property=\"og:locale\" content=\"pt_BR\" \/>\n<meta property=\"og:type\" content=\"article\" \/>\n<meta property=\"og:title\" content=\"Jer\u00f4nimo Rodrigues desfila no Bloco Zero Hora ao lado de profissionais da imprensa - Portal MF\" \/>\n<meta property=\"og:description\" content=\"Um dia antes da abertura oficial da Micareta de Feira de Santana, no Portal do Sert\u00e3o, o governador Jer\u00f4nimo Rodrigues prestigiou, na noite desta quarta (30), a sa\u00edda do bloco Zero Hora, no Centro Cultural Am\u00e9lio Amorim, ao lado de profissionais da imprensa, convidados e representantes da cultura feirense. \u201cEsse \u00e9 um bloco hist\u00f3rico de [&hellip;]\" \/>\n<meta property=\"og:url\" content=\"https:\/\/portalmf.com.br\/index.php\/2025\/05\/01\/jeronimo-rodrigues-desfila-no-bloco-zero-hora-ao-lado-de-profissionais-da-imprensa\/\" \/>\n<meta property=\"og:site_name\" content=\"Portal MF\" \/>\n<meta property=\"article:author\" content=\"https:\/\/www.facebook.com\/portalmfoficial\" \/>\n<meta property=\"article:published_time\" content=\"2025-05-01T12:18:24+00:00\" \/>\n<meta property=\"article:modified_time\" content=\"2025-05-01T12:39:39+00:00\" \/>\n<meta property=\"og:image\" content=\"https:\/\/portalmf.com.br\/wp-content\/uploads\/2025\/05\/IMG-20250501-WA0037.jpg\" \/>\n\t<meta property=\"og:image:width\" content=\"1600\" \/>\n\t<meta property=\"og:image:height\" content=\"1054\" \/>\n\t<meta property=\"og:image:type\" content=\"image\/jpeg\" \/>\n<meta name=\"author\" content=\"Reda\u00e7\u00e3o Portal MF\" \/>\n<meta name=\"twitter:card\" content=\"summary_large_image\" \/>\n<meta name=\"twitter:creator\" content=\"@https:\/\/x.com\/portalmfoficial\" \/>\n<meta name=\"twitter:label1\" content=\"Escrito por\" \/>\n\t<meta name=\"twitter:data1\" content=\"Reda\u00e7\u00e3o Portal MF\" \/>\n\t<meta name=\"twitter:label2\" content=\"Est. tempo de leitura\" \/>\n\t<meta name=\"twitter:data2\" content=\"4 minutos\" \/>\n<script type=\"application\/ld+json\" class=\"yoast-schema-graph\">{\"@context\":\"https:\/\/schema.org\",\"@graph\":[{\"@type\":\"WebPage\",\"@id\":\"https:\/\/portalmf.com.br\/index.php\/2025\/05\/01\/jeronimo-rodrigues-desfila-no-bloco-zero-hora-ao-lado-de-profissionais-da-imprensa\/\",\"url\":\"https:\/\/portalmf.com.br\/index.php\/2025\/05\/01\/jeronimo-rodrigues-desfila-no-bloco-zero-hora-ao-lado-de-profissionais-da-imprensa\/\",\"name\":\"Jer\u00f4nimo Rodrigues desfila no Bloco Zero Hora ao lado de profissionais da imprensa - Portal MF\",\"isPartOf\":{\"@id\":\"https:\/\/portalmf.com.br\/#website\"},\"primaryImageOfPage\":{\"@id\":\"https:\/\/portalmf.com.br\/index.php\/2025\/05\/01\/jeronimo-rodrigues-desfila-no-bloco-zero-hora-ao-lado-de-profissionais-da-imprensa\/#primaryimage\"},\"image\":{\"@id\":\"https:\/\/portalmf.com.br\/index.php\/2025\/05\/01\/jeronimo-rodrigues-desfila-no-bloco-zero-hora-ao-lado-de-profissionais-da-imprensa\/#primaryimage\"},\"thumbnailUrl\":\"https:\/\/portalmf.com.br\/wp-content\/uploads\/2025\/05\/IMG-20250501-WA0037.jpg\",\"datePublished\":\"2025-05-01T12:18:24+00:00\",\"dateModified\":\"2025-05-01T12:39:39+00:00\",\"author\":{\"@id\":\"https:\/\/portalmf.com.br\/#\/schema\/person\/9ec101baf56233e53520c26de5d6f6f0\"},\"breadcrumb\":{\"@id\":\"https:\/\/portalmf.com.br\/index.php\/2025\/05\/01\/jeronimo-rodrigues-desfila-no-bloco-zero-hora-ao-lado-de-profissionais-da-imprensa\/#breadcrumb\"},\"inLanguage\":\"pt-BR\",\"potentialAction\":[{\"@type\":\"ReadAction\",\"target\":[\"https:\/\/portalmf.com.br\/index.php\/2025\/05\/01\/jeronimo-rodrigues-desfila-no-bloco-zero-hora-ao-lado-de-profissionais-da-imprensa\/\"]}]},{\"@type\":\"ImageObject\",\"inLanguage\":\"pt-BR\",\"@id\":\"https:\/\/portalmf.com.br\/index.php\/2025\/05\/01\/jeronimo-rodrigues-desfila-no-bloco-zero-hora-ao-lado-de-profissionais-da-imprensa\/#primaryimage\",\"url\":\"https:\/\/portalmf.com.br\/wp-content\/uploads\/2025\/05\/IMG-20250501-WA0037.jpg\",\"contentUrl\":\"https:\/\/portalmf.com.br\/wp-content\/uploads\/2025\/05\/IMG-20250501-WA0037.jpg\",\"width\":1600,\"height\":1054},{\"@type\":\"BreadcrumbList\",\"@id\":\"https:\/\/portalmf.com.br\/index.php\/2025\/05\/01\/jeronimo-rodrigues-desfila-no-bloco-zero-hora-ao-lado-de-profissionais-da-imprensa\/#breadcrumb\",\"itemListElement\":[{\"@type\":\"ListItem\",\"position\":1,\"name\":\"In\u00edcio\",\"item\":\"https:\/\/portalmf.com.br\/\"},{\"@type\":\"ListItem\",\"position\":2,\"name\":\"Jer\u00f4nimo Rodrigues desfila no Bloco Zero Hora ao lado de profissionais da imprensa\"}]},{\"@type\":\"WebSite\",\"@id\":\"https:\/\/portalmf.com.br\/#website\",\"url\":\"https:\/\/portalmf.com.br\/\",\"name\":\"Portal MF\",\"description\":\"Voc\u00ea conectado com a informa\u00e7\u00e3o\",\"potentialAction\":[{\"@type\":\"SearchAction\",\"target\":{\"@type\":\"EntryPoint\",\"urlTemplate\":\"https:\/\/portalmf.com.br\/?s={search_term_string}\"},\"query-input\":\"required name=search_term_string\"}],\"inLanguage\":\"pt-BR\"},{\"@type\":\"Person\",\"@id\":\"https:\/\/portalmf.com.br\/#\/schema\/person\/9ec101baf56233e53520c26de5d6f6f0\",\"name\":\"Reda\u00e7\u00e3o Portal MF\",\"image\":{\"@type\":\"ImageObject\",\"inLanguage\":\"pt-BR\",\"@id\":\"https:\/\/portalmf.com.br\/#\/schema\/person\/image\/\",\"url\":\"https:\/\/secure.gravatar.com\/avatar\/41b9aaeb2100835f7c64362330f74c7f?s=96&d=mm&r=g\",\"contentUrl\":\"https:\/\/secure.gravatar.com\/avatar\/41b9aaeb2100835f7c64362330f74c7f?s=96&d=mm&r=g\",\"caption\":\"Reda\u00e7\u00e3o Portal MF\"},\"description\":\"Sejam bem-vindos o portal de informa\u00e7\u00f5es de entretenimento de Feira de Santana, desde 2006 realiza coberturas dos principais eventos com entrevistas exclusivas com as principais personalidades mundiais. Fique conectado tamb\u00e9m nas redes sociais.\",\"sameAs\":[\"http:\/\/www.portalmf.com.br\/\",\"https:\/\/www.facebook.com\/portalmfoficial\",\"https:\/\/www.instagram.com\/portalmf\/\",\"https:\/\/x.com\/https:\/\/x.com\/portalmfoficial\",\"https:\/\/www.youtube.com\/@portalmfoficial\"],\"url\":\"https:\/\/portalmf.com.br\/index.php\/author\/junior\/\"}]}<\/script>\n<!-- \/ Yoast SEO plugin. -->","yoast_head_json":{"title":"Jer\u00f4nimo Rodrigues desfila no Bloco Zero Hora ao lado de profissionais da imprensa - Portal MF","robots":{"index":"index","follow":"follow","max-snippet":"max-snippet:-1","max-image-preview":"max-image-preview:large","max-video-preview":"max-video-preview:-1"},"canonical":"https:\/\/portalmf.com.br\/index.php\/2025\/05\/01\/jeronimo-rodrigues-desfila-no-bloco-zero-hora-ao-lado-de-profissionais-da-imprensa\/","og_locale":"pt_BR","og_type":"article","og_title":"Jer\u00f4nimo Rodrigues desfila no Bloco Zero Hora ao lado de profissionais da imprensa - Portal MF","og_description":"Um dia antes da abertura oficial da Micareta de Feira de Santana, no Portal do Sert\u00e3o, o governador Jer\u00f4nimo Rodrigues prestigiou, na noite desta quarta (30), a sa\u00edda do bloco Zero Hora, no Centro Cultural Am\u00e9lio Amorim, ao lado de profissionais da imprensa, convidados e representantes da cultura feirense. \u201cEsse \u00e9 um bloco hist\u00f3rico de [&hellip;]","og_url":"https:\/\/portalmf.com.br\/index.php\/2025\/05\/01\/jeronimo-rodrigues-desfila-no-bloco-zero-hora-ao-lado-de-profissionais-da-imprensa\/","og_site_name":"Portal MF","article_author":"https:\/\/www.facebook.com\/portalmfoficial","article_published_time":"2025-05-01T12:18:24+00:00","article_modified_time":"2025-05-01T12:39:39+00:00","og_image":[{"width":1600,"height":1054,"url":"https:\/\/portalmf.com.br\/wp-content\/uploads\/2025\/05\/IMG-20250501-WA0037.jpg","type":"image\/jpeg"}],"author":"Reda\u00e7\u00e3o Portal MF","twitter_card":"summary_large_image","twitter_creator":"@https:\/\/x.com\/portalmfoficial","twitter_misc":{"Escrito por":"Reda\u00e7\u00e3o Portal MF","Est. tempo de leitura":"4 minutos"},"schema":{"@context":"https:\/\/schema.org","@graph":[{"@type":"WebPage","@id":"https:\/\/portalmf.com.br\/index.php\/2025\/05\/01\/jeronimo-rodrigues-desfila-no-bloco-zero-hora-ao-lado-de-profissionais-da-imprensa\/","url":"https:\/\/portalmf.com.br\/index.php\/2025\/05\/01\/jeronimo-rodrigues-desfila-no-bloco-zero-hora-ao-lado-de-profissionais-da-imprensa\/","name":"Jer\u00f4nimo Rodrigues desfila no Bloco Zero Hora ao lado de profissionais da imprensa - Portal MF","isPartOf":{"@id":"https:\/\/portalmf.com.br\/#website"},"primaryImageOfPage":{"@id":"https:\/\/portalmf.com.br\/index.php\/2025\/05\/01\/jeronimo-rodrigues-desfila-no-bloco-zero-hora-ao-lado-de-profissionais-da-imprensa\/#primaryimage"},"image":{"@id":"https:\/\/portalmf.com.br\/index.php\/2025\/05\/01\/jeronimo-rodrigues-desfila-no-bloco-zero-hora-ao-lado-de-profissionais-da-imprensa\/#primaryimage"},"thumbnailUrl":"https:\/\/portalmf.com.br\/wp-content\/uploads\/2025\/05\/IMG-20250501-WA0037.jpg","datePublished":"2025-05-01T12:18:24+00:00","dateModified":"2025-05-01T12:39:39+00:00","author":{"@id":"https:\/\/portalmf.com.br\/#\/schema\/person\/9ec101baf56233e53520c26de5d6f6f0"},"breadcrumb":{"@id":"https:\/\/portalmf.com.br\/index.php\/2025\/05\/01\/jeronimo-rodrigues-desfila-no-bloco-zero-hora-ao-lado-de-profissionais-da-imprensa\/#breadcrumb"},"inLanguage":"pt-BR","potentialAction":[{"@type":"ReadAction","target":["https:\/\/portalmf.com.br\/index.php\/2025\/05\/01\/jeronimo-rodrigues-desfila-no-bloco-zero-hora-ao-lado-de-profissionais-da-imprensa\/"]}]},{"@type":"ImageObject","inLanguage":"pt-BR","@id":"https:\/\/portalmf.com.br\/index.php\/2025\/05\/01\/jeronimo-rodrigues-desfila-no-bloco-zero-hora-ao-lado-de-profissionais-da-imprensa\/#primaryimage","url":"https:\/\/portalmf.com.br\/wp-content\/uploads\/2025\/05\/IMG-20250501-WA0037.jpg","contentUrl":"https:\/\/portalmf.com.br\/wp-content\/uploads\/2025\/05\/IMG-20250501-WA0037.jpg","width":1600,"height":1054},{"@type":"BreadcrumbList","@id":"https:\/\/portalmf.com.br\/index.php\/2025\/05\/01\/jeronimo-rodrigues-desfila-no-bloco-zero-hora-ao-lado-de-profissionais-da-imprensa\/#breadcrumb","itemListElement":[{"@type":"ListItem","position":1,"name":"In\u00edcio","item":"https:\/\/portalmf.com.br\/"},{"@type":"ListItem","position":2,"name":"Jer\u00f4nimo Rodrigues desfila no Bloco Zero Hora ao lado de profissionais da imprensa"}]},{"@type":"WebSite","@id":"https:\/\/portalmf.com.br\/#website","url":"https:\/\/portalmf.com.br\/","name":"Portal MF","description":"Voc\u00ea conectado com a informa\u00e7\u00e3o","potentialAction":[{"@type":"SearchAction","target":{"@type":"EntryPoint","urlTemplate":"https:\/\/portalmf.com.br\/?s={search_term_string}"},"query-input":"required name=search_term_string"}],"inLanguage":"pt-BR"},{"@type":"Person","@id":"https:\/\/portalmf.com.br\/#\/schema\/person\/9ec101baf56233e53520c26de5d6f6f0","name":"Reda\u00e7\u00e3o Portal MF","image":{"@type":"ImageObject","inLanguage":"pt-BR","@id":"https:\/\/portalmf.com.br\/#\/schema\/person\/image\/","url":"https:\/\/secure.gravatar.com\/avatar\/41b9aaeb2100835f7c64362330f74c7f?s=96&d=mm&r=g","contentUrl":"https:\/\/secure.gravatar.com\/avatar\/41b9aaeb2100835f7c64362330f74c7f?s=96&d=mm&r=g","caption":"Reda\u00e7\u00e3o Portal MF"},"description":"Sejam bem-vindos o portal de informa\u00e7\u00f5es de entretenimento de Feira de Santana, desde 2006 realiza coberturas dos principais eventos com entrevistas exclusivas com as principais personalidades mundiais. Fique conectado tamb\u00e9m nas redes sociais.","sameAs":["http:\/\/www.portalmf.com.br\/","https:\/\/www.facebook.com\/portalmfoficial","https:\/\/www.instagram.com\/portalmf\/","https:\/\/x.com\/https:\/\/x.com\/portalmfoficial","https:\/\/www.youtube.com\/@portalmfoficial"],"url":"https:\/\/portalmf.com.br\/index.php\/author\/junior\/"}]}},"_links":{"self":[{"href":"https:\/\/portalmf.com.br\/index.php\/wp-json\/wp\/v2\/posts\/35802"}],"collection":[{"href":"https:\/\/portalmf.com.br\/index.php\/wp-json\/wp\/v2\/posts"}],"about":[{"href":"https:\/\/portalmf.com.br\/index.php\/wp-json\/wp\/v2\/types\/post"}],"author":[{"embeddable":true,"href":"https:\/\/portalmf.com.br\/index.php\/wp-json\/wp\/v2\/users\/3"}],"replies":[{"embeddable":true,"href":"https:\/\/portalmf.com.br\/index.php\/wp-json\/wp\/v2\/comments?post=35802"}],"version-history":[{"count":2,"href":"https:\/\/portalmf.com.br\/index.php\/wp-json\/wp\/v2\/posts\/35802\/revisions"}],"predecessor-version":[{"id":35809,"href":"https:\/\/portalmf.com.br\/index.php\/wp-json\/wp\/v2\/posts\/35802\/revisions\/35809"}],"wp:featuredmedia":[{"embeddable":true,"href":"https:\/\/portalmf.com.br\/index.php\/wp-json\/wp\/v2\/media\/35804"}],"wp:attachment":[{"href":"https:\/\/portalmf.com.br\/index.php\/wp-json\/wp\/v2\/media?parent=35802"}],"wp:term":[{"taxonomy":"category","embeddable":true,"href":"https:\/\/portalmf.com.br\/index.php\/wp-json\/wp\/v2\/categories?post=35802"},{"taxonomy":"post_tag","embeddable":true,"href":"https:\/\/portalmf.com.br\/index.php\/wp-json\/wp\/v2\/tags?post=35802"}],"curies":[{"name":"wp","href":"https:\/\/api.w.org\/{rel}","templated":true}]}}