{"id":35789,"date":"2025-04-30T18:24:41","date_gmt":"2025-04-30T21:24:41","guid":{"rendered":"https:\/\/portalmf.com.br\/?p=35789"},"modified":"2025-04-30T18:24:42","modified_gmt":"2025-04-30T21:24:42","slug":"paulinho-sucesso-leva-samba-ao-pranchao-e-celebra-trajetoria-com-nova-musica-autoral-na-micareta","status":"publish","type":"post","link":"https:\/\/portalmf.com.br\/index.php\/2025\/04\/30\/paulinho-sucesso-leva-samba-ao-pranchao-e-celebra-trajetoria-com-nova-musica-autoral-na-micareta\/","title":{"rendered":"Paulinho Sucesso leva samba ao Pranch\u00e3o e celebra trajet\u00f3ria com nova m\u00fasica autoral na Micareta"},"content":{"rendered":"\n<p>O cantor feirense Paulinho Sucesso ser\u00e1 uma das atra\u00e7\u00f5es da Micareta de Feira 2025. Ele sobe ao palco Pranch\u00e3o no s\u00e1bado, 3\/05), \u00e0s 18h, levando um repert\u00f3rio marcado por samba, MPB e pegadas do pagod\u00e3o baiano. Em entrevista ao programa Folia Geral, apresentado por Reginaldo J\u00fanior na R\u00e1dio Geral, o artista relembrou sua trajet\u00f3ria musical e falou sobre a emo\u00e7\u00e3o de participar da maior festa popular da cidade.<\/p>\n\n\n\n<p>Natural de Feira de Santana, Paulinho contou que sua liga\u00e7\u00e3o com a m\u00fasica come\u00e7ou ainda na inf\u00e2ncia, quando passava os dias sozinho ouvindo discos de vinil em casa. <\/p>\n\n\n\n<p><em>\u201cMinha m\u00e3e teve seis filhos, eu sou o ca\u00e7ula. Tinha uns discos antigos l\u00e1 em casa: Roberto Ribeiro, AGP\u2026 meus irm\u00e3os iam trabalhar, e eu ficava ouvindo r\u00e1dio e os LPs. N\u00e3o tinha internet, nada. Comecei a escutar sem inten\u00e7\u00e3o, e acabei me apaixonando pelo samba\u201d,<\/em> relembra.<\/p>\n\n\n\n<p>Aos 16 anos, entrou para a banda Coisa do Destino, inicialmente como percussionista, e mais tarde passou tamb\u00e9m aos vocais. Tamb\u00e9m integrou o grupo Chamego da Gente antes de iniciar carreira solo, se apresentando em bares da cidade. O nome art\u00edstico \u201cPaulinho Sucesso\u201d surgiu quase por acaso: <\/p>\n\n\n\n<p><em>\u201cComo meu nome \u00e9 Paulo S\u00e9rgio, o pessoal come\u00e7ou a me chamar de PS, e depois virou Paulinho Sucesso porque diziam que eu era um sucesso e a\u00ed ficou, e pegou!\u201d<\/em>, conta .<\/p>\n\n\n\n<p>Apesar de ter o samba como raiz, Paulinho construiu um repert\u00f3rio vers\u00e1til. \u201cMinha vertente \u00e9 o samba, mas canto tamb\u00e9m MPB, pop rock, samba de roda e at\u00e9 pagod\u00e3o. Mas o p\u00fablico me conhece mesmo pelo samba tradicional\u201d, afirma.<\/p>\n\n\n\n<p>Entre as novidades para este ano est\u00e1 a m\u00fasica autoral \u201cVai Muleke\u201d, j\u00e1 dispon\u00edvel nas plataformas digitais. A can\u00e7\u00e3o traz uma mensagem social forte, falando sobre a juventude e os desafios da vida.<em> \u201cA letra fala de um garoto levando uma vida desregrada, deixando a m\u00e3e preocupada. \u00c9 um chamado \u00e0 consci\u00eancia, para mostrar que sempre \u00e9 tempo de mudar e recome\u00e7ar.\u201d<\/em><\/p>\n\n\n\n<p>Paulinho tamb\u00e9m revelou que sua rela\u00e7\u00e3o com a Micareta \u00e9 antiga e carregada de mem\u00f3rias afetivas.<em> \u201cSempre fui piolho de trio. Com 10, 11 anos, eu e um amigo fic\u00e1vamos na concentra\u00e7\u00e3o vendo os trios el\u00e9tricos chegarem. A gente pedia ao pessoal do trio pra ajudar a lavar, s\u00f3 pra ter chance de subir depois. Desde crian\u00e7a gosto disso: de estar no trio, no palco, de viver essa energia.\u201d<\/em><\/p>\n\n\n\n<p>Agora, com carreira consolidada e presen\u00e7a confirmada na grade oficial da Micareta, Paulinho Sucesso celebra um momento especial. <em>\u201c\u00c9 gratificante estar nesse lugar onde tantos artistas sonham estar. Vou entregar tudo nesse show\u201d, <\/em>promete.<\/p>\n\n\n\n<figure class=\"wp-block-embed is-type-video is-provider-youtube wp-block-embed-youtube wp-embed-aspect-16-9 wp-has-aspect-ratio\"><div class=\"wp-block-embed__wrapper\">\n<iframe title=\"Programa Folia Geral com Reginaldo Junior entrevista com Paulinho Sucesso   - 08\/04\/2025\" width=\"696\" height=\"392\" src=\"https:\/\/www.youtube.com\/embed\/MWFFwry7_T4?feature=oembed\" frameborder=\"0\" allow=\"accelerometer; autoplay; clipboard-write; encrypted-media; gyroscope; picture-in-picture; web-share\" referrerpolicy=\"strict-origin-when-cross-origin\" allowfullscreen><\/iframe>\n<\/div><\/figure>\n","protected":false},"excerpt":{"rendered":"<p>O cantor feirense Paulinho Sucesso ser\u00e1 uma das atra\u00e7\u00f5es da Micareta de Feira 2025. Ele sobe ao palco Pranch\u00e3o no s\u00e1bado, 3\/05), \u00e0s 18h, levando um repert\u00f3rio marcado por samba, MPB e pegadas do pagod\u00e3o baiano. Em entrevista ao programa Folia Geral, apresentado por Reginaldo J\u00fanior na R\u00e1dio Geral, o artista relembrou sua trajet\u00f3ria musical [&hellip;]<\/p>\n","protected":false},"author":3,"featured_media":35790,"comment_status":"open","ping_status":"open","sticky":false,"template":"","format":"standard","meta":{"_monsterinsights_skip_tracking":false,"_monsterinsights_sitenote_active":false,"_monsterinsights_sitenote_note":"","_monsterinsights_sitenote_category":0,"footnotes":""},"categories":[47,39],"tags":[],"yoast_head":"<!-- This site is optimized with the Yoast SEO plugin v22.9 - https:\/\/yoast.com\/wordpress\/plugins\/seo\/ -->\n<title>Paulinho Sucesso leva samba ao Pranch\u00e3o e celebra trajet\u00f3ria com nova m\u00fasica autoral na Micareta - Portal MF<\/title>\n<meta name=\"robots\" content=\"index, follow, max-snippet:-1, max-image-preview:large, max-video-preview:-1\" \/>\n<link rel=\"canonical\" href=\"https:\/\/portalmf.com.br\/index.php\/2025\/04\/30\/paulinho-sucesso-leva-samba-ao-pranchao-e-celebra-trajetoria-com-nova-musica-autoral-na-micareta\/\" \/>\n<meta property=\"og:locale\" content=\"pt_BR\" \/>\n<meta property=\"og:type\" content=\"article\" \/>\n<meta property=\"og:title\" content=\"Paulinho Sucesso leva samba ao Pranch\u00e3o e celebra trajet\u00f3ria com nova m\u00fasica autoral na Micareta - Portal MF\" \/>\n<meta property=\"og:description\" content=\"O cantor feirense Paulinho Sucesso ser\u00e1 uma das atra\u00e7\u00f5es da Micareta de Feira 2025. Ele sobe ao palco Pranch\u00e3o no s\u00e1bado, 3\/05), \u00e0s 18h, levando um repert\u00f3rio marcado por samba, MPB e pegadas do pagod\u00e3o baiano. Em entrevista ao programa Folia Geral, apresentado por Reginaldo J\u00fanior na R\u00e1dio Geral, o artista relembrou sua trajet\u00f3ria musical [&hellip;]\" \/>\n<meta property=\"og:url\" content=\"https:\/\/portalmf.com.br\/index.php\/2025\/04\/30\/paulinho-sucesso-leva-samba-ao-pranchao-e-celebra-trajetoria-com-nova-musica-autoral-na-micareta\/\" \/>\n<meta property=\"og:site_name\" content=\"Portal MF\" \/>\n<meta property=\"article:author\" content=\"https:\/\/www.facebook.com\/portalmfoficial\" \/>\n<meta property=\"article:published_time\" content=\"2025-04-30T21:24:41+00:00\" \/>\n<meta property=\"article:modified_time\" content=\"2025-04-30T21:24:42+00:00\" \/>\n<meta property=\"og:image\" content=\"https:\/\/portalmf.com.br\/wp-content\/uploads\/2025\/04\/paulinho_sucesso_.jpg\" \/>\n\t<meta property=\"og:image:width\" content=\"1600\" \/>\n\t<meta property=\"og:image:height\" content=\"1200\" \/>\n\t<meta property=\"og:image:type\" content=\"image\/jpeg\" \/>\n<meta name=\"author\" content=\"Reda\u00e7\u00e3o Portal MF\" \/>\n<meta name=\"twitter:card\" content=\"summary_large_image\" \/>\n<meta name=\"twitter:creator\" content=\"@https:\/\/x.com\/portalmfoficial\" \/>\n<meta name=\"twitter:label1\" content=\"Escrito por\" \/>\n\t<meta name=\"twitter:data1\" content=\"Reda\u00e7\u00e3o Portal MF\" \/>\n\t<meta name=\"twitter:label2\" content=\"Est. tempo de leitura\" \/>\n\t<meta name=\"twitter:data2\" content=\"3 minutos\" \/>\n<script type=\"application\/ld+json\" class=\"yoast-schema-graph\">{\"@context\":\"https:\/\/schema.org\",\"@graph\":[{\"@type\":\"WebPage\",\"@id\":\"https:\/\/portalmf.com.br\/index.php\/2025\/04\/30\/paulinho-sucesso-leva-samba-ao-pranchao-e-celebra-trajetoria-com-nova-musica-autoral-na-micareta\/\",\"url\":\"https:\/\/portalmf.com.br\/index.php\/2025\/04\/30\/paulinho-sucesso-leva-samba-ao-pranchao-e-celebra-trajetoria-com-nova-musica-autoral-na-micareta\/\",\"name\":\"Paulinho Sucesso leva samba ao Pranch\u00e3o e celebra trajet\u00f3ria com nova m\u00fasica autoral na Micareta - Portal MF\",\"isPartOf\":{\"@id\":\"https:\/\/portalmf.com.br\/#website\"},\"primaryImageOfPage\":{\"@id\":\"https:\/\/portalmf.com.br\/index.php\/2025\/04\/30\/paulinho-sucesso-leva-samba-ao-pranchao-e-celebra-trajetoria-com-nova-musica-autoral-na-micareta\/#primaryimage\"},\"image\":{\"@id\":\"https:\/\/portalmf.com.br\/index.php\/2025\/04\/30\/paulinho-sucesso-leva-samba-ao-pranchao-e-celebra-trajetoria-com-nova-musica-autoral-na-micareta\/#primaryimage\"},\"thumbnailUrl\":\"https:\/\/portalmf.com.br\/wp-content\/uploads\/2025\/04\/paulinho_sucesso_.jpg\",\"datePublished\":\"2025-04-30T21:24:41+00:00\",\"dateModified\":\"2025-04-30T21:24:42+00:00\",\"author\":{\"@id\":\"https:\/\/portalmf.com.br\/#\/schema\/person\/9ec101baf56233e53520c26de5d6f6f0\"},\"breadcrumb\":{\"@id\":\"https:\/\/portalmf.com.br\/index.php\/2025\/04\/30\/paulinho-sucesso-leva-samba-ao-pranchao-e-celebra-trajetoria-com-nova-musica-autoral-na-micareta\/#breadcrumb\"},\"inLanguage\":\"pt-BR\",\"potentialAction\":[{\"@type\":\"ReadAction\",\"target\":[\"https:\/\/portalmf.com.br\/index.php\/2025\/04\/30\/paulinho-sucesso-leva-samba-ao-pranchao-e-celebra-trajetoria-com-nova-musica-autoral-na-micareta\/\"]}]},{\"@type\":\"ImageObject\",\"inLanguage\":\"pt-BR\",\"@id\":\"https:\/\/portalmf.com.br\/index.php\/2025\/04\/30\/paulinho-sucesso-leva-samba-ao-pranchao-e-celebra-trajetoria-com-nova-musica-autoral-na-micareta\/#primaryimage\",\"url\":\"https:\/\/portalmf.com.br\/wp-content\/uploads\/2025\/04\/paulinho_sucesso_.jpg\",\"contentUrl\":\"https:\/\/portalmf.com.br\/wp-content\/uploads\/2025\/04\/paulinho_sucesso_.jpg\",\"width\":1600,\"height\":1200},{\"@type\":\"BreadcrumbList\",\"@id\":\"https:\/\/portalmf.com.br\/index.php\/2025\/04\/30\/paulinho-sucesso-leva-samba-ao-pranchao-e-celebra-trajetoria-com-nova-musica-autoral-na-micareta\/#breadcrumb\",\"itemListElement\":[{\"@type\":\"ListItem\",\"position\":1,\"name\":\"In\u00edcio\",\"item\":\"https:\/\/portalmf.com.br\/\"},{\"@type\":\"ListItem\",\"position\":2,\"name\":\"Paulinho Sucesso leva samba ao Pranch\u00e3o e celebra trajet\u00f3ria com nova m\u00fasica autoral na Micareta\"}]},{\"@type\":\"WebSite\",\"@id\":\"https:\/\/portalmf.com.br\/#website\",\"url\":\"https:\/\/portalmf.com.br\/\",\"name\":\"Portal MF\",\"description\":\"Voc\u00ea conectado com a informa\u00e7\u00e3o\",\"potentialAction\":[{\"@type\":\"SearchAction\",\"target\":{\"@type\":\"EntryPoint\",\"urlTemplate\":\"https:\/\/portalmf.com.br\/?s={search_term_string}\"},\"query-input\":\"required name=search_term_string\"}],\"inLanguage\":\"pt-BR\"},{\"@type\":\"Person\",\"@id\":\"https:\/\/portalmf.com.br\/#\/schema\/person\/9ec101baf56233e53520c26de5d6f6f0\",\"name\":\"Reda\u00e7\u00e3o Portal MF\",\"image\":{\"@type\":\"ImageObject\",\"inLanguage\":\"pt-BR\",\"@id\":\"https:\/\/portalmf.com.br\/#\/schema\/person\/image\/\",\"url\":\"https:\/\/secure.gravatar.com\/avatar\/41b9aaeb2100835f7c64362330f74c7f?s=96&d=mm&r=g\",\"contentUrl\":\"https:\/\/secure.gravatar.com\/avatar\/41b9aaeb2100835f7c64362330f74c7f?s=96&d=mm&r=g\",\"caption\":\"Reda\u00e7\u00e3o Portal MF\"},\"description\":\"Sejam bem-vindos o portal de informa\u00e7\u00f5es de entretenimento de Feira de Santana, desde 2006 realiza coberturas dos principais eventos com entrevistas exclusivas com as principais personalidades mundiais. Fique conectado tamb\u00e9m nas redes sociais.\",\"sameAs\":[\"http:\/\/www.portalmf.com.br\/\",\"https:\/\/www.facebook.com\/portalmfoficial\",\"https:\/\/www.instagram.com\/portalmf\/\",\"https:\/\/x.com\/https:\/\/x.com\/portalmfoficial\",\"https:\/\/www.youtube.com\/@portalmfoficial\"],\"url\":\"https:\/\/portalmf.com.br\/index.php\/author\/junior\/\"}]}<\/script>\n<!-- \/ Yoast SEO plugin. -->","yoast_head_json":{"title":"Paulinho Sucesso leva samba ao Pranch\u00e3o e celebra trajet\u00f3ria com nova m\u00fasica autoral na Micareta - Portal MF","robots":{"index":"index","follow":"follow","max-snippet":"max-snippet:-1","max-image-preview":"max-image-preview:large","max-video-preview":"max-video-preview:-1"},"canonical":"https:\/\/portalmf.com.br\/index.php\/2025\/04\/30\/paulinho-sucesso-leva-samba-ao-pranchao-e-celebra-trajetoria-com-nova-musica-autoral-na-micareta\/","og_locale":"pt_BR","og_type":"article","og_title":"Paulinho Sucesso leva samba ao Pranch\u00e3o e celebra trajet\u00f3ria com nova m\u00fasica autoral na Micareta - Portal MF","og_description":"O cantor feirense Paulinho Sucesso ser\u00e1 uma das atra\u00e7\u00f5es da Micareta de Feira 2025. Ele sobe ao palco Pranch\u00e3o no s\u00e1bado, 3\/05), \u00e0s 18h, levando um repert\u00f3rio marcado por samba, MPB e pegadas do pagod\u00e3o baiano. Em entrevista ao programa Folia Geral, apresentado por Reginaldo J\u00fanior na R\u00e1dio Geral, o artista relembrou sua trajet\u00f3ria musical [&hellip;]","og_url":"https:\/\/portalmf.com.br\/index.php\/2025\/04\/30\/paulinho-sucesso-leva-samba-ao-pranchao-e-celebra-trajetoria-com-nova-musica-autoral-na-micareta\/","og_site_name":"Portal MF","article_author":"https:\/\/www.facebook.com\/portalmfoficial","article_published_time":"2025-04-30T21:24:41+00:00","article_modified_time":"2025-04-30T21:24:42+00:00","og_image":[{"width":1600,"height":1200,"url":"https:\/\/portalmf.com.br\/wp-content\/uploads\/2025\/04\/paulinho_sucesso_.jpg","type":"image\/jpeg"}],"author":"Reda\u00e7\u00e3o Portal MF","twitter_card":"summary_large_image","twitter_creator":"@https:\/\/x.com\/portalmfoficial","twitter_misc":{"Escrito por":"Reda\u00e7\u00e3o Portal MF","Est. tempo de leitura":"3 minutos"},"schema":{"@context":"https:\/\/schema.org","@graph":[{"@type":"WebPage","@id":"https:\/\/portalmf.com.br\/index.php\/2025\/04\/30\/paulinho-sucesso-leva-samba-ao-pranchao-e-celebra-trajetoria-com-nova-musica-autoral-na-micareta\/","url":"https:\/\/portalmf.com.br\/index.php\/2025\/04\/30\/paulinho-sucesso-leva-samba-ao-pranchao-e-celebra-trajetoria-com-nova-musica-autoral-na-micareta\/","name":"Paulinho Sucesso leva samba ao Pranch\u00e3o e celebra trajet\u00f3ria com nova m\u00fasica autoral na Micareta - Portal MF","isPartOf":{"@id":"https:\/\/portalmf.com.br\/#website"},"primaryImageOfPage":{"@id":"https:\/\/portalmf.com.br\/index.php\/2025\/04\/30\/paulinho-sucesso-leva-samba-ao-pranchao-e-celebra-trajetoria-com-nova-musica-autoral-na-micareta\/#primaryimage"},"image":{"@id":"https:\/\/portalmf.com.br\/index.php\/2025\/04\/30\/paulinho-sucesso-leva-samba-ao-pranchao-e-celebra-trajetoria-com-nova-musica-autoral-na-micareta\/#primaryimage"},"thumbnailUrl":"https:\/\/portalmf.com.br\/wp-content\/uploads\/2025\/04\/paulinho_sucesso_.jpg","datePublished":"2025-04-30T21:24:41+00:00","dateModified":"2025-04-30T21:24:42+00:00","author":{"@id":"https:\/\/portalmf.com.br\/#\/schema\/person\/9ec101baf56233e53520c26de5d6f6f0"},"breadcrumb":{"@id":"https:\/\/portalmf.com.br\/index.php\/2025\/04\/30\/paulinho-sucesso-leva-samba-ao-pranchao-e-celebra-trajetoria-com-nova-musica-autoral-na-micareta\/#breadcrumb"},"inLanguage":"pt-BR","potentialAction":[{"@type":"ReadAction","target":["https:\/\/portalmf.com.br\/index.php\/2025\/04\/30\/paulinho-sucesso-leva-samba-ao-pranchao-e-celebra-trajetoria-com-nova-musica-autoral-na-micareta\/"]}]},{"@type":"ImageObject","inLanguage":"pt-BR","@id":"https:\/\/portalmf.com.br\/index.php\/2025\/04\/30\/paulinho-sucesso-leva-samba-ao-pranchao-e-celebra-trajetoria-com-nova-musica-autoral-na-micareta\/#primaryimage","url":"https:\/\/portalmf.com.br\/wp-content\/uploads\/2025\/04\/paulinho_sucesso_.jpg","contentUrl":"https:\/\/portalmf.com.br\/wp-content\/uploads\/2025\/04\/paulinho_sucesso_.jpg","width":1600,"height":1200},{"@type":"BreadcrumbList","@id":"https:\/\/portalmf.com.br\/index.php\/2025\/04\/30\/paulinho-sucesso-leva-samba-ao-pranchao-e-celebra-trajetoria-com-nova-musica-autoral-na-micareta\/#breadcrumb","itemListElement":[{"@type":"ListItem","position":1,"name":"In\u00edcio","item":"https:\/\/portalmf.com.br\/"},{"@type":"ListItem","position":2,"name":"Paulinho Sucesso leva samba ao Pranch\u00e3o e celebra trajet\u00f3ria com nova m\u00fasica autoral na Micareta"}]},{"@type":"WebSite","@id":"https:\/\/portalmf.com.br\/#website","url":"https:\/\/portalmf.com.br\/","name":"Portal MF","description":"Voc\u00ea conectado com a informa\u00e7\u00e3o","potentialAction":[{"@type":"SearchAction","target":{"@type":"EntryPoint","urlTemplate":"https:\/\/portalmf.com.br\/?s={search_term_string}"},"query-input":"required name=search_term_string"}],"inLanguage":"pt-BR"},{"@type":"Person","@id":"https:\/\/portalmf.com.br\/#\/schema\/person\/9ec101baf56233e53520c26de5d6f6f0","name":"Reda\u00e7\u00e3o Portal MF","image":{"@type":"ImageObject","inLanguage":"pt-BR","@id":"https:\/\/portalmf.com.br\/#\/schema\/person\/image\/","url":"https:\/\/secure.gravatar.com\/avatar\/41b9aaeb2100835f7c64362330f74c7f?s=96&d=mm&r=g","contentUrl":"https:\/\/secure.gravatar.com\/avatar\/41b9aaeb2100835f7c64362330f74c7f?s=96&d=mm&r=g","caption":"Reda\u00e7\u00e3o Portal MF"},"description":"Sejam bem-vindos o portal de informa\u00e7\u00f5es de entretenimento de Feira de Santana, desde 2006 realiza coberturas dos principais eventos com entrevistas exclusivas com as principais personalidades mundiais. Fique conectado tamb\u00e9m nas redes sociais.","sameAs":["http:\/\/www.portalmf.com.br\/","https:\/\/www.facebook.com\/portalmfoficial","https:\/\/www.instagram.com\/portalmf\/","https:\/\/x.com\/https:\/\/x.com\/portalmfoficial","https:\/\/www.youtube.com\/@portalmfoficial"],"url":"https:\/\/portalmf.com.br\/index.php\/author\/junior\/"}]}},"_links":{"self":[{"href":"https:\/\/portalmf.com.br\/index.php\/wp-json\/wp\/v2\/posts\/35789"}],"collection":[{"href":"https:\/\/portalmf.com.br\/index.php\/wp-json\/wp\/v2\/posts"}],"about":[{"href":"https:\/\/portalmf.com.br\/index.php\/wp-json\/wp\/v2\/types\/post"}],"author":[{"embeddable":true,"href":"https:\/\/portalmf.com.br\/index.php\/wp-json\/wp\/v2\/users\/3"}],"replies":[{"embeddable":true,"href":"https:\/\/portalmf.com.br\/index.php\/wp-json\/wp\/v2\/comments?post=35789"}],"version-history":[{"count":1,"href":"https:\/\/portalmf.com.br\/index.php\/wp-json\/wp\/v2\/posts\/35789\/revisions"}],"predecessor-version":[{"id":35791,"href":"https:\/\/portalmf.com.br\/index.php\/wp-json\/wp\/v2\/posts\/35789\/revisions\/35791"}],"wp:featuredmedia":[{"embeddable":true,"href":"https:\/\/portalmf.com.br\/index.php\/wp-json\/wp\/v2\/media\/35790"}],"wp:attachment":[{"href":"https:\/\/portalmf.com.br\/index.php\/wp-json\/wp\/v2\/media?parent=35789"}],"wp:term":[{"taxonomy":"category","embeddable":true,"href":"https:\/\/portalmf.com.br\/index.php\/wp-json\/wp\/v2\/categories?post=35789"},{"taxonomy":"post_tag","embeddable":true,"href":"https:\/\/portalmf.com.br\/index.php\/wp-json\/wp\/v2\/tags?post=35789"}],"curies":[{"name":"wp","href":"https:\/\/api.w.org\/{rel}","templated":true}]}}