{"id":35785,"date":"2025-04-30T13:00:00","date_gmt":"2025-04-30T16:00:00","guid":{"rendered":"https:\/\/portalmf.com.br\/?p=35785"},"modified":"2025-04-30T15:53:51","modified_gmt":"2025-04-30T18:53:51","slug":"gislan-suzart-celebra-raizes-e-estreia-autoral-na-micareta-de-feira-2025","status":"publish","type":"post","link":"https:\/\/portalmf.com.br\/index.php\/2025\/04\/30\/gislan-suzart-celebra-raizes-e-estreia-autoral-na-micareta-de-feira-2025\/","title":{"rendered":"Gislan Suzart celebra ra\u00edzes e estreia autoral na Micareta de Feira 2025"},"content":{"rendered":"\n<p>O cantor feirense Gislan Suzart \u00e9 uma das atra\u00e7\u00f5es confirmadas para o palco Pranch\u00e3o da Micareta de Feira 2025, onde se apresenta na quinta-feira (1\u00ba), \u00e0s 22h30. Com um repert\u00f3rio animado de ax\u00e9 music e fus\u00f5es com outros ritmos, o artista promete levar sua energia contagiante ao circuito da maior festa popular fora de \u00e9poca do Brasil.<\/p>\n\n\n\n<p>Em entrevista ao Programa Folia Geral, com Reginaldo J\u00fanior, na R\u00e1dio Geral, Gislan falou sobre sua trajet\u00f3ria, paix\u00e3o pela m\u00fasica e emo\u00e7\u00e3o em participar novamente da festa. <em>&#8220;Muita satisfa\u00e7\u00e3o, amor e carinho representar esse g\u00eanero e tocar para esse p\u00fablico. Acho que j\u00e1 nasci com a m\u00fasica, j\u00e1 estava no DNA&#8221;<\/em>, afirmou o cantor.<\/p>\n\n\n\n<p>A rela\u00e7\u00e3o de Gislan com a m\u00fasica come\u00e7ou ainda na inf\u00e2ncia, improvisando batuques com baldes e panelas. Incentivado pelo pai, ganhou o primeiro viol\u00e3o e nunca mais largou o instrumento. Ainda nos tempos de escola, montou sua primeira banda e deu in\u00edcio \u00e0 carreira que o levaria para palcos de v\u00e1rios estados do Brasil.<\/p>\n\n\n\n<p>Atualmente, ele comanda o projeto &#8220;GS Baladas&#8221;, com o qual percorre diferentes cidades e leva ao p\u00fablico uma mistura vibrante de ax\u00e9 com outros estilos musicais. Entre as m\u00fasicas mais marcantes do seu repert\u00f3rio est\u00e1 \u201c100% Voc\u00ea\u201d, sucesso da banda Chiclete com Banana. &#8220;At\u00e9 hoje est\u00e1 no repert\u00f3rio. Com ela \u00e9 s\u00f3 mandar levar o trio&#8221;, relembra.<\/p>\n\n\n\n<p>Al\u00e9m da carreira, Gislan carrega consigo uma rela\u00e7\u00e3o afetiva com a Micareta de Feira.<\/p>\n\n\n\n<p><em>\u201cDesde crian\u00e7a meus pais j\u00e1 me levavam para rua, tem as fotos no \u00e1lbum de fam\u00edlia eu pequenininho, todo arrumadinho, fantasiado. Com dois, tr\u00eas anos, j\u00e1 estava na avenida. Meu padrinho colocava barraca na Avenida, a gente nem pra casa vinha. Lev\u00e1vamos colchonete e j\u00e1 dormimos por l\u00e1. Quando amanhecia a gente j\u00e1 se preparava l\u00e1 mesmo. A Micareta \u00e9 uma festa diferenciada, e olhe que nem alcancei a \u00e9poca da Get\u00falio. Depois quando cresci, veio a parte de curtir com a galera nos blocos ou na pipoca\u2026Lembro que quando chegava naquele corredor dos Camarotes, ali as coisas aconteciam\u201d,<\/em> relembra.<\/p>\n\n\n\n<figure class=\"wp-block-image size-large\"><img fetchpriority=\"high\" decoding=\"async\" width=\"1024\" height=\"749\" src=\"https:\/\/portalmf.com.br\/wp-content\/uploads\/2025\/04\/Gislan-Suzart-celebra-raizes-e-estreia-autoral-na-Micareta-de-Feira-2025_2-1024x749.jpg\" alt=\"\" class=\"wp-image-35786\" srcset=\"https:\/\/portalmf.com.br\/wp-content\/uploads\/2025\/04\/Gislan-Suzart-celebra-raizes-e-estreia-autoral-na-Micareta-de-Feira-2025_2-1024x749.jpg 1024w, https:\/\/portalmf.com.br\/wp-content\/uploads\/2025\/04\/Gislan-Suzart-celebra-raizes-e-estreia-autoral-na-Micareta-de-Feira-2025_2-300x220.jpg 300w, https:\/\/portalmf.com.br\/wp-content\/uploads\/2025\/04\/Gislan-Suzart-celebra-raizes-e-estreia-autoral-na-Micareta-de-Feira-2025_2-768x562.jpg 768w, https:\/\/portalmf.com.br\/wp-content\/uploads\/2025\/04\/Gislan-Suzart-celebra-raizes-e-estreia-autoral-na-Micareta-de-Feira-2025_2-696x509.jpg 696w, https:\/\/portalmf.com.br\/wp-content\/uploads\/2025\/04\/Gislan-Suzart-celebra-raizes-e-estreia-autoral-na-Micareta-de-Feira-2025_2-1068x781.jpg 1068w, https:\/\/portalmf.com.br\/wp-content\/uploads\/2025\/04\/Gislan-Suzart-celebra-raizes-e-estreia-autoral-na-Micareta-de-Feira-2025_2.jpg 1200w\" sizes=\"(max-width: 1024px) 100vw, 1024px\" \/><figcaption class=\"wp-element-caption\"><strong>Foto: Reginaldo Junior \/ Portal MF<\/strong><\/figcaption><\/figure>\n\n\n\n<h2 class=\"wp-block-heading\"><strong>Lan\u00e7amento<\/strong><\/h2>\n\n\n\n<p>Em 2025, al\u00e9m do show, o cantor traz como novidade o lan\u00e7amento da m\u00fasica autoral \u201cEu e Voc\u00ea\u201d, composta em parceria com Argemiro.<\/p>\n\n\n\n<p>M\u00fasica \u201cEu e voc\u00ea\u201d, composi\u00e7\u00e3o de Gislan Suzarte e Argemiro, inspirada na hist\u00f3ria de um amigo. Ele sempre foi um cara tranquilo e sossegado, conheceu uma pessoa, se envolveu muito, disse que achou a mulher da vida dele e disse <em>\u2018Se ela n\u00e3o soltar a minha m\u00e3o, n\u00e3o solto dela mais nunca\u2019,<\/em> foi a deixa para inspirar a composi\u00e7\u00e3o\u201d<\/p>\n\n\n\n<p>Com a agenda cheia desde o in\u00edcio de abril, Gislan est\u00e1 em clima total de festa<em>. \u201cQuando a gente ama e sabe do potencial da nossa festa, a gente sempre quer dar o m\u00e1ximo para que ela seja incr\u00edvel como foi. Mesmo que o passado n\u00e3o volte, o presente pode ser t\u00e3o inesquec\u00edvel quanto\u201d,<\/em> concluiu.<\/p>\n\n\n\n<figure class=\"wp-block-embed is-type-video is-provider-youtube wp-block-embed-youtube wp-embed-aspect-16-9 wp-has-aspect-ratio\"><div class=\"wp-block-embed__wrapper\">\n<iframe title=\"Programa Folia Geral entrevista com Gislan Suzart - 16\/04\/2025\" width=\"696\" height=\"392\" src=\"https:\/\/www.youtube.com\/embed\/YPlZPm2n4oc?start=33&#038;feature=oembed\" frameborder=\"0\" allow=\"accelerometer; autoplay; clipboard-write; encrypted-media; gyroscope; picture-in-picture; web-share\" referrerpolicy=\"strict-origin-when-cross-origin\" allowfullscreen><\/iframe>\n<\/div><\/figure>\n","protected":false},"excerpt":{"rendered":"<p>O cantor feirense Gislan Suzart \u00e9 uma das atra\u00e7\u00f5es confirmadas para o palco Pranch\u00e3o da Micareta de Feira 2025, onde se apresenta na quinta-feira (1\u00ba), \u00e0s 22h30. Com um repert\u00f3rio animado de ax\u00e9 music e fus\u00f5es com outros ritmos, o artista promete levar sua energia contagiante ao circuito da maior festa popular fora de \u00e9poca [&hellip;]<\/p>\n","protected":false},"author":5,"featured_media":35787,"comment_status":"open","ping_status":"open","sticky":false,"template":"","format":"standard","meta":{"_monsterinsights_skip_tracking":false,"_monsterinsights_sitenote_active":false,"_monsterinsights_sitenote_note":"","_monsterinsights_sitenote_category":0,"footnotes":""},"categories":[48,39],"tags":[],"yoast_head":"<!-- This site is optimized with the Yoast SEO plugin v22.9 - https:\/\/yoast.com\/wordpress\/plugins\/seo\/ -->\n<title>Gislan Suzart celebra ra\u00edzes e estreia autoral na Micareta de Feira 2025 - Portal MF<\/title>\n<meta name=\"robots\" content=\"index, follow, max-snippet:-1, max-image-preview:large, max-video-preview:-1\" \/>\n<link rel=\"canonical\" href=\"https:\/\/portalmf.com.br\/index.php\/2025\/04\/30\/gislan-suzart-celebra-raizes-e-estreia-autoral-na-micareta-de-feira-2025\/\" \/>\n<meta property=\"og:locale\" content=\"pt_BR\" \/>\n<meta property=\"og:type\" content=\"article\" \/>\n<meta property=\"og:title\" content=\"Gislan Suzart celebra ra\u00edzes e estreia autoral na Micareta de Feira 2025 - Portal MF\" \/>\n<meta property=\"og:description\" content=\"O cantor feirense Gislan Suzart \u00e9 uma das atra\u00e7\u00f5es confirmadas para o palco Pranch\u00e3o da Micareta de Feira 2025, onde se apresenta na quinta-feira (1\u00ba), \u00e0s 22h30. Com um repert\u00f3rio animado de ax\u00e9 music e fus\u00f5es com outros ritmos, o artista promete levar sua energia contagiante ao circuito da maior festa popular fora de \u00e9poca [&hellip;]\" \/>\n<meta property=\"og:url\" content=\"https:\/\/portalmf.com.br\/index.php\/2025\/04\/30\/gislan-suzart-celebra-raizes-e-estreia-autoral-na-micareta-de-feira-2025\/\" \/>\n<meta property=\"og:site_name\" content=\"Portal MF\" \/>\n<meta property=\"article:published_time\" content=\"2025-04-30T16:00:00+00:00\" \/>\n<meta property=\"article:modified_time\" content=\"2025-04-30T18:53:51+00:00\" \/>\n<meta property=\"og:image\" content=\"https:\/\/portalmf.com.br\/wp-content\/uploads\/2025\/04\/Gislan-Suzart-celebra-raizes-e-estreia-autoral-na-Micareta-de-Feira-2025.jpg\" \/>\n\t<meta property=\"og:image:width\" content=\"1600\" \/>\n\t<meta property=\"og:image:height\" content=\"1200\" \/>\n\t<meta property=\"og:image:type\" content=\"image\/jpeg\" \/>\n<meta name=\"author\" content=\"Lila Oliveira\" \/>\n<meta name=\"twitter:card\" content=\"summary_large_image\" \/>\n<meta name=\"twitter:label1\" content=\"Escrito por\" \/>\n\t<meta name=\"twitter:data1\" content=\"Lila Oliveira\" \/>\n\t<meta name=\"twitter:label2\" content=\"Est. tempo de leitura\" \/>\n\t<meta name=\"twitter:data2\" content=\"4 minutos\" \/>\n<script type=\"application\/ld+json\" class=\"yoast-schema-graph\">{\"@context\":\"https:\/\/schema.org\",\"@graph\":[{\"@type\":\"WebPage\",\"@id\":\"https:\/\/portalmf.com.br\/index.php\/2025\/04\/30\/gislan-suzart-celebra-raizes-e-estreia-autoral-na-micareta-de-feira-2025\/\",\"url\":\"https:\/\/portalmf.com.br\/index.php\/2025\/04\/30\/gislan-suzart-celebra-raizes-e-estreia-autoral-na-micareta-de-feira-2025\/\",\"name\":\"Gislan Suzart celebra ra\u00edzes e estreia autoral na Micareta de Feira 2025 - Portal MF\",\"isPartOf\":{\"@id\":\"https:\/\/portalmf.com.br\/#website\"},\"primaryImageOfPage\":{\"@id\":\"https:\/\/portalmf.com.br\/index.php\/2025\/04\/30\/gislan-suzart-celebra-raizes-e-estreia-autoral-na-micareta-de-feira-2025\/#primaryimage\"},\"image\":{\"@id\":\"https:\/\/portalmf.com.br\/index.php\/2025\/04\/30\/gislan-suzart-celebra-raizes-e-estreia-autoral-na-micareta-de-feira-2025\/#primaryimage\"},\"thumbnailUrl\":\"https:\/\/portalmf.com.br\/wp-content\/uploads\/2025\/04\/Gislan-Suzart-celebra-raizes-e-estreia-autoral-na-Micareta-de-Feira-2025.jpg\",\"datePublished\":\"2025-04-30T16:00:00+00:00\",\"dateModified\":\"2025-04-30T18:53:51+00:00\",\"author\":{\"@id\":\"https:\/\/portalmf.com.br\/#\/schema\/person\/19071c375ee7579b7300dd91d656ff97\"},\"breadcrumb\":{\"@id\":\"https:\/\/portalmf.com.br\/index.php\/2025\/04\/30\/gislan-suzart-celebra-raizes-e-estreia-autoral-na-micareta-de-feira-2025\/#breadcrumb\"},\"inLanguage\":\"pt-BR\",\"potentialAction\":[{\"@type\":\"ReadAction\",\"target\":[\"https:\/\/portalmf.com.br\/index.php\/2025\/04\/30\/gislan-suzart-celebra-raizes-e-estreia-autoral-na-micareta-de-feira-2025\/\"]}]},{\"@type\":\"ImageObject\",\"inLanguage\":\"pt-BR\",\"@id\":\"https:\/\/portalmf.com.br\/index.php\/2025\/04\/30\/gislan-suzart-celebra-raizes-e-estreia-autoral-na-micareta-de-feira-2025\/#primaryimage\",\"url\":\"https:\/\/portalmf.com.br\/wp-content\/uploads\/2025\/04\/Gislan-Suzart-celebra-raizes-e-estreia-autoral-na-Micareta-de-Feira-2025.jpg\",\"contentUrl\":\"https:\/\/portalmf.com.br\/wp-content\/uploads\/2025\/04\/Gislan-Suzart-celebra-raizes-e-estreia-autoral-na-Micareta-de-Feira-2025.jpg\",\"width\":1600,\"height\":1200},{\"@type\":\"BreadcrumbList\",\"@id\":\"https:\/\/portalmf.com.br\/index.php\/2025\/04\/30\/gislan-suzart-celebra-raizes-e-estreia-autoral-na-micareta-de-feira-2025\/#breadcrumb\",\"itemListElement\":[{\"@type\":\"ListItem\",\"position\":1,\"name\":\"In\u00edcio\",\"item\":\"https:\/\/portalmf.com.br\/\"},{\"@type\":\"ListItem\",\"position\":2,\"name\":\"Gislan Suzart celebra ra\u00edzes e estreia autoral na Micareta de Feira 2025\"}]},{\"@type\":\"WebSite\",\"@id\":\"https:\/\/portalmf.com.br\/#website\",\"url\":\"https:\/\/portalmf.com.br\/\",\"name\":\"Portal MF\",\"description\":\"Voc\u00ea conectado com a informa\u00e7\u00e3o\",\"potentialAction\":[{\"@type\":\"SearchAction\",\"target\":{\"@type\":\"EntryPoint\",\"urlTemplate\":\"https:\/\/portalmf.com.br\/?s={search_term_string}\"},\"query-input\":\"required name=search_term_string\"}],\"inLanguage\":\"pt-BR\"},{\"@type\":\"Person\",\"@id\":\"https:\/\/portalmf.com.br\/#\/schema\/person\/19071c375ee7579b7300dd91d656ff97\",\"name\":\"Lila Oliveira\",\"image\":{\"@type\":\"ImageObject\",\"inLanguage\":\"pt-BR\",\"@id\":\"https:\/\/portalmf.com.br\/#\/schema\/person\/image\/\",\"url\":\"https:\/\/secure.gravatar.com\/avatar\/344958fa973c4e824a6dde1b63c19431?s=96&d=mm&r=g\",\"contentUrl\":\"https:\/\/secure.gravatar.com\/avatar\/344958fa973c4e824a6dde1b63c19431?s=96&d=mm&r=g\",\"caption\":\"Lila Oliveira\"},\"sameAs\":[\"https:\/\/portalmf.com.br\/\"],\"url\":\"https:\/\/portalmf.com.br\/index.php\/author\/lilaoliveira\/\"}]}<\/script>\n<!-- \/ Yoast SEO plugin. -->","yoast_head_json":{"title":"Gislan Suzart celebra ra\u00edzes e estreia autoral na Micareta de Feira 2025 - Portal MF","robots":{"index":"index","follow":"follow","max-snippet":"max-snippet:-1","max-image-preview":"max-image-preview:large","max-video-preview":"max-video-preview:-1"},"canonical":"https:\/\/portalmf.com.br\/index.php\/2025\/04\/30\/gislan-suzart-celebra-raizes-e-estreia-autoral-na-micareta-de-feira-2025\/","og_locale":"pt_BR","og_type":"article","og_title":"Gislan Suzart celebra ra\u00edzes e estreia autoral na Micareta de Feira 2025 - Portal MF","og_description":"O cantor feirense Gislan Suzart \u00e9 uma das atra\u00e7\u00f5es confirmadas para o palco Pranch\u00e3o da Micareta de Feira 2025, onde se apresenta na quinta-feira (1\u00ba), \u00e0s 22h30. Com um repert\u00f3rio animado de ax\u00e9 music e fus\u00f5es com outros ritmos, o artista promete levar sua energia contagiante ao circuito da maior festa popular fora de \u00e9poca [&hellip;]","og_url":"https:\/\/portalmf.com.br\/index.php\/2025\/04\/30\/gislan-suzart-celebra-raizes-e-estreia-autoral-na-micareta-de-feira-2025\/","og_site_name":"Portal MF","article_published_time":"2025-04-30T16:00:00+00:00","article_modified_time":"2025-04-30T18:53:51+00:00","og_image":[{"width":1600,"height":1200,"url":"https:\/\/portalmf.com.br\/wp-content\/uploads\/2025\/04\/Gislan-Suzart-celebra-raizes-e-estreia-autoral-na-Micareta-de-Feira-2025.jpg","type":"image\/jpeg"}],"author":"Lila Oliveira","twitter_card":"summary_large_image","twitter_misc":{"Escrito por":"Lila Oliveira","Est. tempo de leitura":"4 minutos"},"schema":{"@context":"https:\/\/schema.org","@graph":[{"@type":"WebPage","@id":"https:\/\/portalmf.com.br\/index.php\/2025\/04\/30\/gislan-suzart-celebra-raizes-e-estreia-autoral-na-micareta-de-feira-2025\/","url":"https:\/\/portalmf.com.br\/index.php\/2025\/04\/30\/gislan-suzart-celebra-raizes-e-estreia-autoral-na-micareta-de-feira-2025\/","name":"Gislan Suzart celebra ra\u00edzes e estreia autoral na Micareta de Feira 2025 - Portal MF","isPartOf":{"@id":"https:\/\/portalmf.com.br\/#website"},"primaryImageOfPage":{"@id":"https:\/\/portalmf.com.br\/index.php\/2025\/04\/30\/gislan-suzart-celebra-raizes-e-estreia-autoral-na-micareta-de-feira-2025\/#primaryimage"},"image":{"@id":"https:\/\/portalmf.com.br\/index.php\/2025\/04\/30\/gislan-suzart-celebra-raizes-e-estreia-autoral-na-micareta-de-feira-2025\/#primaryimage"},"thumbnailUrl":"https:\/\/portalmf.com.br\/wp-content\/uploads\/2025\/04\/Gislan-Suzart-celebra-raizes-e-estreia-autoral-na-Micareta-de-Feira-2025.jpg","datePublished":"2025-04-30T16:00:00+00:00","dateModified":"2025-04-30T18:53:51+00:00","author":{"@id":"https:\/\/portalmf.com.br\/#\/schema\/person\/19071c375ee7579b7300dd91d656ff97"},"breadcrumb":{"@id":"https:\/\/portalmf.com.br\/index.php\/2025\/04\/30\/gislan-suzart-celebra-raizes-e-estreia-autoral-na-micareta-de-feira-2025\/#breadcrumb"},"inLanguage":"pt-BR","potentialAction":[{"@type":"ReadAction","target":["https:\/\/portalmf.com.br\/index.php\/2025\/04\/30\/gislan-suzart-celebra-raizes-e-estreia-autoral-na-micareta-de-feira-2025\/"]}]},{"@type":"ImageObject","inLanguage":"pt-BR","@id":"https:\/\/portalmf.com.br\/index.php\/2025\/04\/30\/gislan-suzart-celebra-raizes-e-estreia-autoral-na-micareta-de-feira-2025\/#primaryimage","url":"https:\/\/portalmf.com.br\/wp-content\/uploads\/2025\/04\/Gislan-Suzart-celebra-raizes-e-estreia-autoral-na-Micareta-de-Feira-2025.jpg","contentUrl":"https:\/\/portalmf.com.br\/wp-content\/uploads\/2025\/04\/Gislan-Suzart-celebra-raizes-e-estreia-autoral-na-Micareta-de-Feira-2025.jpg","width":1600,"height":1200},{"@type":"BreadcrumbList","@id":"https:\/\/portalmf.com.br\/index.php\/2025\/04\/30\/gislan-suzart-celebra-raizes-e-estreia-autoral-na-micareta-de-feira-2025\/#breadcrumb","itemListElement":[{"@type":"ListItem","position":1,"name":"In\u00edcio","item":"https:\/\/portalmf.com.br\/"},{"@type":"ListItem","position":2,"name":"Gislan Suzart celebra ra\u00edzes e estreia autoral na Micareta de Feira 2025"}]},{"@type":"WebSite","@id":"https:\/\/portalmf.com.br\/#website","url":"https:\/\/portalmf.com.br\/","name":"Portal MF","description":"Voc\u00ea conectado com a informa\u00e7\u00e3o","potentialAction":[{"@type":"SearchAction","target":{"@type":"EntryPoint","urlTemplate":"https:\/\/portalmf.com.br\/?s={search_term_string}"},"query-input":"required name=search_term_string"}],"inLanguage":"pt-BR"},{"@type":"Person","@id":"https:\/\/portalmf.com.br\/#\/schema\/person\/19071c375ee7579b7300dd91d656ff97","name":"Lila Oliveira","image":{"@type":"ImageObject","inLanguage":"pt-BR","@id":"https:\/\/portalmf.com.br\/#\/schema\/person\/image\/","url":"https:\/\/secure.gravatar.com\/avatar\/344958fa973c4e824a6dde1b63c19431?s=96&d=mm&r=g","contentUrl":"https:\/\/secure.gravatar.com\/avatar\/344958fa973c4e824a6dde1b63c19431?s=96&d=mm&r=g","caption":"Lila Oliveira"},"sameAs":["https:\/\/portalmf.com.br\/"],"url":"https:\/\/portalmf.com.br\/index.php\/author\/lilaoliveira\/"}]}},"_links":{"self":[{"href":"https:\/\/portalmf.com.br\/index.php\/wp-json\/wp\/v2\/posts\/35785"}],"collection":[{"href":"https:\/\/portalmf.com.br\/index.php\/wp-json\/wp\/v2\/posts"}],"about":[{"href":"https:\/\/portalmf.com.br\/index.php\/wp-json\/wp\/v2\/types\/post"}],"author":[{"embeddable":true,"href":"https:\/\/portalmf.com.br\/index.php\/wp-json\/wp\/v2\/users\/5"}],"replies":[{"embeddable":true,"href":"https:\/\/portalmf.com.br\/index.php\/wp-json\/wp\/v2\/comments?post=35785"}],"version-history":[{"count":1,"href":"https:\/\/portalmf.com.br\/index.php\/wp-json\/wp\/v2\/posts\/35785\/revisions"}],"predecessor-version":[{"id":35788,"href":"https:\/\/portalmf.com.br\/index.php\/wp-json\/wp\/v2\/posts\/35785\/revisions\/35788"}],"wp:featuredmedia":[{"embeddable":true,"href":"https:\/\/portalmf.com.br\/index.php\/wp-json\/wp\/v2\/media\/35787"}],"wp:attachment":[{"href":"https:\/\/portalmf.com.br\/index.php\/wp-json\/wp\/v2\/media?parent=35785"}],"wp:term":[{"taxonomy":"category","embeddable":true,"href":"https:\/\/portalmf.com.br\/index.php\/wp-json\/wp\/v2\/categories?post=35785"},{"taxonomy":"post_tag","embeddable":true,"href":"https:\/\/portalmf.com.br\/index.php\/wp-json\/wp\/v2\/tags?post=35785"}],"curies":[{"name":"wp","href":"https:\/\/api.w.org\/{rel}","templated":true}]}}