{"id":35782,"date":"2025-04-30T14:41:36","date_gmt":"2025-04-30T17:41:36","guid":{"rendered":"https:\/\/portalmf.com.br\/?p=35782"},"modified":"2025-04-30T14:41:38","modified_gmt":"2025-04-30T17:41:38","slug":"pagodart-leva-sua-energia-para-a-micareta-de-feira","status":"publish","type":"post","link":"https:\/\/portalmf.com.br\/index.php\/2025\/04\/30\/pagodart-leva-sua-energia-para-a-micareta-de-feira\/","title":{"rendered":"Pagod\u2019art leva sua energia para a Micareta de Feira"},"content":{"rendered":"\n<p>O grupo Pagod\u2019art promete esquentar ainda mais a Micareta de Feira de Santana, uma das festas populares mais tradicionais da Bahia. Sob o comando de Flavinho, a banda se apresenta na sexta-feira (2) puxando a Pipoca e volta \u00e0 avenida no s\u00e1bado (3), animando o Bloco &#8216;L\u00e1 V\u00eam Eles&#8217; no Circuito Maneca Ferreira.<\/p>\n\n\n\n<p>Com sua &#8220;Carreta Desgovernada&#8221; e um repert\u00f3rio que mistura cl\u00e1ssicos que marcaram gera\u00e7\u00f5es \u2014 como &#8220;Uismirnofay&#8221;, &#8220;Ovo de Avestruz&#8221; e &#8220;Se Voc\u00ea Quer Tome&#8221; \u2014 a banda chega para colocar todo mundo pra dan\u00e7ar. No setlist tamb\u00e9m n\u00e3o faltam os hits mais recentes, como &#8220;Bit do Cavaquinho&#8221; e &#8220;Mexer, Mexer&#8221;, parceria de sucesso com L\u00e9o Santana, que conquistaram o p\u00fablico nas redes sociais e nas festas de ver\u00e3o.<\/p>\n\n\n\n<p>Durante a passagem pela Micareta, os foli\u00f5es ainda v\u00e3o curtir a nova aposta do grupo: o single &#8220;Alongadinha&#8221;, lan\u00e7ado recentemente em colabora\u00e7\u00e3o com Xanddy Harmonia, que j\u00e1 vem ganhando destaque nas plataformas digitais. <\/p>\n\n\n\n<figure class=\"wp-block-embed is-type-video is-provider-youtube wp-block-embed-youtube wp-embed-aspect-16-9 wp-has-aspect-ratio\"><div class=\"wp-block-embed__wrapper\">\n<iframe title=\"Pagod&#039;art e Xanddy Harmonia - Alongadinha AO VIVO [Pagod&#039;art 25 Anos]\" width=\"696\" height=\"392\" src=\"https:\/\/www.youtube.com\/embed\/pSzx5BuVSvQ?feature=oembed\" frameborder=\"0\" allow=\"accelerometer; autoplay; clipboard-write; encrypted-media; gyroscope; picture-in-picture; web-share\" referrerpolicy=\"strict-origin-when-cross-origin\" allowfullscreen><\/iframe>\n<\/div><\/figure>\n\n\n\n<p>Antes de desembarcar em Feira de Santana, o Pagod\u2019art faz um esquenta especial em Salvador. A banda se apresenta na quinta-feira, 1\u00ba de maio (feriado), a partir das 15h, na Pra\u00e7a das Artes, no Pelourinho.<\/p>\n","protected":false},"excerpt":{"rendered":"<p>O grupo Pagod\u2019art promete esquentar ainda mais a Micareta de Feira de Santana, uma das festas populares mais tradicionais da Bahia. Sob o comando de Flavinho, a banda se apresenta na sexta-feira (2) puxando a Pipoca e volta \u00e0 avenida no s\u00e1bado (3), animando o Bloco &#8216;L\u00e1 V\u00eam Eles&#8217; no Circuito Maneca Ferreira. Com sua [&hellip;]<\/p>\n","protected":false},"author":3,"featured_media":35783,"comment_status":"open","ping_status":"open","sticky":false,"template":"","format":"standard","meta":{"_monsterinsights_skip_tracking":false,"_monsterinsights_sitenote_active":false,"_monsterinsights_sitenote_note":"","_monsterinsights_sitenote_category":0,"footnotes":""},"categories":[48,39],"tags":[],"yoast_head":"<!-- This site is optimized with the Yoast SEO plugin v22.9 - https:\/\/yoast.com\/wordpress\/plugins\/seo\/ -->\n<title>Pagod\u2019art leva sua energia para a Micareta de Feira - Portal MF<\/title>\n<meta name=\"robots\" content=\"index, follow, max-snippet:-1, max-image-preview:large, max-video-preview:-1\" \/>\n<link rel=\"canonical\" href=\"https:\/\/portalmf.com.br\/index.php\/2025\/04\/30\/pagodart-leva-sua-energia-para-a-micareta-de-feira\/\" \/>\n<meta property=\"og:locale\" content=\"pt_BR\" \/>\n<meta property=\"og:type\" content=\"article\" \/>\n<meta property=\"og:title\" content=\"Pagod\u2019art leva sua energia para a Micareta de Feira - Portal MF\" \/>\n<meta property=\"og:description\" content=\"O grupo Pagod\u2019art promete esquentar ainda mais a Micareta de Feira de Santana, uma das festas populares mais tradicionais da Bahia. Sob o comando de Flavinho, a banda se apresenta na sexta-feira (2) puxando a Pipoca e volta \u00e0 avenida no s\u00e1bado (3), animando o Bloco &#8216;L\u00e1 V\u00eam Eles&#8217; no Circuito Maneca Ferreira. Com sua [&hellip;]\" \/>\n<meta property=\"og:url\" content=\"https:\/\/portalmf.com.br\/index.php\/2025\/04\/30\/pagodart-leva-sua-energia-para-a-micareta-de-feira\/\" \/>\n<meta property=\"og:site_name\" content=\"Portal MF\" \/>\n<meta property=\"article:author\" content=\"https:\/\/www.facebook.com\/portalmfoficial\" \/>\n<meta property=\"article:published_time\" content=\"2025-04-30T17:41:36+00:00\" \/>\n<meta property=\"article:modified_time\" content=\"2025-04-30T17:41:38+00:00\" \/>\n<meta property=\"og:image\" content=\"https:\/\/portalmf.com.br\/wp-content\/uploads\/2025\/04\/pagodart_micareta-e1746034878373.jpg\" \/>\n\t<meta property=\"og:image:width\" content=\"853\" \/>\n\t<meta property=\"og:image:height\" content=\"736\" \/>\n\t<meta property=\"og:image:type\" content=\"image\/jpeg\" \/>\n<meta name=\"author\" content=\"Reda\u00e7\u00e3o Portal MF\" \/>\n<meta name=\"twitter:card\" content=\"summary_large_image\" \/>\n<meta name=\"twitter:creator\" content=\"@https:\/\/x.com\/portalmfoficial\" \/>\n<meta name=\"twitter:label1\" content=\"Escrito por\" \/>\n\t<meta name=\"twitter:data1\" content=\"Reda\u00e7\u00e3o Portal MF\" \/>\n\t<meta name=\"twitter:label2\" content=\"Est. tempo de leitura\" \/>\n\t<meta name=\"twitter:data2\" content=\"2 minutos\" \/>\n<script type=\"application\/ld+json\" class=\"yoast-schema-graph\">{\"@context\":\"https:\/\/schema.org\",\"@graph\":[{\"@type\":\"WebPage\",\"@id\":\"https:\/\/portalmf.com.br\/index.php\/2025\/04\/30\/pagodart-leva-sua-energia-para-a-micareta-de-feira\/\",\"url\":\"https:\/\/portalmf.com.br\/index.php\/2025\/04\/30\/pagodart-leva-sua-energia-para-a-micareta-de-feira\/\",\"name\":\"Pagod\u2019art leva sua energia para a Micareta de Feira - Portal MF\",\"isPartOf\":{\"@id\":\"https:\/\/portalmf.com.br\/#website\"},\"primaryImageOfPage\":{\"@id\":\"https:\/\/portalmf.com.br\/index.php\/2025\/04\/30\/pagodart-leva-sua-energia-para-a-micareta-de-feira\/#primaryimage\"},\"image\":{\"@id\":\"https:\/\/portalmf.com.br\/index.php\/2025\/04\/30\/pagodart-leva-sua-energia-para-a-micareta-de-feira\/#primaryimage\"},\"thumbnailUrl\":\"https:\/\/portalmf.com.br\/wp-content\/uploads\/2025\/04\/pagodart_micareta-e1746034878373.jpg\",\"datePublished\":\"2025-04-30T17:41:36+00:00\",\"dateModified\":\"2025-04-30T17:41:38+00:00\",\"author\":{\"@id\":\"https:\/\/portalmf.com.br\/#\/schema\/person\/9ec101baf56233e53520c26de5d6f6f0\"},\"breadcrumb\":{\"@id\":\"https:\/\/portalmf.com.br\/index.php\/2025\/04\/30\/pagodart-leva-sua-energia-para-a-micareta-de-feira\/#breadcrumb\"},\"inLanguage\":\"pt-BR\",\"potentialAction\":[{\"@type\":\"ReadAction\",\"target\":[\"https:\/\/portalmf.com.br\/index.php\/2025\/04\/30\/pagodart-leva-sua-energia-para-a-micareta-de-feira\/\"]}]},{\"@type\":\"ImageObject\",\"inLanguage\":\"pt-BR\",\"@id\":\"https:\/\/portalmf.com.br\/index.php\/2025\/04\/30\/pagodart-leva-sua-energia-para-a-micareta-de-feira\/#primaryimage\",\"url\":\"https:\/\/portalmf.com.br\/wp-content\/uploads\/2025\/04\/pagodart_micareta-e1746034878373.jpg\",\"contentUrl\":\"https:\/\/portalmf.com.br\/wp-content\/uploads\/2025\/04\/pagodart_micareta-e1746034878373.jpg\",\"width\":853,\"height\":736},{\"@type\":\"BreadcrumbList\",\"@id\":\"https:\/\/portalmf.com.br\/index.php\/2025\/04\/30\/pagodart-leva-sua-energia-para-a-micareta-de-feira\/#breadcrumb\",\"itemListElement\":[{\"@type\":\"ListItem\",\"position\":1,\"name\":\"In\u00edcio\",\"item\":\"https:\/\/portalmf.com.br\/\"},{\"@type\":\"ListItem\",\"position\":2,\"name\":\"Pagod\u2019art leva sua energia para a Micareta de Feira\"}]},{\"@type\":\"WebSite\",\"@id\":\"https:\/\/portalmf.com.br\/#website\",\"url\":\"https:\/\/portalmf.com.br\/\",\"name\":\"Portal MF\",\"description\":\"Voc\u00ea conectado com a informa\u00e7\u00e3o\",\"potentialAction\":[{\"@type\":\"SearchAction\",\"target\":{\"@type\":\"EntryPoint\",\"urlTemplate\":\"https:\/\/portalmf.com.br\/?s={search_term_string}\"},\"query-input\":\"required name=search_term_string\"}],\"inLanguage\":\"pt-BR\"},{\"@type\":\"Person\",\"@id\":\"https:\/\/portalmf.com.br\/#\/schema\/person\/9ec101baf56233e53520c26de5d6f6f0\",\"name\":\"Reda\u00e7\u00e3o Portal MF\",\"image\":{\"@type\":\"ImageObject\",\"inLanguage\":\"pt-BR\",\"@id\":\"https:\/\/portalmf.com.br\/#\/schema\/person\/image\/\",\"url\":\"https:\/\/secure.gravatar.com\/avatar\/41b9aaeb2100835f7c64362330f74c7f?s=96&d=mm&r=g\",\"contentUrl\":\"https:\/\/secure.gravatar.com\/avatar\/41b9aaeb2100835f7c64362330f74c7f?s=96&d=mm&r=g\",\"caption\":\"Reda\u00e7\u00e3o Portal MF\"},\"description\":\"Sejam bem-vindos o portal de informa\u00e7\u00f5es de entretenimento de Feira de Santana, desde 2006 realiza coberturas dos principais eventos com entrevistas exclusivas com as principais personalidades mundiais. Fique conectado tamb\u00e9m nas redes sociais.\",\"sameAs\":[\"http:\/\/www.portalmf.com.br\/\",\"https:\/\/www.facebook.com\/portalmfoficial\",\"https:\/\/www.instagram.com\/portalmf\/\",\"https:\/\/x.com\/https:\/\/x.com\/portalmfoficial\",\"https:\/\/www.youtube.com\/@portalmfoficial\"],\"url\":\"https:\/\/portalmf.com.br\/index.php\/author\/junior\/\"}]}<\/script>\n<!-- \/ Yoast SEO plugin. -->","yoast_head_json":{"title":"Pagod\u2019art leva sua energia para a Micareta de Feira - Portal MF","robots":{"index":"index","follow":"follow","max-snippet":"max-snippet:-1","max-image-preview":"max-image-preview:large","max-video-preview":"max-video-preview:-1"},"canonical":"https:\/\/portalmf.com.br\/index.php\/2025\/04\/30\/pagodart-leva-sua-energia-para-a-micareta-de-feira\/","og_locale":"pt_BR","og_type":"article","og_title":"Pagod\u2019art leva sua energia para a Micareta de Feira - Portal MF","og_description":"O grupo Pagod\u2019art promete esquentar ainda mais a Micareta de Feira de Santana, uma das festas populares mais tradicionais da Bahia. Sob o comando de Flavinho, a banda se apresenta na sexta-feira (2) puxando a Pipoca e volta \u00e0 avenida no s\u00e1bado (3), animando o Bloco &#8216;L\u00e1 V\u00eam Eles&#8217; no Circuito Maneca Ferreira. Com sua [&hellip;]","og_url":"https:\/\/portalmf.com.br\/index.php\/2025\/04\/30\/pagodart-leva-sua-energia-para-a-micareta-de-feira\/","og_site_name":"Portal MF","article_author":"https:\/\/www.facebook.com\/portalmfoficial","article_published_time":"2025-04-30T17:41:36+00:00","article_modified_time":"2025-04-30T17:41:38+00:00","og_image":[{"width":853,"height":736,"url":"https:\/\/portalmf.com.br\/wp-content\/uploads\/2025\/04\/pagodart_micareta-e1746034878373.jpg","type":"image\/jpeg"}],"author":"Reda\u00e7\u00e3o Portal MF","twitter_card":"summary_large_image","twitter_creator":"@https:\/\/x.com\/portalmfoficial","twitter_misc":{"Escrito por":"Reda\u00e7\u00e3o Portal MF","Est. tempo de leitura":"2 minutos"},"schema":{"@context":"https:\/\/schema.org","@graph":[{"@type":"WebPage","@id":"https:\/\/portalmf.com.br\/index.php\/2025\/04\/30\/pagodart-leva-sua-energia-para-a-micareta-de-feira\/","url":"https:\/\/portalmf.com.br\/index.php\/2025\/04\/30\/pagodart-leva-sua-energia-para-a-micareta-de-feira\/","name":"Pagod\u2019art leva sua energia para a Micareta de Feira - Portal MF","isPartOf":{"@id":"https:\/\/portalmf.com.br\/#website"},"primaryImageOfPage":{"@id":"https:\/\/portalmf.com.br\/index.php\/2025\/04\/30\/pagodart-leva-sua-energia-para-a-micareta-de-feira\/#primaryimage"},"image":{"@id":"https:\/\/portalmf.com.br\/index.php\/2025\/04\/30\/pagodart-leva-sua-energia-para-a-micareta-de-feira\/#primaryimage"},"thumbnailUrl":"https:\/\/portalmf.com.br\/wp-content\/uploads\/2025\/04\/pagodart_micareta-e1746034878373.jpg","datePublished":"2025-04-30T17:41:36+00:00","dateModified":"2025-04-30T17:41:38+00:00","author":{"@id":"https:\/\/portalmf.com.br\/#\/schema\/person\/9ec101baf56233e53520c26de5d6f6f0"},"breadcrumb":{"@id":"https:\/\/portalmf.com.br\/index.php\/2025\/04\/30\/pagodart-leva-sua-energia-para-a-micareta-de-feira\/#breadcrumb"},"inLanguage":"pt-BR","potentialAction":[{"@type":"ReadAction","target":["https:\/\/portalmf.com.br\/index.php\/2025\/04\/30\/pagodart-leva-sua-energia-para-a-micareta-de-feira\/"]}]},{"@type":"ImageObject","inLanguage":"pt-BR","@id":"https:\/\/portalmf.com.br\/index.php\/2025\/04\/30\/pagodart-leva-sua-energia-para-a-micareta-de-feira\/#primaryimage","url":"https:\/\/portalmf.com.br\/wp-content\/uploads\/2025\/04\/pagodart_micareta-e1746034878373.jpg","contentUrl":"https:\/\/portalmf.com.br\/wp-content\/uploads\/2025\/04\/pagodart_micareta-e1746034878373.jpg","width":853,"height":736},{"@type":"BreadcrumbList","@id":"https:\/\/portalmf.com.br\/index.php\/2025\/04\/30\/pagodart-leva-sua-energia-para-a-micareta-de-feira\/#breadcrumb","itemListElement":[{"@type":"ListItem","position":1,"name":"In\u00edcio","item":"https:\/\/portalmf.com.br\/"},{"@type":"ListItem","position":2,"name":"Pagod\u2019art leva sua energia para a Micareta de Feira"}]},{"@type":"WebSite","@id":"https:\/\/portalmf.com.br\/#website","url":"https:\/\/portalmf.com.br\/","name":"Portal MF","description":"Voc\u00ea conectado com a informa\u00e7\u00e3o","potentialAction":[{"@type":"SearchAction","target":{"@type":"EntryPoint","urlTemplate":"https:\/\/portalmf.com.br\/?s={search_term_string}"},"query-input":"required name=search_term_string"}],"inLanguage":"pt-BR"},{"@type":"Person","@id":"https:\/\/portalmf.com.br\/#\/schema\/person\/9ec101baf56233e53520c26de5d6f6f0","name":"Reda\u00e7\u00e3o Portal MF","image":{"@type":"ImageObject","inLanguage":"pt-BR","@id":"https:\/\/portalmf.com.br\/#\/schema\/person\/image\/","url":"https:\/\/secure.gravatar.com\/avatar\/41b9aaeb2100835f7c64362330f74c7f?s=96&d=mm&r=g","contentUrl":"https:\/\/secure.gravatar.com\/avatar\/41b9aaeb2100835f7c64362330f74c7f?s=96&d=mm&r=g","caption":"Reda\u00e7\u00e3o Portal MF"},"description":"Sejam bem-vindos o portal de informa\u00e7\u00f5es de entretenimento de Feira de Santana, desde 2006 realiza coberturas dos principais eventos com entrevistas exclusivas com as principais personalidades mundiais. Fique conectado tamb\u00e9m nas redes sociais.","sameAs":["http:\/\/www.portalmf.com.br\/","https:\/\/www.facebook.com\/portalmfoficial","https:\/\/www.instagram.com\/portalmf\/","https:\/\/x.com\/https:\/\/x.com\/portalmfoficial","https:\/\/www.youtube.com\/@portalmfoficial"],"url":"https:\/\/portalmf.com.br\/index.php\/author\/junior\/"}]}},"_links":{"self":[{"href":"https:\/\/portalmf.com.br\/index.php\/wp-json\/wp\/v2\/posts\/35782"}],"collection":[{"href":"https:\/\/portalmf.com.br\/index.php\/wp-json\/wp\/v2\/posts"}],"about":[{"href":"https:\/\/portalmf.com.br\/index.php\/wp-json\/wp\/v2\/types\/post"}],"author":[{"embeddable":true,"href":"https:\/\/portalmf.com.br\/index.php\/wp-json\/wp\/v2\/users\/3"}],"replies":[{"embeddable":true,"href":"https:\/\/portalmf.com.br\/index.php\/wp-json\/wp\/v2\/comments?post=35782"}],"version-history":[{"count":1,"href":"https:\/\/portalmf.com.br\/index.php\/wp-json\/wp\/v2\/posts\/35782\/revisions"}],"predecessor-version":[{"id":35784,"href":"https:\/\/portalmf.com.br\/index.php\/wp-json\/wp\/v2\/posts\/35782\/revisions\/35784"}],"wp:featuredmedia":[{"embeddable":true,"href":"https:\/\/portalmf.com.br\/index.php\/wp-json\/wp\/v2\/media\/35783"}],"wp:attachment":[{"href":"https:\/\/portalmf.com.br\/index.php\/wp-json\/wp\/v2\/media?parent=35782"}],"wp:term":[{"taxonomy":"category","embeddable":true,"href":"https:\/\/portalmf.com.br\/index.php\/wp-json\/wp\/v2\/categories?post=35782"},{"taxonomy":"post_tag","embeddable":true,"href":"https:\/\/portalmf.com.br\/index.php\/wp-json\/wp\/v2\/tags?post=35782"}],"curies":[{"name":"wp","href":"https:\/\/api.w.org\/{rel}","templated":true}]}}